{"id":6126,"date":"2025-02-26T10:30:00","date_gmt":"2025-02-26T13:30:00","guid":{"rendered":"https:\/\/www.correiobraziliense.com.br\/cbradar\/?p=6126"},"modified":"2025-02-26T02:56:43","modified_gmt":"2025-02-26T05:56:43","slug":"entenda-o-rumor-sobre-uma-possivel-serie-de-de-volta-para-o-futuro","status":"publish","type":"post","link":"https:\/\/www.correiobraziliense.com.br\/cbradar\/entenda-o-rumor-sobre-uma-possivel-serie-de-de-volta-para-o-futuro\/","title":{"rendered":"Entenda o rumor sobre uma poss\u00edvel s\u00e9rie de &#8216;De Volta Para o Futuro&#8217;"},"content":{"rendered":"\n<p>Ap\u00f3s seis temporadas de sucesso, a s\u00e9rie <strong>Cobra Kai<\/strong> chegou ao fim, deixando os f\u00e3s ansiosos por novos projetos dos criadores <strong>Jon Hurwitz<\/strong> e <strong>Josh Heald.<\/strong> Durante o \u00faltimo epis\u00f3dio, a dupla fez uma participa\u00e7\u00e3o especial que deixou pistas sobre um poss\u00edvel spin-off de <strong>De Volta para o Futuro<\/strong>. Essa ideia foi discutida em uma cena onde os criadores aparecem em um bar, sugerindo um novo programa de TV ambientado em uma vers\u00e3o alternativa de 1985 de <strong>Hill Valley<\/strong>.<\/p>\n\n\n\n<p>Os f\u00e3s da trilogia De Volta para o Futuro rapidamente perceberam as refer\u00eancias feitas por Hurwitz e Heald, que mencionaram atores ic\u00f4nicos da s\u00e9rie de filmes, como Tom Wilson, Billy Zane e Lea Thompson. Essa men\u00e7\u00e3o gerou especula\u00e7\u00f5es sobre a possibilidade de um novo projeto relacionado ao universo criado por Robert Zemeckis e Bob Gale.<\/p>\n\n\n\n<h2 class=\"wp-block-heading\"><strong>Ser\u00e1 que De Volta para o Futuro ganhar\u00e1 um spin-off?<\/strong><\/h2>\n\n\n\n<p>Durante o evento de lan\u00e7amento dos \u00faltimos epis\u00f3dios de Cobra Kai, Hurwitz e Heald expressaram seu desejo de dar continuidade \u00e0 franquia De Volta para o Futuro. Eles mencionaram que os criadores originais, Bob Gale e Robert Zemeckis, t\u00eam interesse em ver o universo expandido. No entanto, a decis\u00e3o final sobre qualquer novo projeto depende dos criadores originais, que t\u00eam a palavra final sobre o futuro da franquia.<\/p>\n\n\n\n<p>De Volta para o Futuro \u00e9 uma das s\u00e9ries de filmes mais amadas de todos os tempos, com sua narrativa inovadora e personagens memor\u00e1veis. Lan\u00e7ado em 1985, o filme original foi seguido por duas sequ\u00eancias de sucesso, que continuaram a explorar as aventuras de Marty McFly e Doc Brown atrav\u00e9s do tempo.<\/p>\n\n\n\n<iframe loading=\"lazy\" width=\"560\" height=\"315\" src=\"https:\/\/www.youtube.com\/embed\/R894dvwNo4w?si=9bRekIfLVdLkM0jM\" title=\"YouTube video player\" frameborder=\"0\" allow=\"accelerometer; autoplay; clipboard-write; encrypted-media; gyroscope; picture-in-picture; web-share\" referrerpolicy=\"strict-origin-when-cross-origin\" allowfullscreen><\/iframe>\n\n\n\n<h2 class=\"wp-block-heading\"><strong>O legado de De Volta para o Futuro<\/strong><\/h2>\n\n\n\n<p>O impacto de De Volta para o Futuro na cultura pop \u00e9 ineg\u00e1vel. A hist\u00f3ria de Marty McFly, interpretado por Michael J. Fox, e suas viagens no tempo a bordo do DeLorean modificado pelo exc\u00eantrico cientista Doc Brown, continua a cativar novas gera\u00e7\u00f5es. O filme original e suas sequ\u00eancias exploraram temas de amizade, fam\u00edlia e as consequ\u00eancias das a\u00e7\u00f5es no tempo, garantindo seu lugar na hist\u00f3ria do cinema.<\/p>\n\n\n\n<p>Com o poss\u00edvel interesse em um spin-off, a expectativa \u00e9 que qualquer novo projeto respeite o legado da trilogia original, trazendo novas hist\u00f3rias que encantem tanto os f\u00e3s antigos quanto os novos. A ideia de explorar uma vers\u00e3o alternativa de 1985 oferece um terreno f\u00e9rtil para a criatividade dos roteiristas, que podem expandir o universo de maneiras inovadoras.<\/p>\n\n\n\n<figure class=\"wp-block-image size-large\"><img decoding=\"async\" width=\"1024\" height=\"576\" src=\"https:\/\/www.correiobraziliense.com.br\/cbradar\/wp-content\/uploads\/2025\/02\/De-Volta-Para-o-Futuro-2-1024x576.png\" alt=\"Entenda o rumor sobre uma poss\u00edvel s\u00e9rie de 'De Volta Para o Futuro'\" class=\"wp-image-6128\" srcset=\"https:\/\/www.correiobraziliense.com.br\/cbradar\/wp-content\/uploads\/2025\/02\/De-Volta-Para-o-Futuro-2-1024x576.png 1024w, https:\/\/www.correiobraziliense.com.br\/cbradar\/wp-content\/uploads\/2025\/02\/De-Volta-Para-o-Futuro-2-300x169.png 300w, https:\/\/www.correiobraziliense.com.br\/cbradar\/wp-content\/uploads\/2025\/02\/De-Volta-Para-o-Futuro-2-768x432.png 768w, https:\/\/www.correiobraziliense.com.br\/cbradar\/wp-content\/uploads\/2025\/02\/De-Volta-Para-o-Futuro-2-750x422.png 750w, https:\/\/www.correiobraziliense.com.br\/cbradar\/wp-content\/uploads\/2025\/02\/De-Volta-Para-o-Futuro-2-1140x641.png 1140w, https:\/\/www.correiobraziliense.com.br\/cbradar\/wp-content\/uploads\/2025\/02\/De-Volta-Para-o-Futuro-2.png 1280w\" sizes=\"(max-width: 1024px) 100vw, 1024px\" \/><figcaption class=\"wp-element-caption\">De Volta Para o Futuro. Fonte: reprodu\u00e7\u00e3o \/ Universal Pictures<\/figcaption><\/figure>\n\n\n\n<h2 class=\"wp-block-heading\"><strong>O que esperar do futuro dos criadores de Cobra Kai?<\/strong><\/h2>\n\n\n\n<p>Jon Hurwitz e Josh Heald provaram ser mestres em reviver e expandir universos cinematogr\u00e1ficos com Cobra Kai, que trouxe de volta a magia de Karate Kid para uma nova gera\u00e7\u00e3o. Com o fim da s\u00e9rie, a dupla est\u00e1 livre para explorar novos projetos e ideias, e o interesse em De Volta para o Futuro demonstra seu desejo de continuar a trabalhar com hist\u00f3rias que marcaram a cultura pop.<\/p>\n\n\n\n<p>Seja qual for o pr\u00f3ximo passo dos criadores, os f\u00e3s podem esperar projetos que combinem nostalgia com inova\u00e7\u00e3o, caracter\u00edsticas que se tornaram marcas registradas de seu trabalho. A possibilidade de um spin-off de De Volta para o Futuro \u00e9 apenas uma das muitas dire\u00e7\u00f5es que Hurwitz e Heald podem seguir, e o futuro parece promissor para ambos.<\/p>\n","protected":false},"excerpt":{"rendered":"<p>Saiba mais sobre os projetos dos criadores da s\u00e9rie Cobra Kai, incluindo especula\u00e7\u00f5es sobre spin-off de De Volta para o Futuro.<\/p>\n","protected":false},"author":3,"featured_media":6127,"comment_status":"open","ping_status":"open","sticky":false,"template":"","format":"standard","meta":{"_yoast_wpseo_focuskw":"De Volta para o Futuro","_yoast_wpseo_title":"%%title%%","_yoast_wpseo_metadesc":"Saiba mais sobre os projetos dos criadores da s\u00e9rie Cobra Kai, incluindo especula\u00e7\u00f5es sobre spin-off de De Volta para o Futuro.","jnews-multi-image_gallery":[],"jnews_single_post":{"format":"standard"},"jnews_primary_category":[],"jnews_social_meta":[],"jnews_override_counter":[],"footnotes":""},"categories":[140],"post_tag":[1123],"class_list":["post-6126","post","type-post","status-publish","format-standard","has-post-thumbnail","hentry","category-entretenimento","tag-de-volta-para-o-futuro"],"yoast_head":"<!-- This site is optimized with the Yoast SEO plugin v24.6 - https:\/\/yoast.com\/wordpress\/plugins\/seo\/ -->\n<title>Entenda o rumor sobre uma poss\u00edvel s\u00e9rie de &#039;De Volta Para o Futuro&#039;<\/title>\n<meta name=\"description\" content=\"Saiba mais sobre os projetos dos criadores da s\u00e9rie Cobra Kai, incluindo especula\u00e7\u00f5es sobre spin-off de De Volta para o Futuro.\" \/>\n<meta name=\"robots\" content=\"index, follow, max-snippet:-1, max-image-preview:large, max-video-preview:-1\" \/>\n<link rel=\"canonical\" href=\"https:\/\/www.correiobraziliense.com.br\/cbradar\/entenda-o-rumor-sobre-uma-possivel-serie-de-de-volta-para-o-futuro\/\" \/>\n<meta property=\"og:locale\" content=\"pt_BR\" \/>\n<meta property=\"og:type\" content=\"article\" \/>\n<meta property=\"og:title\" content=\"Entenda o rumor sobre uma poss\u00edvel s\u00e9rie de &#039;De Volta Para o Futuro&#039;\" \/>\n<meta property=\"og:description\" content=\"Saiba mais sobre os projetos dos criadores da s\u00e9rie Cobra Kai, incluindo especula\u00e7\u00f5es sobre spin-off de De Volta para o Futuro.\" \/>\n<meta property=\"og:url\" content=\"https:\/\/www.correiobraziliense.com.br\/cbradar\/entenda-o-rumor-sobre-uma-possivel-serie-de-de-volta-para-o-futuro\/\" \/>\n<meta property=\"og:site_name\" content=\"Correio Braziliense - Radar\" \/>\n<meta property=\"article:published_time\" content=\"2025-02-26T13:30:00+00:00\" \/>\n<meta property=\"og:image\" content=\"https:\/\/www.correiobraziliense.com.br\/cbradar\/wp-content\/uploads\/2025\/02\/De-Volta-Para-o-Futuro.png\" \/>\n\t<meta property=\"og:image:width\" content=\"1280\" \/>\n\t<meta property=\"og:image:height\" content=\"720\" \/>\n\t<meta property=\"og:image:type\" content=\"image\/png\" \/>\n<meta name=\"author\" content=\"Larissa Carvalho\" \/>\n<meta name=\"twitter:card\" content=\"summary_large_image\" \/>\n<meta name=\"twitter:label1\" content=\"Escrito por\" \/>\n\t<meta name=\"twitter:data1\" content=\"Larissa Carvalho\" \/>\n\t<meta name=\"twitter:label2\" content=\"Est. tempo de leitura\" \/>\n\t<meta name=\"twitter:data2\" content=\"4 minutos\" \/>\n<!-- \/ Yoast SEO plugin. -->","yoast_head_json":{"title":"Entenda o rumor sobre uma poss\u00edvel s\u00e9rie de 'De Volta Para o Futuro'","description":"Saiba mais sobre os projetos dos criadores da s\u00e9rie Cobra Kai, incluindo especula\u00e7\u00f5es sobre spin-off de De Volta para o Futuro.","robots":{"index":"index","follow":"follow","max-snippet":"max-snippet:-1","max-image-preview":"max-image-preview:large","max-video-preview":"max-video-preview:-1"},"canonical":"https:\/\/www.correiobraziliense.com.br\/cbradar\/entenda-o-rumor-sobre-uma-possivel-serie-de-de-volta-para-o-futuro\/","og_locale":"pt_BR","og_type":"article","og_title":"Entenda o rumor sobre uma poss\u00edvel s\u00e9rie de 'De Volta Para o Futuro'","og_description":"Saiba mais sobre os projetos dos criadores da s\u00e9rie Cobra Kai, incluindo especula\u00e7\u00f5es sobre spin-off de De Volta para o Futuro.","og_url":"https:\/\/www.correiobraziliense.com.br\/cbradar\/entenda-o-rumor-sobre-uma-possivel-serie-de-de-volta-para-o-futuro\/","og_site_name":"Correio Braziliense - Radar","article_published_time":"2025-02-26T13:30:00+00:00","og_image":[{"width":1280,"height":720,"url":"https:\/\/www.correiobraziliense.com.br\/cbradar\/wp-content\/uploads\/2025\/02\/De-Volta-Para-o-Futuro.png","type":"image\/png"}],"author":"Larissa Carvalho","twitter_card":"summary_large_image","twitter_misc":{"Escrito por":"Larissa Carvalho","Est. tempo de leitura":"4 minutos"},"schema":{"@context":"https:\/\/schema.org","@graph":[{"@type":"WebPage","@id":"https:\/\/www.correiobraziliense.com.br\/cbradar\/entenda-o-rumor-sobre-uma-possivel-serie-de-de-volta-para-o-futuro\/","url":"https:\/\/www.correiobraziliense.com.br\/cbradar\/entenda-o-rumor-sobre-uma-possivel-serie-de-de-volta-para-o-futuro\/","name":"Entenda o rumor sobre uma poss\u00edvel s\u00e9rie de 'De Volta Para o Futuro'","isPartOf":{"@id":"https:\/\/www.correiobraziliense.com.br\/cbradar\/#website"},"primaryImageOfPage":{"@id":"https:\/\/www.correiobraziliense.com.br\/cbradar\/entenda-o-rumor-sobre-uma-possivel-serie-de-de-volta-para-o-futuro\/#primaryimage"},"image":{"@id":"https:\/\/www.correiobraziliense.com.br\/cbradar\/entenda-o-rumor-sobre-uma-possivel-serie-de-de-volta-para-o-futuro\/#primaryimage"},"thumbnailUrl":"https:\/\/www.correiobraziliense.com.br\/cbradar\/wp-content\/uploads\/2025\/02\/De-Volta-Para-o-Futuro.png","datePublished":"2025-02-26T13:30:00+00:00","author":{"@id":"https:\/\/www.correiobraziliense.com.br\/cbradar\/#\/schema\/person\/58422787644df994b53a19d3e56c1513"},"description":"Saiba mais sobre os projetos dos criadores da s\u00e9rie Cobra Kai, incluindo especula\u00e7\u00f5es sobre spin-off de De Volta para o Futuro.","breadcrumb":{"@id":"https:\/\/www.correiobraziliense.com.br\/cbradar\/entenda-o-rumor-sobre-uma-possivel-serie-de-de-volta-para-o-futuro\/#breadcrumb"},"inLanguage":"pt-BR","potentialAction":[{"@type":"ReadAction","target":["https:\/\/www.correiobraziliense.com.br\/cbradar\/entenda-o-rumor-sobre-uma-possivel-serie-de-de-volta-para-o-futuro\/"]}]},{"@type":"ImageObject","inLanguage":"pt-BR","@id":"https:\/\/www.correiobraziliense.com.br\/cbradar\/entenda-o-rumor-sobre-uma-possivel-serie-de-de-volta-para-o-futuro\/#primaryimage","url":"https:\/\/www.correiobraziliense.com.br\/cbradar\/wp-content\/uploads\/2025\/02\/De-Volta-Para-o-Futuro.png","contentUrl":"https:\/\/www.correiobraziliense.com.br\/cbradar\/wp-content\/uploads\/2025\/02\/De-Volta-Para-o-Futuro.png","width":1280,"height":720,"caption":"De Volta Para o Futuro. Fonte: reprodu\u00e7\u00e3o \/ Universal Pictures"},{"@type":"BreadcrumbList","@id":"https:\/\/www.correiobraziliense.com.br\/cbradar\/entenda-o-rumor-sobre-uma-possivel-serie-de-de-volta-para-o-futuro\/#breadcrumb","itemListElement":[{"@type":"ListItem","position":1,"name":"In\u00edcio","item":"https:\/\/www.correiobraziliense.com.br\/cbradar\/"},{"@type":"ListItem","position":2,"name":"Entenda o rumor sobre uma poss\u00edvel s\u00e9rie de &#8216;De Volta Para o Futuro&#8217;"}]},{"@type":"WebSite","@id":"https:\/\/www.correiobraziliense.com.br\/cbradar\/#website","url":"https:\/\/www.correiobraziliense.com.br\/cbradar\/","name":"Correio Braziliense - Radar","description":"Acompanhe as \u00faltimas not\u00edcias e fique bem informado sobre tudo o que acontece no Brasil e no mundo.","potentialAction":[{"@type":"SearchAction","target":{"@type":"EntryPoint","urlTemplate":"https:\/\/www.correiobraziliense.com.br\/cbradar\/?s={search_term_string}"},"query-input":{"@type":"PropertyValueSpecification","valueRequired":true,"valueName":"search_term_string"}}],"inLanguage":"pt-BR"},{"@type":"Person","@id":"https:\/\/www.correiobraziliense.com.br\/cbradar\/#\/schema\/person\/58422787644df994b53a19d3e56c1513","name":"Larissa Carvalho","image":{"@type":"ImageObject","inLanguage":"pt-BR","@id":"https:\/\/www.correiobraziliense.com.br\/cbradar\/#\/schema\/person\/image\/","url":"https:\/\/secure.gravatar.com\/avatar\/fe4f91a0de32b52a838d0d612abdc1aa?s=96&d=mm&r=g","contentUrl":"https:\/\/secure.gravatar.com\/avatar\/fe4f91a0de32b52a838d0d612abdc1aa?s=96&d=mm&r=g","caption":"Larissa Carvalho"},"url":"https:\/\/www.correiobraziliense.com.br\/cbradar\/author\/larissamyth\/"}]}},"_links":{"self":[{"href":"https:\/\/www.correiobraziliense.com.br\/cbradar\/wp-json\/wp\/v2\/posts\/6126","targetHints":{"allow":["GET"]}}],"collection":[{"href":"https:\/\/www.correiobraziliense.com.br\/cbradar\/wp-json\/wp\/v2\/posts"}],"about":[{"href":"https:\/\/www.correiobraziliense.com.br\/cbradar\/wp-json\/wp\/v2\/types\/post"}],"author":[{"embeddable":true,"href":"https:\/\/www.correiobraziliense.com.br\/cbradar\/wp-json\/wp\/v2\/users\/3"}],"replies":[{"embeddable":true,"href":"https:\/\/www.correiobraziliense.com.br\/cbradar\/wp-json\/wp\/v2\/comments?post=6126"}],"version-history":[{"count":1,"href":"https:\/\/www.correiobraziliense.com.br\/cbradar\/wp-json\/wp\/v2\/posts\/6126\/revisions"}],"predecessor-version":[{"id":6129,"href":"https:\/\/www.correiobraziliense.com.br\/cbradar\/wp-json\/wp\/v2\/posts\/6126\/revisions\/6129"}],"wp:featuredmedia":[{"embeddable":true,"href":"https:\/\/www.correiobraziliense.com.br\/cbradar\/wp-json\/wp\/v2\/media\/6127"}],"wp:attachment":[{"href":"https:\/\/www.correiobraziliense.com.br\/cbradar\/wp-json\/wp\/v2\/media?parent=6126"}],"wp:term":[{"taxonomy":"category","embeddable":true,"href":"https:\/\/www.correiobraziliense.com.br\/cbradar\/wp-json\/wp\/v2\/categories?post=6126"},{"taxonomy":"post_tag","embeddable":true,"href":"https:\/\/www.correiobraziliense.com.br\/cbradar\/wp-json\/wp\/v2\/post_tag?post=6126"}],"curies":[{"name":"wp","href":"https:\/\/api.w.org\/{rel}","templated":true}]}}