{"id":61335,"date":"2025-06-30T17:23:00","date_gmt":"2025-06-30T20:23:00","guid":{"rendered":"https:\/\/www.correiobraziliense.com.br\/cbradar\/?p=61335"},"modified":"2025-06-29T06:56:53","modified_gmt":"2025-06-29T09:56:53","slug":"pular-o-cafe-da-manha-pode-ter-efeitos-que-voce-nem-imagina","status":"publish","type":"post","link":"https:\/\/www.correiobraziliense.com.br\/cbradar\/pular-o-cafe-da-manha-pode-ter-efeitos-que-voce-nem-imagina\/","title":{"rendered":"Pular o caf\u00e9 da manh\u00e3 pode ter efeitos que voc\u00ea nem imagina"},"content":{"rendered":"\n<p>O<strong> <a href=\"https:\/\/pt.wikipedia.org\/wiki\/Desjejum\" target=\"_blank\" rel=\"noreferrer noopener\">caf\u00e9 da manh\u00e3<\/a><\/strong> \u00e9 muitas vezes chamado de \u201ca refei\u00e7\u00e3o mais importante do dia\u201d, e n\u00e3o \u00e9 \u00e0 toa! Essa primeira refei\u00e7\u00e3o ap\u00f3s o sono noturno pode transformar sua energia, humor e at\u00e9 seu peso. Mas por que o caf\u00e9 da manh\u00e3 faz tanta diferen\u00e7a? Neste artigo, desvendamos o impacto dessa refei\u00e7\u00e3o no metabolismo, na <strong><a href=\"https:\/\/www.correiobraziliense.com.br\/cbradar\/7-alimentos-que-ajudam-mulheres-acima-dos-50-a-manter-a-saude-em-dia\/\" target=\"_blank\" rel=\"noreferrer noopener\">sa\u00fade <\/a><\/strong>e no controle de peso, desmistificando a ideia de pular o caf\u00e9 da manh\u00e3. Prepare-se para come\u00e7ar o dia com curiosidades deliciosas e nutritivas!<\/p>\n\n\n\n<h2 class=\"wp-block-heading\">Por que o caf\u00e9 da manh\u00e3 \u00e9 essencial?<\/h2>\n\n\n\n<p><strong>O caf\u00e9 da manh\u00e3 \u00e9 importante porque ativa o metabolismo ap\u00f3s o jejum noturno.<\/strong> Durante o sono, o corpo reduz o gasto energ\u00e9tico, e uma refei\u00e7\u00e3o matinal \u201cacorda\u201d o metabolismo, aumentando a queima de calorias. Estudos da <strong>Harvard University<\/strong> mostram que quem toma caf\u00e9 da manh\u00e3 regularmente tem menor risco de obesidade e diabetes tipo 2. Al\u00e9m disso, ele fornece energia para atividades f\u00edsicas e mentais, melhorando o foco e a produtividade.<\/p>\n\n\n<div class=\"wp-block-image\">\n<figure class=\"aligncenter size-large\"><img decoding=\"async\" width=\"1024\" height=\"576\" src=\"https:\/\/www.correiobraziliense.com.br\/cbradar\/wp-content\/uploads\/2025\/06\/breakfast-_1751190750711-1024x576.jpg\" alt=\"\" class=\"wp-image-61357\" srcset=\"https:\/\/www.correiobraziliense.com.br\/cbradar\/wp-content\/uploads\/2025\/06\/breakfast-_1751190750711-1024x576.jpg 1024w, https:\/\/www.correiobraziliense.com.br\/cbradar\/wp-content\/uploads\/2025\/06\/breakfast-_1751190750711-300x169.jpg 300w, https:\/\/www.correiobraziliense.com.br\/cbradar\/wp-content\/uploads\/2025\/06\/breakfast-_1751190750711-768x432.jpg 768w, https:\/\/www.correiobraziliense.com.br\/cbradar\/wp-content\/uploads\/2025\/06\/breakfast-_1751190750711-750x422.jpg 750w, https:\/\/www.correiobraziliense.com.br\/cbradar\/wp-content\/uploads\/2025\/06\/breakfast-_1751190750711-1140x641.jpg 1140w, https:\/\/www.correiobraziliense.com.br\/cbradar\/wp-content\/uploads\/2025\/06\/breakfast-_1751190750711.jpg 1280w\" sizes=\"(max-width: 1024px) 100vw, 1024px\" \/><figcaption class=\"wp-element-caption\">Caf\u00e9 da manh\u00e3 \/\/ Cr\u00e9ditos: depositphotos.com \/ monticello<\/figcaption><\/figure><\/div>\n\n\n<h2 class=\"wp-block-heading\">Como o caf\u00e9 da manh\u00e3 ajuda no controle de peso?<\/h2>\n\n\n\n<p><strong>O caf\u00e9 da manh\u00e3 ajuda no controle de peso ao regular o apetite e reduzir lanches desnecess\u00e1rios.<\/strong> Comer pela manh\u00e3 estabiliza os n\u00edveis de glicose e insulina, diminuindo a fome ao longo do dia. Um estudo do <strong>Journal of Nutrition<\/strong> revelou que pessoas que tomam caf\u00e9 da manh\u00e3 consomem menos calorias totais di\u00e1rias. Incluir <strong>prote\u00ednas<\/strong> (como ovos) e <strong>fibras<\/strong> (como aveia) aumenta a saciedade, evitando exageros em outras refei\u00e7\u00f5es.<\/p>\n\n\n\n<h2 class=\"wp-block-heading\">Qual o impacto na energia e no humor?<\/h2>\n\n\n\n<p><strong>O caf\u00e9 da manh\u00e3 melhora a energia e o humor ao fornecer nutrientes essenciais ao c\u00e9rebro.<\/strong> Carboidratos complexos, como p\u00e3o integral, e gorduras saud\u00e1veis, como <strong>abacate<\/strong>, liberam energia de forma constante, evitando picos de cansa\u00e7o. Vitaminas do complexo B, encontradas em cereais integrais, tamb\u00e9m apoiam a produ\u00e7\u00e3o de <strong>serotonina<\/strong>, melhorando o bem-estar. Pular o caf\u00e9 pode levar \u00e0 irritabilidade e dificuldade de concentra\u00e7\u00e3o, segundo pesquisas da <strong>University of Bath<\/strong>.<\/p>\n\n\n\n<h2 class=\"wp-block-heading\">O que incluir em um caf\u00e9 da manh\u00e3 saud\u00e1vel?<\/h2>\n\n\n\n<p><strong>Um caf\u00e9 da manh\u00e3 saud\u00e1vel deve combinar prote\u00ednas, fibras e gorduras boas.<\/strong> Exemplos incluem iogurte natural com frutas e <strong>granola<\/strong>, ovos mexidos com vegetais ou uma vitamina de <strong>banana<\/strong> com pasta de amendoim. Evite ultraprocessados, como cereais a\u00e7ucarados, que causam picos de glicemia. Beber \u00e1gua ou ch\u00e1 sem a\u00e7\u00facar complementa a refei\u00e7\u00e3o. Variar os alimentos mant\u00e9m a refei\u00e7\u00e3o interessante e garante uma ampla gama de nutrientes.<\/p>\n\n\n\n<h2 class=\"wp-block-heading\">Pular o caf\u00e9 da manh\u00e3 \u00e9 realmente prejudicial?<\/h2>\n\n\n\n<p><strong>Pular o caf\u00e9 da manh\u00e3 pode ser prejudicial para algumas pessoas, mas depende do contexto.<\/strong> Para quem busca emagrecer, pular o caf\u00e9 pode levar a maior fome no almo\u00e7o, resultando em escolhas menos saud\u00e1veis. No entanto, em pr\u00e1ticas como jejum intermitente, pular o caf\u00e9 \u00e9 intencional e pode funcionar para alguns. O importante \u00e9 ouvir o corpo e consultar um nutricionista para alinhar a rotina \u00e0s suas necessidades. Um caf\u00e9 da manh\u00e3 bem planejado \u00e9 um investimento na sa\u00fade!<\/p>\n\n\n\n<h2 class=\"wp-block-heading\">Por que valorizar o caf\u00e9 da manh\u00e3?<\/h2>\n\n\n\n<p>Tomar caf\u00e9 da manh\u00e3 \u00e9 mais do que uma refei\u00e7\u00e3o: \u00e9 um momento para nutrir o corpo e come\u00e7ar o dia com energia positiva. Seja com uma tigela de <strong>aveia<\/strong> quentinha ou um p\u00e3o integral com <strong>ovo<\/strong>, essa refei\u00e7\u00e3o pode transformar sua sa\u00fade e disposi\u00e7\u00e3o. Que tal experimentar novas receitas e tornar seu caf\u00e9 da manh\u00e3 um ritual di\u00e1rio de cuidado? Sua mente e corpo v\u00e3o agradecer!<\/p>\n","protected":false},"excerpt":{"rendered":"<p>O caf\u00e9 da manh\u00e3 \u00e9 muitas vezes chamado de \u201ca refei\u00e7\u00e3o mais importante do dia\u201d, e n\u00e3o \u00e9 \u00e0 toa! Essa primeira refei\u00e7\u00e3o ap\u00f3s o sono noturno pode transformar sua energia, humor e at\u00e9 seu peso. Mas por que o caf\u00e9 da manh\u00e3 faz tanta diferen\u00e7a? Neste artigo, desvendamos o impacto dessa refei\u00e7\u00e3o no metabolismo, [&hellip;]<\/p>\n","protected":false},"author":8,"featured_media":61359,"comment_status":"open","ping_status":"open","sticky":false,"template":"","format":"standard","meta":{"_yoast_wpseo_focuskw":"Pular","_yoast_wpseo_title":"","_yoast_wpseo_metadesc":"Entenda por que o caf\u00e9 da manh\u00e3 \u00e9 essencial para o metabolismo, energia e foco. Essa refei\u00e7\u00e3o pode transformar seu dia.","jnews-multi-image_gallery":[],"jnews_single_post":{"format":"standard"},"jnews_primary_category":[],"jnews_social_meta":[],"jnews_override_counter":[],"footnotes":""},"categories":[119,112,4404],"post_tag":[4319,3529,7337],"class_list":["post-61335","post","type-post","status-publish","format-standard","has-post-thumbnail","hentry","category-bem-estar","category-curiosidades","category-saude","tag-cafe-da-manha","tag-comer","tag-pular"],"yoast_head":"<!-- This site is optimized with the Yoast SEO plugin v24.6 - https:\/\/yoast.com\/wordpress\/plugins\/seo\/ -->\n<title>Pular o caf\u00e9 da manh\u00e3 pode ter efeitos que voc\u00ea nem imagina - Correio Braziliense - Radar<\/title>\n<meta name=\"description\" content=\"Entenda por que o caf\u00e9 da manh\u00e3 \u00e9 essencial para o metabolismo, energia e foco. Essa refei\u00e7\u00e3o pode transformar seu dia.\" \/>\n<meta name=\"robots\" content=\"index, follow, max-snippet:-1, max-image-preview:large, max-video-preview:-1\" \/>\n<link rel=\"canonical\" href=\"https:\/\/www.correiobraziliense.com.br\/cbradar\/pular-o-cafe-da-manha-pode-ter-efeitos-que-voce-nem-imagina\/\" \/>\n<meta property=\"og:locale\" content=\"pt_BR\" \/>\n<meta property=\"og:type\" content=\"article\" \/>\n<meta property=\"og:title\" content=\"Pular o caf\u00e9 da manh\u00e3 pode ter efeitos que voc\u00ea nem imagina - Correio Braziliense - Radar\" \/>\n<meta property=\"og:description\" content=\"Entenda por que o caf\u00e9 da manh\u00e3 \u00e9 essencial para o metabolismo, energia e foco. Essa refei\u00e7\u00e3o pode transformar seu dia.\" \/>\n<meta property=\"og:url\" content=\"https:\/\/www.correiobraziliense.com.br\/cbradar\/pular-o-cafe-da-manha-pode-ter-efeitos-que-voce-nem-imagina\/\" \/>\n<meta property=\"og:site_name\" content=\"Correio Braziliense - Radar\" \/>\n<meta property=\"article:published_time\" content=\"2025-06-30T20:23:00+00:00\" \/>\n<meta property=\"og:image\" content=\"https:\/\/www.correiobraziliense.com.br\/cbradar\/wp-content\/uploads\/2025\/06\/breakfast-_1751190764756.jpg\" \/>\n\t<meta property=\"og:image:width\" content=\"1280\" \/>\n\t<meta property=\"og:image:height\" content=\"720\" \/>\n\t<meta property=\"og:image:type\" content=\"image\/jpeg\" \/>\n<meta name=\"author\" content=\"Maura Pereira\" \/>\n<meta name=\"twitter:card\" content=\"summary_large_image\" \/>\n<meta name=\"twitter:label1\" content=\"Escrito por\" \/>\n\t<meta name=\"twitter:data1\" content=\"Maura Pereira\" \/>\n\t<meta name=\"twitter:label2\" content=\"Est. tempo de leitura\" \/>\n\t<meta name=\"twitter:data2\" content=\"4 minutos\" \/>\n<!-- \/ Yoast SEO plugin. -->","yoast_head_json":{"title":"Pular o caf\u00e9 da manh\u00e3 pode ter efeitos que voc\u00ea nem imagina - Correio Braziliense - Radar","description":"Entenda por que o caf\u00e9 da manh\u00e3 \u00e9 essencial para o metabolismo, energia e foco. Essa refei\u00e7\u00e3o pode transformar seu dia.","robots":{"index":"index","follow":"follow","max-snippet":"max-snippet:-1","max-image-preview":"max-image-preview:large","max-video-preview":"max-video-preview:-1"},"canonical":"https:\/\/www.correiobraziliense.com.br\/cbradar\/pular-o-cafe-da-manha-pode-ter-efeitos-que-voce-nem-imagina\/","og_locale":"pt_BR","og_type":"article","og_title":"Pular o caf\u00e9 da manh\u00e3 pode ter efeitos que voc\u00ea nem imagina - Correio Braziliense - Radar","og_description":"Entenda por que o caf\u00e9 da manh\u00e3 \u00e9 essencial para o metabolismo, energia e foco. Essa refei\u00e7\u00e3o pode transformar seu dia.","og_url":"https:\/\/www.correiobraziliense.com.br\/cbradar\/pular-o-cafe-da-manha-pode-ter-efeitos-que-voce-nem-imagina\/","og_site_name":"Correio Braziliense - Radar","article_published_time":"2025-06-30T20:23:00+00:00","og_image":[{"width":1280,"height":720,"url":"https:\/\/www.correiobraziliense.com.br\/cbradar\/wp-content\/uploads\/2025\/06\/breakfast-_1751190764756.jpg","type":"image\/jpeg"}],"author":"Maura Pereira","twitter_card":"summary_large_image","twitter_misc":{"Escrito por":"Maura Pereira","Est. tempo de leitura":"4 minutos"},"schema":{"@context":"https:\/\/schema.org","@graph":[{"@type":"WebPage","@id":"https:\/\/www.correiobraziliense.com.br\/cbradar\/pular-o-cafe-da-manha-pode-ter-efeitos-que-voce-nem-imagina\/","url":"https:\/\/www.correiobraziliense.com.br\/cbradar\/pular-o-cafe-da-manha-pode-ter-efeitos-que-voce-nem-imagina\/","name":"Pular o caf\u00e9 da manh\u00e3 pode ter efeitos que voc\u00ea nem imagina - Correio Braziliense - Radar","isPartOf":{"@id":"https:\/\/www.correiobraziliense.com.br\/cbradar\/#website"},"primaryImageOfPage":{"@id":"https:\/\/www.correiobraziliense.com.br\/cbradar\/pular-o-cafe-da-manha-pode-ter-efeitos-que-voce-nem-imagina\/#primaryimage"},"image":{"@id":"https:\/\/www.correiobraziliense.com.br\/cbradar\/pular-o-cafe-da-manha-pode-ter-efeitos-que-voce-nem-imagina\/#primaryimage"},"thumbnailUrl":"https:\/\/www.correiobraziliense.com.br\/cbradar\/wp-content\/uploads\/2025\/06\/breakfast-_1751190764756.jpg","datePublished":"2025-06-30T20:23:00+00:00","author":{"@id":"https:\/\/www.correiobraziliense.com.br\/cbradar\/#\/schema\/person\/4053c651a9bfc785afc6f4cbc9032fd3"},"description":"Entenda por que o caf\u00e9 da manh\u00e3 \u00e9 essencial para o metabolismo, energia e foco. Essa refei\u00e7\u00e3o pode transformar seu dia.","breadcrumb":{"@id":"https:\/\/www.correiobraziliense.com.br\/cbradar\/pular-o-cafe-da-manha-pode-ter-efeitos-que-voce-nem-imagina\/#breadcrumb"},"inLanguage":"pt-BR","potentialAction":[{"@type":"ReadAction","target":["https:\/\/www.correiobraziliense.com.br\/cbradar\/pular-o-cafe-da-manha-pode-ter-efeitos-que-voce-nem-imagina\/"]}]},{"@type":"ImageObject","inLanguage":"pt-BR","@id":"https:\/\/www.correiobraziliense.com.br\/cbradar\/pular-o-cafe-da-manha-pode-ter-efeitos-que-voce-nem-imagina\/#primaryimage","url":"https:\/\/www.correiobraziliense.com.br\/cbradar\/wp-content\/uploads\/2025\/06\/breakfast-_1751190764756.jpg","contentUrl":"https:\/\/www.correiobraziliense.com.br\/cbradar\/wp-content\/uploads\/2025\/06\/breakfast-_1751190764756.jpg","width":1280,"height":720,"caption":"Caf\u00e9 da manh\u00e3 \/\/ Cr\u00e9ditos: depositphotos.com \/ monticello"},{"@type":"BreadcrumbList","@id":"https:\/\/www.correiobraziliense.com.br\/cbradar\/pular-o-cafe-da-manha-pode-ter-efeitos-que-voce-nem-imagina\/#breadcrumb","itemListElement":[{"@type":"ListItem","position":1,"name":"In\u00edcio","item":"https:\/\/www.correiobraziliense.com.br\/cbradar\/"},{"@type":"ListItem","position":2,"name":"Pular o caf\u00e9 da manh\u00e3 pode ter efeitos que voc\u00ea nem imagina"}]},{"@type":"WebSite","@id":"https:\/\/www.correiobraziliense.com.br\/cbradar\/#website","url":"https:\/\/www.correiobraziliense.com.br\/cbradar\/","name":"Correio Braziliense - Radar","description":"Acompanhe as \u00faltimas not\u00edcias e fique bem informado sobre tudo o que acontece no Brasil e no mundo.","potentialAction":[{"@type":"SearchAction","target":{"@type":"EntryPoint","urlTemplate":"https:\/\/www.correiobraziliense.com.br\/cbradar\/?s={search_term_string}"},"query-input":{"@type":"PropertyValueSpecification","valueRequired":true,"valueName":"search_term_string"}}],"inLanguage":"pt-BR"},{"@type":"Person","@id":"https:\/\/www.correiobraziliense.com.br\/cbradar\/#\/schema\/person\/4053c651a9bfc785afc6f4cbc9032fd3","name":"Maura Pereira","image":{"@type":"ImageObject","inLanguage":"pt-BR","@id":"https:\/\/www.correiobraziliense.com.br\/cbradar\/#\/schema\/person\/image\/","url":"https:\/\/secure.gravatar.com\/avatar\/3effd6bdadfa447f15089c7f7144eaa6?s=96&d=mm&r=g","contentUrl":"https:\/\/secure.gravatar.com\/avatar\/3effd6bdadfa447f15089c7f7144eaa6?s=96&d=mm&r=g","caption":"Maura Pereira"},"sameAs":["https:\/\/www.correiobraziliense.com.br\/"],"url":"https:\/\/www.correiobraziliense.com.br\/cbradar\/author\/mauramyth\/"}]}},"_links":{"self":[{"href":"https:\/\/www.correiobraziliense.com.br\/cbradar\/wp-json\/wp\/v2\/posts\/61335","targetHints":{"allow":["GET"]}}],"collection":[{"href":"https:\/\/www.correiobraziliense.com.br\/cbradar\/wp-json\/wp\/v2\/posts"}],"about":[{"href":"https:\/\/www.correiobraziliense.com.br\/cbradar\/wp-json\/wp\/v2\/types\/post"}],"author":[{"embeddable":true,"href":"https:\/\/www.correiobraziliense.com.br\/cbradar\/wp-json\/wp\/v2\/users\/8"}],"replies":[{"embeddable":true,"href":"https:\/\/www.correiobraziliense.com.br\/cbradar\/wp-json\/wp\/v2\/comments?post=61335"}],"version-history":[{"count":5,"href":"https:\/\/www.correiobraziliense.com.br\/cbradar\/wp-json\/wp\/v2\/posts\/61335\/revisions"}],"predecessor-version":[{"id":61361,"href":"https:\/\/www.correiobraziliense.com.br\/cbradar\/wp-json\/wp\/v2\/posts\/61335\/revisions\/61361"}],"wp:featuredmedia":[{"embeddable":true,"href":"https:\/\/www.correiobraziliense.com.br\/cbradar\/wp-json\/wp\/v2\/media\/61359"}],"wp:attachment":[{"href":"https:\/\/www.correiobraziliense.com.br\/cbradar\/wp-json\/wp\/v2\/media?parent=61335"}],"wp:term":[{"taxonomy":"category","embeddable":true,"href":"https:\/\/www.correiobraziliense.com.br\/cbradar\/wp-json\/wp\/v2\/categories?post=61335"},{"taxonomy":"post_tag","embeddable":true,"href":"https:\/\/www.correiobraziliense.com.br\/cbradar\/wp-json\/wp\/v2\/post_tag?post=61335"}],"curies":[{"name":"wp","href":"https:\/\/api.w.org\/{rel}","templated":true}]}}