{"id":61830,"date":"2025-06-30T07:53:00","date_gmt":"2025-06-30T10:53:00","guid":{"rendered":"https:\/\/www.correiobraziliense.com.br\/cbradar\/?p=61830"},"modified":"2025-06-30T03:37:38","modified_gmt":"2025-06-30T06:37:38","slug":"quer-viver-bem-a-cidade-com-qualidade-de-vida-excepcional-no-brasil","status":"publish","type":"post","link":"https:\/\/www.correiobraziliense.com.br\/cbradar\/quer-viver-bem-a-cidade-com-qualidade-de-vida-excepcional-no-brasil\/","title":{"rendered":"Quer viver bem? A cidade com qualidade de vida excepcional no Brasil"},"content":{"rendered":"\n<p><a href=\"https:\/\/www.saocaetanodosul.sp.gov.br\/home\" target=\"_blank\" rel=\"noreferrer noopener\"><strong>S\u00e3o Caetano do Sul<\/strong>,<\/a> localizada na regi\u00e3o metropolitana de <strong>S\u00e3o Paulo<\/strong>, \u00e9 conhecida nacionalmente como a &#8220;<strong>Princesa do ABC<\/strong>&#8221; e conquistou o t\u00edtulo de cidade com o maior <strong>\u00cdndice de Desenvolvimento Humano (IDH)<\/strong> do <strong><a href=\"https:\/\/www.correiobraziliense.com.br\/cbradar\/essa-e-a-3a-melhor-cidade-em-qualidade-de-vida-no-brasil\/\" target=\"_blank\" rel=\"noreferrer noopener\">Brasil<\/a><\/strong>, com impressionantes <strong>0,847 pontos<\/strong>. Esta joia do <strong>ABC Paulista<\/strong> combina excel\u00eancia em educa\u00e7\u00e3o, sa\u00fade de qualidade, economia diversificada e infraestrutura urbana exemplar, tornando-se o destino ideal para fam\u00edlias e profissionais que buscam qualidade de vida superior.<\/p>\n\n\n\n<h2 class=\"wp-block-heading\">Qual \u00e9 a qualidade de vida em S\u00e3o Caetano do Sul?<\/h2>\n\n\n\n<p><strong>S\u00e3o Caetano do Sul<\/strong> oferece uma qualidade de vida excepcional, liderando os rankings nacionais em diversos indicadores socioecon\u00f4micos. A cidade se destaca pela seguran\u00e7a p\u00fablica eficiente, infraestrutura urbana de primeiro mundo e servi\u00e7os p\u00fablicos de alto padr\u00e3o que atendem \u00e0s necessidades de todos os moradores.<\/p>\n\n\n\n<p>O munic\u00edpio possui um sistema integrado de sa\u00fade que garante atendimento r\u00e1pido e eficaz, al\u00e9m de aten\u00e7\u00e3o especial aos idosos e programas sociais abrangentes. A cidade tamb\u00e9m investe pesadamente em \u00e1reas verdes e espa\u00e7os de lazer, proporcionando um ambiente urbano equilibrado que combina modernidade com sustentabilidade ambiental.<\/p>\n\n\n<div class=\"wp-block-image\">\n<figure class=\"aligncenter size-large\"><img decoding=\"async\" width=\"1024\" height=\"576\" src=\"https:\/\/www.correiobraziliense.com.br\/cbradar\/wp-content\/uploads\/2025\/06\/Edicoes-5-1-1024x576.png\" alt=\"\" class=\"wp-image-51404\" srcset=\"https:\/\/www.correiobraziliense.com.br\/cbradar\/wp-content\/uploads\/2025\/06\/Edicoes-5-1-1024x576.png 1024w, https:\/\/www.correiobraziliense.com.br\/cbradar\/wp-content\/uploads\/2025\/06\/Edicoes-5-1-300x169.png 300w, https:\/\/www.correiobraziliense.com.br\/cbradar\/wp-content\/uploads\/2025\/06\/Edicoes-5-1-768x432.png 768w, https:\/\/www.correiobraziliense.com.br\/cbradar\/wp-content\/uploads\/2025\/06\/Edicoes-5-1-750x422.png 750w, https:\/\/www.correiobraziliense.com.br\/cbradar\/wp-content\/uploads\/2025\/06\/Edicoes-5-1-1140x641.png 1140w, https:\/\/www.correiobraziliense.com.br\/cbradar\/wp-content\/uploads\/2025\/06\/Edicoes-5-1.png 1280w\" sizes=\"(max-width: 1024px) 100vw, 1024px\" \/><figcaption class=\"wp-element-caption\">S\u00e3o Caetano do Sul \/\/ Reprodu\u00e7\u00e3o: Wikip\u00e9dia<\/figcaption><\/figure><\/div>\n\n\n<h2 class=\"wp-block-heading\">Como a cidade promove a sustentabilidade?<\/h2>\n\n\n\n<p>A cidade \u00e9 reconhecida como l\u00edder nacional em pr\u00e1ticas <strong>ESG<\/strong> (ambientais, sociais e de governan\u00e7a), implementando pol\u00edticas p\u00fablicas inovadoras que promovem o desenvolvimento sustent\u00e1vel. <strong>S\u00e3o Caetano do Sul<\/strong> investe em tecnologias verdes, gest\u00e3o eficiente de res\u00edduos e programas de conscientiza\u00e7\u00e3o ambiental que envolvem toda a comunidade.<\/p>\n\n\n\n<p>O munic\u00edpio possui uma malha ciclovi\u00e1ria de 16,5 quil\u00f4metros que incentiva o transporte sustent\u00e1vel, al\u00e9m de projetos de arboriza\u00e7\u00e3o urbana e preserva\u00e7\u00e3o de \u00e1reas verdes. A administra\u00e7\u00e3o p\u00fablica tamb\u00e9m implementa pr\u00e1ticas de governan\u00e7a transparente e participa ativamente de iniciativas regionais para redu\u00e7\u00e3o da pegada de carbono e promo\u00e7\u00e3o da economia circular.<\/p>\n\n\n\n<h2 class=\"wp-block-heading\">Vale a pena morar em S\u00e3o Caetano do Sul?<\/h2>\n\n\n\n<p>Definitivamente vale a pena morar em <strong>S\u00e3o Caetano do Sul<\/strong>, especialmente para quem valoriza excel\u00eancia em servi\u00e7os p\u00fablicos e qualidade de vida diferenciada. A cidade oferece um custo-benef\u00edcio excepcional, considerando a proximidade com a capital <strong>S\u00e3o Paulo<\/strong> e todos os benef\u00edcios de uma cidade bem administrada e planejada.<\/p>\n\n\n\n<p>Os moradores desfrutam de facilidades como transporte p\u00fablico eficiente atrav\u00e9s da <strong>Linha 10-Turquesa<\/strong> da <strong>CPTM<\/strong>, acesso r\u00e1pido aos principais centros de neg\u00f3cios da regi\u00e3o metropolitana e uma ampla gama de op\u00e7\u00f5es culturais e gastron\u00f4micas. A seguran\u00e7a p\u00fablica exemplar e a sensa\u00e7\u00e3o de comunidade fazem de <strong>S\u00e3o Caetano do Sul<\/strong> um verdadeiro o\u00e1sis urbano.<\/p>\n\n\n<div class=\"wp-block-image\">\n<figure class=\"aligncenter size-large\"><img decoding=\"async\" src=\"https:\/\/www.correiobraziliense.com.br\/cbradar\/wp-content\/uploads\/2025\/02\/TKeDJEqqTdbWDOCg1BjCMpHfRTkVe5Nvlx29Y54H-1024x682.jpg\" alt=\"Voc\u00ea sabe qual \u00e9 a cidade que mais investe em educa\u00e7\u00e3o no Brasil?\" class=\"wp-image-4894\"\/><figcaption class=\"wp-element-caption\">S\u00e3o Caetano do Sul \/\/ Reprodu\u00e7\u00e3o: Prefeitura municipal de S\u00e3o Caetano do Sul (https:\/\/www.saocaetanodosul.sp.gov.br\/home)<\/figcaption><\/figure><\/div>\n\n\n<h2 class=\"wp-block-heading\">Como \u00e9 a educa\u00e7\u00e3o em S\u00e3o Caetano do Sul?<\/h2>\n\n\n\n<p>A educa\u00e7\u00e3o em <strong>S\u00e3o Caetano do Sul<\/strong> \u00e9 considerada uma das melhores do <strong>Brasil<\/strong>, tanto na rede p\u00fablica quanto na privada. O munic\u00edpio investe significativamente em suas escolas, garantindo educa\u00e7\u00e3o de alta qualidade desde a educa\u00e7\u00e3o infantil at\u00e9 o ensino superior, com taxa de escolariza\u00e7\u00e3o de 97,4% para crian\u00e7as de 6 a 14 anos.<\/p>\n\n\n\n<p>As institui\u00e7\u00f5es de ensino da cidade se destacam consistentemente no <strong>ENEM<\/strong> e no <strong>IDEB<\/strong>, refletindo o comprometimento com a excel\u00eancia educacional. <strong>S\u00e3o Caetano do Sul<\/strong> tamb\u00e9m abriga institui\u00e7\u00f5es renomadas como o <strong>Col\u00e9gio Eduardo Gomes<\/strong> e o <strong>Col\u00e9gio Arbos<\/strong>, al\u00e9m de oferecer programas educacionais inovadores que preparam os estudantes para os desafios do s\u00e9culo XXI.<\/p>\n\n\n\n<blockquote class=\"instagram-media\" data-instgrm-captioned data-instgrm-permalink=\"https:\/\/www.instagram.com\/reel\/DKjqDvesCuO\/?utm_source=ig_embed&amp;utm_campaign=loading\" data-instgrm-version=\"14\" style=\" background:#FFF; border:0; border-radius:3px; box-shadow:0 0 1px 0 rgba(0,0,0,0.5),0 1px 10px 0 rgba(0,0,0,0.15); margin: 1px; max-width:540px; min-width:326px; padding:0; width:99.375%; width:-webkit-calc(100% - 2px); width:calc(100% - 2px);\"><div style=\"padding:16px;\"> <a href=\"https:\/\/www.instagram.com\/reel\/DKjqDvesCuO\/?utm_source=ig_embed&amp;utm_campaign=loading\" style=\" background:#FFFFFF; line-height:0; padding:0 0; text-align:center; text-decoration:none; width:100%;\" target=\"_blank\"> <div style=\" display: flex; flex-direction: row; align-items: center;\"> <div style=\"background-color: #F4F4F4; border-radius: 50%; flex-grow: 0; height: 40px; margin-right: 14px; width: 40px;\"><\/div> <div style=\"display: flex; flex-direction: column; flex-grow: 1; justify-content: center;\"> <div style=\" background-color: #F4F4F4; border-radius: 4px; flex-grow: 0; height: 14px; margin-bottom: 6px; width: 100px;\"><\/div> <div style=\" background-color: #F4F4F4; border-radius: 4px; flex-grow: 0; height: 14px; width: 60px;\"><\/div><\/div><\/div><div style=\"padding: 19% 0;\"><\/div> <div style=\"display:block; height:50px; margin:0 auto 12px; width:50px;\"><svg width=\"50px\" height=\"50px\" viewBox=\"0 0 60 60\" version=\"1.1\" xmlns=\"https:\/\/www.w3.org\/2000\/svg\" xmlns:xlink=\"https:\/\/www.w3.org\/1999\/xlink\"><g stroke=\"none\" stroke-width=\"1\" fill=\"none\" fill-rule=\"evenodd\"><g transform=\"translate(-511.000000, -20.000000)\" fill=\"#000000\"><g><path d=\"M556.869,30.41 C554.814,30.41 553.148,32.076 553.148,34.131 C553.148,36.186 554.814,37.852 556.869,37.852 C558.924,37.852 560.59,36.186 560.59,34.131 C560.59,32.076 558.924,30.41 556.869,30.41 M541,60.657 C535.114,60.657 530.342,55.887 530.342,50 C530.342,44.114 535.114,39.342 541,39.342 C546.887,39.342 551.658,44.114 551.658,50 C551.658,55.887 546.887,60.657 541,60.657 M541,33.886 C532.1,33.886 524.886,41.1 524.886,50 C524.886,58.899 532.1,66.113 541,66.113 C549.9,66.113 557.115,58.899 557.115,50 C557.115,41.1 549.9,33.886 541,33.886 M565.378,62.101 C565.244,65.022 564.756,66.606 564.346,67.663 C563.803,69.06 563.154,70.057 562.106,71.106 C561.058,72.155 560.06,72.803 558.662,73.347 C557.607,73.757 556.021,74.244 553.102,74.378 C549.944,74.521 548.997,74.552 541,74.552 C533.003,74.552 532.056,74.521 528.898,74.378 C525.979,74.244 524.393,73.757 523.338,73.347 C521.94,72.803 520.942,72.155 519.894,71.106 C518.846,70.057 518.197,69.06 517.654,67.663 C517.244,66.606 516.755,65.022 516.623,62.101 C516.479,58.943 516.448,57.996 516.448,50 C516.448,42.003 516.479,41.056 516.623,37.899 C516.755,34.978 517.244,33.391 517.654,32.338 C518.197,30.938 518.846,29.942 519.894,28.894 C520.942,27.846 521.94,27.196 523.338,26.654 C524.393,26.244 525.979,25.756 528.898,25.623 C532.057,25.479 533.004,25.448 541,25.448 C548.997,25.448 549.943,25.479 553.102,25.623 C556.021,25.756 557.607,26.244 558.662,26.654 C560.06,27.196 561.058,27.846 562.106,28.894 C563.154,29.942 563.803,30.938 564.346,32.338 C564.756,33.391 565.244,34.978 565.378,37.899 C565.522,41.056 565.552,42.003 565.552,50 C565.552,57.996 565.522,58.943 565.378,62.101 M570.82,37.631 C570.674,34.438 570.167,32.258 569.425,30.349 C568.659,28.377 567.633,26.702 565.965,25.035 C564.297,23.368 562.623,22.342 560.652,21.575 C558.743,20.834 556.562,20.326 553.369,20.18 C550.169,20.033 549.148,20 541,20 C532.853,20 531.831,20.033 528.631,20.18 C525.438,20.326 523.257,20.834 521.349,21.575 C519.376,22.342 517.703,23.368 516.035,25.035 C514.368,26.702 513.342,28.377 512.574,30.349 C511.834,32.258 511.326,34.438 511.181,37.631 C511.035,40.831 511,41.851 511,50 C511,58.147 511.035,59.17 511.181,62.369 C511.326,65.562 511.834,67.743 512.574,69.651 C513.342,71.625 514.368,73.296 516.035,74.965 C517.703,76.634 519.376,77.658 521.349,78.425 C523.257,79.167 525.438,79.673 528.631,79.82 C531.831,79.965 532.853,80.001 541,80.001 C549.148,80.001 550.169,79.965 553.369,79.82 C556.562,79.673 558.743,79.167 560.652,78.425 C562.623,77.658 564.297,76.634 565.965,74.965 C567.633,73.296 568.659,71.625 569.425,69.651 C570.167,67.743 570.674,65.562 570.82,62.369 C570.966,59.17 571,58.147 571,50 C571,41.851 570.966,40.831 570.82,37.631\"><\/path><\/g><\/g><\/g><\/svg><\/div><div style=\"padding-top: 8px;\"> <div style=\" color:#3897f0; font-family:Arial,sans-serif; font-size:14px; font-style:normal; font-weight:550; line-height:18px;\">Ver essa foto no Instagram<\/div><\/div><div style=\"padding: 12.5% 0;\"><\/div> <div style=\"display: flex; flex-direction: row; margin-bottom: 14px; align-items: center;\"><div> <div style=\"background-color: #F4F4F4; border-radius: 50%; height: 12.5px; width: 12.5px; transform: translateX(0px) translateY(7px);\"><\/div> <div style=\"background-color: #F4F4F4; height: 12.5px; transform: rotate(-45deg) translateX(3px) translateY(1px); width: 12.5px; flex-grow: 0; margin-right: 14px; margin-left: 2px;\"><\/div> <div style=\"background-color: #F4F4F4; border-radius: 50%; height: 12.5px; width: 12.5px; transform: translateX(9px) translateY(-18px);\"><\/div><\/div><div style=\"margin-left: 8px;\"> <div style=\" background-color: #F4F4F4; border-radius: 50%; flex-grow: 0; height: 20px; width: 20px;\"><\/div> <div style=\" width: 0; height: 0; border-top: 2px solid transparent; border-left: 6px solid #f4f4f4; border-bottom: 2px solid transparent; transform: translateX(16px) translateY(-4px) rotate(30deg)\"><\/div><\/div><div style=\"margin-left: auto;\"> <div style=\" width: 0px; border-top: 8px solid #F4F4F4; border-right: 8px solid transparent; transform: translateY(16px);\"><\/div> <div style=\" background-color: #F4F4F4; flex-grow: 0; height: 12px; width: 16px; transform: translateY(-4px);\"><\/div> <div style=\" width: 0; height: 0; border-top: 8px solid #F4F4F4; border-left: 8px solid transparent; transform: translateY(-4px) translateX(8px);\"><\/div><\/div><\/div> <div style=\"display: flex; flex-direction: column; flex-grow: 1; justify-content: center; margin-bottom: 24px;\"> <div style=\" background-color: #F4F4F4; border-radius: 4px; flex-grow: 0; height: 14px; margin-bottom: 6px; width: 224px;\"><\/div> <div style=\" background-color: #F4F4F4; border-radius: 4px; flex-grow: 0; height: 14px; width: 144px;\"><\/div><\/div><\/a><p style=\" color:#c9c8cd; font-family:Arial,sans-serif; font-size:14px; line-height:17px; margin-bottom:0; margin-top:8px; overflow:hidden; padding:8px 0 7px; text-align:center; text-overflow:ellipsis; white-space:nowrap;\"><a href=\"https:\/\/www.instagram.com\/reel\/DKjqDvesCuO\/?utm_source=ig_embed&amp;utm_campaign=loading\" style=\" color:#c9c8cd; font-family:Arial,sans-serif; font-size:14px; font-style:normal; font-weight:normal; line-height:17px; text-decoration:none;\" target=\"_blank\">Uma publica\u00e7\u00e3o compartilhada por Prefeitura Sa\u0303o Caetano do Sul (@prefeitura_saocaetanodosul)<\/a><\/p><\/div><\/blockquote>\n<script async src=\"\/\/www.instagram.com\/embed.js\"><\/script>\n\n\n\n<h2 class=\"wp-block-heading\">Qual \u00e9 a economia local e as oportunidades de trabalho na cidade?<\/h2>\n\n\n\n<p>A economia de <strong>S\u00e3o Caetano do Sul<\/strong> \u00e9 diversificada e robusta, com destaque para os setores automobil\u00edstico, tecnol\u00f3gico e de servi\u00e7os. Grandes empresas mant\u00eam opera\u00e7\u00f5es na cidade, incluindo a <strong>General Motors<\/strong>, que possui sede regional no munic\u00edpio, gerando milhares de oportunidades de emprego qualificado.<\/p>\n\n\n\n<p>O setor de servi\u00e7os \u00e9 predominante, seguido pela ind\u00fastria e com\u00e9rcio, criando um mercado de trabalho din\u00e2mico e est\u00e1vel. A cidade tem liderado a retomada econ\u00f4mica no <strong>Grande ABC<\/strong>, registrando recordes de gera\u00e7\u00e3o de empregos e atraindo novos investimentos devido \u00e0 sua infraestrutura de qualidade e m\u00e3o de obra altamente qualificada.<\/p>\n\n\n\n<h2 class=\"wp-block-heading\">O que fazer em S\u00e3o Caetano do Sul?<\/h2>\n\n\n\n<p><strong>S\u00e3o Caetano do Sul<\/strong> oferece diversas op\u00e7\u00f5es de lazer e entretenimento para todos os gostos e idades. A cidade possui excelentes parques urbanos, centros culturais, teatros e uma vibrante cena gastron\u00f4mica que celebra tanto a culin\u00e1ria tradicional quanto as tend\u00eancias contempor\u00e2neas.<\/p>\n\n\n\n<p>Os moradores e visitantes podem desfrutar de eventos culturais regulares, festivais de m\u00fasica, exposi\u00e7\u00f5es de arte e atividades esportivas em modernas instala\u00e7\u00f5es p\u00fablicas. A proximidade com <strong>S\u00e3o Paulo<\/strong> tamb\u00e9m permite acesso f\u00e1cil a atra\u00e7\u00f5es metropolitanas, museus, shows e eventos de grande porte, ampliando significativamente as op\u00e7\u00f5es de entretenimento dispon\u00edveis.<\/p>\n\n\n\n<h2 class=\"wp-block-heading\">O que devo saber antes de visitar a cidade?<\/h2>\n\n\n\n<p>Antes de visitar <strong>S\u00e3o Caetano do Sul<\/strong>, \u00e9 importante saber que a cidade possui excelente infraestrutura hoteleira e gastron\u00f4mica para receber visitantes. O transporte p\u00fablico \u00e9 eficiente e conecta facilmente a cidade com <strong>S\u00e3o Paulo<\/strong> e demais munic\u00edpios do <strong>ABC<\/strong>, facilitando a locomo\u00e7\u00e3o para turistas e pessoas em viagem de neg\u00f3cios.<\/p>\n\n\n\n<p>A cidade \u00e9 conhecida por sua organiza\u00e7\u00e3o e limpeza urbana, ent\u00e3o os visitantes encontrar\u00e3o um ambiente agrad\u00e1vel e bem cuidado. <strong>S\u00e3o Caetano do Sul<\/strong> tamb\u00e9m oferece op\u00e7\u00f5es de turismo de neg\u00f3cios, com centros de conven\u00e7\u00f5es modernos e hot\u00e9is executivos que atendem \u00e0s necessidades do turismo corporativo.<\/p>\n\n\n\n<h2 class=\"wp-block-heading\">Vale a pena visitar S\u00e3o Caetano do Sul?<\/h2>\n\n\n\n<p>Vale muito a pena visitar <strong>S\u00e3o Caetano do Sul<\/strong>, especialmente para conhecer um exemplo brasileiro de excel\u00eancia em gest\u00e3o p\u00fablica e qualidade de vida urbana. A cidade oferece uma experi\u00eancia \u00fanica de como \u00e9 poss\u00edvel viver bem em uma regi\u00e3o metropolitana, servindo como inspira\u00e7\u00e3o para outras cidades do pa\u00eds.<\/p>\n\n\n\n<p>Os visitantes podem apreciar a arquitetura urbana bem planejada, os espa\u00e7os p\u00fablicos bem cuidados e a hospitalidade dos moradores locais. <strong>S\u00e3o Caetano do Sul<\/strong> tamb\u00e9m serve como base estrat\u00e9gica para explorar toda a regi\u00e3o do <strong>ABC Paulista<\/strong> e a capital <strong>S\u00e3o Paulo<\/strong>, oferecendo o melhor dos dois mundos: tranquilidade interiorana e acesso metropolitano.<\/p>\n\n\n\n<h2 class=\"wp-block-heading\">Como chegar em S\u00e3o Caetano do Sul?<\/h2>\n\n\n\n<p>Chegar a <strong>S\u00e3o Caetano do Sul<\/strong> \u00e9 muito f\u00e1cil devido \u00e0 sua localiza\u00e7\u00e3o estrat\u00e9gica na regi\u00e3o metropolitana de <strong>S\u00e3o Paulo<\/strong>. A cidade \u00e9 servida pela <strong>Linha 10-Turquesa<\/strong> da <strong>CPTM<\/strong>, que conecta diretamente ao centro de <strong>S\u00e3o Paulo<\/strong> e outros munic\u00edpios da regi\u00e3o, oferecendo transporte p\u00fablico r\u00e1pido e eficiente.<\/p>\n\n\n\n<p>Para quem prefere viajar de carro, <strong>S\u00e3o Caetano do Sul<\/strong> possui acesso direto a importantes rodovias como a <strong>Via Anchieta<\/strong> e <strong>Rodovia dos Imigrantes<\/strong>, facilitando a chegada tanto do interior quanto do litoral paulista. O <strong>Aeroporto de Congonhas<\/strong> fica a aproximadamente 20 minutos de dist\u00e2ncia, tornando a cidade acess\u00edvel para visitantes de todo o <strong>Brasil<\/strong>.<\/p>\n","protected":false},"excerpt":{"rendered":"<p>S\u00e3o Caetano do Sul, localizada na regi\u00e3o metropolitana de S\u00e3o Paulo, \u00e9 conhecida nacionalmente como a &#8220;Princesa do ABC&#8221; e conquistou o t\u00edtulo de cidade com o maior \u00cdndice de Desenvolvimento Humano (IDH) do Brasil, com impressionantes 0,847 pontos. Esta joia do ABC Paulista combina excel\u00eancia em educa\u00e7\u00e3o, sa\u00fade de qualidade, economia diversificada e infraestrutura [&hellip;]<\/p>\n","protected":false},"author":8,"featured_media":0,"comment_status":"open","ping_status":"open","sticky":false,"template":"","format":"standard","meta":{"_yoast_wpseo_focuskw":"cidade","_yoast_wpseo_title":"","_yoast_wpseo_metadesc":"Ela tem seguran\u00e7a, sa\u00fade, educa\u00e7\u00e3o e lazer de alto n\u00edvel. Veja qual \u00e9 a cidade com qualidade de vida invej\u00e1vel no Brasil.","jnews-multi-image_gallery":[],"jnews_single_post":{"format":"standard"},"jnews_primary_category":[],"jnews_social_meta":[],"jnews_override_counter":[],"footnotes":""},"categories":[108,111],"post_tag":[247,955],"class_list":["post-61830","post","type-post","status-publish","format-standard","hentry","category-cidades","category-turismo","tag-qualidade-de-vida","tag-sao-caetano-do-sul"],"yoast_head":"<!-- This site is optimized with the Yoast SEO plugin v24.6 - https:\/\/yoast.com\/wordpress\/plugins\/seo\/ -->\n<title>Quer viver bem? A cidade com qualidade de vida excepcional no Brasil - Correio Braziliense - Radar<\/title>\n<meta name=\"description\" content=\"Ela tem seguran\u00e7a, sa\u00fade, educa\u00e7\u00e3o e lazer de alto n\u00edvel. Veja qual \u00e9 a cidade com qualidade de vida invej\u00e1vel no Brasil.\" \/>\n<meta name=\"robots\" content=\"index, follow, max-snippet:-1, max-image-preview:large, max-video-preview:-1\" \/>\n<link rel=\"canonical\" href=\"https:\/\/www.correiobraziliense.com.br\/cbradar\/quer-viver-bem-a-cidade-com-qualidade-de-vida-excepcional-no-brasil\/\" \/>\n<meta property=\"og:locale\" content=\"pt_BR\" \/>\n<meta property=\"og:type\" content=\"article\" \/>\n<meta property=\"og:title\" content=\"Quer viver bem? A cidade com qualidade de vida excepcional no Brasil - Correio Braziliense - Radar\" \/>\n<meta property=\"og:description\" content=\"Ela tem seguran\u00e7a, sa\u00fade, educa\u00e7\u00e3o e lazer de alto n\u00edvel. Veja qual \u00e9 a cidade com qualidade de vida invej\u00e1vel no Brasil.\" \/>\n<meta property=\"og:url\" content=\"https:\/\/www.correiobraziliense.com.br\/cbradar\/quer-viver-bem-a-cidade-com-qualidade-de-vida-excepcional-no-brasil\/\" \/>\n<meta property=\"og:site_name\" content=\"Correio Braziliense - Radar\" \/>\n<meta property=\"article:published_time\" content=\"2025-06-30T10:53:00+00:00\" \/>\n<meta property=\"og:image\" content=\"https:\/\/www.correiobraziliense.com.br\/cbradar\/wp-content\/uploads\/2025\/05\/Edicoes-96-1.png\" \/>\n\t<meta property=\"og:image:width\" content=\"1280\" \/>\n\t<meta property=\"og:image:height\" content=\"720\" \/>\n\t<meta property=\"og:image:type\" content=\"image\/png\" \/>\n<meta name=\"author\" content=\"Maura Pereira\" \/>\n<meta name=\"twitter:card\" content=\"summary_large_image\" \/>\n<meta name=\"twitter:label1\" content=\"Escrito por\" \/>\n\t<meta name=\"twitter:data1\" content=\"Maura Pereira\" \/>\n\t<meta name=\"twitter:label2\" content=\"Est. tempo de leitura\" \/>\n\t<meta name=\"twitter:data2\" content=\"7 minutos\" \/>\n<!-- \/ Yoast SEO plugin. -->","yoast_head_json":{"title":"Quer viver bem? A cidade com qualidade de vida excepcional no Brasil - Correio Braziliense - Radar","description":"Ela tem seguran\u00e7a, sa\u00fade, educa\u00e7\u00e3o e lazer de alto n\u00edvel. Veja qual \u00e9 a cidade com qualidade de vida invej\u00e1vel no Brasil.","robots":{"index":"index","follow":"follow","max-snippet":"max-snippet:-1","max-image-preview":"max-image-preview:large","max-video-preview":"max-video-preview:-1"},"canonical":"https:\/\/www.correiobraziliense.com.br\/cbradar\/quer-viver-bem-a-cidade-com-qualidade-de-vida-excepcional-no-brasil\/","og_locale":"pt_BR","og_type":"article","og_title":"Quer viver bem? A cidade com qualidade de vida excepcional no Brasil - Correio Braziliense - Radar","og_description":"Ela tem seguran\u00e7a, sa\u00fade, educa\u00e7\u00e3o e lazer de alto n\u00edvel. Veja qual \u00e9 a cidade com qualidade de vida invej\u00e1vel no Brasil.","og_url":"https:\/\/www.correiobraziliense.com.br\/cbradar\/quer-viver-bem-a-cidade-com-qualidade-de-vida-excepcional-no-brasil\/","og_site_name":"Correio Braziliense - Radar","article_published_time":"2025-06-30T10:53:00+00:00","og_image":[{"width":1280,"height":720,"url":"https:\/\/www.correiobraziliense.com.br\/cbradar\/wp-content\/uploads\/2025\/05\/Edicoes-96-1.png","type":"image\/png"}],"author":"Maura Pereira","twitter_card":"summary_large_image","twitter_misc":{"Escrito por":"Maura Pereira","Est. tempo de leitura":"7 minutos"},"schema":{"@context":"https:\/\/schema.org","@graph":[{"@type":"WebPage","@id":"https:\/\/www.correiobraziliense.com.br\/cbradar\/quer-viver-bem-a-cidade-com-qualidade-de-vida-excepcional-no-brasil\/","url":"https:\/\/www.correiobraziliense.com.br\/cbradar\/quer-viver-bem-a-cidade-com-qualidade-de-vida-excepcional-no-brasil\/","name":"Quer viver bem? A cidade com qualidade de vida excepcional no Brasil - Correio Braziliense - Radar","isPartOf":{"@id":"https:\/\/www.correiobraziliense.com.br\/cbradar\/#website"},"primaryImageOfPage":{"@id":"https:\/\/www.correiobraziliense.com.br\/cbradar\/quer-viver-bem-a-cidade-com-qualidade-de-vida-excepcional-no-brasil\/#primaryimage"},"image":{"@id":"https:\/\/www.correiobraziliense.com.br\/cbradar\/quer-viver-bem-a-cidade-com-qualidade-de-vida-excepcional-no-brasil\/#primaryimage"},"thumbnailUrl":"https:\/\/www.correiobraziliense.com.br\/cbradar\/wp-content\/uploads\/2025\/06\/Edicoes-5-1-1024x576.png","datePublished":"2025-06-30T10:53:00+00:00","author":{"@id":"https:\/\/www.correiobraziliense.com.br\/cbradar\/#\/schema\/person\/4053c651a9bfc785afc6f4cbc9032fd3"},"description":"Ela tem seguran\u00e7a, sa\u00fade, educa\u00e7\u00e3o e lazer de alto n\u00edvel. Veja qual \u00e9 a cidade com qualidade de vida invej\u00e1vel no Brasil.","breadcrumb":{"@id":"https:\/\/www.correiobraziliense.com.br\/cbradar\/quer-viver-bem-a-cidade-com-qualidade-de-vida-excepcional-no-brasil\/#breadcrumb"},"inLanguage":"pt-BR","potentialAction":[{"@type":"ReadAction","target":["https:\/\/www.correiobraziliense.com.br\/cbradar\/quer-viver-bem-a-cidade-com-qualidade-de-vida-excepcional-no-brasil\/"]}]},{"@type":"ImageObject","inLanguage":"pt-BR","@id":"https:\/\/www.correiobraziliense.com.br\/cbradar\/quer-viver-bem-a-cidade-com-qualidade-de-vida-excepcional-no-brasil\/#primaryimage","url":"https:\/\/www.correiobraziliense.com.br\/cbradar\/wp-content\/uploads\/2025\/06\/Edicoes-5-1.png","contentUrl":"https:\/\/www.correiobraziliense.com.br\/cbradar\/wp-content\/uploads\/2025\/06\/Edicoes-5-1.png","width":1280,"height":720,"caption":"S\u00e3o Caetano do Sul, SP, destaca-se pelo alto IDH e excelente educa\u00e7\u00e3o p\u00fablica. \/ Reprodu\u00e7\u00e3o: Wikip\u00e9dia"},{"@type":"BreadcrumbList","@id":"https:\/\/www.correiobraziliense.com.br\/cbradar\/quer-viver-bem-a-cidade-com-qualidade-de-vida-excepcional-no-brasil\/#breadcrumb","itemListElement":[{"@type":"ListItem","position":1,"name":"In\u00edcio","item":"https:\/\/www.correiobraziliense.com.br\/cbradar\/"},{"@type":"ListItem","position":2,"name":"Quer viver bem? A cidade com qualidade de vida excepcional no Brasil"}]},{"@type":"WebSite","@id":"https:\/\/www.correiobraziliense.com.br\/cbradar\/#website","url":"https:\/\/www.correiobraziliense.com.br\/cbradar\/","name":"Correio Braziliense - Radar","description":"Acompanhe as \u00faltimas not\u00edcias e fique bem informado sobre tudo o que acontece no Brasil e no mundo.","potentialAction":[{"@type":"SearchAction","target":{"@type":"EntryPoint","urlTemplate":"https:\/\/www.correiobraziliense.com.br\/cbradar\/?s={search_term_string}"},"query-input":{"@type":"PropertyValueSpecification","valueRequired":true,"valueName":"search_term_string"}}],"inLanguage":"pt-BR"},{"@type":"Person","@id":"https:\/\/www.correiobraziliense.com.br\/cbradar\/#\/schema\/person\/4053c651a9bfc785afc6f4cbc9032fd3","name":"Maura Pereira","image":{"@type":"ImageObject","inLanguage":"pt-BR","@id":"https:\/\/www.correiobraziliense.com.br\/cbradar\/#\/schema\/person\/image\/","url":"https:\/\/secure.gravatar.com\/avatar\/3effd6bdadfa447f15089c7f7144eaa6?s=96&d=mm&r=g","contentUrl":"https:\/\/secure.gravatar.com\/avatar\/3effd6bdadfa447f15089c7f7144eaa6?s=96&d=mm&r=g","caption":"Maura Pereira"},"sameAs":["https:\/\/www.correiobraziliense.com.br\/"],"url":"https:\/\/www.correiobraziliense.com.br\/cbradar\/author\/mauramyth\/"}]}},"_links":{"self":[{"href":"https:\/\/www.correiobraziliense.com.br\/cbradar\/wp-json\/wp\/v2\/posts\/61830","targetHints":{"allow":["GET"]}}],"collection":[{"href":"https:\/\/www.correiobraziliense.com.br\/cbradar\/wp-json\/wp\/v2\/posts"}],"about":[{"href":"https:\/\/www.correiobraziliense.com.br\/cbradar\/wp-json\/wp\/v2\/types\/post"}],"author":[{"embeddable":true,"href":"https:\/\/www.correiobraziliense.com.br\/cbradar\/wp-json\/wp\/v2\/users\/8"}],"replies":[{"embeddable":true,"href":"https:\/\/www.correiobraziliense.com.br\/cbradar\/wp-json\/wp\/v2\/comments?post=61830"}],"version-history":[{"count":14,"href":"https:\/\/www.correiobraziliense.com.br\/cbradar\/wp-json\/wp\/v2\/posts\/61830\/revisions"}],"predecessor-version":[{"id":61864,"href":"https:\/\/www.correiobraziliense.com.br\/cbradar\/wp-json\/wp\/v2\/posts\/61830\/revisions\/61864"}],"wp:attachment":[{"href":"https:\/\/www.correiobraziliense.com.br\/cbradar\/wp-json\/wp\/v2\/media?parent=61830"}],"wp:term":[{"taxonomy":"category","embeddable":true,"href":"https:\/\/www.correiobraziliense.com.br\/cbradar\/wp-json\/wp\/v2\/categories?post=61830"},{"taxonomy":"post_tag","embeddable":true,"href":"https:\/\/www.correiobraziliense.com.br\/cbradar\/wp-json\/wp\/v2\/post_tag?post=61830"}],"curies":[{"name":"wp","href":"https:\/\/api.w.org\/{rel}","templated":true}]}}