{"id":6187,"date":"2025-02-26T18:30:00","date_gmt":"2025-02-26T21:30:00","guid":{"rendered":"https:\/\/www.correiobraziliense.com.br\/cbradar\/?p=6187"},"modified":"2025-02-25T16:42:16","modified_gmt":"2025-02-25T19:42:16","slug":"essa-cidade-subterranea-para-20-mil-pessoas-vai-te-surpreender","status":"publish","type":"post","link":"https:\/\/www.correiobraziliense.com.br\/cbradar\/essa-cidade-subterranea-para-20-mil-pessoas-vai-te-surpreender\/","title":{"rendered":"Essa cidade subterr\u00e2nea para 20 mil pessoas vai te surpreender"},"content":{"rendered":"\n<p>Em muitos lugares do mundo, as cidades s\u00e3o constru\u00eddas para crescer para cima, mas em <strong>Derinkuyu<\/strong>, na <strong>Turquia<\/strong>, a hist\u00f3ria foi diferente. Esse local abriga uma das mais impressionantes cidades subterr\u00e2neas j\u00e1 descobertas, um verdadeiro labirinto de t\u00faneis e c\u00e2maras que desce at\u00e9 <strong>85 metros abaixo da superf\u00edcie<\/strong>.<\/p>\n\n\n\n<p>Constru\u00edda h\u00e1 milhares de anos, acredita-se que a cidade foi escavada pelos <strong>hititas<\/strong> por volta de 1200 AC, mas foi amplamente utilizada pelos <strong>crist\u00e3os bizantinos<\/strong> como ref\u00fagio contra invas\u00f5es. Com capacidade para abrigar at\u00e9 <strong>20 mil pessoas<\/strong>, Derinkuyu contava com um sistema complexo de ventila\u00e7\u00e3o, po\u00e7os de \u00e1gua, armaz\u00e9ns, roupas e at\u00e9 est\u00e1bulos para animais, permitindo que seus habitantes vivessem por meses sem precisar sair \u00e0 superf\u00edcie.<\/p>\n\n\n\n<p>A cidade oculta por s\u00e9culos, at\u00e9 ser redescoberta por acaso em <strong>1963<\/strong>, quando um morador encontrou uma parede estranha em sua casa. Ao derrub\u00e1-la, revelou um t\u00fanel que levava a uma das maiores cidades subterr\u00e2neas j\u00e1 registradas.<\/p>\n\n\n\n<h2 class=\"wp-block-heading\"><strong>Como era a vida em uma cidade subterr\u00e2nea?<\/strong><\/h2>\n\n\n\n<p>Apesar de parecer um local in\u00f3spito, Derinkuyu foi projetado para ser totalmente funcional. Seus habitantes cavaram extensos t\u00faneis interligados, criando salas de diferentes tamanhos para diversas fun\u00e7\u00f5es. Existem \u00e1reas espec\u00edficas para armazenamento de alimentos, cozinhas comunit\u00e1rias, dormit\u00f3rios e at\u00e9 locais de culto religioso.<\/p>\n\n\n\n<p>A ventila\u00e7\u00e3o era um dos aspectos mais impressionantes da cidade. Mesmo em suas profundezas, o ar circulava de maneira eficiente gra\u00e7as a um sistema de <strong>po\u00e7os de ventila\u00e7\u00e3o<\/strong>, garantindo que a popula\u00e7\u00e3o pudesse respirar sem dificuldades. Al\u00e9m disso, os po\u00e7os de \u00e1gua foram estrategicamente posicionados para evitar contamina\u00e7\u00e3o e garantir o abastecimento por longos per\u00edodos.<\/p>\n\n\n\n<p>Para garantir a seguran\u00e7a, as entradas da cidade subterr\u00e2nea eram protegidas por <strong>portas de pedra infinita<\/strong>, que podiam ser roladas para bloquear os acessos em caso de amea\u00e7a. A cidade tamb\u00e9m contava com t\u00faneis secretos que levavam a outras cidades subterr\u00e2neas pr\u00f3ximas, permitindo que os habitantes fugissem se necess\u00e1rio.<\/p>\n\n\n\n<figure class=\"wp-block-image size-large\"><img decoding=\"async\" width=\"1024\" height=\"576\" src=\"https:\/\/www.correiobraziliense.com.br\/cbradar\/wp-content\/uploads\/2025\/02\/Derinkuyu_1740511237182-1024x576.jpg\" alt=\"Essa cidade subterr\u00e2nea para 20 mil pessoas vai te surpreender\" class=\"wp-image-6193\" srcset=\"https:\/\/www.correiobraziliense.com.br\/cbradar\/wp-content\/uploads\/2025\/02\/Derinkuyu_1740511237182-1024x576.jpg 1024w, https:\/\/www.correiobraziliense.com.br\/cbradar\/wp-content\/uploads\/2025\/02\/Derinkuyu_1740511237182-300x169.jpg 300w, https:\/\/www.correiobraziliense.com.br\/cbradar\/wp-content\/uploads\/2025\/02\/Derinkuyu_1740511237182-768x432.jpg 768w, https:\/\/www.correiobraziliense.com.br\/cbradar\/wp-content\/uploads\/2025\/02\/Derinkuyu_1740511237182-750x422.jpg 750w, https:\/\/www.correiobraziliense.com.br\/cbradar\/wp-content\/uploads\/2025\/02\/Derinkuyu_1740511237182-1140x642.jpg 1140w, https:\/\/www.correiobraziliense.com.br\/cbradar\/wp-content\/uploads\/2025\/02\/Derinkuyu_1740511237182.jpg 1279w\" sizes=\"(max-width: 1024px) 100vw, 1024px\" \/><figcaption class=\"wp-element-caption\">Derinkuyu. Cr\u00e9ditos: depositphotos.com \/ Yakov_Oskanov<\/figcaption><\/figure>\n\n\n\n<h2 class=\"wp-block-heading\"><strong>Derinkuyu ainda guarda segredos?<\/strong><\/h2>\n\n\n\n<p>Mesmo depois de d\u00e9cadas de estudo, boa parte da cidade subterr\u00e2nea continua inexplorada. Muitos acreditam que Derinkuyu possa estar conectado a um <strong>sistema ainda maior de t\u00faneis<\/strong>, ou que tornaria sua extens\u00e3o ainda mais impressionante.<\/p>\n\n\n\n<p>Atualmente, Derinkuyu \u00e9 uma das atra\u00e7\u00f5es tur\u00edsticas mais fascinantes da <strong>Capad\u00f3cia<\/strong>, recebendo visitantes do mundo todo. Os turistas caminham por seus corredores estreitos e imaginam como era a vida nesse verdadeiro abrigo escondido.<\/p>\n\n\n\n<p>A cidade prova que a criatividade humana n\u00e3o tem limites quando se trata de adapta\u00e7\u00e3o e sobreviv\u00eancia. Mesmo em condi\u00e7\u00f5es extremas, seus antigos habitantes resgataram maneiras de prosperar em um ambiente que, para muitos, parecia imposs\u00edvel de se viver.<\/p>\n","protected":false},"excerpt":{"rendered":"<p>Uma cidade subterr\u00e2nea na Turquia abrigou milhares de pessoas em um labirinto de t\u00faneis e c\u00e2maras secretas. <\/p>\n","protected":false},"author":3,"featured_media":6189,"comment_status":"open","ping_status":"open","sticky":false,"template":"","format":"standard","meta":{"_yoast_wpseo_focuskw":"cidade subterr\u00e2nea","_yoast_wpseo_title":"%%title%%","_yoast_wpseo_metadesc":"Uma cidade subterr\u00e2nea na Turquia abrigou milhares de pessoas em um labirinto de t\u00faneis e c\u00e2maras secretas.","jnews-multi-image_gallery":[],"jnews_single_post":{"format":"standard"},"jnews_primary_category":[],"jnews_social_meta":[],"jnews_override_counter":[],"footnotes":""},"categories":[108],"post_tag":[1135],"class_list":["post-6187","post","type-post","status-publish","format-standard","has-post-thumbnail","hentry","category-cidades","tag-cidade-subterranea"],"yoast_head":"<!-- This site is optimized with the Yoast SEO plugin v24.6 - https:\/\/yoast.com\/wordpress\/plugins\/seo\/ -->\n<title>Essa cidade subterr\u00e2nea para 20 mil pessoas vai te surpreender<\/title>\n<meta name=\"description\" content=\"Uma cidade subterr\u00e2nea na Turquia abrigou milhares de pessoas em um labirinto de t\u00faneis e c\u00e2maras secretas.\" \/>\n<meta name=\"robots\" content=\"index, follow, max-snippet:-1, max-image-preview:large, max-video-preview:-1\" \/>\n<link rel=\"canonical\" href=\"https:\/\/www.correiobraziliense.com.br\/cbradar\/essa-cidade-subterranea-para-20-mil-pessoas-vai-te-surpreender\/\" \/>\n<meta property=\"og:locale\" content=\"pt_BR\" \/>\n<meta property=\"og:type\" content=\"article\" \/>\n<meta property=\"og:title\" content=\"Essa cidade subterr\u00e2nea para 20 mil pessoas vai te surpreender\" \/>\n<meta property=\"og:description\" content=\"Uma cidade subterr\u00e2nea na Turquia abrigou milhares de pessoas em um labirinto de t\u00faneis e c\u00e2maras secretas.\" \/>\n<meta property=\"og:url\" content=\"https:\/\/www.correiobraziliense.com.br\/cbradar\/essa-cidade-subterranea-para-20-mil-pessoas-vai-te-surpreender\/\" \/>\n<meta property=\"og:site_name\" content=\"Correio Braziliense - Radar\" \/>\n<meta property=\"article:published_time\" content=\"2025-02-26T21:30:00+00:00\" \/>\n<meta property=\"og:image\" content=\"https:\/\/www.correiobraziliense.com.br\/cbradar\/wp-content\/uploads\/2025\/02\/Derinkuyu_1740511209227.jpg\" \/>\n\t<meta property=\"og:image:width\" content=\"1280\" \/>\n\t<meta property=\"og:image:height\" content=\"720\" \/>\n\t<meta property=\"og:image:type\" content=\"image\/jpeg\" \/>\n<meta name=\"author\" content=\"Larissa Carvalho\" \/>\n<meta name=\"twitter:card\" content=\"summary_large_image\" \/>\n<meta name=\"twitter:label1\" content=\"Escrito por\" \/>\n\t<meta name=\"twitter:data1\" content=\"Larissa Carvalho\" \/>\n\t<meta name=\"twitter:label2\" content=\"Est. tempo de leitura\" \/>\n\t<meta name=\"twitter:data2\" content=\"3 minutos\" \/>\n<!-- \/ Yoast SEO plugin. -->","yoast_head_json":{"title":"Essa cidade subterr\u00e2nea para 20 mil pessoas vai te surpreender","description":"Uma cidade subterr\u00e2nea na Turquia abrigou milhares de pessoas em um labirinto de t\u00faneis e c\u00e2maras secretas.","robots":{"index":"index","follow":"follow","max-snippet":"max-snippet:-1","max-image-preview":"max-image-preview:large","max-video-preview":"max-video-preview:-1"},"canonical":"https:\/\/www.correiobraziliense.com.br\/cbradar\/essa-cidade-subterranea-para-20-mil-pessoas-vai-te-surpreender\/","og_locale":"pt_BR","og_type":"article","og_title":"Essa cidade subterr\u00e2nea para 20 mil pessoas vai te surpreender","og_description":"Uma cidade subterr\u00e2nea na Turquia abrigou milhares de pessoas em um labirinto de t\u00faneis e c\u00e2maras secretas.","og_url":"https:\/\/www.correiobraziliense.com.br\/cbradar\/essa-cidade-subterranea-para-20-mil-pessoas-vai-te-surpreender\/","og_site_name":"Correio Braziliense - Radar","article_published_time":"2025-02-26T21:30:00+00:00","og_image":[{"width":1280,"height":720,"url":"https:\/\/www.correiobraziliense.com.br\/cbradar\/wp-content\/uploads\/2025\/02\/Derinkuyu_1740511209227.jpg","type":"image\/jpeg"}],"author":"Larissa Carvalho","twitter_card":"summary_large_image","twitter_misc":{"Escrito por":"Larissa Carvalho","Est. tempo de leitura":"3 minutos"},"schema":{"@context":"https:\/\/schema.org","@graph":[{"@type":"WebPage","@id":"https:\/\/www.correiobraziliense.com.br\/cbradar\/essa-cidade-subterranea-para-20-mil-pessoas-vai-te-surpreender\/","url":"https:\/\/www.correiobraziliense.com.br\/cbradar\/essa-cidade-subterranea-para-20-mil-pessoas-vai-te-surpreender\/","name":"Essa cidade subterr\u00e2nea para 20 mil pessoas vai te surpreender","isPartOf":{"@id":"https:\/\/www.correiobraziliense.com.br\/cbradar\/#website"},"primaryImageOfPage":{"@id":"https:\/\/www.correiobraziliense.com.br\/cbradar\/essa-cidade-subterranea-para-20-mil-pessoas-vai-te-surpreender\/#primaryimage"},"image":{"@id":"https:\/\/www.correiobraziliense.com.br\/cbradar\/essa-cidade-subterranea-para-20-mil-pessoas-vai-te-surpreender\/#primaryimage"},"thumbnailUrl":"https:\/\/www.correiobraziliense.com.br\/cbradar\/wp-content\/uploads\/2025\/02\/Derinkuyu_1740511209227.jpg","datePublished":"2025-02-26T21:30:00+00:00","author":{"@id":"https:\/\/www.correiobraziliense.com.br\/cbradar\/#\/schema\/person\/58422787644df994b53a19d3e56c1513"},"description":"Uma cidade subterr\u00e2nea na Turquia abrigou milhares de pessoas em um labirinto de t\u00faneis e c\u00e2maras secretas.","breadcrumb":{"@id":"https:\/\/www.correiobraziliense.com.br\/cbradar\/essa-cidade-subterranea-para-20-mil-pessoas-vai-te-surpreender\/#breadcrumb"},"inLanguage":"pt-BR","potentialAction":[{"@type":"ReadAction","target":["https:\/\/www.correiobraziliense.com.br\/cbradar\/essa-cidade-subterranea-para-20-mil-pessoas-vai-te-surpreender\/"]}]},{"@type":"ImageObject","inLanguage":"pt-BR","@id":"https:\/\/www.correiobraziliense.com.br\/cbradar\/essa-cidade-subterranea-para-20-mil-pessoas-vai-te-surpreender\/#primaryimage","url":"https:\/\/www.correiobraziliense.com.br\/cbradar\/wp-content\/uploads\/2025\/02\/Derinkuyu_1740511209227.jpg","contentUrl":"https:\/\/www.correiobraziliense.com.br\/cbradar\/wp-content\/uploads\/2025\/02\/Derinkuyu_1740511209227.jpg","width":1280,"height":720,"caption":"Cidade subterr\u00e2nea na Turquia. Cr\u00e9ditos: depositphotos.com \/ Gilitukha"},{"@type":"BreadcrumbList","@id":"https:\/\/www.correiobraziliense.com.br\/cbradar\/essa-cidade-subterranea-para-20-mil-pessoas-vai-te-surpreender\/#breadcrumb","itemListElement":[{"@type":"ListItem","position":1,"name":"In\u00edcio","item":"https:\/\/www.correiobraziliense.com.br\/cbradar\/"},{"@type":"ListItem","position":2,"name":"Essa cidade subterr\u00e2nea para 20 mil pessoas vai te surpreender"}]},{"@type":"WebSite","@id":"https:\/\/www.correiobraziliense.com.br\/cbradar\/#website","url":"https:\/\/www.correiobraziliense.com.br\/cbradar\/","name":"Correio Braziliense - Radar","description":"Acompanhe as \u00faltimas not\u00edcias e fique bem informado sobre tudo o que acontece no Brasil e no mundo.","potentialAction":[{"@type":"SearchAction","target":{"@type":"EntryPoint","urlTemplate":"https:\/\/www.correiobraziliense.com.br\/cbradar\/?s={search_term_string}"},"query-input":{"@type":"PropertyValueSpecification","valueRequired":true,"valueName":"search_term_string"}}],"inLanguage":"pt-BR"},{"@type":"Person","@id":"https:\/\/www.correiobraziliense.com.br\/cbradar\/#\/schema\/person\/58422787644df994b53a19d3e56c1513","name":"Larissa Carvalho","image":{"@type":"ImageObject","inLanguage":"pt-BR","@id":"https:\/\/www.correiobraziliense.com.br\/cbradar\/#\/schema\/person\/image\/","url":"https:\/\/secure.gravatar.com\/avatar\/fe4f91a0de32b52a838d0d612abdc1aa?s=96&d=mm&r=g","contentUrl":"https:\/\/secure.gravatar.com\/avatar\/fe4f91a0de32b52a838d0d612abdc1aa?s=96&d=mm&r=g","caption":"Larissa Carvalho"},"url":"https:\/\/www.correiobraziliense.com.br\/cbradar\/author\/larissamyth\/"}]}},"_links":{"self":[{"href":"https:\/\/www.correiobraziliense.com.br\/cbradar\/wp-json\/wp\/v2\/posts\/6187","targetHints":{"allow":["GET"]}}],"collection":[{"href":"https:\/\/www.correiobraziliense.com.br\/cbradar\/wp-json\/wp\/v2\/posts"}],"about":[{"href":"https:\/\/www.correiobraziliense.com.br\/cbradar\/wp-json\/wp\/v2\/types\/post"}],"author":[{"embeddable":true,"href":"https:\/\/www.correiobraziliense.com.br\/cbradar\/wp-json\/wp\/v2\/users\/3"}],"replies":[{"embeddable":true,"href":"https:\/\/www.correiobraziliense.com.br\/cbradar\/wp-json\/wp\/v2\/comments?post=6187"}],"version-history":[{"count":1,"href":"https:\/\/www.correiobraziliense.com.br\/cbradar\/wp-json\/wp\/v2\/posts\/6187\/revisions"}],"predecessor-version":[{"id":6194,"href":"https:\/\/www.correiobraziliense.com.br\/cbradar\/wp-json\/wp\/v2\/posts\/6187\/revisions\/6194"}],"wp:featuredmedia":[{"embeddable":true,"href":"https:\/\/www.correiobraziliense.com.br\/cbradar\/wp-json\/wp\/v2\/media\/6189"}],"wp:attachment":[{"href":"https:\/\/www.correiobraziliense.com.br\/cbradar\/wp-json\/wp\/v2\/media?parent=6187"}],"wp:term":[{"taxonomy":"category","embeddable":true,"href":"https:\/\/www.correiobraziliense.com.br\/cbradar\/wp-json\/wp\/v2\/categories?post=6187"},{"taxonomy":"post_tag","embeddable":true,"href":"https:\/\/www.correiobraziliense.com.br\/cbradar\/wp-json\/wp\/v2\/post_tag?post=6187"}],"curies":[{"name":"wp","href":"https:\/\/api.w.org\/{rel}","templated":true}]}}