{"id":6195,"date":"2025-02-26T20:10:00","date_gmt":"2025-02-26T23:10:00","guid":{"rendered":"https:\/\/www.correiobraziliense.com.br\/cbradar\/?p=6195"},"modified":"2025-02-25T23:45:00","modified_gmt":"2025-02-26T02:45:00","slug":"conheca-a-cidade-que-aparece-e-desaparece-com-o-mar","status":"publish","type":"post","link":"https:\/\/www.correiobraziliense.com.br\/cbradar\/conheca-a-cidade-que-aparece-e-desaparece-com-o-mar\/","title":{"rendered":"Conhe\u00e7a a cidade que aparece e desaparece com o mar"},"content":{"rendered":"\n<p>Entre as cidades mais curiosas do mundo, poucas s\u00e3o t\u00e3o impressionantes quanto <strong>o Mont-Saint-Michel<\/strong>, na <strong>Fran\u00e7a<\/strong>. Esse pequeno vilarejo medieval, constru\u00eddo sobre uma ilha rochosa, tem uma caracter\u00edstica \u00fanica: ele <strong>desaparece e reaparece<\/strong> conforme a mar\u00e9 sobe e desce.<\/p>\n\n\n\n<p>Localizado na regi\u00e3o da <strong>Normandia<\/strong>, Mont-Saint-Michel foi originalmente constru\u00eddo no s\u00e9culo VIII e se tornou um importante centro religioso e de peregrina\u00e7\u00e3o. No entanto, a sua posi\u00e7\u00e3o geogr\u00e1fica fez com que a cidade fosse moldada pelas for\u00e7as da natureza. Durante a mar\u00e9 baixa, a ilha se conecta ao continente por uma faixa de terra, permitindo a passagem de visitantes e moradores. J\u00e1 na mar\u00e9 alta, a \u00e1gua sobe rapidamente e cobre o acesso, transformando Mont-Saint-Michel em uma ilha isolada no meio ao oceano.<\/p>\n\n\n\n<p>Isso ocorre devido \u00e0s grandes varia\u00e7\u00f5es de mar\u00e9 da regi\u00e3o, que podem subir at\u00e9 <strong>14 metros<\/strong> em poucas horas. Esse movimento impressionante j\u00e1 serviu como defesa natural ao longo da hist\u00f3ria, protegendo a cidade contra invasores e tornando Mont-Saint-Michel um dos locais mais bem fortificados da Idade M\u00e9dia.<\/p>\n\n\n\n<h2 class=\"wp-block-heading\"><strong>Um dos cen\u00e1rios medievais mais preservados da Europa<\/strong><\/h2>\n\n\n\n<p>Mont-Saint-Michel n\u00e3o impressiona apenas por sua localiza\u00e7\u00e3o inusitada, mas tamb\u00e9m por sua arquitetura imponente. No topo da ilha, fica a <strong>Abadia de Mont-Saint-Michel<\/strong>, um magn\u00edfico mosteiro constru\u00eddo entre os s\u00e9culos X e XV, que se destaca na paisagem e pode ser visto de longe. As ruas estreitas e sinuosas da cidade ainda preservam o charme medieval, com constru\u00e7\u00f5es de pedra, casas antigas e pequenas lojas que parecem congeladas no tempo.<\/p>\n\n\n\n<p>Al\u00e9m da abadia, a cidade abrigou fortalezas, muralhas e torres que foram fundamentais para resistir a diversas tentativas de invas\u00e3o, especialmente durante a <strong>Guerra dos Cem Anos<\/strong>, quando as for\u00e7as inglesas n\u00e3o conseguiram conquistar a ilha devido \u00e0 sua posi\u00e7\u00e3o estrat\u00e9gica e \u00e0s mar\u00e9s imprevis\u00edveis.<\/p>\n\n\n\n<p>Hoje, Mont-Saint-Michel \u00e9 um dos destinos mais visitados da Fran\u00e7a, atraindo milh\u00f5es de turistas que desejam vivenciar a experi\u00eancia de caminhar por suas ruas hist\u00f3ricas antes que a mar\u00e9 suba e cubra os caminhos.<\/p>\n\n\n\n<figure class=\"wp-block-image size-large\"><img decoding=\"async\" width=\"1024\" height=\"576\" src=\"https:\/\/www.correiobraziliense.com.br\/cbradar\/wp-content\/uploads\/2025\/02\/Mont-Saint-Michel_1740511722663-1024x576.jpg\" alt=\"Conhe\u00e7a o vilarejo que aparece e desaparece com o mar\" class=\"wp-image-6197\" srcset=\"https:\/\/www.correiobraziliense.com.br\/cbradar\/wp-content\/uploads\/2025\/02\/Mont-Saint-Michel_1740511722663-1024x576.jpg 1024w, https:\/\/www.correiobraziliense.com.br\/cbradar\/wp-content\/uploads\/2025\/02\/Mont-Saint-Michel_1740511722663-300x169.jpg 300w, https:\/\/www.correiobraziliense.com.br\/cbradar\/wp-content\/uploads\/2025\/02\/Mont-Saint-Michel_1740511722663-768x432.jpg 768w, https:\/\/www.correiobraziliense.com.br\/cbradar\/wp-content\/uploads\/2025\/02\/Mont-Saint-Michel_1740511722663-750x422.jpg 750w, https:\/\/www.correiobraziliense.com.br\/cbradar\/wp-content\/uploads\/2025\/02\/Mont-Saint-Michel_1740511722663-1140x641.jpg 1140w, https:\/\/www.correiobraziliense.com.br\/cbradar\/wp-content\/uploads\/2025\/02\/Mont-Saint-Michel_1740511722663.jpg 1280w\" sizes=\"(max-width: 1024px) 100vw, 1024px\" \/><figcaption class=\"wp-element-caption\">Mont-Saint-Michel. Cr\u00e9ditos: depositphotos.com \/ IraGirichBO<\/figcaption><\/figure>\n\n\n\n<h2 class=\"wp-block-heading\"><strong>O desafio de viver em uma cidade cercada pela \u00e1gua<\/strong><\/h2>\n\n\n\n<p>Embora seja um dos locais mais ic\u00f4nicos da Fran\u00e7a, Mont-Saint-Michel n\u00e3o \u00e9 um lugar f\u00e1cil de se viver. A popula\u00e7\u00e3o fixa da ilha \u00e9 pequena, composta principalmente por monges e alguns comerciantes que mant\u00eam as lojas e restaurantes da vila. O acesso \u00e0 cidade tamb\u00e9m exige planejamento, j\u00e1 que uma estrada que leva ao monte pode desaparecer sob as \u00e1guas em quest\u00e3o de horas.<\/p>\n\n\n\n<p>Nos \u00faltimos anos, para preservar esse patrim\u00f4nio hist\u00f3rico e facilitar o acesso dos visitantes, foi constru\u00edda uma ponte elevada que permite chegar \u00e0 ilha mesmo durante a mar\u00e9 alta. No entanto, a experi\u00eancia de ver Mont-Saint-Michel se tornar\u00e1 uma ilha isolada continua sendo um dos grandes atrativos do local.<\/p>\n\n\n\n<p>Com sua hist\u00f3ria fascinante, sua arquitetura medieval e o espet\u00e1culo natural das mar\u00e9s, Mont-Saint-Michel \u00e9 um dos lugares mais incr\u00edveis do mundo, onde a fronteira entre terra e mar muda constantemente, criando um cen\u00e1rio \u00fanico e m\u00e1gico.<\/p>\n","protected":false},"excerpt":{"rendered":"<p>Uma cidade medieval na Fran\u00e7a desaparece e reaparece com a mar\u00e9. Descubra os mist\u00e9rios de um dos destinos mais fascinantes do mundo.<\/p>\n","protected":false},"author":3,"featured_media":6196,"comment_status":"open","ping_status":"open","sticky":false,"template":"","format":"standard","meta":{"_yoast_wpseo_focuskw":"cidade","_yoast_wpseo_title":"%%title%%","_yoast_wpseo_metadesc":"Uma cidade medieval na Fran\u00e7a desaparece e reaparece com a mar\u00e9. Descubra os mist\u00e9rios de um dos destinos mais fascinantes do mundo.","jnews-multi-image_gallery":[],"jnews_single_post":{"format":"standard"},"jnews_primary_category":[],"jnews_social_meta":[],"jnews_override_counter":[],"footnotes":""},"categories":[108],"post_tag":[831,1128],"class_list":["post-6195","post","type-post","status-publish","format-standard","has-post-thumbnail","hentry","category-cidades","tag-franca","tag-vilarejo"],"yoast_head":"<!-- This site is optimized with the Yoast SEO plugin v24.6 - https:\/\/yoast.com\/wordpress\/plugins\/seo\/ -->\n<title>Conhe\u00e7a a cidade que aparece e desaparece com o mar<\/title>\n<meta name=\"description\" content=\"Uma cidade medieval na Fran\u00e7a desaparece e reaparece com a mar\u00e9. Descubra os mist\u00e9rios de um dos destinos mais fascinantes do mundo.\" \/>\n<meta name=\"robots\" content=\"index, follow, max-snippet:-1, max-image-preview:large, max-video-preview:-1\" \/>\n<link rel=\"canonical\" href=\"https:\/\/www.correiobraziliense.com.br\/cbradar\/conheca-a-cidade-que-aparece-e-desaparece-com-o-mar\/\" \/>\n<meta property=\"og:locale\" content=\"pt_BR\" \/>\n<meta property=\"og:type\" content=\"article\" \/>\n<meta property=\"og:title\" content=\"Conhe\u00e7a a cidade que aparece e desaparece com o mar\" \/>\n<meta property=\"og:description\" content=\"Uma cidade medieval na Fran\u00e7a desaparece e reaparece com a mar\u00e9. Descubra os mist\u00e9rios de um dos destinos mais fascinantes do mundo.\" \/>\n<meta property=\"og:url\" content=\"https:\/\/www.correiobraziliense.com.br\/cbradar\/conheca-a-cidade-que-aparece-e-desaparece-com-o-mar\/\" \/>\n<meta property=\"og:site_name\" content=\"Correio Braziliense - Radar\" \/>\n<meta property=\"article:published_time\" content=\"2025-02-26T23:10:00+00:00\" \/>\n<meta property=\"og:image\" content=\"https:\/\/www.correiobraziliense.com.br\/cbradar\/wp-content\/uploads\/2025\/02\/Mont-Saint-Michel_1740511672887.jpg\" \/>\n\t<meta property=\"og:image:width\" content=\"1280\" \/>\n\t<meta property=\"og:image:height\" content=\"720\" \/>\n\t<meta property=\"og:image:type\" content=\"image\/jpeg\" \/>\n<meta name=\"author\" content=\"Larissa Carvalho\" \/>\n<meta name=\"twitter:card\" content=\"summary_large_image\" \/>\n<meta name=\"twitter:label1\" content=\"Escrito por\" \/>\n\t<meta name=\"twitter:data1\" content=\"Larissa Carvalho\" \/>\n\t<meta name=\"twitter:label2\" content=\"Est. tempo de leitura\" \/>\n\t<meta name=\"twitter:data2\" content=\"4 minutos\" \/>\n<!-- \/ Yoast SEO plugin. -->","yoast_head_json":{"title":"Conhe\u00e7a a cidade que aparece e desaparece com o mar","description":"Uma cidade medieval na Fran\u00e7a desaparece e reaparece com a mar\u00e9. Descubra os mist\u00e9rios de um dos destinos mais fascinantes do mundo.","robots":{"index":"index","follow":"follow","max-snippet":"max-snippet:-1","max-image-preview":"max-image-preview:large","max-video-preview":"max-video-preview:-1"},"canonical":"https:\/\/www.correiobraziliense.com.br\/cbradar\/conheca-a-cidade-que-aparece-e-desaparece-com-o-mar\/","og_locale":"pt_BR","og_type":"article","og_title":"Conhe\u00e7a a cidade que aparece e desaparece com o mar","og_description":"Uma cidade medieval na Fran\u00e7a desaparece e reaparece com a mar\u00e9. Descubra os mist\u00e9rios de um dos destinos mais fascinantes do mundo.","og_url":"https:\/\/www.correiobraziliense.com.br\/cbradar\/conheca-a-cidade-que-aparece-e-desaparece-com-o-mar\/","og_site_name":"Correio Braziliense - Radar","article_published_time":"2025-02-26T23:10:00+00:00","og_image":[{"width":1280,"height":720,"url":"https:\/\/www.correiobraziliense.com.br\/cbradar\/wp-content\/uploads\/2025\/02\/Mont-Saint-Michel_1740511672887.jpg","type":"image\/jpeg"}],"author":"Larissa Carvalho","twitter_card":"summary_large_image","twitter_misc":{"Escrito por":"Larissa Carvalho","Est. tempo de leitura":"4 minutos"},"schema":{"@context":"https:\/\/schema.org","@graph":[{"@type":"WebPage","@id":"https:\/\/www.correiobraziliense.com.br\/cbradar\/conheca-a-cidade-que-aparece-e-desaparece-com-o-mar\/","url":"https:\/\/www.correiobraziliense.com.br\/cbradar\/conheca-a-cidade-que-aparece-e-desaparece-com-o-mar\/","name":"Conhe\u00e7a a cidade que aparece e desaparece com o mar","isPartOf":{"@id":"https:\/\/www.correiobraziliense.com.br\/cbradar\/#website"},"primaryImageOfPage":{"@id":"https:\/\/www.correiobraziliense.com.br\/cbradar\/conheca-a-cidade-que-aparece-e-desaparece-com-o-mar\/#primaryimage"},"image":{"@id":"https:\/\/www.correiobraziliense.com.br\/cbradar\/conheca-a-cidade-que-aparece-e-desaparece-com-o-mar\/#primaryimage"},"thumbnailUrl":"https:\/\/www.correiobraziliense.com.br\/cbradar\/wp-content\/uploads\/2025\/02\/Mont-Saint-Michel_1740511672887.jpg","datePublished":"2025-02-26T23:10:00+00:00","author":{"@id":"https:\/\/www.correiobraziliense.com.br\/cbradar\/#\/schema\/person\/58422787644df994b53a19d3e56c1513"},"description":"Uma cidade medieval na Fran\u00e7a desaparece e reaparece com a mar\u00e9. Descubra os mist\u00e9rios de um dos destinos mais fascinantes do mundo.","breadcrumb":{"@id":"https:\/\/www.correiobraziliense.com.br\/cbradar\/conheca-a-cidade-que-aparece-e-desaparece-com-o-mar\/#breadcrumb"},"inLanguage":"pt-BR","potentialAction":[{"@type":"ReadAction","target":["https:\/\/www.correiobraziliense.com.br\/cbradar\/conheca-a-cidade-que-aparece-e-desaparece-com-o-mar\/"]}]},{"@type":"ImageObject","inLanguage":"pt-BR","@id":"https:\/\/www.correiobraziliense.com.br\/cbradar\/conheca-a-cidade-que-aparece-e-desaparece-com-o-mar\/#primaryimage","url":"https:\/\/www.correiobraziliense.com.br\/cbradar\/wp-content\/uploads\/2025\/02\/Mont-Saint-Michel_1740511672887.jpg","contentUrl":"https:\/\/www.correiobraziliense.com.br\/cbradar\/wp-content\/uploads\/2025\/02\/Mont-Saint-Michel_1740511672887.jpg","width":1280,"height":720,"caption":"Mont-Saint-Michel. Cr\u00e9ditos: depositphotos.com \/ IraGirichBO"},{"@type":"BreadcrumbList","@id":"https:\/\/www.correiobraziliense.com.br\/cbradar\/conheca-a-cidade-que-aparece-e-desaparece-com-o-mar\/#breadcrumb","itemListElement":[{"@type":"ListItem","position":1,"name":"In\u00edcio","item":"https:\/\/www.correiobraziliense.com.br\/cbradar\/"},{"@type":"ListItem","position":2,"name":"Conhe\u00e7a a cidade que aparece e desaparece com o mar"}]},{"@type":"WebSite","@id":"https:\/\/www.correiobraziliense.com.br\/cbradar\/#website","url":"https:\/\/www.correiobraziliense.com.br\/cbradar\/","name":"Correio Braziliense - Radar","description":"Acompanhe as \u00faltimas not\u00edcias e fique bem informado sobre tudo o que acontece no Brasil e no mundo.","potentialAction":[{"@type":"SearchAction","target":{"@type":"EntryPoint","urlTemplate":"https:\/\/www.correiobraziliense.com.br\/cbradar\/?s={search_term_string}"},"query-input":{"@type":"PropertyValueSpecification","valueRequired":true,"valueName":"search_term_string"}}],"inLanguage":"pt-BR"},{"@type":"Person","@id":"https:\/\/www.correiobraziliense.com.br\/cbradar\/#\/schema\/person\/58422787644df994b53a19d3e56c1513","name":"Larissa Carvalho","image":{"@type":"ImageObject","inLanguage":"pt-BR","@id":"https:\/\/www.correiobraziliense.com.br\/cbradar\/#\/schema\/person\/image\/","url":"https:\/\/secure.gravatar.com\/avatar\/fe4f91a0de32b52a838d0d612abdc1aa?s=96&d=mm&r=g","contentUrl":"https:\/\/secure.gravatar.com\/avatar\/fe4f91a0de32b52a838d0d612abdc1aa?s=96&d=mm&r=g","caption":"Larissa Carvalho"},"url":"https:\/\/www.correiobraziliense.com.br\/cbradar\/author\/larissamyth\/"}]}},"_links":{"self":[{"href":"https:\/\/www.correiobraziliense.com.br\/cbradar\/wp-json\/wp\/v2\/posts\/6195","targetHints":{"allow":["GET"]}}],"collection":[{"href":"https:\/\/www.correiobraziliense.com.br\/cbradar\/wp-json\/wp\/v2\/posts"}],"about":[{"href":"https:\/\/www.correiobraziliense.com.br\/cbradar\/wp-json\/wp\/v2\/types\/post"}],"author":[{"embeddable":true,"href":"https:\/\/www.correiobraziliense.com.br\/cbradar\/wp-json\/wp\/v2\/users\/3"}],"replies":[{"embeddable":true,"href":"https:\/\/www.correiobraziliense.com.br\/cbradar\/wp-json\/wp\/v2\/comments?post=6195"}],"version-history":[{"count":2,"href":"https:\/\/www.correiobraziliense.com.br\/cbradar\/wp-json\/wp\/v2\/posts\/6195\/revisions"}],"predecessor-version":[{"id":6227,"href":"https:\/\/www.correiobraziliense.com.br\/cbradar\/wp-json\/wp\/v2\/posts\/6195\/revisions\/6227"}],"wp:featuredmedia":[{"embeddable":true,"href":"https:\/\/www.correiobraziliense.com.br\/cbradar\/wp-json\/wp\/v2\/media\/6196"}],"wp:attachment":[{"href":"https:\/\/www.correiobraziliense.com.br\/cbradar\/wp-json\/wp\/v2\/media?parent=6195"}],"wp:term":[{"taxonomy":"category","embeddable":true,"href":"https:\/\/www.correiobraziliense.com.br\/cbradar\/wp-json\/wp\/v2\/categories?post=6195"},{"taxonomy":"post_tag","embeddable":true,"href":"https:\/\/www.correiobraziliense.com.br\/cbradar\/wp-json\/wp\/v2\/post_tag?post=6195"}],"curies":[{"name":"wp","href":"https:\/\/api.w.org\/{rel}","templated":true}]}}