{"id":6205,"date":"2025-02-26T22:50:00","date_gmt":"2025-02-27T01:50:00","guid":{"rendered":"https:\/\/www.correiobraziliense.com.br\/cbradar\/?p=6205"},"modified":"2025-02-25T16:41:13","modified_gmt":"2025-02-25T19:41:13","slug":"esse-vilarejo-foi-construido-dentro-de-uma-cratera-de-vulcao","status":"publish","type":"post","link":"https:\/\/www.correiobraziliense.com.br\/cbradar\/esse-vilarejo-foi-construido-dentro-de-uma-cratera-de-vulcao\/","title":{"rendered":"Esse vilarejo foi constru\u00eddo dentro de uma cratera de vulc\u00e3o"},"content":{"rendered":"\n<p>Quando se pensa em vulc\u00f5es, a imagem que vem \u00e0 mente \u00e9 de um local in\u00f3spito, perigoso e inabit\u00e1vel. No entanto, nas <strong>Sete Cidades<\/strong>, nos <strong>A\u00e7ores<\/strong>, essa ideia \u00e9 completamente diferente. Esse pequeno vilarejo portugu\u00eas foi constru\u00eddo <strong>dentro da cratera de um vapor adornado<\/strong>, cercado por uma das paisagens mais impressionantes do mundo.<\/p>\n\n\n\n<p>Localizadas na ilha de <strong>S\u00e3o Miguel<\/strong>, no arquip\u00e9lago dos <strong>A\u00e7ores<\/strong>, Sete Cidades se formaram em uma gigantesca caldeira vulc\u00e2nica que entrou em colapso h\u00e1 milhares de anos. Com o tempo, a natureza transformou esse ambiente extremo em um para\u00edso verdejante, dando origem \u00e0s famosas <strong>Lagoa Azul e Lagoa Verde<\/strong>, que se espalham cart\u00f5es-postais da regi\u00e3o.<\/p>\n\n\n\n<p>O que torna esse lugar ainda mais fascinante \u00e9 que o vilarejo \u00e9 habitado h\u00e1 s\u00e9culos. Seus moradores vivem cercados por montanhas formadas por antigas erup\u00e7\u00f5es, em um cen\u00e1rio que mistura hist\u00f3ria geol\u00f3gica e beleza natural.<\/p>\n\n\n\n<h2 class=\"wp-block-heading\"><strong>Como \u00e9 viver em um calor?<\/strong><\/h2>\n\n\n\n<p>Embora pare\u00e7a arriscado viver dentro da cratera de um inc\u00eandio, Sete Cidades \u00e9 considerada uma \u00e1rea segura. O alerta est\u00e1 <strong>dormido h\u00e1 milhares de anos<\/strong>, sem registros de atividade recente. Isso permitiu que a regi\u00e3o se tornasse um local tranquilo, com pequenos campos de cultivo, casas pitorescas e um modo de vida pacato.<\/p>\n\n\n\n<p>O clima ameno dos A\u00e7ores e a fertilidade do solo vulc\u00e2nico fazem de Sete Cidades um \u00f3timo lugar para a agricultura. Os habitantes aproveitam a terra rica em minerais para o cultivo de produtos t\u00edpicos da regi\u00e3o, como hortali\u00e7as, frutas e at\u00e9 o famoso ch\u00e1 dos A\u00e7ores.<\/p>\n\n\n\n<p>Al\u00e9m disso, a regi\u00e3o atrai visitantes que desejam explorar suas trilhas, observar as lagoas de cores diferentes e conhecer a lenda local que diz que as duas lagoas foram formadas pelas l\u00e1grimas de um casal de amantes que n\u00e3o podiam ficar juntos.<\/p>\n\n\n\n<figure class=\"wp-block-image size-large\"><img decoding=\"async\" width=\"1024\" height=\"576\" src=\"https:\/\/www.correiobraziliense.com.br\/cbradar\/wp-content\/uploads\/2025\/02\/Sete-Cidades-portugal_1740512364346-1024x576.jpg\" alt=\"Esse vilarejo foi constru\u00eddo dentro de uma cratera de vulc\u00e3o\" class=\"wp-image-6209\" srcset=\"https:\/\/www.correiobraziliense.com.br\/cbradar\/wp-content\/uploads\/2025\/02\/Sete-Cidades-portugal_1740512364346-1024x576.jpg 1024w, https:\/\/www.correiobraziliense.com.br\/cbradar\/wp-content\/uploads\/2025\/02\/Sete-Cidades-portugal_1740512364346-300x169.jpg 300w, https:\/\/www.correiobraziliense.com.br\/cbradar\/wp-content\/uploads\/2025\/02\/Sete-Cidades-portugal_1740512364346-768x432.jpg 768w, https:\/\/www.correiobraziliense.com.br\/cbradar\/wp-content\/uploads\/2025\/02\/Sete-Cidades-portugal_1740512364346-750x422.jpg 750w, https:\/\/www.correiobraziliense.com.br\/cbradar\/wp-content\/uploads\/2025\/02\/Sete-Cidades-portugal_1740512364346-1140x641.jpg 1140w, https:\/\/www.correiobraziliense.com.br\/cbradar\/wp-content\/uploads\/2025\/02\/Sete-Cidades-portugal_1740512364346.jpg 1280w\" sizes=\"(max-width: 1024px) 100vw, 1024px\" \/><figcaption class=\"wp-element-caption\">Sete Cidades, Portugal. Cr\u00e9ditos: depositphotos.com \/ DaLiu<\/figcaption><\/figure>\n\n\n\n<h2 class=\"wp-block-heading\"><strong>Um dos destinos mais fascinantes de Portugal<\/strong><\/h2>\n\n\n\n<p>Sete Cidades \u00e9 hoje um dos destinos mais procurados dos A\u00e7ores. O contraste entre as \u00e1guas azuis e verdes das lagoas, as colinas cobertas de vegeta\u00e7\u00e3o e as casas brancas do vilarejo criam uma paisagem \u00fanica e inesquec\u00edvel.<\/p>\n\n\n\n<p>A melhor vista da regi\u00e3o pode ser apreciada a partir do <strong>Miradouro da Vista do Rei<\/strong>, que oferece uma panor\u00e2mica deslumbrante da caldeira vulc\u00e2nica. Outra atra\u00e7\u00e3o imperd\u00edvel \u00e9 a travessia de caiaque pelas lagoas, permitindo que os visitantes sintam de perto a magia desse local extraordin\u00e1rio.<\/p>\n\n\n\n<p>Sete Cidades provam que at\u00e9 mesmo os lugares mais inusitados podem se tornar lares acolhedores. O que um dia foi um caloroso em homenagem, hoje \u00e9 um dos lugares mais bonitos e tranquilos de Portugal, onde a natureza e a hist\u00f3ria geol\u00f3gica se encontram em perfeita harmonia.<\/p>\n","protected":false},"excerpt":{"rendered":"<p>Um vilarejo portugu\u00eas foi constru\u00eddo dentro da cratera de um inc\u00eandio adornado. Descubra como se tornou um dos destinos mais impressionantes!<\/p>\n","protected":false},"author":3,"featured_media":6208,"comment_status":"open","ping_status":"open","sticky":false,"template":"","format":"standard","meta":{"_yoast_wpseo_focuskw":"vilarejo cratera","_yoast_wpseo_title":"%%title%%","_yoast_wpseo_metadesc":"Um vilarejo portugu\u00eas foi constru\u00eddo dentro da cratera de um inc\u00eandio adornado. Descubra como se tornou um dos destinos mais impressionantes!","jnews-multi-image_gallery":[],"jnews_single_post":{"format":"standard"},"jnews_primary_category":[],"jnews_social_meta":[],"jnews_override_counter":[],"footnotes":""},"categories":[108],"post_tag":[1129,1128,1130],"class_list":["post-6205","post","type-post","status-publish","format-standard","has-post-thumbnail","hentry","category-cidades","tag-portugal","tag-vilarejo","tag-vulcao"],"yoast_head":"<!-- This site is optimized with the Yoast SEO plugin v24.6 - https:\/\/yoast.com\/wordpress\/plugins\/seo\/ -->\n<title>Esse vilarejo foi constru\u00eddo dentro de uma cratera de vulc\u00e3o<\/title>\n<meta name=\"description\" content=\"Um vilarejo portugu\u00eas foi constru\u00eddo dentro da cratera de um inc\u00eandio adornado. Descubra como se tornou um dos destinos mais impressionantes!\" \/>\n<meta name=\"robots\" content=\"index, follow, max-snippet:-1, max-image-preview:large, max-video-preview:-1\" \/>\n<link rel=\"canonical\" href=\"https:\/\/www.correiobraziliense.com.br\/cbradar\/esse-vilarejo-foi-construido-dentro-de-uma-cratera-de-vulcao\/\" \/>\n<meta property=\"og:locale\" content=\"pt_BR\" \/>\n<meta property=\"og:type\" content=\"article\" \/>\n<meta property=\"og:title\" content=\"Esse vilarejo foi constru\u00eddo dentro de uma cratera de vulc\u00e3o\" \/>\n<meta property=\"og:description\" content=\"Um vilarejo portugu\u00eas foi constru\u00eddo dentro da cratera de um inc\u00eandio adornado. Descubra como se tornou um dos destinos mais impressionantes!\" \/>\n<meta property=\"og:url\" content=\"https:\/\/www.correiobraziliense.com.br\/cbradar\/esse-vilarejo-foi-construido-dentro-de-uma-cratera-de-vulcao\/\" \/>\n<meta property=\"og:site_name\" content=\"Correio Braziliense - Radar\" \/>\n<meta property=\"article:published_time\" content=\"2025-02-27T01:50:00+00:00\" \/>\n<meta property=\"og:image\" content=\"https:\/\/www.correiobraziliense.com.br\/cbradar\/wp-content\/uploads\/2025\/02\/Sete-Cidades-portugal_1740512322392.jpg\" \/>\n\t<meta property=\"og:image:width\" content=\"1280\" \/>\n\t<meta property=\"og:image:height\" content=\"720\" \/>\n\t<meta property=\"og:image:type\" content=\"image\/jpeg\" \/>\n<meta name=\"author\" content=\"Larissa Carvalho\" \/>\n<meta name=\"twitter:card\" content=\"summary_large_image\" \/>\n<meta name=\"twitter:label1\" content=\"Escrito por\" \/>\n\t<meta name=\"twitter:data1\" content=\"Larissa Carvalho\" \/>\n\t<meta name=\"twitter:label2\" content=\"Est. tempo de leitura\" \/>\n\t<meta name=\"twitter:data2\" content=\"3 minutos\" \/>\n<!-- \/ Yoast SEO plugin. -->","yoast_head_json":{"title":"Esse vilarejo foi constru\u00eddo dentro de uma cratera de vulc\u00e3o","description":"Um vilarejo portugu\u00eas foi constru\u00eddo dentro da cratera de um inc\u00eandio adornado. Descubra como se tornou um dos destinos mais impressionantes!","robots":{"index":"index","follow":"follow","max-snippet":"max-snippet:-1","max-image-preview":"max-image-preview:large","max-video-preview":"max-video-preview:-1"},"canonical":"https:\/\/www.correiobraziliense.com.br\/cbradar\/esse-vilarejo-foi-construido-dentro-de-uma-cratera-de-vulcao\/","og_locale":"pt_BR","og_type":"article","og_title":"Esse vilarejo foi constru\u00eddo dentro de uma cratera de vulc\u00e3o","og_description":"Um vilarejo portugu\u00eas foi constru\u00eddo dentro da cratera de um inc\u00eandio adornado. Descubra como se tornou um dos destinos mais impressionantes!","og_url":"https:\/\/www.correiobraziliense.com.br\/cbradar\/esse-vilarejo-foi-construido-dentro-de-uma-cratera-de-vulcao\/","og_site_name":"Correio Braziliense - Radar","article_published_time":"2025-02-27T01:50:00+00:00","og_image":[{"width":1280,"height":720,"url":"https:\/\/www.correiobraziliense.com.br\/cbradar\/wp-content\/uploads\/2025\/02\/Sete-Cidades-portugal_1740512322392.jpg","type":"image\/jpeg"}],"author":"Larissa Carvalho","twitter_card":"summary_large_image","twitter_misc":{"Escrito por":"Larissa Carvalho","Est. tempo de leitura":"3 minutos"},"schema":{"@context":"https:\/\/schema.org","@graph":[{"@type":"WebPage","@id":"https:\/\/www.correiobraziliense.com.br\/cbradar\/esse-vilarejo-foi-construido-dentro-de-uma-cratera-de-vulcao\/","url":"https:\/\/www.correiobraziliense.com.br\/cbradar\/esse-vilarejo-foi-construido-dentro-de-uma-cratera-de-vulcao\/","name":"Esse vilarejo foi constru\u00eddo dentro de uma cratera de vulc\u00e3o","isPartOf":{"@id":"https:\/\/www.correiobraziliense.com.br\/cbradar\/#website"},"primaryImageOfPage":{"@id":"https:\/\/www.correiobraziliense.com.br\/cbradar\/esse-vilarejo-foi-construido-dentro-de-uma-cratera-de-vulcao\/#primaryimage"},"image":{"@id":"https:\/\/www.correiobraziliense.com.br\/cbradar\/esse-vilarejo-foi-construido-dentro-de-uma-cratera-de-vulcao\/#primaryimage"},"thumbnailUrl":"https:\/\/www.correiobraziliense.com.br\/cbradar\/wp-content\/uploads\/2025\/02\/Sete-Cidades-portugal_1740512322392.jpg","datePublished":"2025-02-27T01:50:00+00:00","author":{"@id":"https:\/\/www.correiobraziliense.com.br\/cbradar\/#\/schema\/person\/58422787644df994b53a19d3e56c1513"},"description":"Um vilarejo portugu\u00eas foi constru\u00eddo dentro da cratera de um inc\u00eandio adornado. Descubra como se tornou um dos destinos mais impressionantes!","breadcrumb":{"@id":"https:\/\/www.correiobraziliense.com.br\/cbradar\/esse-vilarejo-foi-construido-dentro-de-uma-cratera-de-vulcao\/#breadcrumb"},"inLanguage":"pt-BR","potentialAction":[{"@type":"ReadAction","target":["https:\/\/www.correiobraziliense.com.br\/cbradar\/esse-vilarejo-foi-construido-dentro-de-uma-cratera-de-vulcao\/"]}]},{"@type":"ImageObject","inLanguage":"pt-BR","@id":"https:\/\/www.correiobraziliense.com.br\/cbradar\/esse-vilarejo-foi-construido-dentro-de-uma-cratera-de-vulcao\/#primaryimage","url":"https:\/\/www.correiobraziliense.com.br\/cbradar\/wp-content\/uploads\/2025\/02\/Sete-Cidades-portugal_1740512322392.jpg","contentUrl":"https:\/\/www.correiobraziliense.com.br\/cbradar\/wp-content\/uploads\/2025\/02\/Sete-Cidades-portugal_1740512322392.jpg","width":1280,"height":720,"caption":"Sete Cidades, Portugal. Cr\u00e9ditos: depositphotos.com \/ DaLiu"},{"@type":"BreadcrumbList","@id":"https:\/\/www.correiobraziliense.com.br\/cbradar\/esse-vilarejo-foi-construido-dentro-de-uma-cratera-de-vulcao\/#breadcrumb","itemListElement":[{"@type":"ListItem","position":1,"name":"In\u00edcio","item":"https:\/\/www.correiobraziliense.com.br\/cbradar\/"},{"@type":"ListItem","position":2,"name":"Esse vilarejo foi constru\u00eddo dentro de uma cratera de vulc\u00e3o"}]},{"@type":"WebSite","@id":"https:\/\/www.correiobraziliense.com.br\/cbradar\/#website","url":"https:\/\/www.correiobraziliense.com.br\/cbradar\/","name":"Correio Braziliense - Radar","description":"Acompanhe as \u00faltimas not\u00edcias e fique bem informado sobre tudo o que acontece no Brasil e no mundo.","potentialAction":[{"@type":"SearchAction","target":{"@type":"EntryPoint","urlTemplate":"https:\/\/www.correiobraziliense.com.br\/cbradar\/?s={search_term_string}"},"query-input":{"@type":"PropertyValueSpecification","valueRequired":true,"valueName":"search_term_string"}}],"inLanguage":"pt-BR"},{"@type":"Person","@id":"https:\/\/www.correiobraziliense.com.br\/cbradar\/#\/schema\/person\/58422787644df994b53a19d3e56c1513","name":"Larissa Carvalho","image":{"@type":"ImageObject","inLanguage":"pt-BR","@id":"https:\/\/www.correiobraziliense.com.br\/cbradar\/#\/schema\/person\/image\/","url":"https:\/\/secure.gravatar.com\/avatar\/fe4f91a0de32b52a838d0d612abdc1aa?s=96&d=mm&r=g","contentUrl":"https:\/\/secure.gravatar.com\/avatar\/fe4f91a0de32b52a838d0d612abdc1aa?s=96&d=mm&r=g","caption":"Larissa Carvalho"},"url":"https:\/\/www.correiobraziliense.com.br\/cbradar\/author\/larissamyth\/"}]}},"_links":{"self":[{"href":"https:\/\/www.correiobraziliense.com.br\/cbradar\/wp-json\/wp\/v2\/posts\/6205","targetHints":{"allow":["GET"]}}],"collection":[{"href":"https:\/\/www.correiobraziliense.com.br\/cbradar\/wp-json\/wp\/v2\/posts"}],"about":[{"href":"https:\/\/www.correiobraziliense.com.br\/cbradar\/wp-json\/wp\/v2\/types\/post"}],"author":[{"embeddable":true,"href":"https:\/\/www.correiobraziliense.com.br\/cbradar\/wp-json\/wp\/v2\/users\/3"}],"replies":[{"embeddable":true,"href":"https:\/\/www.correiobraziliense.com.br\/cbradar\/wp-json\/wp\/v2\/comments?post=6205"}],"version-history":[{"count":1,"href":"https:\/\/www.correiobraziliense.com.br\/cbradar\/wp-json\/wp\/v2\/posts\/6205\/revisions"}],"predecessor-version":[{"id":6210,"href":"https:\/\/www.correiobraziliense.com.br\/cbradar\/wp-json\/wp\/v2\/posts\/6205\/revisions\/6210"}],"wp:featuredmedia":[{"embeddable":true,"href":"https:\/\/www.correiobraziliense.com.br\/cbradar\/wp-json\/wp\/v2\/media\/6208"}],"wp:attachment":[{"href":"https:\/\/www.correiobraziliense.com.br\/cbradar\/wp-json\/wp\/v2\/media?parent=6205"}],"wp:term":[{"taxonomy":"category","embeddable":true,"href":"https:\/\/www.correiobraziliense.com.br\/cbradar\/wp-json\/wp\/v2\/categories?post=6205"},{"taxonomy":"post_tag","embeddable":true,"href":"https:\/\/www.correiobraziliense.com.br\/cbradar\/wp-json\/wp\/v2\/post_tag?post=6205"}],"curies":[{"name":"wp","href":"https:\/\/api.w.org\/{rel}","templated":true}]}}