{"id":62068,"date":"2025-07-01T12:13:00","date_gmt":"2025-07-01T15:13:00","guid":{"rendered":"https:\/\/www.correiobraziliense.com.br\/cbradar\/?p=62068"},"modified":"2025-06-30T10:47:58","modified_gmt":"2025-06-30T13:47:58","slug":"essa-bebida-fermentada-esta-revolucionando-a-saude-intestinal-de-muita-gente","status":"publish","type":"post","link":"https:\/\/www.correiobraziliense.com.br\/cbradar\/essa-bebida-fermentada-esta-revolucionando-a-saude-intestinal-de-muita-gente\/","title":{"rendered":"Essa bebida fermentada est\u00e1 revolucionando a sa\u00fade intestinal de muita gente"},"content":{"rendered":"\n<p>A <a href=\"https:\/\/www.correiobraziliense.com.br\/cbradar\/o-segredo-mais-ignorado-que-te-blinda-de-dores-cronicas-e-te-da-qualidade-de-vida\/\" target=\"_blank\" rel=\"noreferrer noopener\">sa\u00fade <\/a>do nosso corpo \u00e9 um reflexo direto do que acontece em nosso intestino. Longe de ser apenas um \u00f3rg\u00e3o de digest\u00e3o, o intestino abriga cerca de 70% das c\u00e9lulas do nosso sistema imunol\u00f3gico e uma complexa comunidade de microrganismos, a <strong><a href=\"https:\/\/pt.wikipedia.org\/wiki\/Microbiota\" target=\"_blank\" rel=\"noreferrer noopener\">microbiota <\/a>intestinal<\/strong>. Manter esse ecossistema em equil\u00edbrio \u00e9 fundamental para uma imunidade forte e resiliente.<\/p>\n\n\n\n<p>A alimenta\u00e7\u00e3o desempenha o papel principal nesse processo, fornecendo os nutrientes que fortalecem a barreira intestinal e alimentam as bact\u00e9rias ben\u00e9ficas. Este guia educativo lista 5 grupos de alimentos que s\u00e3o verdadeiros aliados da sua imunidade intestinal. Contudo, \u00e9 vital ressaltar que nenhuma dieta substitui a orienta\u00e7\u00e3o de um m\u00e9dico ou nutricionista, especialmente em casos de doen\u00e7as autoimunes ou condi\u00e7\u00f5es gastrointestinais.<\/p>\n\n\n\n<h2 class=\"wp-block-heading\">Por que a sa\u00fade do intestino \u00e9 o pilar da imunidade?<\/h2>\n\n\n\n<p>O intestino possui um sistema de defesa pr\u00f3prio e altamente especializado, conhecido como <strong>GALT<\/strong> (tecido linfoide associado ao intestino). Esse sistema funciona como uma barreira inteligente, que deve ser capaz de tolerar as bact\u00e9rias ben\u00e9ficas e os nutrientes dos alimentos, ao mesmo tempo em que combate e neutraliza pat\u00f3genos como v\u00edrus e bact\u00e9rias nocivas.<\/p>\n\n\n\n<p>Quando a <strong>microbiota<\/strong> est\u00e1 desequilibrada ou a barreira intestinal est\u00e1 enfraquecida (condi\u00e7\u00e3o conhecida como &#8220;leaky gut&#8221; ou hiperpermeabilidade intestinal), a resposta imune pode se tornar desregulada. Isso pode levar n\u00e3o apenas a uma maior suscetibilidade a infec\u00e7\u00f5es, mas tamb\u00e9m a processos inflamat\u00f3rios cr\u00f4nicos. Portanto, cuidar do intestino \u00e9 cuidar da sua defesa em todo o corpo.<\/p>\n\n\n<div class=\"wp-block-image\">\n<figure class=\"aligncenter size-large\"><img decoding=\"async\" width=\"1024\" height=\"576\" src=\"https:\/\/www.correiobraziliense.com.br\/cbradar\/wp-content\/uploads\/2025\/03\/intestino_1741402805152-1024x576.jpg\" alt=\"Essa bebida fermentada est\u00e1 revolucionando a sa\u00fade intestinal de muita gente\" class=\"wp-image-10541\" srcset=\"https:\/\/www.correiobraziliense.com.br\/cbradar\/wp-content\/uploads\/2025\/03\/intestino_1741402805152-1024x576.jpg 1024w, https:\/\/www.correiobraziliense.com.br\/cbradar\/wp-content\/uploads\/2025\/03\/intestino_1741402805152-300x169.jpg 300w, https:\/\/www.correiobraziliense.com.br\/cbradar\/wp-content\/uploads\/2025\/03\/intestino_1741402805152-768x432.jpg 768w, https:\/\/www.correiobraziliense.com.br\/cbradar\/wp-content\/uploads\/2025\/03\/intestino_1741402805152-750x422.jpg 750w, https:\/\/www.correiobraziliense.com.br\/cbradar\/wp-content\/uploads\/2025\/03\/intestino_1741402805152-1140x641.jpg 1140w, https:\/\/www.correiobraziliense.com.br\/cbradar\/wp-content\/uploads\/2025\/03\/intestino_1741402805152.jpg 1280w\" sizes=\"(max-width: 1024px) 100vw, 1024px\" \/><figcaption class=\"wp-element-caption\">Intestino &#8211; Cr\u00e9ditos: depositphotos.com \/ CLIPAREA<\/figcaption><\/figure><\/div>\n\n\n<h2 class=\"wp-block-heading\">1. Alimentos fermentados (probi\u00f3ticos): por que s\u00e3o essenciais?<\/h2>\n\n\n\n<p>Os alimentos fermentados s\u00e3o a principal fonte de <strong>probi\u00f3ticos<\/strong>, as bact\u00e9rias &#8220;boas&#8221; que colonizam nosso intestino. Eles ajudam a diversificar a microbiota, a competir com microrganismos patog\u00eanicos por espa\u00e7o e a produzir subst\u00e2ncias ben\u00e9ficas que fortalecem a parede intestinal.<\/p>\n\n\n\n<p>Incluir pequenas doses di\u00e1rias de fermentados pode fazer uma grande diferen\u00e7a. As melhores op\u00e7\u00f5es incluem:<\/p>\n\n\n\n<ul class=\"wp-block-list\">\n<li><strong>Iogurte natural:<\/strong> Escolha as vers\u00f5es sem adi\u00e7\u00e3o de a\u00e7\u00facar e com &#8220;culturas vivas&#8221;.<\/li>\n\n\n\n<li><strong>Kefir:<\/strong> Um leite fermentado com uma variedade ainda maior de leveduras e bact\u00e9rias ben\u00e9ficas.<\/li>\n\n\n\n<li><strong>Kombucha:<\/strong> Uma bebida fermentada a partir do ch\u00e1, que deve ser consumida com modera\u00e7\u00e3o devido ao seu teor de a\u00e7\u00facar residual.<\/li>\n<\/ul>\n\n\n\n<h2 class=\"wp-block-heading\">2. Alho e cebola (prebi\u00f3ticos): como eles alimentam suas boas bact\u00e9rias?<\/h2>\n\n\n\n<p>Se os probi\u00f3ticos s\u00e3o as &#8220;sementes&#8221; do seu jardim intestinal, os <strong>prebi\u00f3ticos<\/strong> s\u00e3o o &#8220;adubo&#8221;. Trata-se de fibras n\u00e3o diger\u00edveis que servem de alimento exclusivo para as bact\u00e9rias ben\u00e9ficas, estimulando seu crescimento e atividade. O alho e a cebola s\u00e3o fontes poderosas de prebi\u00f3ticos como a inulina e os frutooligossacar\u00eddeos (FOS).<\/p>\n\n\n\n<p>Ao consumir esses alimentos, especialmente crus ou levemente cozidos, voc\u00ea est\u00e1 nutrindo diretamente as col\u00f4nias de bact\u00e9rias boas, que em troca produzir\u00e3o compostos anti-inflamat\u00f3rios como o butirato. Outras fontes excelentes de prebi\u00f3ticos incluem a banana verde, a chic\u00f3ria e o aspargo.<\/p>\n\n\n\n<h2 class=\"wp-block-heading\">3. Aveia (fibras sol\u00faveis): qual o seu papel na barreira intestinal?<\/h2>\n\n\n\n<p>A aveia \u00e9 rica em um tipo especial de fibra sol\u00favel chamada <strong>beta-glucana<\/strong>. Essa fibra tem um efeito prebi\u00f3tico not\u00e1vel e \u00e9 especialmente conhecida por sua capacidade de modular o sistema imunol\u00f3gico. As beta-glucanas ajudam a fortalecer as &#8220;tight junctions&#8221;, que s\u00e3o as jun\u00e7\u00f5es que mant\u00eam as c\u00e9lulas da parede intestinal unidas e \u00edntegras.<\/p>\n\n\n\n<p>Manter essa barreira &#8220;selada&#8221; \u00e9 crucial para impedir que toxinas e pat\u00f3genos passem para a corrente sangu\u00ednea, o que poderia desencadear uma resposta inflamat\u00f3ria. Incluir um mingau de aveia ou adicionar farelo de aveia a frutas e iogurtes \u00e9 uma forma simples e eficaz de consumir essas fibras.<\/p>\n\n\n\n<h2 class=\"wp-block-heading\">4. Frutas vermelhas (polifen\u00f3is): como combatem a inflama\u00e7\u00e3o?<\/h2>\n\n\n\n<p>Morangos, mirtilos, amoras e framboesas s\u00e3o carregados de <strong>polifen\u00f3is<\/strong>, compostos antioxidantes que d\u00e3o a eles suas cores vibrantes. No intestino, esses compostos t\u00eam uma dupla a\u00e7\u00e3o: eles ajudam a reduzir a inflama\u00e7\u00e3o local e tamb\u00e9m atuam como prebi\u00f3ticos, favorecendo o crescimento de bact\u00e9rias ben\u00e9ficas.<\/p>\n\n\n\n<p>Estudos mostram que os polifen\u00f3is podem ajudar a modular a composi\u00e7\u00e3o da microbiota e a fortalecer a resposta imune. Consumir uma por\u00e7\u00e3o di\u00e1ria de frutas vermelhas, seja in natura, em vitaminas ou com iogurte, \u00e9 uma forma deliciosa de cuidar da sua sa\u00fade intestinal.<\/p>\n\n\n\n<h2 class=\"wp-block-heading\">5. Caldo de ossos (amino\u00e1cidos): por que ajuda a &#8220;selar&#8221; o intestino?<\/h2>\n\n\n\n<p>O caldo de ossos, preparado atrav\u00e9s do cozimento lento de ossos e tecido conjuntivo, \u00e9 uma fonte rica em col\u00e1geno e amino\u00e1cidos essenciais para a sa\u00fade intestinal, como a <strong>glutamina<\/strong>, a glicina e a prolina. A glutamina, em particular, \u00e9 a principal fonte de energia para as c\u00e9lulas que revestem a parede do intestino.<\/p>\n\n\n\n<p>Consumir esses amino\u00e1cidos ajuda a nutrir e a reparar a barreira intestinal, sendo um excelente suporte para a manuten\u00e7\u00e3o de sua integridade. Um caldo de ossos caseiro e de boa proced\u00eancia pode ser consumido puro, como uma sopa, ou usado como base para outras prepara\u00e7\u00f5es culin\u00e1rias.<\/p>\n\n\n\n<h2 class=\"wp-block-heading\">A alimenta\u00e7\u00e3o pode substituir a orienta\u00e7\u00e3o de um profissional de sa\u00fade?<\/h2>\n\n\n\n<p>Definitivamente n\u00e3o. Embora uma dieta rica nesses alimentos seja uma estrat\u00e9gia poderosa para promover a sa\u00fade intestinal e fortalecer a imunidade, ela n\u00e3o cura doen\u00e7as. Condi\u00e7\u00f5es como Doen\u00e7a de Crohn, retocolite ulcerativa, s\u00edndrome do intestino irrit\u00e1vel ou doen\u00e7as autoimunes requerem um diagn\u00f3stico e tratamento m\u00e9dico especializado.<\/p>\n\n\n\n<p>Use este guia como uma inspira\u00e7\u00e3o para construir uma base nutricional s\u00f3lida para sua sa\u00fade. Para um plano alimentar personalizado e seguro, que atenda \u00e0s suas necessidades individuais, procure sempre a orienta\u00e7\u00e3o de um <strong>m\u00e9dico<\/strong> ou <strong>nutricionista<\/strong>.<\/p>\n","protected":false},"excerpt":{"rendered":"<p>A sa\u00fade do nosso corpo \u00e9 um reflexo direto do que acontece em nosso intestino. Longe de ser apenas um \u00f3rg\u00e3o de digest\u00e3o, o intestino abriga cerca de 70% das c\u00e9lulas do nosso sistema imunol\u00f3gico e uma complexa comunidade de microrganismos, a microbiota intestinal. Manter esse ecossistema em equil\u00edbrio \u00e9 fundamental para uma imunidade forte [&hellip;]<\/p>\n","protected":false},"author":11,"featured_media":13827,"comment_status":"open","ping_status":"open","sticky":false,"template":"","format":"standard","meta":{"_yoast_wpseo_focuskw":"imunidade","_yoast_wpseo_title":"","_yoast_wpseo_metadesc":"Probi\u00f3ticos, fibras e antioxidantes que fazem diferen\u00e7a real na sua defesa natural. Saiba como incluir esses alimentos na sua rotina com seguran\u00e7a.","jnews-multi-image_gallery":[],"jnews_single_post":{"format":"standard"},"jnews_primary_category":[],"jnews_social_meta":[],"jnews_override_counter":[],"footnotes":""},"categories":[119],"post_tag":[120,7405,1318],"class_list":["post-62068","post","type-post","status-publish","format-standard","has-post-thumbnail","hentry","category-bem-estar","tag-bem-estar","tag-microbiota","tag-saude-2"],"yoast_head":"<!-- This site is optimized with the Yoast SEO plugin v24.6 - https:\/\/yoast.com\/wordpress\/plugins\/seo\/ -->\n<title>Essa bebida fermentada est\u00e1 revolucionando a sa\u00fade intestinal de muita gente - Correio Braziliense - Radar<\/title>\n<meta name=\"description\" content=\"Probi\u00f3ticos, fibras e antioxidantes que fazem diferen\u00e7a real na sua defesa natural. Saiba como incluir esses alimentos na sua rotina com seguran\u00e7a.\" \/>\n<meta name=\"robots\" content=\"index, follow, max-snippet:-1, max-image-preview:large, max-video-preview:-1\" \/>\n<link rel=\"canonical\" href=\"https:\/\/www.correiobraziliense.com.br\/cbradar\/essa-bebida-fermentada-esta-revolucionando-a-saude-intestinal-de-muita-gente\/\" \/>\n<meta property=\"og:locale\" content=\"pt_BR\" \/>\n<meta property=\"og:type\" content=\"article\" \/>\n<meta property=\"og:title\" content=\"Essa bebida fermentada est\u00e1 revolucionando a sa\u00fade intestinal de muita gente - Correio Braziliense - Radar\" \/>\n<meta property=\"og:description\" content=\"Probi\u00f3ticos, fibras e antioxidantes que fazem diferen\u00e7a real na sua defesa natural. Saiba como incluir esses alimentos na sua rotina com seguran\u00e7a.\" \/>\n<meta property=\"og:url\" content=\"https:\/\/www.correiobraziliense.com.br\/cbradar\/essa-bebida-fermentada-esta-revolucionando-a-saude-intestinal-de-muita-gente\/\" \/>\n<meta property=\"og:site_name\" content=\"Correio Braziliense - Radar\" \/>\n<meta property=\"article:published_time\" content=\"2025-07-01T15:13:00+00:00\" \/>\n<meta property=\"og:image\" content=\"https:\/\/www.correiobraziliense.com.br\/cbradar\/wp-content\/uploads\/2025\/03\/intestino_1742389126454.jpg\" \/>\n\t<meta property=\"og:image:width\" content=\"1280\" \/>\n\t<meta property=\"og:image:height\" content=\"720\" \/>\n\t<meta property=\"og:image:type\" content=\"image\/jpeg\" \/>\n<meta name=\"author\" content=\"Paulo Custodio\" \/>\n<meta name=\"twitter:card\" content=\"summary_large_image\" \/>\n<meta name=\"twitter:label1\" content=\"Escrito por\" \/>\n\t<meta name=\"twitter:data1\" content=\"Paulo Custodio\" \/>\n\t<meta name=\"twitter:label2\" content=\"Est. tempo de leitura\" \/>\n\t<meta name=\"twitter:data2\" content=\"6 minutos\" \/>\n<!-- \/ Yoast SEO plugin. -->","yoast_head_json":{"title":"Essa bebida fermentada est\u00e1 revolucionando a sa\u00fade intestinal de muita gente - Correio Braziliense - Radar","description":"Probi\u00f3ticos, fibras e antioxidantes que fazem diferen\u00e7a real na sua defesa natural. Saiba como incluir esses alimentos na sua rotina com seguran\u00e7a.","robots":{"index":"index","follow":"follow","max-snippet":"max-snippet:-1","max-image-preview":"max-image-preview:large","max-video-preview":"max-video-preview:-1"},"canonical":"https:\/\/www.correiobraziliense.com.br\/cbradar\/essa-bebida-fermentada-esta-revolucionando-a-saude-intestinal-de-muita-gente\/","og_locale":"pt_BR","og_type":"article","og_title":"Essa bebida fermentada est\u00e1 revolucionando a sa\u00fade intestinal de muita gente - Correio Braziliense - Radar","og_description":"Probi\u00f3ticos, fibras e antioxidantes que fazem diferen\u00e7a real na sua defesa natural. Saiba como incluir esses alimentos na sua rotina com seguran\u00e7a.","og_url":"https:\/\/www.correiobraziliense.com.br\/cbradar\/essa-bebida-fermentada-esta-revolucionando-a-saude-intestinal-de-muita-gente\/","og_site_name":"Correio Braziliense - Radar","article_published_time":"2025-07-01T15:13:00+00:00","og_image":[{"width":1280,"height":720,"url":"https:\/\/www.correiobraziliense.com.br\/cbradar\/wp-content\/uploads\/2025\/03\/intestino_1742389126454.jpg","type":"image\/jpeg"}],"author":"Paulo Custodio","twitter_card":"summary_large_image","twitter_misc":{"Escrito por":"Paulo Custodio","Est. tempo de leitura":"6 minutos"},"schema":{"@context":"https:\/\/schema.org","@graph":[{"@type":"WebPage","@id":"https:\/\/www.correiobraziliense.com.br\/cbradar\/essa-bebida-fermentada-esta-revolucionando-a-saude-intestinal-de-muita-gente\/","url":"https:\/\/www.correiobraziliense.com.br\/cbradar\/essa-bebida-fermentada-esta-revolucionando-a-saude-intestinal-de-muita-gente\/","name":"Essa bebida fermentada est\u00e1 revolucionando a sa\u00fade intestinal de muita gente - Correio Braziliense - Radar","isPartOf":{"@id":"https:\/\/www.correiobraziliense.com.br\/cbradar\/#website"},"primaryImageOfPage":{"@id":"https:\/\/www.correiobraziliense.com.br\/cbradar\/essa-bebida-fermentada-esta-revolucionando-a-saude-intestinal-de-muita-gente\/#primaryimage"},"image":{"@id":"https:\/\/www.correiobraziliense.com.br\/cbradar\/essa-bebida-fermentada-esta-revolucionando-a-saude-intestinal-de-muita-gente\/#primaryimage"},"thumbnailUrl":"https:\/\/www.correiobraziliense.com.br\/cbradar\/wp-content\/uploads\/2025\/03\/intestino_1742389126454.jpg","datePublished":"2025-07-01T15:13:00+00:00","author":{"@id":"https:\/\/www.correiobraziliense.com.br\/cbradar\/#\/schema\/person\/4cec7857301a9a1a2ef249893cd908d3"},"description":"Probi\u00f3ticos, fibras e antioxidantes que fazem diferen\u00e7a real na sua defesa natural. Saiba como incluir esses alimentos na sua rotina com seguran\u00e7a.","breadcrumb":{"@id":"https:\/\/www.correiobraziliense.com.br\/cbradar\/essa-bebida-fermentada-esta-revolucionando-a-saude-intestinal-de-muita-gente\/#breadcrumb"},"inLanguage":"pt-BR","potentialAction":[{"@type":"ReadAction","target":["https:\/\/www.correiobraziliense.com.br\/cbradar\/essa-bebida-fermentada-esta-revolucionando-a-saude-intestinal-de-muita-gente\/"]}]},{"@type":"ImageObject","inLanguage":"pt-BR","@id":"https:\/\/www.correiobraziliense.com.br\/cbradar\/essa-bebida-fermentada-esta-revolucionando-a-saude-intestinal-de-muita-gente\/#primaryimage","url":"https:\/\/www.correiobraziliense.com.br\/cbradar\/wp-content\/uploads\/2025\/03\/intestino_1742389126454.jpg","contentUrl":"https:\/\/www.correiobraziliense.com.br\/cbradar\/wp-content\/uploads\/2025\/03\/intestino_1742389126454.jpg","width":1280,"height":720,"caption":"Intestino - Cr\u00e9ditos: depositphotos.com \/ Tharakorn"},{"@type":"BreadcrumbList","@id":"https:\/\/www.correiobraziliense.com.br\/cbradar\/essa-bebida-fermentada-esta-revolucionando-a-saude-intestinal-de-muita-gente\/#breadcrumb","itemListElement":[{"@type":"ListItem","position":1,"name":"In\u00edcio","item":"https:\/\/www.correiobraziliense.com.br\/cbradar\/"},{"@type":"ListItem","position":2,"name":"Essa bebida fermentada est\u00e1 revolucionando a sa\u00fade intestinal de muita gente"}]},{"@type":"WebSite","@id":"https:\/\/www.correiobraziliense.com.br\/cbradar\/#website","url":"https:\/\/www.correiobraziliense.com.br\/cbradar\/","name":"Correio Braziliense - Radar","description":"Acompanhe as \u00faltimas not\u00edcias e fique bem informado sobre tudo o que acontece no Brasil e no mundo.","potentialAction":[{"@type":"SearchAction","target":{"@type":"EntryPoint","urlTemplate":"https:\/\/www.correiobraziliense.com.br\/cbradar\/?s={search_term_string}"},"query-input":{"@type":"PropertyValueSpecification","valueRequired":true,"valueName":"search_term_string"}}],"inLanguage":"pt-BR"},{"@type":"Person","@id":"https:\/\/www.correiobraziliense.com.br\/cbradar\/#\/schema\/person\/4cec7857301a9a1a2ef249893cd908d3","name":"Paulo Custodio","image":{"@type":"ImageObject","inLanguage":"pt-BR","@id":"https:\/\/www.correiobraziliense.com.br\/cbradar\/#\/schema\/person\/image\/","url":"https:\/\/secure.gravatar.com\/avatar\/bcd67168d1534e8fcf4f45c726a87cea?s=96&d=mm&r=g","contentUrl":"https:\/\/secure.gravatar.com\/avatar\/bcd67168d1534e8fcf4f45c726a87cea?s=96&d=mm&r=g","caption":"Paulo Custodio"},"sameAs":["https:\/\/www.correiobraziliense.com.br\/cbradar"],"url":"https:\/\/www.correiobraziliense.com.br\/cbradar\/author\/paulomyth\/"}]}},"_links":{"self":[{"href":"https:\/\/www.correiobraziliense.com.br\/cbradar\/wp-json\/wp\/v2\/posts\/62068","targetHints":{"allow":["GET"]}}],"collection":[{"href":"https:\/\/www.correiobraziliense.com.br\/cbradar\/wp-json\/wp\/v2\/posts"}],"about":[{"href":"https:\/\/www.correiobraziliense.com.br\/cbradar\/wp-json\/wp\/v2\/types\/post"}],"author":[{"embeddable":true,"href":"https:\/\/www.correiobraziliense.com.br\/cbradar\/wp-json\/wp\/v2\/users\/11"}],"replies":[{"embeddable":true,"href":"https:\/\/www.correiobraziliense.com.br\/cbradar\/wp-json\/wp\/v2\/comments?post=62068"}],"version-history":[{"count":1,"href":"https:\/\/www.correiobraziliense.com.br\/cbradar\/wp-json\/wp\/v2\/posts\/62068\/revisions"}],"predecessor-version":[{"id":62120,"href":"https:\/\/www.correiobraziliense.com.br\/cbradar\/wp-json\/wp\/v2\/posts\/62068\/revisions\/62120"}],"wp:featuredmedia":[{"embeddable":true,"href":"https:\/\/www.correiobraziliense.com.br\/cbradar\/wp-json\/wp\/v2\/media\/13827"}],"wp:attachment":[{"href":"https:\/\/www.correiobraziliense.com.br\/cbradar\/wp-json\/wp\/v2\/media?parent=62068"}],"wp:term":[{"taxonomy":"category","embeddable":true,"href":"https:\/\/www.correiobraziliense.com.br\/cbradar\/wp-json\/wp\/v2\/categories?post=62068"},{"taxonomy":"post_tag","embeddable":true,"href":"https:\/\/www.correiobraziliense.com.br\/cbradar\/wp-json\/wp\/v2\/post_tag?post=62068"}],"curies":[{"name":"wp","href":"https:\/\/api.w.org\/{rel}","templated":true}]}}