{"id":62071,"date":"2025-07-01T18:23:00","date_gmt":"2025-07-01T21:23:00","guid":{"rendered":"https:\/\/www.correiobraziliense.com.br\/cbradar\/?p=62071"},"modified":"2025-06-30T10:53:57","modified_gmt":"2025-06-30T13:53:57","slug":"7-alimentos-que-ajudam-a-melhorar-a-aparencia-da-pele-naturalmente","status":"publish","type":"post","link":"https:\/\/www.correiobraziliense.com.br\/cbradar\/7-alimentos-que-ajudam-a-melhorar-a-aparencia-da-pele-naturalmente\/","title":{"rendered":"7 alimentos que ajudam a melhorar a apar\u00eancia da pele naturalmente"},"content":{"rendered":"\n<p>O desejo por uma pele radiante e <a href=\"https:\/\/www.correiobraziliense.com.br\/cbradar\/o-segredo-mais-ignorado-que-te-blinda-de-dores-cronicas-e-te-da-qualidade-de-vida\/\" target=\"_blank\" rel=\"noreferrer noopener\">saud\u00e1vel <\/a>muitas vezes nos leva a corredores repletos de cosm\u00e9ticos caros. Embora esses produtos tenham seu lugar, o verdadeiro segredo para um brilho duradouro come\u00e7a de dentro para fora. A sua alimenta\u00e7\u00e3o \u00e9 a base sobre a qual a sa\u00fade da sua pele \u00e9 constru\u00edda, fornecendo os nutrientes essenciais para repara\u00e7\u00e3o, prote\u00e7\u00e3o e hidrata\u00e7\u00e3o.<\/p>\n\n\n\n<p>Adotar uma dieta focada na sa\u00fade da pele \u00e9 investir na sua beleza a longo prazo, de uma forma natural e acess\u00edvel. Este guia educativo, que n\u00e3o substitui a orienta\u00e7\u00e3o profissional, explora os alimentos que podem ajudar voc\u00ea a conquistar uma pele luminosa. \u00c9 fundamental ressaltar que, para condi\u00e7\u00f5es de pele espec\u00edficas como <strong><a href=\"https:\/\/pt.wikipedia.org\/wiki\/Acne\" target=\"_blank\" rel=\"noreferrer noopener\">acne<\/a><\/strong>, ros\u00e1cea ou eczema, a consulta com um <strong>dermatologista<\/strong> \u00e9 indispens\u00e1vel.<\/p>\n\n\n\n<h2 class=\"wp-block-heading\">Qual o papel das frutas c\u00edtricas e das folhas verdes na prote\u00e7\u00e3o da pele?<\/h2>\n\n\n\n<p>A nossa pele est\u00e1 em uma batalha constante contra os radicais livres, mol\u00e9culas inst\u00e1veis geradas pela polui\u00e7\u00e3o e pela exposi\u00e7\u00e3o ao sol que aceleram o envelhecimento. A linha de frente de defesa contra esses danos s\u00e3o os <strong>antioxidantes<\/strong>, e as frutas e vegetais s\u00e3o as nossas maiores fontes.<\/p>\n\n\n\n<p>Alimentos como laranja, lim\u00e3o, morango e goiaba s\u00e3o ricos em <strong>vitamina C<\/strong>, um poderoso antioxidante. O tomate e a melancia, por sua vez, cont\u00eam <strong>licopeno<\/strong>, que ajuda a proteger a pele dos danos UV. As folhas verdes escuras, como couve e espinafre, completam esse ex\u00e9rcito protetor com uma variedade de vitaminas e fitoqu\u00edmicos.<\/p>\n\n\n<div class=\"wp-block-image\">\n<figure class=\"aligncenter size-large\"><img decoding=\"async\" width=\"1024\" height=\"576\" src=\"https:\/\/www.correiobraziliense.com.br\/cbradar\/wp-content\/uploads\/2025\/03\/alimentos_1741899994210-1024x576.jpg\" alt=\"7 alimentos que ajudam a melhorar a apar\u00eancia da pele naturalmente\" class=\"wp-image-12285\" srcset=\"https:\/\/www.correiobraziliense.com.br\/cbradar\/wp-content\/uploads\/2025\/03\/alimentos_1741899994210-1024x576.jpg 1024w, https:\/\/www.correiobraziliense.com.br\/cbradar\/wp-content\/uploads\/2025\/03\/alimentos_1741899994210-300x169.jpg 300w, https:\/\/www.correiobraziliense.com.br\/cbradar\/wp-content\/uploads\/2025\/03\/alimentos_1741899994210-768x432.jpg 768w, https:\/\/www.correiobraziliense.com.br\/cbradar\/wp-content\/uploads\/2025\/03\/alimentos_1741899994210-750x422.jpg 750w, https:\/\/www.correiobraziliense.com.br\/cbradar\/wp-content\/uploads\/2025\/03\/alimentos_1741899994210-1140x641.jpg 1140w, https:\/\/www.correiobraziliense.com.br\/cbradar\/wp-content\/uploads\/2025\/03\/alimentos_1741899994210.jpg 1280w\" sizes=\"(max-width: 1024px) 100vw, 1024px\" \/><figcaption class=\"wp-element-caption\">Alimentos &#8211; Cr\u00e9ditos: depositphotos.com \/ Baloncici<\/figcaption><\/figure><\/div>\n\n\n<h2 class=\"wp-block-heading\">Podemos &#8216;comer&#8217; col\u00e1geno ou \u00e9 melhor ajudar o corpo a produzi-lo?<\/h2>\n\n\n\n<p>O <strong>col\u00e1geno<\/strong> \u00e9 a prote\u00edna que d\u00e1 firmeza e elasticidade \u00e0 pele. Com o tempo, sua produ\u00e7\u00e3o natural diminui. Embora existam muitos suplementos no mercado, a estrat\u00e9gia mais eficaz e natural \u00e9 fornecer ao seu corpo os blocos de constru\u00e7\u00e3o de que ele precisa para fabricar o seu pr\u00f3prio col\u00e1geno de forma eficiente.<\/p>\n\n\n\n<p>A <strong>vitamina C<\/strong> \u00e9 a estrela principal nesse processo; sem ela, a s\u00edntese de col\u00e1geno fica prejudicada. Portanto, todos os alimentos ricos em vitamina C mencionados anteriormente s\u00e3o fundamentais. Al\u00e9m dela, o corpo precisa de amino\u00e1cidos, obtidos atrav\u00e9s do consumo de fontes de prote\u00edna de qualidade, como peixes, ovos, frango e leguminosas.<\/p>\n\n\n\n<h2 class=\"wp-block-heading\">Como gorduras boas podem deixar a pele mais hidratada e flex\u00edvel?<\/h2>\n\n\n\n<p>Uma pele ressecada e sem vida muitas vezes \u00e9 sinal de uma barreira lip\u00eddica comprometida. As gorduras saud\u00e1veis s\u00e3o essenciais para construir e manter essa barreira, que funciona como um &#8220;selo&#8221; para manter a hidrata\u00e7\u00e3o dentro das c\u00e9lulas e proteger a pele de agressores externos.<\/p>\n\n\n\n<p>O <strong>\u00f4mega-3<\/strong>, encontrado em peixes gordos como salm\u00e3o e sardinha, e em sementes de linha\u00e7a e chia, \u00e9 conhecido por suas propriedades anti-inflamat\u00f3rias que acalmam a pele. O abacate e as nozes tamb\u00e9m s\u00e3o excelentes fontes de gorduras monoinsaturadas e vitamina E, que ajudam a manter a pele macia e flex\u00edvel.<\/p>\n\n\n\n<h2 class=\"wp-block-heading\">Beber \u00e1gua \u00e9 realmente o segredo? E quais alimentos ajudam na hidrata\u00e7\u00e3o?<\/h2>\n\n\n\n<p>Sim, a hidrata\u00e7\u00e3o \u00e9 fundamental e inegoci\u00e1vel. A \u00e1gua \u00e9 essencial para manter a elasticidade da pele e para ajudar na elimina\u00e7\u00e3o de toxinas. No entanto, voc\u00ea n\u00e3o precisa depender apenas do copo d&#8217;\u00e1gua; voc\u00ea tamb\u00e9m pode &#8220;comer&#8221; a sua \u00e1gua.<\/p>\n\n\n\n<p>Muitas frutas e vegetais t\u00eam um alt\u00edssimo teor de \u00e1gua, o que contribui para a hidrata\u00e7\u00e3o geral do corpo e da pele. Inclua na sua dieta alimentos como:<\/p>\n\n\n\n<ul class=\"wp-block-list\">\n<li>Pepino (cerca de 96% de \u00e1gua)<\/li>\n\n\n\n<li>Melancia (cerca de 92% de \u00e1gua)<\/li>\n\n\n\n<li>Mel\u00e3o<\/li>\n\n\n\n<li>Tomate<\/li>\n\n\n\n<li>Abobrinha<\/li>\n<\/ul>\n\n\n\n<h2 class=\"wp-block-heading\">Que sementes e gr\u00e3os cont\u00eam os minerais &#8216;secretos&#8217; para a pele?<\/h2>\n\n\n\n<p>Alguns minerais desempenham um papel crucial, mas muitas vezes subestimado, na sa\u00fade da pele. O <strong>zinco<\/strong> \u00e9 vital para a renova\u00e7\u00e3o celular e o controle da inflama\u00e7\u00e3o, sendo um aliado importante para quem tem tend\u00eancia \u00e0 acne. Ele pode ser encontrado em abund\u00e2ncia nas sementes de ab\u00f3bora.<\/p>\n\n\n\n<p>O <strong>sel\u00eanio<\/strong> \u00e9 outro mineral com poderosa a\u00e7\u00e3o antioxidante, que trabalha em conjunto com a vitamina E para proteger a pele. A principal fonte alimentar de sel\u00eanio \u00e9 a <strong>castanha-do-par\u00e1<\/strong>. Apenas uma ou duas unidades por dia s\u00e3o suficientes para atingir a recomenda\u00e7\u00e3o di\u00e1ria.<\/p>\n\n\n\n<h2 class=\"wp-block-heading\">Uma boa dieta substitui a consulta com um dermatologista?<\/h2>\n\n\n\n<p>Definitivamente n\u00e3o. Uma alimenta\u00e7\u00e3o nutritiva \u00e9 a base para uma pele saud\u00e1vel e pode melhorar significativamente sua apar\u00eancia, brilho e resili\u00eancia. Ela atua como uma medida preventiva e de suporte, fortalecendo o corpo de dentro para fora.<\/p>\n\n\n\n<p>No entanto, para o diagn\u00f3stico e tratamento de condi\u00e7\u00f5es de pele espec\u00edficas, como <strong>acne<\/strong> c\u00edstica, <strong>ros\u00e1cea<\/strong>, dermatites, psor\u00edase ou manchas, a avalia\u00e7\u00e3o de um <strong>dermatologista<\/strong> \u00e9 insubstitu\u00edvel. O profissional poder\u00e1 indicar o tratamento correto, que pode incluir medicamentos, procedimentos e uma rotina de skincare adequada, que funcionar\u00e1 em sinergia com sua alimenta\u00e7\u00e3o saud\u00e1vel.<\/p>\n","protected":false},"excerpt":{"rendered":"<p>O desejo por uma pele radiante e saud\u00e1vel muitas vezes nos leva a corredores repletos de cosm\u00e9ticos caros. Embora esses produtos tenham seu lugar, o verdadeiro segredo para um brilho duradouro come\u00e7a de dentro para fora. A sua alimenta\u00e7\u00e3o \u00e9 a base sobre a qual a sa\u00fade da sua pele \u00e9 constru\u00edda, fornecendo os nutrientes [&hellip;]<\/p>\n","protected":false},"author":11,"featured_media":21785,"comment_status":"open","ping_status":"open","sticky":false,"template":"","format":"standard","meta":{"_yoast_wpseo_focuskw":"pele","_yoast_wpseo_title":"","_yoast_wpseo_metadesc":"Pele radiante e hidratada come\u00e7a na alimenta\u00e7\u00e3o. Veja os alimentos que nutrem por dentro e podem transformar sua apar\u00eancia de forma natural.","jnews-multi-image_gallery":[],"jnews_single_post":{"format":"standard"},"jnews_primary_category":[],"jnews_social_meta":[],"jnews_override_counter":[],"footnotes":""},"categories":[119],"post_tag":[2341,1318],"class_list":["post-62071","post","type-post","status-publish","format-standard","has-post-thumbnail","hentry","category-bem-estar","tag-acne","tag-saude-2"],"yoast_head":"<!-- This site is optimized with the Yoast SEO plugin v24.6 - https:\/\/yoast.com\/wordpress\/plugins\/seo\/ -->\n<title>7 alimentos que ajudam a melhorar a apar\u00eancia da pele naturalmente - Correio Braziliense - Radar<\/title>\n<meta name=\"description\" content=\"Pele radiante e hidratada come\u00e7a na alimenta\u00e7\u00e3o. Veja os alimentos que nutrem por dentro e podem transformar sua apar\u00eancia de forma natural.\" \/>\n<meta name=\"robots\" content=\"index, follow, max-snippet:-1, max-image-preview:large, max-video-preview:-1\" \/>\n<link rel=\"canonical\" href=\"https:\/\/www.correiobraziliense.com.br\/cbradar\/7-alimentos-que-ajudam-a-melhorar-a-aparencia-da-pele-naturalmente\/\" \/>\n<meta property=\"og:locale\" content=\"pt_BR\" \/>\n<meta property=\"og:type\" content=\"article\" \/>\n<meta property=\"og:title\" content=\"7 alimentos que ajudam a melhorar a apar\u00eancia da pele naturalmente - Correio Braziliense - Radar\" \/>\n<meta property=\"og:description\" content=\"Pele radiante e hidratada come\u00e7a na alimenta\u00e7\u00e3o. Veja os alimentos que nutrem por dentro e podem transformar sua apar\u00eancia de forma natural.\" \/>\n<meta property=\"og:url\" content=\"https:\/\/www.correiobraziliense.com.br\/cbradar\/7-alimentos-que-ajudam-a-melhorar-a-aparencia-da-pele-naturalmente\/\" \/>\n<meta property=\"og:site_name\" content=\"Correio Braziliense - Radar\" \/>\n<meta property=\"article:published_time\" content=\"2025-07-01T21:23:00+00:00\" \/>\n<meta property=\"og:image\" content=\"https:\/\/www.correiobraziliense.com.br\/cbradar\/wp-content\/uploads\/2025\/04\/colageno-alimento_1744292604556.jpg\" \/>\n\t<meta property=\"og:image:width\" content=\"1280\" \/>\n\t<meta property=\"og:image:height\" content=\"720\" \/>\n\t<meta property=\"og:image:type\" content=\"image\/jpeg\" \/>\n<meta name=\"author\" content=\"Paulo Custodio\" \/>\n<meta name=\"twitter:card\" content=\"summary_large_image\" \/>\n<meta name=\"twitter:label1\" content=\"Escrito por\" \/>\n\t<meta name=\"twitter:data1\" content=\"Paulo Custodio\" \/>\n\t<meta name=\"twitter:label2\" content=\"Est. tempo de leitura\" \/>\n\t<meta name=\"twitter:data2\" content=\"5 minutos\" \/>\n<!-- \/ Yoast SEO plugin. -->","yoast_head_json":{"title":"7 alimentos que ajudam a melhorar a apar\u00eancia da pele naturalmente - Correio Braziliense - Radar","description":"Pele radiante e hidratada come\u00e7a na alimenta\u00e7\u00e3o. Veja os alimentos que nutrem por dentro e podem transformar sua apar\u00eancia de forma natural.","robots":{"index":"index","follow":"follow","max-snippet":"max-snippet:-1","max-image-preview":"max-image-preview:large","max-video-preview":"max-video-preview:-1"},"canonical":"https:\/\/www.correiobraziliense.com.br\/cbradar\/7-alimentos-que-ajudam-a-melhorar-a-aparencia-da-pele-naturalmente\/","og_locale":"pt_BR","og_type":"article","og_title":"7 alimentos que ajudam a melhorar a apar\u00eancia da pele naturalmente - Correio Braziliense - Radar","og_description":"Pele radiante e hidratada come\u00e7a na alimenta\u00e7\u00e3o. Veja os alimentos que nutrem por dentro e podem transformar sua apar\u00eancia de forma natural.","og_url":"https:\/\/www.correiobraziliense.com.br\/cbradar\/7-alimentos-que-ajudam-a-melhorar-a-aparencia-da-pele-naturalmente\/","og_site_name":"Correio Braziliense - Radar","article_published_time":"2025-07-01T21:23:00+00:00","og_image":[{"width":1280,"height":720,"url":"https:\/\/www.correiobraziliense.com.br\/cbradar\/wp-content\/uploads\/2025\/04\/colageno-alimento_1744292604556.jpg","type":"image\/jpeg"}],"author":"Paulo Custodio","twitter_card":"summary_large_image","twitter_misc":{"Escrito por":"Paulo Custodio","Est. tempo de leitura":"5 minutos"},"schema":{"@context":"https:\/\/schema.org","@graph":[{"@type":"WebPage","@id":"https:\/\/www.correiobraziliense.com.br\/cbradar\/7-alimentos-que-ajudam-a-melhorar-a-aparencia-da-pele-naturalmente\/","url":"https:\/\/www.correiobraziliense.com.br\/cbradar\/7-alimentos-que-ajudam-a-melhorar-a-aparencia-da-pele-naturalmente\/","name":"7 alimentos que ajudam a melhorar a apar\u00eancia da pele naturalmente - Correio Braziliense - Radar","isPartOf":{"@id":"https:\/\/www.correiobraziliense.com.br\/cbradar\/#website"},"primaryImageOfPage":{"@id":"https:\/\/www.correiobraziliense.com.br\/cbradar\/7-alimentos-que-ajudam-a-melhorar-a-aparencia-da-pele-naturalmente\/#primaryimage"},"image":{"@id":"https:\/\/www.correiobraziliense.com.br\/cbradar\/7-alimentos-que-ajudam-a-melhorar-a-aparencia-da-pele-naturalmente\/#primaryimage"},"thumbnailUrl":"https:\/\/www.correiobraziliense.com.br\/cbradar\/wp-content\/uploads\/2025\/04\/colageno-alimento_1744292604556.jpg","datePublished":"2025-07-01T21:23:00+00:00","author":{"@id":"https:\/\/www.correiobraziliense.com.br\/cbradar\/#\/schema\/person\/4cec7857301a9a1a2ef249893cd908d3"},"description":"Pele radiante e hidratada come\u00e7a na alimenta\u00e7\u00e3o. Veja os alimentos que nutrem por dentro e podem transformar sua apar\u00eancia de forma natural.","breadcrumb":{"@id":"https:\/\/www.correiobraziliense.com.br\/cbradar\/7-alimentos-que-ajudam-a-melhorar-a-aparencia-da-pele-naturalmente\/#breadcrumb"},"inLanguage":"pt-BR","potentialAction":[{"@type":"ReadAction","target":["https:\/\/www.correiobraziliense.com.br\/cbradar\/7-alimentos-que-ajudam-a-melhorar-a-aparencia-da-pele-naturalmente\/"]}]},{"@type":"ImageObject","inLanguage":"pt-BR","@id":"https:\/\/www.correiobraziliense.com.br\/cbradar\/7-alimentos-que-ajudam-a-melhorar-a-aparencia-da-pele-naturalmente\/#primaryimage","url":"https:\/\/www.correiobraziliense.com.br\/cbradar\/wp-content\/uploads\/2025\/04\/colageno-alimento_1744292604556.jpg","contentUrl":"https:\/\/www.correiobraziliense.com.br\/cbradar\/wp-content\/uploads\/2025\/04\/colageno-alimento_1744292604556.jpg","width":1280,"height":720,"caption":"Alimentos - Cr\u00e9ditos: depositphotos.com \/ manya_peace_45@ex.ua"},{"@type":"BreadcrumbList","@id":"https:\/\/www.correiobraziliense.com.br\/cbradar\/7-alimentos-que-ajudam-a-melhorar-a-aparencia-da-pele-naturalmente\/#breadcrumb","itemListElement":[{"@type":"ListItem","position":1,"name":"In\u00edcio","item":"https:\/\/www.correiobraziliense.com.br\/cbradar\/"},{"@type":"ListItem","position":2,"name":"7 alimentos que ajudam a melhorar a apar\u00eancia da pele naturalmente"}]},{"@type":"WebSite","@id":"https:\/\/www.correiobraziliense.com.br\/cbradar\/#website","url":"https:\/\/www.correiobraziliense.com.br\/cbradar\/","name":"Correio Braziliense - Radar","description":"Acompanhe as \u00faltimas not\u00edcias e fique bem informado sobre tudo o que acontece no Brasil e no mundo.","potentialAction":[{"@type":"SearchAction","target":{"@type":"EntryPoint","urlTemplate":"https:\/\/www.correiobraziliense.com.br\/cbradar\/?s={search_term_string}"},"query-input":{"@type":"PropertyValueSpecification","valueRequired":true,"valueName":"search_term_string"}}],"inLanguage":"pt-BR"},{"@type":"Person","@id":"https:\/\/www.correiobraziliense.com.br\/cbradar\/#\/schema\/person\/4cec7857301a9a1a2ef249893cd908d3","name":"Paulo Custodio","image":{"@type":"ImageObject","inLanguage":"pt-BR","@id":"https:\/\/www.correiobraziliense.com.br\/cbradar\/#\/schema\/person\/image\/","url":"https:\/\/secure.gravatar.com\/avatar\/bcd67168d1534e8fcf4f45c726a87cea?s=96&d=mm&r=g","contentUrl":"https:\/\/secure.gravatar.com\/avatar\/bcd67168d1534e8fcf4f45c726a87cea?s=96&d=mm&r=g","caption":"Paulo Custodio"},"sameAs":["https:\/\/www.correiobraziliense.com.br\/cbradar"],"url":"https:\/\/www.correiobraziliense.com.br\/cbradar\/author\/paulomyth\/"}]}},"_links":{"self":[{"href":"https:\/\/www.correiobraziliense.com.br\/cbradar\/wp-json\/wp\/v2\/posts\/62071","targetHints":{"allow":["GET"]}}],"collection":[{"href":"https:\/\/www.correiobraziliense.com.br\/cbradar\/wp-json\/wp\/v2\/posts"}],"about":[{"href":"https:\/\/www.correiobraziliense.com.br\/cbradar\/wp-json\/wp\/v2\/types\/post"}],"author":[{"embeddable":true,"href":"https:\/\/www.correiobraziliense.com.br\/cbradar\/wp-json\/wp\/v2\/users\/11"}],"replies":[{"embeddable":true,"href":"https:\/\/www.correiobraziliense.com.br\/cbradar\/wp-json\/wp\/v2\/comments?post=62071"}],"version-history":[{"count":1,"href":"https:\/\/www.correiobraziliense.com.br\/cbradar\/wp-json\/wp\/v2\/posts\/62071\/revisions"}],"predecessor-version":[{"id":62133,"href":"https:\/\/www.correiobraziliense.com.br\/cbradar\/wp-json\/wp\/v2\/posts\/62071\/revisions\/62133"}],"wp:featuredmedia":[{"embeddable":true,"href":"https:\/\/www.correiobraziliense.com.br\/cbradar\/wp-json\/wp\/v2\/media\/21785"}],"wp:attachment":[{"href":"https:\/\/www.correiobraziliense.com.br\/cbradar\/wp-json\/wp\/v2\/media?parent=62071"}],"wp:term":[{"taxonomy":"category","embeddable":true,"href":"https:\/\/www.correiobraziliense.com.br\/cbradar\/wp-json\/wp\/v2\/categories?post=62071"},{"taxonomy":"post_tag","embeddable":true,"href":"https:\/\/www.correiobraziliense.com.br\/cbradar\/wp-json\/wp\/v2\/post_tag?post=62071"}],"curies":[{"name":"wp","href":"https:\/\/api.w.org\/{rel}","templated":true}]}}