{"id":62152,"date":"2025-07-01T06:13:00","date_gmt":"2025-07-01T09:13:00","guid":{"rendered":"https:\/\/www.correiobraziliense.com.br\/cbradar\/?p=62152"},"modified":"2025-06-30T11:38:07","modified_gmt":"2025-06-30T14:38:07","slug":"5-habitos-da-cozinha-consciente-que-fazem-diferenca-no-seu-dia","status":"publish","type":"post","link":"https:\/\/www.correiobraziliense.com.br\/cbradar\/5-habitos-da-cozinha-consciente-que-fazem-diferenca-no-seu-dia\/","title":{"rendered":"5 h\u00e1bitos da cozinha consciente que fazem diferen\u00e7a no seu dia"},"content":{"rendered":"\n<p>Ao longo dos \u00faltimos anos, o conceito de <strong>cozinha consciente<\/strong> ganhou espa\u00e7o entre pessoas que buscam uma rela\u00e7\u00e3o mais equilibrada com a alimenta\u00e7\u00e3o. Essa abordagem prop\u00f5e transformar o ato de cozinhar e comer em um momento de aten\u00e7\u00e3o plena, valorizando tanto os ingredientes quanto o pr\u00f3prio processo. Inspirada em pr\u00e1ticas milenares, como o <strong>Ayurveda<\/strong>, a cozinha consciente tem sido apontada como uma forma de promover bem-estar f\u00edsico e emocional no dia a dia.<\/p>\n\n\n\n<p>O interesse crescente por h\u00e1bitos alimentares mais saud\u00e1veis levou especialistas em nutri\u00e7\u00e3o e sa\u00fade integrativa a explorar como pequenas mudan\u00e7as na rotina podem impactar positivamente o organismo. Entre as recomenda\u00e7\u00f5es mais citadas est\u00e3o a ingest\u00e3o de \u00e1gua morna ao acordar, o consumo de refei\u00e7\u00f5es quentes e o cuidado com o armazenamento de alimentos. Tais pr\u00e1ticas, embora simples, t\u00eam respaldo em estudos cient\u00edficos recentes e em tradi\u00e7\u00f5es culturais de diferentes partes do mundo.<\/p>\n\n\n\n<h2 class=\"wp-block-heading\">O que \u00e9 cozinha consciente e por que ela importa?<\/h2>\n\n\n\n<p><strong>A cozinha consciente vai al\u00e9m da escolha de alimentos naturais ou da prepara\u00e7\u00e3o de receitas caseiras.<\/strong> Trata-se de um conjunto de atitudes que envolvem aten\u00e7\u00e3o ao momento presente, respeito aos sinais do corpo e conex\u00e3o com o alimento. Esse conceito se baseia na ideia de que o modo como se cozinha e se come pode influenciar n\u00e3o apenas a digest\u00e3o, mas tamb\u00e9m o estado emocional e mental.<\/p>\n\n\n\n<p><strong>Segundo especialistas, a pr\u00e1tica da cozinha consciente pode ajudar a reduzir epis\u00f3dios de compuls\u00e3o alimentar, melhorar a digest\u00e3o e promover maior satisfa\u00e7\u00e3o nas refei\u00e7\u00f5es.<\/strong> Isso ocorre porque o foco na experi\u00eancia sensorial \u2014 como o aroma, a textura e o sabor dos alimentos \u2014 estimula uma rela\u00e7\u00e3o mais harmoniosa com a comida. Al\u00e9m disso, o ato de cozinhar com aten\u00e7\u00e3o pode ser uma forma de autocuidado, contribuindo para o equil\u00edbrio di\u00e1rio.<\/p>\n\n\n\n<h2 class=\"wp-block-heading\">Quais s\u00e3o os principais h\u00e1bitos da cozinha consciente?<\/h2>\n\n\n\n<p><strong>Alguns h\u00e1bitos simples podem ser incorporados \u00e0 rotina para tornar a alimenta\u00e7\u00e3o mais consciente.<\/strong> Entre eles, destacam-se:<\/p>\n\n\n\n<ul class=\"wp-block-list\">\n<li><strong>Come\u00e7ar o dia com \u00e1gua morna:<\/strong> Beber \u00e1gua morna ao acordar auxilia na hidrata\u00e7\u00e3o e pode estimular o funcionamento do sistema digestivo. Acrescentar lim\u00e3o ou gengibre \u00e9 opcional, mas o principal benef\u00edcio est\u00e1 na temperatura da \u00e1gua.<\/li>\n\n\n\n<li><strong>Consumir refei\u00e7\u00f5es quentes e cozidas:<\/strong> Pratos quentes tendem a ser mais f\u00e1ceis de digerir, pois o cozimento amolece fibras e facilita a absor\u00e7\u00e3o de nutrientes. Al\u00e9m disso, alimentos aquecidos ativam melhor os aromas e sabores, tornando a refei\u00e7\u00e3o mais prazerosa.<\/li>\n\n\n\n<li><strong>Comer com as m\u00e3os quando apropriado:<\/strong> Em muitas culturas, utilizar as m\u00e3os para comer \u00e9 uma tradi\u00e7\u00e3o que estimula a aten\u00e7\u00e3o plena e o contato direto com o alimento. Esse h\u00e1bito pode ajudar a desacelerar o ritmo da refei\u00e7\u00e3o e aumentar a saciedade.<\/li>\n\n\n\n<li><strong>Cuidar do armazenamento e do reaquecimento:<\/strong> Guardar alimentos de forma adequada e evitar reaquecer v\u00e1rias vezes reduz o risco de contamina\u00e7\u00e3o e mant\u00e9m a qualidade nutricional das refei\u00e7\u00f5es.<\/li>\n<\/ul>\n\n\n\n<figure class=\"wp-block-image size-large\"><img decoding=\"async\" width=\"1024\" height=\"576\" src=\"https:\/\/www.correiobraziliense.com.br\/cbradar\/wp-content\/uploads\/2025\/06\/alimentos_1751294275151-1024x576.jpg\" alt=\"5 h\u00e1bitos da cozinha consciente que fazem diferen\u00e7a no seu dia\" class=\"wp-image-62156\" srcset=\"https:\/\/www.correiobraziliense.com.br\/cbradar\/wp-content\/uploads\/2025\/06\/alimentos_1751294275151-1024x576.jpg 1024w, https:\/\/www.correiobraziliense.com.br\/cbradar\/wp-content\/uploads\/2025\/06\/alimentos_1751294275151-300x169.jpg 300w, https:\/\/www.correiobraziliense.com.br\/cbradar\/wp-content\/uploads\/2025\/06\/alimentos_1751294275151-768x432.jpg 768w, https:\/\/www.correiobraziliense.com.br\/cbradar\/wp-content\/uploads\/2025\/06\/alimentos_1751294275151-750x422.jpg 750w, https:\/\/www.correiobraziliense.com.br\/cbradar\/wp-content\/uploads\/2025\/06\/alimentos_1751294275151-1140x641.jpg 1140w, https:\/\/www.correiobraziliense.com.br\/cbradar\/wp-content\/uploads\/2025\/06\/alimentos_1751294275151.jpg 1280w\" sizes=\"(max-width: 1024px) 100vw, 1024px\" \/><figcaption class=\"wp-element-caption\">alimentos. Cr\u00e9ditos: depositphotos.com \/ VadimVasenin<\/figcaption><\/figure>\n\n\n\n<h2 class=\"wp-block-heading\">Como adotar a cozinha consciente no dia a dia?<\/h2>\n\n\n\n<p><strong>Para incorporar a cozinha consciente \u00e0 rotina, n\u00e3o \u00e9 necess\u00e1rio seguir regras r\u00edgidas ou buscar perfei\u00e7\u00e3o.<\/strong> O mais importante \u00e9 cultivar pequenas mudan\u00e7as consistentes, que possam ser mantidas ao longo do tempo. Veja algumas sugest\u00f5es pr\u00e1ticas:<\/p>\n\n\n\n<ol class=\"wp-block-list\">\n<li>Reserve alguns minutos para preparar as refei\u00e7\u00f5es sem distra\u00e7\u00f5es, prestando aten\u00e7\u00e3o aos ingredientes e ao modo de preparo.<\/li>\n\n\n\n<li>Procure saborear cada garfada, observando o aroma, a textura e o sabor dos alimentos.<\/li>\n\n\n\n<li>Evite comer apressadamente ou diante de telas, como televis\u00e3o ou celular.<\/li>\n\n\n\n<li>Priorize alimentos frescos e, sempre que poss\u00edvel, opte por pratos quentes e rec\u00e9m-preparados.<\/li>\n\n\n\n<li>Armazene sobras de forma segura e consuma-as em at\u00e9 24 horas, evitando m\u00faltiplos reaquecimentos.<\/li>\n<\/ol>\n\n\n\n<h2 class=\"wp-block-heading\">A cozinha consciente \u00e9 baseada em evid\u00eancias cient\u00edficas?<\/h2>\n\n\n\n<p><strong>Embora muitos dos princ\u00edpios da cozinha consciente tenham origem em tradi\u00e7\u00f5es antigas, como o Ayurveda, pesquisas recentes t\u00eam demonstrado benef\u00edcios dessas pr\u00e1ticas para a sa\u00fade digestiva e o bem-estar geral.<\/strong> Estudos apontam que a ingest\u00e3o de \u00e1gua morna pode favorecer o tr\u00e2nsito intestinal, enquanto refei\u00e7\u00f5es quentes tendem a ser melhor toleradas por pessoas com sensibilidade digestiva.<\/p>\n\n\n\n<p><strong>Al\u00e9m disso, o ato de comer com aten\u00e7\u00e3o plena est\u00e1 associado \u00e0 redu\u00e7\u00e3o do estresse alimentar e ao aumento da satisfa\u00e7\u00e3o durante as refei\u00e7\u00f5es.<\/strong> O cuidado com o armazenamento e o reaquecimento dos alimentos tamb\u00e9m \u00e9 respaldado por orienta\u00e7\u00f5es de seguran\u00e7a alimentar, que visam prevenir contamina\u00e7\u00f5es e preservar a qualidade dos nutrientes.<\/p>\n\n\n\n<p><strong>Adotar a cozinha consciente pode ser uma maneira pr\u00e1tica de promover sa\u00fade e equil\u00edbrio no cotidiano.<\/strong> Ao valorizar o momento da alimenta\u00e7\u00e3o e fazer escolhas mais atentas, \u00e9 poss\u00edvel transformar o ato de cozinhar e comer em uma experi\u00eancia mais rica e ben\u00e9fica para o corpo e a mente.<\/p>\n","protected":false},"excerpt":{"rendered":"<p>Pequenas pr\u00e1ticas como comer devagar e evitar reaquecer alimentos podem transformar sua digest\u00e3o e sua rela\u00e7\u00e3o com a comida.<\/p>\n","protected":false},"author":3,"featured_media":62154,"comment_status":"open","ping_status":"open","sticky":false,"template":"","format":"standard","meta":{"_yoast_wpseo_focuskw":"h\u00e1bitos alimentares","_yoast_wpseo_title":"%%title%%","_yoast_wpseo_metadesc":"Pequenas pr\u00e1ticas como comer devagar e evitar reaquecer alimentos podem transformar sua digest\u00e3o e sua rela\u00e7\u00e3o com a comida.","jnews-multi-image_gallery":[],"jnews_single_post":{"format":"standard"},"jnews_primary_category":[],"jnews_social_meta":[],"jnews_override_counter":[],"footnotes":""},"categories":[112],"post_tag":[281,1423,144],"class_list":["post-62152","post","type-post","status-publish","format-standard","has-post-thumbnail","hentry","category-curiosidades","tag-alimentacao","tag-alimentos","tag-curiosidades"],"yoast_head":"<!-- This site is optimized with the Yoast SEO plugin v24.6 - https:\/\/yoast.com\/wordpress\/plugins\/seo\/ -->\n<title>5 h\u00e1bitos da cozinha consciente que fazem diferen\u00e7a no seu dia<\/title>\n<meta name=\"description\" content=\"Pequenas pr\u00e1ticas como comer devagar e evitar reaquecer alimentos podem transformar sua digest\u00e3o e sua rela\u00e7\u00e3o com a comida.\" \/>\n<meta name=\"robots\" content=\"index, follow, max-snippet:-1, max-image-preview:large, max-video-preview:-1\" \/>\n<link rel=\"canonical\" href=\"https:\/\/www.correiobraziliense.com.br\/cbradar\/5-habitos-da-cozinha-consciente-que-fazem-diferenca-no-seu-dia\/\" \/>\n<meta property=\"og:locale\" content=\"pt_BR\" \/>\n<meta property=\"og:type\" content=\"article\" \/>\n<meta property=\"og:title\" content=\"5 h\u00e1bitos da cozinha consciente que fazem diferen\u00e7a no seu dia\" \/>\n<meta property=\"og:description\" content=\"Pequenas pr\u00e1ticas como comer devagar e evitar reaquecer alimentos podem transformar sua digest\u00e3o e sua rela\u00e7\u00e3o com a comida.\" \/>\n<meta property=\"og:url\" content=\"https:\/\/www.correiobraziliense.com.br\/cbradar\/5-habitos-da-cozinha-consciente-que-fazem-diferenca-no-seu-dia\/\" \/>\n<meta property=\"og:site_name\" content=\"Correio Braziliense - Radar\" \/>\n<meta property=\"article:published_time\" content=\"2025-07-01T09:13:00+00:00\" \/>\n<meta property=\"og:image\" content=\"https:\/\/www.correiobraziliense.com.br\/cbradar\/wp-content\/uploads\/2025\/06\/alimentos_1751293995726.jpg\" \/>\n\t<meta property=\"og:image:width\" content=\"1280\" \/>\n\t<meta property=\"og:image:height\" content=\"720\" \/>\n\t<meta property=\"og:image:type\" content=\"image\/jpeg\" \/>\n<meta name=\"author\" content=\"Larissa Carvalho\" \/>\n<meta name=\"twitter:card\" content=\"summary_large_image\" \/>\n<meta name=\"twitter:label1\" content=\"Escrito por\" \/>\n\t<meta name=\"twitter:data1\" content=\"Larissa Carvalho\" \/>\n\t<meta name=\"twitter:label2\" content=\"Est. tempo de leitura\" \/>\n\t<meta name=\"twitter:data2\" content=\"5 minutos\" \/>\n<!-- \/ Yoast SEO plugin. -->","yoast_head_json":{"title":"5 h\u00e1bitos da cozinha consciente que fazem diferen\u00e7a no seu dia","description":"Pequenas pr\u00e1ticas como comer devagar e evitar reaquecer alimentos podem transformar sua digest\u00e3o e sua rela\u00e7\u00e3o com a comida.","robots":{"index":"index","follow":"follow","max-snippet":"max-snippet:-1","max-image-preview":"max-image-preview:large","max-video-preview":"max-video-preview:-1"},"canonical":"https:\/\/www.correiobraziliense.com.br\/cbradar\/5-habitos-da-cozinha-consciente-que-fazem-diferenca-no-seu-dia\/","og_locale":"pt_BR","og_type":"article","og_title":"5 h\u00e1bitos da cozinha consciente que fazem diferen\u00e7a no seu dia","og_description":"Pequenas pr\u00e1ticas como comer devagar e evitar reaquecer alimentos podem transformar sua digest\u00e3o e sua rela\u00e7\u00e3o com a comida.","og_url":"https:\/\/www.correiobraziliense.com.br\/cbradar\/5-habitos-da-cozinha-consciente-que-fazem-diferenca-no-seu-dia\/","og_site_name":"Correio Braziliense - Radar","article_published_time":"2025-07-01T09:13:00+00:00","og_image":[{"width":1280,"height":720,"url":"https:\/\/www.correiobraziliense.com.br\/cbradar\/wp-content\/uploads\/2025\/06\/alimentos_1751293995726.jpg","type":"image\/jpeg"}],"author":"Larissa Carvalho","twitter_card":"summary_large_image","twitter_misc":{"Escrito por":"Larissa Carvalho","Est. tempo de leitura":"5 minutos"},"schema":{"@context":"https:\/\/schema.org","@graph":[{"@type":"WebPage","@id":"https:\/\/www.correiobraziliense.com.br\/cbradar\/5-habitos-da-cozinha-consciente-que-fazem-diferenca-no-seu-dia\/","url":"https:\/\/www.correiobraziliense.com.br\/cbradar\/5-habitos-da-cozinha-consciente-que-fazem-diferenca-no-seu-dia\/","name":"5 h\u00e1bitos da cozinha consciente que fazem diferen\u00e7a no seu dia","isPartOf":{"@id":"https:\/\/www.correiobraziliense.com.br\/cbradar\/#website"},"primaryImageOfPage":{"@id":"https:\/\/www.correiobraziliense.com.br\/cbradar\/5-habitos-da-cozinha-consciente-que-fazem-diferenca-no-seu-dia\/#primaryimage"},"image":{"@id":"https:\/\/www.correiobraziliense.com.br\/cbradar\/5-habitos-da-cozinha-consciente-que-fazem-diferenca-no-seu-dia\/#primaryimage"},"thumbnailUrl":"https:\/\/www.correiobraziliense.com.br\/cbradar\/wp-content\/uploads\/2025\/06\/alimentos_1751293995726.jpg","datePublished":"2025-07-01T09:13:00+00:00","author":{"@id":"https:\/\/www.correiobraziliense.com.br\/cbradar\/#\/schema\/person\/58422787644df994b53a19d3e56c1513"},"description":"Pequenas pr\u00e1ticas como comer devagar e evitar reaquecer alimentos podem transformar sua digest\u00e3o e sua rela\u00e7\u00e3o com a comida.","breadcrumb":{"@id":"https:\/\/www.correiobraziliense.com.br\/cbradar\/5-habitos-da-cozinha-consciente-que-fazem-diferenca-no-seu-dia\/#breadcrumb"},"inLanguage":"pt-BR","potentialAction":[{"@type":"ReadAction","target":["https:\/\/www.correiobraziliense.com.br\/cbradar\/5-habitos-da-cozinha-consciente-que-fazem-diferenca-no-seu-dia\/"]}]},{"@type":"ImageObject","inLanguage":"pt-BR","@id":"https:\/\/www.correiobraziliense.com.br\/cbradar\/5-habitos-da-cozinha-consciente-que-fazem-diferenca-no-seu-dia\/#primaryimage","url":"https:\/\/www.correiobraziliense.com.br\/cbradar\/wp-content\/uploads\/2025\/06\/alimentos_1751293995726.jpg","contentUrl":"https:\/\/www.correiobraziliense.com.br\/cbradar\/wp-content\/uploads\/2025\/06\/alimentos_1751293995726.jpg","width":1280,"height":720,"caption":"Alimentos. Cr\u00e9ditos: depositphotos.com \/ monticello"},{"@type":"BreadcrumbList","@id":"https:\/\/www.correiobraziliense.com.br\/cbradar\/5-habitos-da-cozinha-consciente-que-fazem-diferenca-no-seu-dia\/#breadcrumb","itemListElement":[{"@type":"ListItem","position":1,"name":"In\u00edcio","item":"https:\/\/www.correiobraziliense.com.br\/cbradar\/"},{"@type":"ListItem","position":2,"name":"5 h\u00e1bitos da cozinha consciente que fazem diferen\u00e7a no seu dia"}]},{"@type":"WebSite","@id":"https:\/\/www.correiobraziliense.com.br\/cbradar\/#website","url":"https:\/\/www.correiobraziliense.com.br\/cbradar\/","name":"Correio Braziliense - Radar","description":"Acompanhe as \u00faltimas not\u00edcias e fique bem informado sobre tudo o que acontece no Brasil e no mundo.","potentialAction":[{"@type":"SearchAction","target":{"@type":"EntryPoint","urlTemplate":"https:\/\/www.correiobraziliense.com.br\/cbradar\/?s={search_term_string}"},"query-input":{"@type":"PropertyValueSpecification","valueRequired":true,"valueName":"search_term_string"}}],"inLanguage":"pt-BR"},{"@type":"Person","@id":"https:\/\/www.correiobraziliense.com.br\/cbradar\/#\/schema\/person\/58422787644df994b53a19d3e56c1513","name":"Larissa Carvalho","image":{"@type":"ImageObject","inLanguage":"pt-BR","@id":"https:\/\/www.correiobraziliense.com.br\/cbradar\/#\/schema\/person\/image\/","url":"https:\/\/secure.gravatar.com\/avatar\/fe4f91a0de32b52a838d0d612abdc1aa?s=96&d=mm&r=g","contentUrl":"https:\/\/secure.gravatar.com\/avatar\/fe4f91a0de32b52a838d0d612abdc1aa?s=96&d=mm&r=g","caption":"Larissa Carvalho"},"url":"https:\/\/www.correiobraziliense.com.br\/cbradar\/author\/larissamyth\/"}]}},"_links":{"self":[{"href":"https:\/\/www.correiobraziliense.com.br\/cbradar\/wp-json\/wp\/v2\/posts\/62152","targetHints":{"allow":["GET"]}}],"collection":[{"href":"https:\/\/www.correiobraziliense.com.br\/cbradar\/wp-json\/wp\/v2\/posts"}],"about":[{"href":"https:\/\/www.correiobraziliense.com.br\/cbradar\/wp-json\/wp\/v2\/types\/post"}],"author":[{"embeddable":true,"href":"https:\/\/www.correiobraziliense.com.br\/cbradar\/wp-json\/wp\/v2\/users\/3"}],"replies":[{"embeddable":true,"href":"https:\/\/www.correiobraziliense.com.br\/cbradar\/wp-json\/wp\/v2\/comments?post=62152"}],"version-history":[{"count":2,"href":"https:\/\/www.correiobraziliense.com.br\/cbradar\/wp-json\/wp\/v2\/posts\/62152\/revisions"}],"predecessor-version":[{"id":62157,"href":"https:\/\/www.correiobraziliense.com.br\/cbradar\/wp-json\/wp\/v2\/posts\/62152\/revisions\/62157"}],"wp:featuredmedia":[{"embeddable":true,"href":"https:\/\/www.correiobraziliense.com.br\/cbradar\/wp-json\/wp\/v2\/media\/62154"}],"wp:attachment":[{"href":"https:\/\/www.correiobraziliense.com.br\/cbradar\/wp-json\/wp\/v2\/media?parent=62152"}],"wp:term":[{"taxonomy":"category","embeddable":true,"href":"https:\/\/www.correiobraziliense.com.br\/cbradar\/wp-json\/wp\/v2\/categories?post=62152"},{"taxonomy":"post_tag","embeddable":true,"href":"https:\/\/www.correiobraziliense.com.br\/cbradar\/wp-json\/wp\/v2\/post_tag?post=62152"}],"curies":[{"name":"wp","href":"https:\/\/api.w.org\/{rel}","templated":true}]}}