{"id":62339,"date":"2025-07-01T14:03:00","date_gmt":"2025-07-01T17:03:00","guid":{"rendered":"https:\/\/www.correiobraziliense.com.br\/cbradar\/?p=62339"},"modified":"2025-06-30T15:06:42","modified_gmt":"2025-06-30T18:06:42","slug":"os-superpoderes-dos-caes-que-surpreendem-ate-especialistas-em-comportamento","status":"publish","type":"post","link":"https:\/\/www.correiobraziliense.com.br\/cbradar\/os-superpoderes-dos-caes-que-surpreendem-ate-especialistas-em-comportamento\/","title":{"rendered":"Os superpoderes dos c\u00e3es que surpreendem at\u00e9 especialistas em comportamento"},"content":{"rendered":"\n<p>Os c\u00e3es, ao longo dos s\u00e9culos, conquistaram um espa\u00e7o especial ao lado dos seres humanos, n\u00e3o apenas como animais de estima\u00e7\u00e3o, mas como companheiros dotados de habilidades surpreendentes. Enquanto as pessoas se destacam em diversas \u00e1reas, como tecnologia e ci\u00eancia, os cachorros carregam consigo capacidades naturais que v\u00e3o muito al\u00e9m do que se pode perceber \u00e0 primeira vista. Essas caracter\u00edsticas \u00fanicas tornam os c\u00e3es verdadeiros exemplos de adapta\u00e7\u00e3o e sensibilidade no reino animal.<\/p>\n\n\n\n<p>Entre as diversas qualidades presentes nos c\u00e3es, algumas se destacam por serem praticamente inacess\u00edveis aos humanos. Essas habilidades, muitas vezes chamadas de <strong>\u201csuperpoderes\u201d<\/strong>, s\u00e3o resultado de uma evolu\u00e7\u00e3o que privilegiou sentidos agu\u00e7ados e comportamentos instintivos, essenciais para a sobreviv\u00eancia e a conviv\u00eancia com as pessoas. Conhecer essas aptid\u00f5es ajuda a compreender melhor o universo canino e a import\u00e2ncia desses animais na vida cotidiana.<\/p>\n\n\n\n<h2 class=\"wp-block-heading\">Quais s\u00e3o os principais superpoderes dos c\u00e3es?<\/h2>\n\n\n\n<p><strong>Os c\u00e3es possuem um olfato extremamente desenvolvido, considerado um dos mais apurados do reino animal.<\/strong> Eles conseguem identificar odores em concentra\u00e7\u00f5es muito baixas, algo imposs\u00edvel para os humanos. Essa habilidade permite que detectem desde alimentos escondidos at\u00e9 altera\u00e7\u00f5es no corpo humano, como mudan\u00e7as hormonais ou sinais de doen\u00e7as. Al\u00e9m disso, <strong>a audi\u00e7\u00e3o dos c\u00e3es \u00e9 outro destaque: eles captam frequ\u00eancias sonoras que escapam completamente \u00e0 percep\u00e7\u00e3o humana<\/strong>, o que explica por que reagem a sons que passam despercebidos pelas pessoas.<\/p>\n\n\n\n<p>Outro ponto relevante \u00e9 a capacidade dos c\u00e3es de perceber emo\u00e7\u00f5es humanas. Por meio da observa\u00e7\u00e3o de gestos, express\u00f5es faciais e tons de voz, eles conseguem identificar quando algu\u00e9m est\u00e1 triste, alegre ou ansioso. <strong>Essa sensibilidade \u00e9 resultado de uma conviv\u00eancia pr\u00f3xima com os humanos, o que favoreceu o desenvolvimento de comportamentos emp\u00e1ticos e de apoio emocional.<\/strong><\/p>\n\n\n\n<h2 class=\"wp-block-heading\">Como os c\u00e3es enxergam o mundo de forma diferente?<\/h2>\n\n\n\n<p><strong>Al\u00e9m do olfato e da audi\u00e7\u00e3o, a vis\u00e3o dos c\u00e3es tamb\u00e9m apresenta particularidades.<\/strong> Eles possuem uma estrutura ocular adaptada para enxergar melhor em ambientes com pouca luz, gra\u00e7as a uma camada chamada tapetum lucidum, que reflete a luz e aumenta a sensibilidade noturna. Isso permite que se movimentem com facilidade ao entardecer ou durante a noite, uma vantagem herdada de seus ancestrais ca\u00e7adores.<\/p>\n\n\n\n<p>Outra caracter\u00edstica interessante \u00e9 a orienta\u00e7\u00e3o espacial dos c\u00e3es. <strong>Pesquisas indicam que eles podem perceber o campo magn\u00e9tico da Terra, utilizando essa habilidade para se orientar e at\u00e9 escolher posi\u00e7\u00f5es espec\u00edficas ao realizar certas atividades, como fazer suas necessidades.<\/strong> Essa percep\u00e7\u00e3o magn\u00e9tica ainda est\u00e1 sendo estudada, mas j\u00e1 se sabe que \u00e9 um diferencial importante em rela\u00e7\u00e3o aos humanos.<\/p>\n\n\n\n<figure class=\"wp-block-image size-large\"><img decoding=\"async\" width=\"1024\" height=\"576\" src=\"https:\/\/www.correiobraziliense.com.br\/cbradar\/wp-content\/uploads\/2025\/06\/cachorros_1751306761803-1024x576.jpg\" alt=\"Os superpoderes dos c\u00e3es que surpreendem at\u00e9 especialistas em comportamento\" class=\"wp-image-62343\" srcset=\"https:\/\/www.correiobraziliense.com.br\/cbradar\/wp-content\/uploads\/2025\/06\/cachorros_1751306761803-1024x576.jpg 1024w, https:\/\/www.correiobraziliense.com.br\/cbradar\/wp-content\/uploads\/2025\/06\/cachorros_1751306761803-300x169.jpg 300w, https:\/\/www.correiobraziliense.com.br\/cbradar\/wp-content\/uploads\/2025\/06\/cachorros_1751306761803-768x432.jpg 768w, https:\/\/www.correiobraziliense.com.br\/cbradar\/wp-content\/uploads\/2025\/06\/cachorros_1751306761803-750x422.jpg 750w, https:\/\/www.correiobraziliense.com.br\/cbradar\/wp-content\/uploads\/2025\/06\/cachorros_1751306761803-1140x641.jpg 1140w, https:\/\/www.correiobraziliense.com.br\/cbradar\/wp-content\/uploads\/2025\/06\/cachorros_1751306761803.jpg 1280w\" sizes=\"(max-width: 1024px) 100vw, 1024px\" \/><figcaption class=\"wp-element-caption\">cachorros. Cr\u00e9ditos: depositphotos.com \/ foun<\/figcaption><\/figure>\n\n\n\n<h2 class=\"wp-block-heading\">Quais s\u00e3o as vantagens desses superpoderes no dia a dia?<\/h2>\n\n\n\n<p><strong>As habilidades naturais dos c\u00e3es t\u00eam aplica\u00e7\u00f5es pr\u00e1ticas em diversas \u00e1reas.<\/strong> O olfato apurado, por exemplo, \u00e9 utilizado em trabalhos de busca e resgate, detec\u00e7\u00e3o de subst\u00e2ncias il\u00edcitas e at\u00e9 no aux\u00edlio a pessoas com condi\u00e7\u00f5es m\u00e9dicas espec\u00edficas, como diabetes ou epilepsia. <strong>A audi\u00e7\u00e3o sens\u00edvel permite que alertem sobre sons distantes ou incomuns, funcionando como verdadeiros \u201csistemas de alarme\u201d em ambientes dom\u00e9sticos.<\/strong><\/p>\n\n\n\n<ul class=\"wp-block-list\">\n<li><strong>Olfato:<\/strong> identifica\u00e7\u00e3o de odores impercept\u00edveis aos humanos.<\/li>\n\n\n\n<li><strong>Audi\u00e7\u00e3o:<\/strong> capta\u00e7\u00e3o de sons em frequ\u00eancias elevadas.<\/li>\n\n\n\n<li><strong>Empatia:<\/strong> reconhecimento de emo\u00e7\u00f5es e estados de humor.<\/li>\n\n\n\n<li><strong>Vis\u00e3o noturna:<\/strong> facilidade para enxergar em ambientes escuros.<\/li>\n\n\n\n<li><strong>Orienta\u00e7\u00e3o magn\u00e9tica:<\/strong> percep\u00e7\u00e3o do campo magn\u00e9tico terrestre.<\/li>\n\n\n\n<li><strong>Termorregula\u00e7\u00e3o:<\/strong> capacidade de regular a temperatura corporal por meio da respira\u00e7\u00e3o.<\/li>\n<\/ul>\n\n\n\n<p>Esses \u201csuperpoderes\u201d caninos n\u00e3o apenas impressionam, mas tamb\u00e9m refor\u00e7am a import\u00e2ncia dos c\u00e3es em diferentes contextos, desde a conviv\u00eancia familiar at\u00e9 o trabalho em situa\u00e7\u00f5es de emerg\u00eancia. <strong>A conviv\u00eancia com esses animais revela diariamente como suas habilidades contribuem para a seguran\u00e7a, o bem-estar e a qualidade de vida das pessoas.<\/strong><\/p>\n\n\n\n<p><strong>Compreender as capacidades extraordin\u00e1rias dos c\u00e3es \u00e9 fundamental para valorizar ainda mais a rela\u00e7\u00e3o entre humanos e animais.<\/strong> Esses talentos naturais, desenvolvidos ao longo de gera\u00e7\u00f5es, mostram que os c\u00e3es s\u00e3o muito mais do que simples companheiros: s\u00e3o parceiros dotados de aptid\u00f5es \u00fanicas, capazes de desempenhar pap\u00e9is essenciais em diversas situa\u00e7\u00f5es do cotidiano.<\/p>\n","protected":false},"excerpt":{"rendered":"<p>Os cachorros possuem talentos incr\u00edveis que mudam o dia a dia dos tutores. Veja como os superpoderes caninos fazem diferen\u00e7a e fortalecem a rela\u00e7\u00e3o com humanos.<\/p>\n","protected":false},"author":3,"featured_media":62341,"comment_status":"open","ping_status":"open","sticky":false,"template":"","format":"standard","meta":{"_yoast_wpseo_focuskw":"superpoderes c\u00e3es","_yoast_wpseo_title":"%%title%%","_yoast_wpseo_metadesc":"Os cachorros possuem talentos incr\u00edveis que mudam o dia a dia dos tutores. Veja como os superpoderes caninos fazem diferen\u00e7a e fortalecem a rela\u00e7\u00e3o com humanos.","jnews-multi-image_gallery":[],"jnews_single_post":{"format":"standard"},"jnews_primary_category":[],"jnews_social_meta":[],"jnews_override_counter":[],"footnotes":""},"categories":[112],"post_tag":[1977,378,144],"class_list":["post-62339","post","type-post","status-publish","format-standard","has-post-thumbnail","hentry","category-curiosidades","tag-animais-de-estimacao","tag-cachorro","tag-curiosidades"],"yoast_head":"<!-- This site is optimized with the Yoast SEO plugin v24.6 - https:\/\/yoast.com\/wordpress\/plugins\/seo\/ -->\n<title>Os superpoderes dos c\u00e3es que surpreendem at\u00e9 especialistas em comportamento<\/title>\n<meta name=\"description\" content=\"Os cachorros possuem talentos incr\u00edveis que mudam o dia a dia dos tutores. Veja como os superpoderes caninos fazem diferen\u00e7a e fortalecem a rela\u00e7\u00e3o com humanos.\" \/>\n<meta name=\"robots\" content=\"index, follow, max-snippet:-1, max-image-preview:large, max-video-preview:-1\" \/>\n<link rel=\"canonical\" href=\"https:\/\/www.correiobraziliense.com.br\/cbradar\/os-superpoderes-dos-caes-que-surpreendem-ate-especialistas-em-comportamento\/\" \/>\n<meta property=\"og:locale\" content=\"pt_BR\" \/>\n<meta property=\"og:type\" content=\"article\" \/>\n<meta property=\"og:title\" content=\"Os superpoderes dos c\u00e3es que surpreendem at\u00e9 especialistas em comportamento\" \/>\n<meta property=\"og:description\" content=\"Os cachorros possuem talentos incr\u00edveis que mudam o dia a dia dos tutores. Veja como os superpoderes caninos fazem diferen\u00e7a e fortalecem a rela\u00e7\u00e3o com humanos.\" \/>\n<meta property=\"og:url\" content=\"https:\/\/www.correiobraziliense.com.br\/cbradar\/os-superpoderes-dos-caes-que-surpreendem-ate-especialistas-em-comportamento\/\" \/>\n<meta property=\"og:site_name\" content=\"Correio Braziliense - Radar\" \/>\n<meta property=\"article:published_time\" content=\"2025-07-01T17:03:00+00:00\" \/>\n<meta property=\"og:image\" content=\"https:\/\/www.correiobraziliense.com.br\/cbradar\/wp-content\/uploads\/2025\/06\/cachorros_1751306642983.jpg\" \/>\n\t<meta property=\"og:image:width\" content=\"1280\" \/>\n\t<meta property=\"og:image:height\" content=\"720\" \/>\n\t<meta property=\"og:image:type\" content=\"image\/jpeg\" \/>\n<meta name=\"author\" content=\"Larissa Carvalho\" \/>\n<meta name=\"twitter:card\" content=\"summary_large_image\" \/>\n<meta name=\"twitter:label1\" content=\"Escrito por\" \/>\n\t<meta name=\"twitter:data1\" content=\"Larissa Carvalho\" \/>\n\t<meta name=\"twitter:label2\" content=\"Est. tempo de leitura\" \/>\n\t<meta name=\"twitter:data2\" content=\"4 minutos\" \/>\n<!-- \/ Yoast SEO plugin. -->","yoast_head_json":{"title":"Os superpoderes dos c\u00e3es que surpreendem at\u00e9 especialistas em comportamento","description":"Os cachorros possuem talentos incr\u00edveis que mudam o dia a dia dos tutores. Veja como os superpoderes caninos fazem diferen\u00e7a e fortalecem a rela\u00e7\u00e3o com humanos.","robots":{"index":"index","follow":"follow","max-snippet":"max-snippet:-1","max-image-preview":"max-image-preview:large","max-video-preview":"max-video-preview:-1"},"canonical":"https:\/\/www.correiobraziliense.com.br\/cbradar\/os-superpoderes-dos-caes-que-surpreendem-ate-especialistas-em-comportamento\/","og_locale":"pt_BR","og_type":"article","og_title":"Os superpoderes dos c\u00e3es que surpreendem at\u00e9 especialistas em comportamento","og_description":"Os cachorros possuem talentos incr\u00edveis que mudam o dia a dia dos tutores. Veja como os superpoderes caninos fazem diferen\u00e7a e fortalecem a rela\u00e7\u00e3o com humanos.","og_url":"https:\/\/www.correiobraziliense.com.br\/cbradar\/os-superpoderes-dos-caes-que-surpreendem-ate-especialistas-em-comportamento\/","og_site_name":"Correio Braziliense - Radar","article_published_time":"2025-07-01T17:03:00+00:00","og_image":[{"width":1280,"height":720,"url":"https:\/\/www.correiobraziliense.com.br\/cbradar\/wp-content\/uploads\/2025\/06\/cachorros_1751306642983.jpg","type":"image\/jpeg"}],"author":"Larissa Carvalho","twitter_card":"summary_large_image","twitter_misc":{"Escrito por":"Larissa Carvalho","Est. tempo de leitura":"4 minutos"},"schema":{"@context":"https:\/\/schema.org","@graph":[{"@type":"WebPage","@id":"https:\/\/www.correiobraziliense.com.br\/cbradar\/os-superpoderes-dos-caes-que-surpreendem-ate-especialistas-em-comportamento\/","url":"https:\/\/www.correiobraziliense.com.br\/cbradar\/os-superpoderes-dos-caes-que-surpreendem-ate-especialistas-em-comportamento\/","name":"Os superpoderes dos c\u00e3es que surpreendem at\u00e9 especialistas em comportamento","isPartOf":{"@id":"https:\/\/www.correiobraziliense.com.br\/cbradar\/#website"},"primaryImageOfPage":{"@id":"https:\/\/www.correiobraziliense.com.br\/cbradar\/os-superpoderes-dos-caes-que-surpreendem-ate-especialistas-em-comportamento\/#primaryimage"},"image":{"@id":"https:\/\/www.correiobraziliense.com.br\/cbradar\/os-superpoderes-dos-caes-que-surpreendem-ate-especialistas-em-comportamento\/#primaryimage"},"thumbnailUrl":"https:\/\/www.correiobraziliense.com.br\/cbradar\/wp-content\/uploads\/2025\/06\/cachorros_1751306642983.jpg","datePublished":"2025-07-01T17:03:00+00:00","author":{"@id":"https:\/\/www.correiobraziliense.com.br\/cbradar\/#\/schema\/person\/58422787644df994b53a19d3e56c1513"},"description":"Os cachorros possuem talentos incr\u00edveis que mudam o dia a dia dos tutores. Veja como os superpoderes caninos fazem diferen\u00e7a e fortalecem a rela\u00e7\u00e3o com humanos.","breadcrumb":{"@id":"https:\/\/www.correiobraziliense.com.br\/cbradar\/os-superpoderes-dos-caes-que-surpreendem-ate-especialistas-em-comportamento\/#breadcrumb"},"inLanguage":"pt-BR","potentialAction":[{"@type":"ReadAction","target":["https:\/\/www.correiobraziliense.com.br\/cbradar\/os-superpoderes-dos-caes-que-surpreendem-ate-especialistas-em-comportamento\/"]}]},{"@type":"ImageObject","inLanguage":"pt-BR","@id":"https:\/\/www.correiobraziliense.com.br\/cbradar\/os-superpoderes-dos-caes-que-surpreendem-ate-especialistas-em-comportamento\/#primaryimage","url":"https:\/\/www.correiobraziliense.com.br\/cbradar\/wp-content\/uploads\/2025\/06\/cachorros_1751306642983.jpg","contentUrl":"https:\/\/www.correiobraziliense.com.br\/cbradar\/wp-content\/uploads\/2025\/06\/cachorros_1751306642983.jpg","width":1280,"height":720,"caption":"cachorros. Cr\u00e9ditos: depositphotos.com \/ diego_cervo"},{"@type":"BreadcrumbList","@id":"https:\/\/www.correiobraziliense.com.br\/cbradar\/os-superpoderes-dos-caes-que-surpreendem-ate-especialistas-em-comportamento\/#breadcrumb","itemListElement":[{"@type":"ListItem","position":1,"name":"In\u00edcio","item":"https:\/\/www.correiobraziliense.com.br\/cbradar\/"},{"@type":"ListItem","position":2,"name":"Os superpoderes dos c\u00e3es que surpreendem at\u00e9 especialistas em comportamento"}]},{"@type":"WebSite","@id":"https:\/\/www.correiobraziliense.com.br\/cbradar\/#website","url":"https:\/\/www.correiobraziliense.com.br\/cbradar\/","name":"Correio Braziliense - Radar","description":"Acompanhe as \u00faltimas not\u00edcias e fique bem informado sobre tudo o que acontece no Brasil e no mundo.","potentialAction":[{"@type":"SearchAction","target":{"@type":"EntryPoint","urlTemplate":"https:\/\/www.correiobraziliense.com.br\/cbradar\/?s={search_term_string}"},"query-input":{"@type":"PropertyValueSpecification","valueRequired":true,"valueName":"search_term_string"}}],"inLanguage":"pt-BR"},{"@type":"Person","@id":"https:\/\/www.correiobraziliense.com.br\/cbradar\/#\/schema\/person\/58422787644df994b53a19d3e56c1513","name":"Larissa Carvalho","image":{"@type":"ImageObject","inLanguage":"pt-BR","@id":"https:\/\/www.correiobraziliense.com.br\/cbradar\/#\/schema\/person\/image\/","url":"https:\/\/secure.gravatar.com\/avatar\/fe4f91a0de32b52a838d0d612abdc1aa?s=96&d=mm&r=g","contentUrl":"https:\/\/secure.gravatar.com\/avatar\/fe4f91a0de32b52a838d0d612abdc1aa?s=96&d=mm&r=g","caption":"Larissa Carvalho"},"url":"https:\/\/www.correiobraziliense.com.br\/cbradar\/author\/larissamyth\/"}]}},"_links":{"self":[{"href":"https:\/\/www.correiobraziliense.com.br\/cbradar\/wp-json\/wp\/v2\/posts\/62339","targetHints":{"allow":["GET"]}}],"collection":[{"href":"https:\/\/www.correiobraziliense.com.br\/cbradar\/wp-json\/wp\/v2\/posts"}],"about":[{"href":"https:\/\/www.correiobraziliense.com.br\/cbradar\/wp-json\/wp\/v2\/types\/post"}],"author":[{"embeddable":true,"href":"https:\/\/www.correiobraziliense.com.br\/cbradar\/wp-json\/wp\/v2\/users\/3"}],"replies":[{"embeddable":true,"href":"https:\/\/www.correiobraziliense.com.br\/cbradar\/wp-json\/wp\/v2\/comments?post=62339"}],"version-history":[{"count":2,"href":"https:\/\/www.correiobraziliense.com.br\/cbradar\/wp-json\/wp\/v2\/posts\/62339\/revisions"}],"predecessor-version":[{"id":62346,"href":"https:\/\/www.correiobraziliense.com.br\/cbradar\/wp-json\/wp\/v2\/posts\/62339\/revisions\/62346"}],"wp:featuredmedia":[{"embeddable":true,"href":"https:\/\/www.correiobraziliense.com.br\/cbradar\/wp-json\/wp\/v2\/media\/62341"}],"wp:attachment":[{"href":"https:\/\/www.correiobraziliense.com.br\/cbradar\/wp-json\/wp\/v2\/media?parent=62339"}],"wp:term":[{"taxonomy":"category","embeddable":true,"href":"https:\/\/www.correiobraziliense.com.br\/cbradar\/wp-json\/wp\/v2\/categories?post=62339"},{"taxonomy":"post_tag","embeddable":true,"href":"https:\/\/www.correiobraziliense.com.br\/cbradar\/wp-json\/wp\/v2\/post_tag?post=62339"}],"curies":[{"name":"wp","href":"https:\/\/api.w.org\/{rel}","templated":true}]}}