{"id":62352,"date":"2025-07-01T21:03:00","date_gmt":"2025-07-02T00:03:00","guid":{"rendered":"https:\/\/www.correiobraziliense.com.br\/cbradar\/?p=62352"},"modified":"2025-06-30T15:16:29","modified_gmt":"2025-06-30T18:16:29","slug":"o-segredo-para-dormir-com-seu-pet-sem-transformar-a-cama-num-caos-segundo-especialistas","status":"publish","type":"post","link":"https:\/\/www.correiobraziliense.com.br\/cbradar\/o-segredo-para-dormir-com-seu-pet-sem-transformar-a-cama-num-caos-segundo-especialistas\/","title":{"rendered":"O segredo para dormir com seu pet sem transformar a cama num caos, segundo especialistas"},"content":{"rendered":"\n<p>Compartilhar a cama com animais de estima\u00e7\u00e3o \u00e9 uma pr\u00e1tica comum em muitos lares, trazendo sensa\u00e7\u00e3o de aconchego e companhia durante a noite. No entanto, a presen\u00e7a de c\u00e3es e gatos no local de descanso pode levantar d\u00favidas sobre higiene e manuten\u00e7\u00e3o da limpeza dos len\u00e7\u00f3is. A preocupa\u00e7\u00e3o com pelos, sujeira e poss\u00edveis odores \u00e9 frequente entre tutores que desejam equilibrar o conforto dos pets com a preserva\u00e7\u00e3o de um ambiente saud\u00e1vel para dormir.<\/p>\n\n\n\n<p>Apesar dos desafios, \u00e9 poss\u00edvel adotar medidas simples para garantir que a conviv\u00eancia com os animais de estima\u00e7\u00e3o no quarto n\u00e3o comprometa a qualidade do sono nem a limpeza da cama. Com alguns cuidados di\u00e1rios e adapta\u00e7\u00f5es na rotina, tutores conseguem manter o espa\u00e7o organizado e livre de excesso de pelos ou sujeira, tornando a experi\u00eancia mais agrad\u00e1vel para todos.<\/p>\n\n\n\n<h2 class=\"wp-block-heading\">Como preparar a cama para receber animais de estima\u00e7\u00e3o?<\/h2>\n\n\n\n<p><strong>Antes de permitir que o animal durma na cama, \u00e9 importante definir regras claras e preparar o ambiente.<\/strong> Uma das estrat\u00e9gias mais eficazes \u00e9 delimitar um espa\u00e7o espec\u00edfico para o pet, utilizando mantas ou cobertores pr\u00f3prios. Isso ajuda a concentrar os pelos e a sujeira em uma \u00e1rea menor, facilitando a limpeza e protegendo o restante da roupa de cama.<\/p>\n\n\n\n<p>Al\u00e9m disso, acostumar o animal a permanecer em seu local designado pode ser feito por meio de comandos simples e refor\u00e7o positivo. <strong>Para evitar que sujeira externa seja levada para a cama, recomenda-se higienizar as patas e o pelo do animal antes de dormir, utilizando len\u00e7os umedecidos pr\u00f3prios para pets ou toalhas limpas.<\/strong><\/p>\n\n\n\n<h2 class=\"wp-block-heading\">Quais cuidados s\u00e3o essenciais para manter a cama limpa?<\/h2>\n\n\n\n<p><strong>Manter a cama limpa quando se compartilha o espa\u00e7o com animais exige aten\u00e7\u00e3o \u00e0 frequ\u00eancia de lavagem dos len\u00e7\u00f3is e cobertores.<\/strong> O ideal \u00e9 lavar a roupa de cama semanalmente, ou at\u00e9 com mais frequ\u00eancia, caso haja ac\u00famulo de pelos ou odores. Utilizar detergentes adequados, preferencialmente hipoalerg\u00eanicos, contribui para eliminar res\u00edduos e minimizar rea\u00e7\u00f5es al\u00e9rgicas.<\/p>\n\n\n\n<p><strong>Outro ponto importante \u00e9 o uso de protetores de colch\u00e3o, que funcionam como barreira contra umidade, sujeira e poss\u00edveis acidentes.<\/strong> Esses protetores devem ser lavados regularmente, garantindo a prote\u00e7\u00e3o do colch\u00e3o, que \u00e9 mais dif\u00edcil de higienizar. Para facilitar a rotina, manter conjuntos extras de len\u00e7\u00f3is e mantas pode ser \u00fatil, permitindo trocas r\u00e1pidas sempre que necess\u00e1rio.<\/p>\n\n\n\n<figure class=\"wp-block-image size-large\"><img decoding=\"async\" width=\"1024\" height=\"576\" src=\"https:\/\/www.correiobraziliense.com.br\/cbradar\/wp-content\/uploads\/2025\/06\/cachorro-na-cama_1751307356125-1024x576.jpg\" alt=\"O segredo para dormir com seu pet sem transformar a cama num caos, segundo especialistas\" class=\"wp-image-62358\" srcset=\"https:\/\/www.correiobraziliense.com.br\/cbradar\/wp-content\/uploads\/2025\/06\/cachorro-na-cama_1751307356125-1024x576.jpg 1024w, https:\/\/www.correiobraziliense.com.br\/cbradar\/wp-content\/uploads\/2025\/06\/cachorro-na-cama_1751307356125-300x169.jpg 300w, https:\/\/www.correiobraziliense.com.br\/cbradar\/wp-content\/uploads\/2025\/06\/cachorro-na-cama_1751307356125-768x432.jpg 768w, https:\/\/www.correiobraziliense.com.br\/cbradar\/wp-content\/uploads\/2025\/06\/cachorro-na-cama_1751307356125-750x422.jpg 750w, https:\/\/www.correiobraziliense.com.br\/cbradar\/wp-content\/uploads\/2025\/06\/cachorro-na-cama_1751307356125-1140x641.jpg 1140w, https:\/\/www.correiobraziliense.com.br\/cbradar\/wp-content\/uploads\/2025\/06\/cachorro-na-cama_1751307356125.jpg 1280w\" sizes=\"(max-width: 1024px) 100vw, 1024px\" \/><figcaption class=\"wp-element-caption\">cachorro na cama. Cr\u00e9ditos: depositphotos.com \/ IraGirich<\/figcaption><\/figure>\n\n\n\n<h2 class=\"wp-block-heading\">Como reduzir a presen\u00e7a de pelos e odores na cama?<\/h2>\n\n\n\n<p><strong>Para minimizar a quantidade de pelos e odores, algumas pr\u00e1ticas podem ser incorporadas ao dia a dia.<\/strong> Escovar o animal com frequ\u00eancia reduz a queda de pelos soltos e evita que eles se espalhem pela cama. Al\u00e9m disso, o uso de aspiradores port\u00e1teis ou rolos adesivos facilita a remo\u00e7\u00e3o de pelos dos tecidos.<\/p>\n\n\n\n<ul class=\"wp-block-list\">\n<li><strong>Escova\u00e7\u00e3o regular:<\/strong> diminui a quantidade de pelos soltos.<\/li>\n\n\n\n<li><strong>Limpeza das patas:<\/strong> evita que sujeira externa seja transferida para a cama.<\/li>\n\n\n\n<li><strong>Uso de mantas exclusivas:<\/strong> concentra pelos e facilita a lavagem.<\/li>\n\n\n\n<li><strong>Lavagem frequente dos tecidos:<\/strong> elimina odores e res\u00edduos acumulados.<\/li>\n<\/ul>\n\n\n\n<p><strong>Outra dica \u00e9 optar por tecidos de f\u00e1cil limpeza e que n\u00e3o ret\u00eam tanto pelo, como microfibra ou algod\u00e3o de trama fechada.<\/strong> Esses materiais facilitam a manuten\u00e7\u00e3o e tornam o ambiente mais agrad\u00e1vel.<\/p>\n\n\n\n<h2 class=\"wp-block-heading\">Quais produtos s\u00e3o recomendados para higienizar a cama de quem tem pets?<\/h2>\n\n\n\n<p><strong>Existem diversos produtos no mercado voltados para a limpeza de ambientes frequentados por animais de estima\u00e7\u00e3o.<\/strong> Detergentes neutros, removedores de odores espec\u00edficos para pets e len\u00e7os umedecidos s\u00e3o aliados importantes. Al\u00e9m disso, alguns fabricantes oferecem len\u00e7\u00f3is e capas de colch\u00e3o com tecnologia antial\u00e9rgica e repelente de pelos, que contribuem para manter a cama mais limpa por mais tempo.<\/p>\n\n\n\n<ol class=\"wp-block-list\">\n<li><strong>Detergentes hipoalerg\u00eanicos<\/strong> para lavagem de roupas de cama.<\/li>\n\n\n\n<li>Removedores de odor pr\u00f3prios para tecidos.<\/li>\n\n\n\n<li>Len\u00e7os umedecidos para higieniza\u00e7\u00e3o r\u00e1pida dos animais.<\/li>\n\n\n\n<li>Capas protetoras imperme\u00e1veis para colch\u00e3o e travesseiros.<\/li>\n<\/ol>\n\n\n\n<p><strong>Essas solu\u00e7\u00f5es, aliadas a uma rotina de limpeza consistente, ajudam a preservar a qualidade do sono e a sa\u00fade dos moradores da casa, mesmo com a presen\u00e7a constante dos animais no quarto.<\/strong><\/p>\n\n\n\n<h2 class=\"wp-block-heading\">Vale a pena permitir que o animal durma na cama?<\/h2>\n\n\n\n<p><strong>Permitir que c\u00e3es e gatos compartilhem a cama \u00e9 uma escolha pessoal, que depende do estilo de vida e das prefer\u00eancias de cada tutor.<\/strong> Com cuidados adequados, \u00e9 poss\u00edvel garantir um ambiente limpo e confort\u00e1vel, preservando a sa\u00fade de todos. <strong>A ado\u00e7\u00e3o de pr\u00e1ticas simples, como delimitar espa\u00e7os, lavar a roupa de cama com frequ\u00eancia e investir em produtos espec\u00edficos, torna a conviv\u00eancia mais harmoniosa e segura.<\/strong><\/p>\n\n\n\n<p>Ao adotar essas medidas, tutores conseguem aproveitar os benef\u00edcios da companhia dos animais durante a noite, sem abrir m\u00e3o da higiene e do bem-estar. <strong>O equil\u00edbrio entre carinho e cuidados di\u00e1rios \u00e9 fundamental para que o h\u00e1bito de dormir com pets seja prazeroso e saud\u00e1vel.<\/strong><\/p>\n","protected":false},"excerpt":{"rendered":"<p>Dormir com cachorro e gato n\u00e3o precisa ser sin\u00f4nimo de bagun\u00e7a. Descubra como proteger len\u00e7\u00f3is, controlar pelos e manter tudo sempre limpo e cheiroso.<\/p>\n","protected":false},"author":3,"featured_media":62356,"comment_status":"open","ping_status":"open","sticky":false,"template":"","format":"standard","meta":{"_yoast_wpseo_focuskw":"dormir com pet","_yoast_wpseo_title":"%%title%%","_yoast_wpseo_metadesc":"Dormir com cachorro e gato n\u00e3o precisa ser sin\u00f4nimo de bagun\u00e7a. Descubra como proteger len\u00e7\u00f3is, controlar pelos e manter tudo sempre limpo e cheiroso.","jnews-multi-image_gallery":[],"jnews_single_post":{"format":"standard"},"jnews_primary_category":[],"jnews_social_meta":[],"jnews_override_counter":[],"footnotes":""},"categories":[112],"post_tag":[378,144],"class_list":["post-62352","post","type-post","status-publish","format-standard","has-post-thumbnail","hentry","category-curiosidades","tag-cachorro","tag-curiosidades"],"yoast_head":"<!-- This site is optimized with the Yoast SEO plugin v24.6 - https:\/\/yoast.com\/wordpress\/plugins\/seo\/ -->\n<title>O segredo para dormir com seu pet sem transformar a cama num caos, segundo especialistas<\/title>\n<meta name=\"description\" content=\"Dormir com cachorro e gato n\u00e3o precisa ser sin\u00f4nimo de bagun\u00e7a. Descubra como proteger len\u00e7\u00f3is, controlar pelos e manter tudo sempre limpo e cheiroso.\" \/>\n<meta name=\"robots\" content=\"index, follow, max-snippet:-1, max-image-preview:large, max-video-preview:-1\" \/>\n<link rel=\"canonical\" href=\"https:\/\/www.correiobraziliense.com.br\/cbradar\/o-segredo-para-dormir-com-seu-pet-sem-transformar-a-cama-num-caos-segundo-especialistas\/\" \/>\n<meta property=\"og:locale\" content=\"pt_BR\" \/>\n<meta property=\"og:type\" content=\"article\" \/>\n<meta property=\"og:title\" content=\"O segredo para dormir com seu pet sem transformar a cama num caos, segundo especialistas\" \/>\n<meta property=\"og:description\" content=\"Dormir com cachorro e gato n\u00e3o precisa ser sin\u00f4nimo de bagun\u00e7a. Descubra como proteger len\u00e7\u00f3is, controlar pelos e manter tudo sempre limpo e cheiroso.\" \/>\n<meta property=\"og:url\" content=\"https:\/\/www.correiobraziliense.com.br\/cbradar\/o-segredo-para-dormir-com-seu-pet-sem-transformar-a-cama-num-caos-segundo-especialistas\/\" \/>\n<meta property=\"og:site_name\" content=\"Correio Braziliense - Radar\" \/>\n<meta property=\"article:published_time\" content=\"2025-07-02T00:03:00+00:00\" \/>\n<meta property=\"og:image\" content=\"https:\/\/www.correiobraziliense.com.br\/cbradar\/wp-content\/uploads\/2025\/06\/cachorro-na-cama_1751307308973.jpg\" \/>\n\t<meta property=\"og:image:width\" content=\"1280\" \/>\n\t<meta property=\"og:image:height\" content=\"720\" \/>\n\t<meta property=\"og:image:type\" content=\"image\/jpeg\" \/>\n<meta name=\"author\" content=\"Larissa Carvalho\" \/>\n<meta name=\"twitter:card\" content=\"summary_large_image\" \/>\n<meta name=\"twitter:label1\" content=\"Escrito por\" \/>\n\t<meta name=\"twitter:data1\" content=\"Larissa Carvalho\" \/>\n\t<meta name=\"twitter:label2\" content=\"Est. tempo de leitura\" \/>\n\t<meta name=\"twitter:data2\" content=\"5 minutos\" \/>\n<!-- \/ Yoast SEO plugin. -->","yoast_head_json":{"title":"O segredo para dormir com seu pet sem transformar a cama num caos, segundo especialistas","description":"Dormir com cachorro e gato n\u00e3o precisa ser sin\u00f4nimo de bagun\u00e7a. Descubra como proteger len\u00e7\u00f3is, controlar pelos e manter tudo sempre limpo e cheiroso.","robots":{"index":"index","follow":"follow","max-snippet":"max-snippet:-1","max-image-preview":"max-image-preview:large","max-video-preview":"max-video-preview:-1"},"canonical":"https:\/\/www.correiobraziliense.com.br\/cbradar\/o-segredo-para-dormir-com-seu-pet-sem-transformar-a-cama-num-caos-segundo-especialistas\/","og_locale":"pt_BR","og_type":"article","og_title":"O segredo para dormir com seu pet sem transformar a cama num caos, segundo especialistas","og_description":"Dormir com cachorro e gato n\u00e3o precisa ser sin\u00f4nimo de bagun\u00e7a. Descubra como proteger len\u00e7\u00f3is, controlar pelos e manter tudo sempre limpo e cheiroso.","og_url":"https:\/\/www.correiobraziliense.com.br\/cbradar\/o-segredo-para-dormir-com-seu-pet-sem-transformar-a-cama-num-caos-segundo-especialistas\/","og_site_name":"Correio Braziliense - Radar","article_published_time":"2025-07-02T00:03:00+00:00","og_image":[{"width":1280,"height":720,"url":"https:\/\/www.correiobraziliense.com.br\/cbradar\/wp-content\/uploads\/2025\/06\/cachorro-na-cama_1751307308973.jpg","type":"image\/jpeg"}],"author":"Larissa Carvalho","twitter_card":"summary_large_image","twitter_misc":{"Escrito por":"Larissa Carvalho","Est. tempo de leitura":"5 minutos"},"schema":{"@context":"https:\/\/schema.org","@graph":[{"@type":"WebPage","@id":"https:\/\/www.correiobraziliense.com.br\/cbradar\/o-segredo-para-dormir-com-seu-pet-sem-transformar-a-cama-num-caos-segundo-especialistas\/","url":"https:\/\/www.correiobraziliense.com.br\/cbradar\/o-segredo-para-dormir-com-seu-pet-sem-transformar-a-cama-num-caos-segundo-especialistas\/","name":"O segredo para dormir com seu pet sem transformar a cama num caos, segundo especialistas","isPartOf":{"@id":"https:\/\/www.correiobraziliense.com.br\/cbradar\/#website"},"primaryImageOfPage":{"@id":"https:\/\/www.correiobraziliense.com.br\/cbradar\/o-segredo-para-dormir-com-seu-pet-sem-transformar-a-cama-num-caos-segundo-especialistas\/#primaryimage"},"image":{"@id":"https:\/\/www.correiobraziliense.com.br\/cbradar\/o-segredo-para-dormir-com-seu-pet-sem-transformar-a-cama-num-caos-segundo-especialistas\/#primaryimage"},"thumbnailUrl":"https:\/\/www.correiobraziliense.com.br\/cbradar\/wp-content\/uploads\/2025\/06\/cachorro-na-cama_1751307308973.jpg","datePublished":"2025-07-02T00:03:00+00:00","author":{"@id":"https:\/\/www.correiobraziliense.com.br\/cbradar\/#\/schema\/person\/58422787644df994b53a19d3e56c1513"},"description":"Dormir com cachorro e gato n\u00e3o precisa ser sin\u00f4nimo de bagun\u00e7a. Descubra como proteger len\u00e7\u00f3is, controlar pelos e manter tudo sempre limpo e cheiroso.","breadcrumb":{"@id":"https:\/\/www.correiobraziliense.com.br\/cbradar\/o-segredo-para-dormir-com-seu-pet-sem-transformar-a-cama-num-caos-segundo-especialistas\/#breadcrumb"},"inLanguage":"pt-BR","potentialAction":[{"@type":"ReadAction","target":["https:\/\/www.correiobraziliense.com.br\/cbradar\/o-segredo-para-dormir-com-seu-pet-sem-transformar-a-cama-num-caos-segundo-especialistas\/"]}]},{"@type":"ImageObject","inLanguage":"pt-BR","@id":"https:\/\/www.correiobraziliense.com.br\/cbradar\/o-segredo-para-dormir-com-seu-pet-sem-transformar-a-cama-num-caos-segundo-especialistas\/#primaryimage","url":"https:\/\/www.correiobraziliense.com.br\/cbradar\/wp-content\/uploads\/2025\/06\/cachorro-na-cama_1751307308973.jpg","contentUrl":"https:\/\/www.correiobraziliense.com.br\/cbradar\/wp-content\/uploads\/2025\/06\/cachorro-na-cama_1751307308973.jpg","width":1280,"height":720,"caption":"cachorro na cama. Cr\u00e9ditos: depositphotos.com \/ AllaSerebrina"},{"@type":"BreadcrumbList","@id":"https:\/\/www.correiobraziliense.com.br\/cbradar\/o-segredo-para-dormir-com-seu-pet-sem-transformar-a-cama-num-caos-segundo-especialistas\/#breadcrumb","itemListElement":[{"@type":"ListItem","position":1,"name":"In\u00edcio","item":"https:\/\/www.correiobraziliense.com.br\/cbradar\/"},{"@type":"ListItem","position":2,"name":"O segredo para dormir com seu pet sem transformar a cama num caos, segundo especialistas"}]},{"@type":"WebSite","@id":"https:\/\/www.correiobraziliense.com.br\/cbradar\/#website","url":"https:\/\/www.correiobraziliense.com.br\/cbradar\/","name":"Correio Braziliense - Radar","description":"Acompanhe as \u00faltimas not\u00edcias e fique bem informado sobre tudo o que acontece no Brasil e no mundo.","potentialAction":[{"@type":"SearchAction","target":{"@type":"EntryPoint","urlTemplate":"https:\/\/www.correiobraziliense.com.br\/cbradar\/?s={search_term_string}"},"query-input":{"@type":"PropertyValueSpecification","valueRequired":true,"valueName":"search_term_string"}}],"inLanguage":"pt-BR"},{"@type":"Person","@id":"https:\/\/www.correiobraziliense.com.br\/cbradar\/#\/schema\/person\/58422787644df994b53a19d3e56c1513","name":"Larissa Carvalho","image":{"@type":"ImageObject","inLanguage":"pt-BR","@id":"https:\/\/www.correiobraziliense.com.br\/cbradar\/#\/schema\/person\/image\/","url":"https:\/\/secure.gravatar.com\/avatar\/fe4f91a0de32b52a838d0d612abdc1aa?s=96&d=mm&r=g","contentUrl":"https:\/\/secure.gravatar.com\/avatar\/fe4f91a0de32b52a838d0d612abdc1aa?s=96&d=mm&r=g","caption":"Larissa Carvalho"},"url":"https:\/\/www.correiobraziliense.com.br\/cbradar\/author\/larissamyth\/"}]}},"_links":{"self":[{"href":"https:\/\/www.correiobraziliense.com.br\/cbradar\/wp-json\/wp\/v2\/posts\/62352","targetHints":{"allow":["GET"]}}],"collection":[{"href":"https:\/\/www.correiobraziliense.com.br\/cbradar\/wp-json\/wp\/v2\/posts"}],"about":[{"href":"https:\/\/www.correiobraziliense.com.br\/cbradar\/wp-json\/wp\/v2\/types\/post"}],"author":[{"embeddable":true,"href":"https:\/\/www.correiobraziliense.com.br\/cbradar\/wp-json\/wp\/v2\/users\/3"}],"replies":[{"embeddable":true,"href":"https:\/\/www.correiobraziliense.com.br\/cbradar\/wp-json\/wp\/v2\/comments?post=62352"}],"version-history":[{"count":2,"href":"https:\/\/www.correiobraziliense.com.br\/cbradar\/wp-json\/wp\/v2\/posts\/62352\/revisions"}],"predecessor-version":[{"id":62359,"href":"https:\/\/www.correiobraziliense.com.br\/cbradar\/wp-json\/wp\/v2\/posts\/62352\/revisions\/62359"}],"wp:featuredmedia":[{"embeddable":true,"href":"https:\/\/www.correiobraziliense.com.br\/cbradar\/wp-json\/wp\/v2\/media\/62356"}],"wp:attachment":[{"href":"https:\/\/www.correiobraziliense.com.br\/cbradar\/wp-json\/wp\/v2\/media?parent=62352"}],"wp:term":[{"taxonomy":"category","embeddable":true,"href":"https:\/\/www.correiobraziliense.com.br\/cbradar\/wp-json\/wp\/v2\/categories?post=62352"},{"taxonomy":"post_tag","embeddable":true,"href":"https:\/\/www.correiobraziliense.com.br\/cbradar\/wp-json\/wp\/v2\/post_tag?post=62352"}],"curies":[{"name":"wp","href":"https:\/\/api.w.org\/{rel}","templated":true}]}}