{"id":62367,"date":"2025-07-01T20:23:00","date_gmt":"2025-07-01T23:23:00","guid":{"rendered":"https:\/\/www.correiobraziliense.com.br\/cbradar\/?p=62367"},"modified":"2025-06-30T15:26:53","modified_gmt":"2025-06-30T18:26:53","slug":"o-fenomeno-mais-intrigante-dos-desertos-que-esta-mexendo-com-a-ciencia-global","status":"publish","type":"post","link":"https:\/\/www.correiobraziliense.com.br\/cbradar\/o-fenomeno-mais-intrigante-dos-desertos-que-esta-mexendo-com-a-ciencia-global\/","title":{"rendered":"O fen\u00f4meno mais intrigante dos desertos que est\u00e1 mexendo com a ci\u00eancia global"},"content":{"rendered":"\n<p>Em regi\u00f5es des\u00e9rticas como <strong>Nam\u00edbia<\/strong>, <strong>Om\u00e3<\/strong> e <strong>Ar\u00e1bia Saudita<\/strong>, cientistas identificaram estruturas tubulares surpreendentes em rochas de m\u00e1rmore e calc\u00e1rio. Essas forma\u00e7\u00f5es, expostas pela eros\u00e3o, despertaram o interesse da comunidade cient\u00edfica por n\u00e3o se encaixarem em nenhum processo geol\u00f3gico conhecido. O achado levantou quest\u00f5es sobre a possibilidade de uma origem biol\u00f3gica, sugerindo a exist\u00eancia de formas de vida ainda n\u00e3o identificadas.<\/p>\n\n\n\n<p>O estudo dessas estruturas foi liderado por pesquisadores atentos \u00e0 composi\u00e7\u00e3o e \u00e0 disposi\u00e7\u00e3o dos tubos. <strong>O que mais chamou a aten\u00e7\u00e3o foi a regularidade e simetria dos canais, caracter\u00edsticas pouco comuns em fen\u00f4menos naturais sem interven\u00e7\u00e3o de organismos vivos.<\/strong> Ao analisar o material presente no interior dos tubos, os cientistas encontraram ind\u00edcios de atividade biol\u00f3gica, refor\u00e7ando a hip\u00f3tese de que um ser microsc\u00f3pico poderia estar por tr\u00e1s dessa forma\u00e7\u00e3o inusitada.<\/p>\n\n\n\n<h2 class=\"wp-block-heading\">O que s\u00e3o os tubos misteriosos encontrados nos desertos?<\/h2>\n\n\n\n<p><strong>Os tubos descobertos nas rochas desses desertos s\u00e3o canais finos, organizados e distribu\u00eddos de maneira ordenada, atravessando camadas de m\u00e1rmore e calc\u00e1rio.<\/strong> Diferentemente de fissuras naturais ou de marcas deixadas por eros\u00e3o, esses tubos apresentam padr\u00f5es que sugerem um agente formador com comportamento repetitivo e intencional. A aus\u00eancia de explica\u00e7\u00f5es geol\u00f3gicas plaus\u00edveis motivou a busca por respostas no campo da biologia, especialmente na microbiologia.<\/p>\n\n\n\n<h2 class=\"wp-block-heading\">Poss\u00edveis origens biol\u00f3gicas das estruturas tubulares<\/h2>\n\n\n\n<p>Os pesquisadores consideraram inicialmente que organismos conhecidos por habitar ambientes extremos, chamados extrem\u00f3filos, poderiam ser respons\u00e1veis pelas estruturas. Entre esses organismos, destacam-se bact\u00e9rias, fungos e l\u00edquens, alguns dos quais conseguem sobreviver dentro de rochas, fen\u00f4meno conhecido como endolitismo. No entanto, an\u00e1lises detalhadas eliminaram v\u00e1rias dessas possibilidades.<\/p>\n\n\n\n<ul class=\"wp-block-list\">\n<li><strong>Cianobact\u00e9rias<\/strong>: Dependem de luz solar para realizar fotoss\u00edntese, mas os tubos foram encontrados em camadas profundas e escuras das rochas.<\/li>\n\n\n\n<li><strong>Fungos<\/strong>: Costumam deixar tra\u00e7os qu\u00edmicos espec\u00edficos ao digerir minerais, o que n\u00e3o foi observado nas amostras analisadas.<\/li>\n\n\n\n<li><strong>L\u00edquens<\/strong>: Embora resistentes, n\u00e3o costumam formar estruturas t\u00e3o sim\u00e9tricas e espa\u00e7adas.<\/li>\n<\/ul>\n\n\n\n<p><strong>Essas exclus\u00f5es refor\u00e7aram a hip\u00f3tese de que um tipo ainda desconhecido de microrganismo poderia ter criado os tubos, talvez durante per\u00edodos em que o clima era mais \u00famido e prop\u00edcio \u00e0 vida microbiana.<\/strong><\/p>\n\n\n\n<figure class=\"wp-block-image size-large\"><img decoding=\"async\" width=\"1024\" height=\"576\" src=\"https:\/\/www.correiobraziliense.com.br\/cbradar\/wp-content\/uploads\/2025\/06\/deserto_1751307948948-1024x576.jpg\" alt=\"O fen\u00f4meno mais intrigante dos desertos que est\u00e1 mexendo com a ci\u00eancia global\" class=\"wp-image-62370\" srcset=\"https:\/\/www.correiobraziliense.com.br\/cbradar\/wp-content\/uploads\/2025\/06\/deserto_1751307948948-1024x576.jpg 1024w, https:\/\/www.correiobraziliense.com.br\/cbradar\/wp-content\/uploads\/2025\/06\/deserto_1751307948948-300x169.jpg 300w, https:\/\/www.correiobraziliense.com.br\/cbradar\/wp-content\/uploads\/2025\/06\/deserto_1751307948948-768x432.jpg 768w, https:\/\/www.correiobraziliense.com.br\/cbradar\/wp-content\/uploads\/2025\/06\/deserto_1751307948948-750x422.jpg 750w, https:\/\/www.correiobraziliense.com.br\/cbradar\/wp-content\/uploads\/2025\/06\/deserto_1751307948948-1140x641.jpg 1140w, https:\/\/www.correiobraziliense.com.br\/cbradar\/wp-content\/uploads\/2025\/06\/deserto_1751307948948.jpg 1280w\" sizes=\"(max-width: 1024px) 100vw, 1024px\" \/><figcaption class=\"wp-element-caption\">deserto. Cr\u00e9ditos: depositphotos.com \/ mitzo_bs<\/figcaption><\/figure>\n\n\n\n<h2 class=\"wp-block-heading\">Como a an\u00e1lise qu\u00edmica contribuiu para desvendar o mist\u00e9rio?<\/h2>\n\n\n\n<p><strong>O exame qu\u00edmico das rochas ao redor dos tubos revelou altera\u00e7\u00f5es compat\u00edveis com processos biol\u00f3gicos, e n\u00e3o com desgastes f\u00edsicos ou qu\u00edmicos tradicionais.<\/strong> Os microt\u00fabulos se formaram no interior das rochas, sugerindo uma atividade vital capaz de modificar o ambiente mineral. Essa evid\u00eancia foi fundamental para afastar explica\u00e7\u00f5es baseadas apenas em fen\u00f4menos naturais e refor\u00e7ar a busca por um agente biol\u00f3gico.<\/p>\n\n\n\n<ol class=\"wp-block-list\">\n<li>Identifica\u00e7\u00e3o dos tubos em rochas de m\u00e1rmore e calc\u00e1rio.<\/li>\n\n\n\n<li>An\u00e1lise da simetria e regularidade das estruturas.<\/li>\n\n\n\n<li>Exclus\u00e3o de agentes geol\u00f3gicos e de microrganismos conhecidos.<\/li>\n\n\n\n<li>Detec\u00e7\u00e3o de tra\u00e7os qu\u00edmicos indicativos de atividade biol\u00f3gica.<\/li>\n<\/ol>\n\n\n\n<p><strong>Esses passos permitiram aos cientistas avan\u00e7ar na compreens\u00e3o do fen\u00f4meno, mesmo sem identificar com precis\u00e3o o organismo respons\u00e1vel.<\/strong><\/p>\n\n\n\n<h2 class=\"wp-block-heading\">O que se sabe sobre a poss\u00edvel origem antiga desses microrganismos?<\/h2>\n\n\n\n<p><strong>Os ind\u00edcios apontam para a exist\u00eancia de um ser microsc\u00f3pico que viveu em \u00e9pocas em que as condi\u00e7\u00f5es ambientais eram diferentes das atuais.<\/strong> O clima mais \u00famido do passado poderia ter favorecido o desenvolvimento desses organismos, que teriam deixado suas marcas nas rochas antes do ambiente se tornar \u00e1rido. N\u00e3o h\u00e1 confirma\u00e7\u00e3o se alguma dessas formas de vida ainda persiste nos desertos, ou se representam esp\u00e9cies extintas h\u00e1 milh\u00f5es de anos.<\/p>\n\n\n\n<p><strong>O estudo das estruturas tubulares em rochas des\u00e9rticas continua a desafiar a ci\u00eancia, incentivando novas pesquisas sobre a diversidade e a resist\u00eancia da vida em ambientes extremos.<\/strong> O mist\u00e9rio permanece, mas cada descoberta contribui para ampliar o conhecimento sobre a hist\u00f3ria biol\u00f3gica da Terra e sobre as formas de vida que podem existir em condi\u00e7\u00f5es consideradas in\u00f3spitas.<\/p>\n","protected":false},"excerpt":{"rendered":"<p>Descoberta de tubos enigm\u00e1ticos em m\u00e1rmore e calc\u00e1rio agita o mundo cient\u00edfico e abre debate sobre poss\u00edveis microrganismos do passado.<\/p>\n","protected":false},"author":3,"featured_media":62369,"comment_status":"open","ping_status":"open","sticky":false,"template":"","format":"standard","meta":{"_yoast_wpseo_focuskw":"fen\u00f4meno desertos","_yoast_wpseo_title":"%%title%%","_yoast_wpseo_metadesc":"Descoberta de tubos enigm\u00e1ticos em m\u00e1rmore e calc\u00e1rio agita o mundo cient\u00edfico e abre debate sobre poss\u00edveis microrganismos do passado.","jnews-multi-image_gallery":[],"jnews_single_post":{"format":"standard"},"jnews_primary_category":[],"jnews_social_meta":[],"jnews_override_counter":[],"footnotes":""},"categories":[112],"post_tag":[736,144],"class_list":["post-62367","post","type-post","status-publish","format-standard","has-post-thumbnail","hentry","category-curiosidades","tag-ciencia","tag-curiosidades"],"yoast_head":"<!-- This site is optimized with the Yoast SEO plugin v24.6 - https:\/\/yoast.com\/wordpress\/plugins\/seo\/ -->\n<title>O fen\u00f4meno mais intrigante dos desertos que est\u00e1 mexendo com a ci\u00eancia global<\/title>\n<meta name=\"description\" content=\"Descoberta de tubos enigm\u00e1ticos em m\u00e1rmore e calc\u00e1rio agita o mundo cient\u00edfico e abre debate sobre poss\u00edveis microrganismos do passado.\" \/>\n<meta name=\"robots\" content=\"index, follow, max-snippet:-1, max-image-preview:large, max-video-preview:-1\" \/>\n<link rel=\"canonical\" href=\"https:\/\/www.correiobraziliense.com.br\/cbradar\/o-fenomeno-mais-intrigante-dos-desertos-que-esta-mexendo-com-a-ciencia-global\/\" \/>\n<meta property=\"og:locale\" content=\"pt_BR\" \/>\n<meta property=\"og:type\" content=\"article\" \/>\n<meta property=\"og:title\" content=\"O fen\u00f4meno mais intrigante dos desertos que est\u00e1 mexendo com a ci\u00eancia global\" \/>\n<meta property=\"og:description\" content=\"Descoberta de tubos enigm\u00e1ticos em m\u00e1rmore e calc\u00e1rio agita o mundo cient\u00edfico e abre debate sobre poss\u00edveis microrganismos do passado.\" \/>\n<meta property=\"og:url\" content=\"https:\/\/www.correiobraziliense.com.br\/cbradar\/o-fenomeno-mais-intrigante-dos-desertos-que-esta-mexendo-com-a-ciencia-global\/\" \/>\n<meta property=\"og:site_name\" content=\"Correio Braziliense - Radar\" \/>\n<meta property=\"article:published_time\" content=\"2025-07-01T23:23:00+00:00\" \/>\n<meta property=\"og:image\" content=\"https:\/\/www.correiobraziliense.com.br\/cbradar\/wp-content\/uploads\/2025\/06\/deserto_1751307886247.jpg\" \/>\n\t<meta property=\"og:image:width\" content=\"1280\" \/>\n\t<meta property=\"og:image:height\" content=\"720\" \/>\n\t<meta property=\"og:image:type\" content=\"image\/jpeg\" \/>\n<meta name=\"author\" content=\"Larissa Carvalho\" \/>\n<meta name=\"twitter:card\" content=\"summary_large_image\" \/>\n<meta name=\"twitter:label1\" content=\"Escrito por\" \/>\n\t<meta name=\"twitter:data1\" content=\"Larissa Carvalho\" \/>\n\t<meta name=\"twitter:label2\" content=\"Est. tempo de leitura\" \/>\n\t<meta name=\"twitter:data2\" content=\"4 minutos\" \/>\n<!-- \/ Yoast SEO plugin. -->","yoast_head_json":{"title":"O fen\u00f4meno mais intrigante dos desertos que est\u00e1 mexendo com a ci\u00eancia global","description":"Descoberta de tubos enigm\u00e1ticos em m\u00e1rmore e calc\u00e1rio agita o mundo cient\u00edfico e abre debate sobre poss\u00edveis microrganismos do passado.","robots":{"index":"index","follow":"follow","max-snippet":"max-snippet:-1","max-image-preview":"max-image-preview:large","max-video-preview":"max-video-preview:-1"},"canonical":"https:\/\/www.correiobraziliense.com.br\/cbradar\/o-fenomeno-mais-intrigante-dos-desertos-que-esta-mexendo-com-a-ciencia-global\/","og_locale":"pt_BR","og_type":"article","og_title":"O fen\u00f4meno mais intrigante dos desertos que est\u00e1 mexendo com a ci\u00eancia global","og_description":"Descoberta de tubos enigm\u00e1ticos em m\u00e1rmore e calc\u00e1rio agita o mundo cient\u00edfico e abre debate sobre poss\u00edveis microrganismos do passado.","og_url":"https:\/\/www.correiobraziliense.com.br\/cbradar\/o-fenomeno-mais-intrigante-dos-desertos-que-esta-mexendo-com-a-ciencia-global\/","og_site_name":"Correio Braziliense - Radar","article_published_time":"2025-07-01T23:23:00+00:00","og_image":[{"width":1280,"height":720,"url":"https:\/\/www.correiobraziliense.com.br\/cbradar\/wp-content\/uploads\/2025\/06\/deserto_1751307886247.jpg","type":"image\/jpeg"}],"author":"Larissa Carvalho","twitter_card":"summary_large_image","twitter_misc":{"Escrito por":"Larissa Carvalho","Est. tempo de leitura":"4 minutos"},"schema":{"@context":"https:\/\/schema.org","@graph":[{"@type":"WebPage","@id":"https:\/\/www.correiobraziliense.com.br\/cbradar\/o-fenomeno-mais-intrigante-dos-desertos-que-esta-mexendo-com-a-ciencia-global\/","url":"https:\/\/www.correiobraziliense.com.br\/cbradar\/o-fenomeno-mais-intrigante-dos-desertos-que-esta-mexendo-com-a-ciencia-global\/","name":"O fen\u00f4meno mais intrigante dos desertos que est\u00e1 mexendo com a ci\u00eancia global","isPartOf":{"@id":"https:\/\/www.correiobraziliense.com.br\/cbradar\/#website"},"primaryImageOfPage":{"@id":"https:\/\/www.correiobraziliense.com.br\/cbradar\/o-fenomeno-mais-intrigante-dos-desertos-que-esta-mexendo-com-a-ciencia-global\/#primaryimage"},"image":{"@id":"https:\/\/www.correiobraziliense.com.br\/cbradar\/o-fenomeno-mais-intrigante-dos-desertos-que-esta-mexendo-com-a-ciencia-global\/#primaryimage"},"thumbnailUrl":"https:\/\/www.correiobraziliense.com.br\/cbradar\/wp-content\/uploads\/2025\/06\/deserto_1751307886247.jpg","datePublished":"2025-07-01T23:23:00+00:00","author":{"@id":"https:\/\/www.correiobraziliense.com.br\/cbradar\/#\/schema\/person\/58422787644df994b53a19d3e56c1513"},"description":"Descoberta de tubos enigm\u00e1ticos em m\u00e1rmore e calc\u00e1rio agita o mundo cient\u00edfico e abre debate sobre poss\u00edveis microrganismos do passado.","breadcrumb":{"@id":"https:\/\/www.correiobraziliense.com.br\/cbradar\/o-fenomeno-mais-intrigante-dos-desertos-que-esta-mexendo-com-a-ciencia-global\/#breadcrumb"},"inLanguage":"pt-BR","potentialAction":[{"@type":"ReadAction","target":["https:\/\/www.correiobraziliense.com.br\/cbradar\/o-fenomeno-mais-intrigante-dos-desertos-que-esta-mexendo-com-a-ciencia-global\/"]}]},{"@type":"ImageObject","inLanguage":"pt-BR","@id":"https:\/\/www.correiobraziliense.com.br\/cbradar\/o-fenomeno-mais-intrigante-dos-desertos-que-esta-mexendo-com-a-ciencia-global\/#primaryimage","url":"https:\/\/www.correiobraziliense.com.br\/cbradar\/wp-content\/uploads\/2025\/06\/deserto_1751307886247.jpg","contentUrl":"https:\/\/www.correiobraziliense.com.br\/cbradar\/wp-content\/uploads\/2025\/06\/deserto_1751307886247.jpg","width":1280,"height":720,"caption":"deserto. Cr\u00e9ditos: depositphotos.com \/ photo-platon"},{"@type":"BreadcrumbList","@id":"https:\/\/www.correiobraziliense.com.br\/cbradar\/o-fenomeno-mais-intrigante-dos-desertos-que-esta-mexendo-com-a-ciencia-global\/#breadcrumb","itemListElement":[{"@type":"ListItem","position":1,"name":"In\u00edcio","item":"https:\/\/www.correiobraziliense.com.br\/cbradar\/"},{"@type":"ListItem","position":2,"name":"O fen\u00f4meno mais intrigante dos desertos que est\u00e1 mexendo com a ci\u00eancia global"}]},{"@type":"WebSite","@id":"https:\/\/www.correiobraziliense.com.br\/cbradar\/#website","url":"https:\/\/www.correiobraziliense.com.br\/cbradar\/","name":"Correio Braziliense - Radar","description":"Acompanhe as \u00faltimas not\u00edcias e fique bem informado sobre tudo o que acontece no Brasil e no mundo.","potentialAction":[{"@type":"SearchAction","target":{"@type":"EntryPoint","urlTemplate":"https:\/\/www.correiobraziliense.com.br\/cbradar\/?s={search_term_string}"},"query-input":{"@type":"PropertyValueSpecification","valueRequired":true,"valueName":"search_term_string"}}],"inLanguage":"pt-BR"},{"@type":"Person","@id":"https:\/\/www.correiobraziliense.com.br\/cbradar\/#\/schema\/person\/58422787644df994b53a19d3e56c1513","name":"Larissa Carvalho","image":{"@type":"ImageObject","inLanguage":"pt-BR","@id":"https:\/\/www.correiobraziliense.com.br\/cbradar\/#\/schema\/person\/image\/","url":"https:\/\/secure.gravatar.com\/avatar\/fe4f91a0de32b52a838d0d612abdc1aa?s=96&d=mm&r=g","contentUrl":"https:\/\/secure.gravatar.com\/avatar\/fe4f91a0de32b52a838d0d612abdc1aa?s=96&d=mm&r=g","caption":"Larissa Carvalho"},"url":"https:\/\/www.correiobraziliense.com.br\/cbradar\/author\/larissamyth\/"}]}},"_links":{"self":[{"href":"https:\/\/www.correiobraziliense.com.br\/cbradar\/wp-json\/wp\/v2\/posts\/62367","targetHints":{"allow":["GET"]}}],"collection":[{"href":"https:\/\/www.correiobraziliense.com.br\/cbradar\/wp-json\/wp\/v2\/posts"}],"about":[{"href":"https:\/\/www.correiobraziliense.com.br\/cbradar\/wp-json\/wp\/v2\/types\/post"}],"author":[{"embeddable":true,"href":"https:\/\/www.correiobraziliense.com.br\/cbradar\/wp-json\/wp\/v2\/users\/3"}],"replies":[{"embeddable":true,"href":"https:\/\/www.correiobraziliense.com.br\/cbradar\/wp-json\/wp\/v2\/comments?post=62367"}],"version-history":[{"count":2,"href":"https:\/\/www.correiobraziliense.com.br\/cbradar\/wp-json\/wp\/v2\/posts\/62367\/revisions"}],"predecessor-version":[{"id":62371,"href":"https:\/\/www.correiobraziliense.com.br\/cbradar\/wp-json\/wp\/v2\/posts\/62367\/revisions\/62371"}],"wp:featuredmedia":[{"embeddable":true,"href":"https:\/\/www.correiobraziliense.com.br\/cbradar\/wp-json\/wp\/v2\/media\/62369"}],"wp:attachment":[{"href":"https:\/\/www.correiobraziliense.com.br\/cbradar\/wp-json\/wp\/v2\/media?parent=62367"}],"wp:term":[{"taxonomy":"category","embeddable":true,"href":"https:\/\/www.correiobraziliense.com.br\/cbradar\/wp-json\/wp\/v2\/categories?post=62367"},{"taxonomy":"post_tag","embeddable":true,"href":"https:\/\/www.correiobraziliense.com.br\/cbradar\/wp-json\/wp\/v2\/post_tag?post=62367"}],"curies":[{"name":"wp","href":"https:\/\/api.w.org\/{rel}","templated":true}]}}