{"id":62372,"date":"2025-07-01T08:23:00","date_gmt":"2025-07-01T11:23:00","guid":{"rendered":"https:\/\/www.correiobraziliense.com.br\/cbradar\/?p=62372"},"modified":"2025-06-30T15:30:50","modified_gmt":"2025-06-30T18:30:50","slug":"remover-essa-coisa-da-sua-dieta-pode-aumentar-drasticamente-a-expectativa-de-vida","status":"publish","type":"post","link":"https:\/\/www.correiobraziliense.com.br\/cbradar\/remover-essa-coisa-da-sua-dieta-pode-aumentar-drasticamente-a-expectativa-de-vida\/","title":{"rendered":"Remover essa coisa da sua dieta pode aumentar drasticamente a expectativa de vida"},"content":{"rendered":"\n<p>Pesquisas recentes t\u00eam destacado a influ\u00eancia dos amino\u00e1cidos na sa\u00fade e na longevidade, com especial aten\u00e7\u00e3o para a <strong>isoleucina<\/strong>, um dos componentes essenciais das prote\u00ednas. Estudos conduzidos em animais sugerem que a redu\u00e7\u00e3o desse amino\u00e1cido espec\u00edfico pode impactar positivamente a expectativa de vida e o metabolismo, sem exigir restri\u00e7\u00f5es cal\u00f3ricas severas. Esse tema desperta interesse entre cientistas e profissionais de sa\u00fade, que buscam alternativas vi\u00e1veis para promover o envelhecimento saud\u00e1vel.<\/p>\n\n\n\n<p>A <strong>isoleucina<\/strong>, presente em diversos alimentos de origem animal e vegetal, desempenha fun\u00e7\u00f5es vitais no organismo humano, como a produ\u00e7\u00e3o de hemoglobina e o fortalecimento do sistema imunol\u00f3gico. No entanto, evid\u00eancias apontam que o consumo excessivo desse amino\u00e1cido, comum em dietas ocidentais, pode estar relacionado ao aumento do risco de doen\u00e7as metab\u00f3licas e ao ac\u00famulo de gordura corporal. A busca por estrat\u00e9gias alimentares que equilibrem a ingest\u00e3o de isoleucina tem ganhado destaque em pesquisas nutricionais.<\/p>\n\n\n\n<h2 class=\"wp-block-heading\">O que \u00e9 isoleucina e por que ela \u00e9 importante?<\/h2>\n\n\n\n<p><strong>A isoleucina \u00e9 um dos nove amino\u00e1cidos essenciais, ou seja, n\u00e3o pode ser produzida pelo corpo e precisa ser obtida por meio da alimenta\u00e7\u00e3o.<\/strong> Ela est\u00e1 envolvida em processos como a repara\u00e7\u00e3o muscular, a regula\u00e7\u00e3o do a\u00e7\u00facar no sangue e a produ\u00e7\u00e3o de energia. Alimentos como ovos, carnes, latic\u00ednios, soja e algumas leguminosas s\u00e3o fontes ricas desse nutriente. Apesar de sua import\u00e2ncia, o excesso de isoleucina pode sobrecarregar vias metab\u00f3licas associadas ao envelhecimento e ao desenvolvimento de doen\u00e7as cr\u00f4nicas.<\/p>\n\n\n\n<h2 class=\"wp-block-heading\">Como a redu\u00e7\u00e3o da isoleucina pode influenciar a longevidade?<\/h2>\n\n\n\n<p><strong>Estudos realizados em camundongos demonstraram que a diminui\u00e7\u00e3o da ingest\u00e3o de isoleucina, sem a necessidade de reduzir o total de calorias, levou a melhorias significativas na composi\u00e7\u00e3o corporal e no controle glic\u00eamico.<\/strong> Os animais submetidos a dietas com menos isoleucina apresentaram menor ac\u00famulo de gordura, maior sensibilidade \u00e0 insulina e aumento na expectativa de vida, especialmente entre os machos. Esses resultados sugerem que o ajuste de um \u00fanico amino\u00e1cido pode trazer benef\u00edcios compar\u00e1veis aos observados em dietas de restri\u00e7\u00e3o cal\u00f3rica, mas sem os efeitos colaterais do d\u00e9ficit energ\u00e9tico.<\/p>\n\n\n\n<figure class=\"wp-block-image size-large\"><img decoding=\"async\" width=\"1024\" height=\"576\" src=\"https:\/\/www.correiobraziliense.com.br\/cbradar\/wp-content\/uploads\/2025\/06\/longevidade_1751308207481-1024x576.jpg\" alt=\"Remover essa coisa da sua dieta pode aumentar drasticamente a expectativa de vida\" class=\"wp-image-62375\" srcset=\"https:\/\/www.correiobraziliense.com.br\/cbradar\/wp-content\/uploads\/2025\/06\/longevidade_1751308207481-1024x576.jpg 1024w, https:\/\/www.correiobraziliense.com.br\/cbradar\/wp-content\/uploads\/2025\/06\/longevidade_1751308207481-300x169.jpg 300w, https:\/\/www.correiobraziliense.com.br\/cbradar\/wp-content\/uploads\/2025\/06\/longevidade_1751308207481-768x432.jpg 768w, https:\/\/www.correiobraziliense.com.br\/cbradar\/wp-content\/uploads\/2025\/06\/longevidade_1751308207481-750x422.jpg 750w, https:\/\/www.correiobraziliense.com.br\/cbradar\/wp-content\/uploads\/2025\/06\/longevidade_1751308207481-1140x641.jpg 1140w, https:\/\/www.correiobraziliense.com.br\/cbradar\/wp-content\/uploads\/2025\/06\/longevidade_1751308207481.jpg 1280w\" sizes=\"(max-width: 1024px) 100vw, 1024px\" \/><figcaption class=\"wp-element-caption\">longevidade. Cr\u00e9ditos: depositphotos.com \/ SeventyFour<\/figcaption><\/figure>\n\n\n\n<h2 class=\"wp-block-heading\">Quais alimentos cont\u00eam menos isoleucina?<\/h2>\n\n\n\n<p><strong>Para quem deseja moderar a ingest\u00e3o desse amino\u00e1cido, algumas escolhas alimentares podem ser estrat\u00e9gicas.<\/strong> Alimentos de origem vegetal, como gr\u00e3os integrais, frutas, verduras e leguminosas, tendem a apresentar menores concentra\u00e7\u00f5es de isoleucina em compara\u00e7\u00e3o com carnes vermelhas, ovos e latic\u00ednios. Uma alimenta\u00e7\u00e3o balanceada, baseada em variedade e modera\u00e7\u00e3o, pode contribuir para manter n\u00edveis adequados desse nutriente sem excessos.<\/p>\n\n\n\n<ul class=\"wp-block-list\">\n<li><strong>Leguminosas:<\/strong> feij\u00e3o, lentilha e gr\u00e3o-de-bico<\/li>\n\n\n\n<li><strong>Verduras:<\/strong> espinafre, couve e br\u00f3colis<\/li>\n\n\n\n<li><strong>Frutas:<\/strong> ma\u00e7\u00e3, pera e banana<\/li>\n\n\n\n<li><strong>Gr\u00e3os integrais:<\/strong> arroz integral, aveia e quinoa<\/li>\n<\/ul>\n\n\n\n<h2 class=\"wp-block-heading\">Como adaptar a dieta para reduzir a isoleucina?<\/h2>\n\n\n\n<p><strong>Para ajustar a ingest\u00e3o de isoleucina, n\u00e3o \u00e9 necess\u00e1rio adotar restri\u00e7\u00f5es extremas.<\/strong> Pequenas mudan\u00e7as no card\u00e1pio podem fazer diferen\u00e7a. Substituir parte das prote\u00ednas animais por op\u00e7\u00f5es vegetais, diversificar as fontes de prote\u00edna e priorizar alimentos minimamente processados s\u00e3o estrat\u00e9gias recomendadas por nutricionistas. Al\u00e9m disso, o acompanhamento profissional \u00e9 fundamental para garantir que todas as necessidades nutricionais sejam atendidas.<\/p>\n\n\n\n<ol class=\"wp-block-list\">\n<li>Inclua mais vegetais e leguminosas nas refei\u00e7\u00f5es principais.<\/li>\n\n\n\n<li>Reduza o consumo de carnes vermelhas e latic\u00ednios.<\/li>\n\n\n\n<li>Prefira gr\u00e3os integrais no lugar de refinados.<\/li>\n\n\n\n<li>Consulte um nutricionista para orienta\u00e7\u00f5es personalizadas.<\/li>\n<\/ol>\n\n\n\n<p><strong>Embora as pesquisas em humanos ainda estejam em andamento, as descobertas recentes indicam que a modera\u00e7\u00e3o na ingest\u00e3o de isoleucina pode ser uma alternativa promissora para promover sa\u00fade metab\u00f3lica e aumentar a longevidade.<\/strong> A ado\u00e7\u00e3o de h\u00e1bitos alimentares equilibrados, com foco na variedade e na qualidade dos alimentos, segue sendo uma recomenda\u00e7\u00e3o central para quem busca envelhecer com mais sa\u00fade e vitalidade.<\/p>\n","protected":false},"excerpt":{"rendered":"<p>Amino\u00e1cidos em excesso podem impactar o envelhecimento. Veja dicas para equilibrar a isoleucina, manter o metabolismo saud\u00e1vel e viver mais com qualidade.<\/p>\n","protected":false},"author":3,"featured_media":62374,"comment_status":"open","ping_status":"open","sticky":false,"template":"","format":"standard","meta":{"_yoast_wpseo_focuskw":"expectativa de vida","_yoast_wpseo_title":"%%title%%","_yoast_wpseo_metadesc":"Amino\u00e1cidos em excesso podem impactar o envelhecimento. Veja dicas para equilibrar a isoleucina, manter o metabolismo saud\u00e1vel e viver mais com qualidade.","jnews-multi-image_gallery":[],"jnews_single_post":{"format":"standard"},"jnews_primary_category":[],"jnews_social_meta":[],"jnews_override_counter":[],"footnotes":""},"categories":[112],"post_tag":[144,232],"class_list":["post-62372","post","type-post","status-publish","format-standard","has-post-thumbnail","hentry","category-curiosidades","tag-curiosidades","tag-longevidade"],"yoast_head":"<!-- This site is optimized with the Yoast SEO plugin v24.6 - https:\/\/yoast.com\/wordpress\/plugins\/seo\/ -->\n<title>Remover essa coisa da sua dieta pode aumentar drasticamente a expectativa de vida<\/title>\n<meta name=\"description\" content=\"Amino\u00e1cidos em excesso podem impactar o envelhecimento. Veja dicas para equilibrar a isoleucina, manter o metabolismo saud\u00e1vel e viver mais com qualidade.\" \/>\n<meta name=\"robots\" content=\"index, follow, max-snippet:-1, max-image-preview:large, max-video-preview:-1\" \/>\n<link rel=\"canonical\" href=\"https:\/\/www.correiobraziliense.com.br\/cbradar\/remover-essa-coisa-da-sua-dieta-pode-aumentar-drasticamente-a-expectativa-de-vida\/\" \/>\n<meta property=\"og:locale\" content=\"pt_BR\" \/>\n<meta property=\"og:type\" content=\"article\" \/>\n<meta property=\"og:title\" content=\"Remover essa coisa da sua dieta pode aumentar drasticamente a expectativa de vida\" \/>\n<meta property=\"og:description\" content=\"Amino\u00e1cidos em excesso podem impactar o envelhecimento. Veja dicas para equilibrar a isoleucina, manter o metabolismo saud\u00e1vel e viver mais com qualidade.\" \/>\n<meta property=\"og:url\" content=\"https:\/\/www.correiobraziliense.com.br\/cbradar\/remover-essa-coisa-da-sua-dieta-pode-aumentar-drasticamente-a-expectativa-de-vida\/\" \/>\n<meta property=\"og:site_name\" content=\"Correio Braziliense - Radar\" \/>\n<meta property=\"article:published_time\" content=\"2025-07-01T11:23:00+00:00\" \/>\n<meta property=\"og:image\" content=\"https:\/\/www.correiobraziliense.com.br\/cbradar\/wp-content\/uploads\/2025\/06\/longevidade_1751308143469.jpg\" \/>\n\t<meta property=\"og:image:width\" content=\"1280\" \/>\n\t<meta property=\"og:image:height\" content=\"720\" \/>\n\t<meta property=\"og:image:type\" content=\"image\/jpeg\" \/>\n<meta name=\"author\" content=\"Larissa Carvalho\" \/>\n<meta name=\"twitter:card\" content=\"summary_large_image\" \/>\n<meta name=\"twitter:label1\" content=\"Escrito por\" \/>\n\t<meta name=\"twitter:data1\" content=\"Larissa Carvalho\" \/>\n\t<meta name=\"twitter:label2\" content=\"Est. tempo de leitura\" \/>\n\t<meta name=\"twitter:data2\" content=\"4 minutos\" \/>\n<!-- \/ Yoast SEO plugin. -->","yoast_head_json":{"title":"Remover essa coisa da sua dieta pode aumentar drasticamente a expectativa de vida","description":"Amino\u00e1cidos em excesso podem impactar o envelhecimento. Veja dicas para equilibrar a isoleucina, manter o metabolismo saud\u00e1vel e viver mais com qualidade.","robots":{"index":"index","follow":"follow","max-snippet":"max-snippet:-1","max-image-preview":"max-image-preview:large","max-video-preview":"max-video-preview:-1"},"canonical":"https:\/\/www.correiobraziliense.com.br\/cbradar\/remover-essa-coisa-da-sua-dieta-pode-aumentar-drasticamente-a-expectativa-de-vida\/","og_locale":"pt_BR","og_type":"article","og_title":"Remover essa coisa da sua dieta pode aumentar drasticamente a expectativa de vida","og_description":"Amino\u00e1cidos em excesso podem impactar o envelhecimento. Veja dicas para equilibrar a isoleucina, manter o metabolismo saud\u00e1vel e viver mais com qualidade.","og_url":"https:\/\/www.correiobraziliense.com.br\/cbradar\/remover-essa-coisa-da-sua-dieta-pode-aumentar-drasticamente-a-expectativa-de-vida\/","og_site_name":"Correio Braziliense - Radar","article_published_time":"2025-07-01T11:23:00+00:00","og_image":[{"width":1280,"height":720,"url":"https:\/\/www.correiobraziliense.com.br\/cbradar\/wp-content\/uploads\/2025\/06\/longevidade_1751308143469.jpg","type":"image\/jpeg"}],"author":"Larissa Carvalho","twitter_card":"summary_large_image","twitter_misc":{"Escrito por":"Larissa Carvalho","Est. tempo de leitura":"4 minutos"},"schema":{"@context":"https:\/\/schema.org","@graph":[{"@type":"WebPage","@id":"https:\/\/www.correiobraziliense.com.br\/cbradar\/remover-essa-coisa-da-sua-dieta-pode-aumentar-drasticamente-a-expectativa-de-vida\/","url":"https:\/\/www.correiobraziliense.com.br\/cbradar\/remover-essa-coisa-da-sua-dieta-pode-aumentar-drasticamente-a-expectativa-de-vida\/","name":"Remover essa coisa da sua dieta pode aumentar drasticamente a expectativa de vida","isPartOf":{"@id":"https:\/\/www.correiobraziliense.com.br\/cbradar\/#website"},"primaryImageOfPage":{"@id":"https:\/\/www.correiobraziliense.com.br\/cbradar\/remover-essa-coisa-da-sua-dieta-pode-aumentar-drasticamente-a-expectativa-de-vida\/#primaryimage"},"image":{"@id":"https:\/\/www.correiobraziliense.com.br\/cbradar\/remover-essa-coisa-da-sua-dieta-pode-aumentar-drasticamente-a-expectativa-de-vida\/#primaryimage"},"thumbnailUrl":"https:\/\/www.correiobraziliense.com.br\/cbradar\/wp-content\/uploads\/2025\/06\/longevidade_1751308143469.jpg","datePublished":"2025-07-01T11:23:00+00:00","author":{"@id":"https:\/\/www.correiobraziliense.com.br\/cbradar\/#\/schema\/person\/58422787644df994b53a19d3e56c1513"},"description":"Amino\u00e1cidos em excesso podem impactar o envelhecimento. Veja dicas para equilibrar a isoleucina, manter o metabolismo saud\u00e1vel e viver mais com qualidade.","breadcrumb":{"@id":"https:\/\/www.correiobraziliense.com.br\/cbradar\/remover-essa-coisa-da-sua-dieta-pode-aumentar-drasticamente-a-expectativa-de-vida\/#breadcrumb"},"inLanguage":"pt-BR","potentialAction":[{"@type":"ReadAction","target":["https:\/\/www.correiobraziliense.com.br\/cbradar\/remover-essa-coisa-da-sua-dieta-pode-aumentar-drasticamente-a-expectativa-de-vida\/"]}]},{"@type":"ImageObject","inLanguage":"pt-BR","@id":"https:\/\/www.correiobraziliense.com.br\/cbradar\/remover-essa-coisa-da-sua-dieta-pode-aumentar-drasticamente-a-expectativa-de-vida\/#primaryimage","url":"https:\/\/www.correiobraziliense.com.br\/cbradar\/wp-content\/uploads\/2025\/06\/longevidade_1751308143469.jpg","contentUrl":"https:\/\/www.correiobraziliense.com.br\/cbradar\/wp-content\/uploads\/2025\/06\/longevidade_1751308143469.jpg","width":1280,"height":720,"caption":"Longevidade. Cr\u00e9ditos: depositphotos.com \/ XiXinXing"},{"@type":"BreadcrumbList","@id":"https:\/\/www.correiobraziliense.com.br\/cbradar\/remover-essa-coisa-da-sua-dieta-pode-aumentar-drasticamente-a-expectativa-de-vida\/#breadcrumb","itemListElement":[{"@type":"ListItem","position":1,"name":"In\u00edcio","item":"https:\/\/www.correiobraziliense.com.br\/cbradar\/"},{"@type":"ListItem","position":2,"name":"Remover essa coisa da sua dieta pode aumentar drasticamente a expectativa de vida"}]},{"@type":"WebSite","@id":"https:\/\/www.correiobraziliense.com.br\/cbradar\/#website","url":"https:\/\/www.correiobraziliense.com.br\/cbradar\/","name":"Correio Braziliense - Radar","description":"Acompanhe as \u00faltimas not\u00edcias e fique bem informado sobre tudo o que acontece no Brasil e no mundo.","potentialAction":[{"@type":"SearchAction","target":{"@type":"EntryPoint","urlTemplate":"https:\/\/www.correiobraziliense.com.br\/cbradar\/?s={search_term_string}"},"query-input":{"@type":"PropertyValueSpecification","valueRequired":true,"valueName":"search_term_string"}}],"inLanguage":"pt-BR"},{"@type":"Person","@id":"https:\/\/www.correiobraziliense.com.br\/cbradar\/#\/schema\/person\/58422787644df994b53a19d3e56c1513","name":"Larissa Carvalho","image":{"@type":"ImageObject","inLanguage":"pt-BR","@id":"https:\/\/www.correiobraziliense.com.br\/cbradar\/#\/schema\/person\/image\/","url":"https:\/\/secure.gravatar.com\/avatar\/fe4f91a0de32b52a838d0d612abdc1aa?s=96&d=mm&r=g","contentUrl":"https:\/\/secure.gravatar.com\/avatar\/fe4f91a0de32b52a838d0d612abdc1aa?s=96&d=mm&r=g","caption":"Larissa Carvalho"},"url":"https:\/\/www.correiobraziliense.com.br\/cbradar\/author\/larissamyth\/"}]}},"_links":{"self":[{"href":"https:\/\/www.correiobraziliense.com.br\/cbradar\/wp-json\/wp\/v2\/posts\/62372","targetHints":{"allow":["GET"]}}],"collection":[{"href":"https:\/\/www.correiobraziliense.com.br\/cbradar\/wp-json\/wp\/v2\/posts"}],"about":[{"href":"https:\/\/www.correiobraziliense.com.br\/cbradar\/wp-json\/wp\/v2\/types\/post"}],"author":[{"embeddable":true,"href":"https:\/\/www.correiobraziliense.com.br\/cbradar\/wp-json\/wp\/v2\/users\/3"}],"replies":[{"embeddable":true,"href":"https:\/\/www.correiobraziliense.com.br\/cbradar\/wp-json\/wp\/v2\/comments?post=62372"}],"version-history":[{"count":2,"href":"https:\/\/www.correiobraziliense.com.br\/cbradar\/wp-json\/wp\/v2\/posts\/62372\/revisions"}],"predecessor-version":[{"id":62376,"href":"https:\/\/www.correiobraziliense.com.br\/cbradar\/wp-json\/wp\/v2\/posts\/62372\/revisions\/62376"}],"wp:featuredmedia":[{"embeddable":true,"href":"https:\/\/www.correiobraziliense.com.br\/cbradar\/wp-json\/wp\/v2\/media\/62374"}],"wp:attachment":[{"href":"https:\/\/www.correiobraziliense.com.br\/cbradar\/wp-json\/wp\/v2\/media?parent=62372"}],"wp:term":[{"taxonomy":"category","embeddable":true,"href":"https:\/\/www.correiobraziliense.com.br\/cbradar\/wp-json\/wp\/v2\/categories?post=62372"},{"taxonomy":"post_tag","embeddable":true,"href":"https:\/\/www.correiobraziliense.com.br\/cbradar\/wp-json\/wp\/v2\/post_tag?post=62372"}],"curies":[{"name":"wp","href":"https:\/\/api.w.org\/{rel}","templated":true}]}}