{"id":62377,"date":"2025-07-01T13:03:00","date_gmt":"2025-07-01T16:03:00","guid":{"rendered":"https:\/\/www.correiobraziliense.com.br\/cbradar\/?p=62377"},"modified":"2025-06-30T15:33:24","modified_gmt":"2025-06-30T18:33:24","slug":"o-segredo-das-pessoas-mais-ativas-apos-os-50-segundo-especialistas-em-saude","status":"publish","type":"post","link":"https:\/\/www.correiobraziliense.com.br\/cbradar\/o-segredo-das-pessoas-mais-ativas-apos-os-50-segundo-especialistas-em-saude\/","title":{"rendered":"O segredo das pessoas mais ativas ap\u00f3s os 50, segundo especialistas em sa\u00fade"},"content":{"rendered":"\n<p>O cuidado com a sa\u00fade f\u00edsica ao longo da vida tem se mostrado fundamental para garantir autonomia e qualidade de vida na maturidade. Profissionais que atuam em reabilita\u00e7\u00e3o e ortopedia frequentemente observam que limita\u00e7\u00f5es de mobilidade e dores cr\u00f4nicas n\u00e3o surgem apenas com o envelhecimento, mas est\u00e3o fortemente relacionadas ao sedentarismo e \u00e0 falta de exerc\u00edcios regulares durante as d\u00e9cadas anteriores.<\/p>\n\n\n\n<p>\u00c9 comum acreditar que a perda de for\u00e7a e agilidade \u00e9 uma consequ\u00eancia inevit\u00e1vel da idade. No entanto, relatos de especialistas indicam que a manuten\u00e7\u00e3o de atividades f\u00edsicas, como exerc\u00edcios de for\u00e7a e atividades aer\u00f3bicas, <strong>pode prevenir muitos dos problemas frequentemente associados ao envelhecimento, como dores nas costas, dificuldades para se levantar do ch\u00e3o e quedas recorrentes.<\/strong><\/p>\n\n\n\n<h2 class=\"wp-block-heading\">Por que a atividade f\u00edsica \u00e9 essencial em todas as fases da vida?<\/h2>\n\n\n\n<p><strong>O corpo humano responde positivamente ao movimento desde a inf\u00e2ncia at\u00e9 a terceira idade.<\/strong> A pr\u00e1tica regular de exerc\u00edcios f\u00edsicos contribui para a preserva\u00e7\u00e3o da massa muscular, fortalecimento dos ossos e manuten\u00e7\u00e3o da flexibilidade. Al\u00e9m disso, atividades como caminhada, nata\u00e7\u00e3o e muscula\u00e7\u00e3o ajudam a controlar o peso corporal e a prevenir doen\u00e7as cr\u00f4nicas, como diabetes e hipertens\u00e3o.<\/p>\n\n\n\n<p><strong>Ao longo dos anos, quem mant\u00e9m uma rotina de exerc\u00edcios moderados tende a apresentar menor incid\u00eancia de dores articulares e musculares.<\/strong> A realiza\u00e7\u00e3o de movimentos simples, como levantar-se do ch\u00e3o ou realizar uma flex\u00e3o, pode se tornar um desafio para quem n\u00e3o cultiva h\u00e1bitos ativos, mesmo entre pessoas consideradas bem-sucedidas em outras \u00e1reas da vida.<\/p>\n\n\n\n<h2 class=\"wp-block-heading\">Quais s\u00e3o os riscos do sedentarismo entre adultos?<\/h2>\n\n\n\n<p><strong>O sedentarismo est\u00e1 diretamente associado ao aumento de problemas de sa\u00fade, especialmente entre adultos de 20 a 60 anos.<\/strong> A falta de atividade f\u00edsica pode resultar em ganho de peso, redu\u00e7\u00e3o da for\u00e7a muscular e maior propens\u00e3o a les\u00f5es. Al\u00e9m disso, a inatividade favorece o surgimento de dores cr\u00f4nicas, principalmente na regi\u00e3o lombar e cervical, que podem limitar a independ\u00eancia e o bem-estar.<\/p>\n\n\n\n<ul class=\"wp-block-list\">\n<li><strong>Dores cr\u00f4nicas:<\/strong> A aus\u00eancia de exerc\u00edcios regulares pode levar ao enfraquecimento dos m\u00fasculos de sustenta\u00e7\u00e3o, aumentando o risco de desconfortos persistentes.<\/li>\n\n\n\n<li><strong>Obesidade:<\/strong> O ac\u00famulo de gordura corporal est\u00e1 relacionado \u00e0 falta de movimento e pode desencadear outras doen\u00e7as metab\u00f3licas.<\/li>\n\n\n\n<li><strong>Quedas e les\u00f5es:<\/strong> A perda de equil\u00edbrio e for\u00e7a muscular eleva a probabilidade de quedas, especialmente em pessoas mais velhas.<\/li>\n<\/ul>\n\n\n\n<figure class=\"wp-block-image size-large\"><img decoding=\"async\" width=\"1024\" height=\"576\" src=\"https:\/\/www.correiobraziliense.com.br\/cbradar\/wp-content\/uploads\/2025\/06\/sedentarismo_1751308380653-1024x576.jpg\" alt=\"O segredo das pessoas mais ativas ap\u00f3s os 50, segundo especialistas em sa\u00fade\" class=\"wp-image-62380\" srcset=\"https:\/\/www.correiobraziliense.com.br\/cbradar\/wp-content\/uploads\/2025\/06\/sedentarismo_1751308380653-1024x576.jpg 1024w, https:\/\/www.correiobraziliense.com.br\/cbradar\/wp-content\/uploads\/2025\/06\/sedentarismo_1751308380653-300x169.jpg 300w, https:\/\/www.correiobraziliense.com.br\/cbradar\/wp-content\/uploads\/2025\/06\/sedentarismo_1751308380653-768x432.jpg 768w, https:\/\/www.correiobraziliense.com.br\/cbradar\/wp-content\/uploads\/2025\/06\/sedentarismo_1751308380653-750x422.jpg 750w, https:\/\/www.correiobraziliense.com.br\/cbradar\/wp-content\/uploads\/2025\/06\/sedentarismo_1751308380653-1140x641.jpg 1140w, https:\/\/www.correiobraziliense.com.br\/cbradar\/wp-content\/uploads\/2025\/06\/sedentarismo_1751308380653.jpg 1280w\" sizes=\"(max-width: 1024px) 100vw, 1024px\" \/><figcaption class=\"wp-element-caption\">sedentarismo. Cr\u00e9ditos: depositphotos.com \/ BiancoBlue<\/figcaption><\/figure>\n\n\n\n<h2 class=\"wp-block-heading\">Como incorporar exerc\u00edcios f\u00edsicos na rotina?<\/h2>\n\n\n\n<p><strong>Manter-se ativo n\u00e3o exige necessariamente a pr\u00e1tica de esportes de alto rendimento.<\/strong> Pequenas mudan\u00e7as de h\u00e1bito podem fazer grande diferen\u00e7a na sa\u00fade ao longo dos anos. O ideal \u00e9 buscar atividades que proporcionem prazer e possam ser realizadas de forma consistente, respeitando as limita\u00e7\u00f5es individuais.<\/p>\n\n\n\n<ol class=\"wp-block-list\">\n<li>Inclua caminhadas di\u00e1rias, mesmo que curtas, para estimular a circula\u00e7\u00e3o e fortalecer as pernas.<\/li>\n\n\n\n<li>Adote exerc\u00edcios de fortalecimento muscular, como agachamentos, flex\u00f5es ou uso de faixas el\u00e1sticas.<\/li>\n\n\n\n<li>Reserve momentos para alongamentos, promovendo maior flexibilidade e prevenindo les\u00f5es.<\/li>\n\n\n\n<li>Consulte um profissional de educa\u00e7\u00e3o f\u00edsica ou fisioterapeuta para orienta\u00e7\u00f5es personalizadas.<\/li>\n<\/ol>\n\n\n\n<p><strong>O acompanhamento de profissionais especializados pode ajudar a adaptar os exerc\u00edcios \u00e0s necessidades de cada pessoa, evitando sobrecargas e promovendo resultados mais seguros.<\/strong> A recomenda\u00e7\u00e3o \u00e9 que adultos pratiquem pelo menos 150 minutos de atividade f\u00edsica moderada por semana, conforme orienta\u00e7\u00f5es atualizadas de \u00f3rg\u00e3os de sa\u00fade em 2025.<\/p>\n\n\n\n<h2 class=\"wp-block-heading\">Quais s\u00e3o os benef\u00edcios de manter a atividade f\u00edsica ap\u00f3s os 50 anos?<\/h2>\n\n\n\n<p><strong>Ap\u00f3s os 50 anos, a pr\u00e1tica regular de exerc\u00edcios contribui para a manuten\u00e7\u00e3o da independ\u00eancia funcional, redu\u00e7\u00e3o do risco de quedas e melhora da postura.<\/strong> Al\u00e9m disso, movimentar-se regularmente auxilia no controle do peso, no fortalecimento do sistema cardiovascular e na preven\u00e7\u00e3o de doen\u00e7as cr\u00f4nicas.<\/p>\n\n\n\n<p><strong>Adotar um estilo de vida ativo desde cedo, sem interrup\u00e7\u00f5es durante a vida adulta, pode evitar limita\u00e7\u00f5es comuns na terceira idade.<\/strong> O investimento em sa\u00fade f\u00edsica, por meio de exerc\u00edcios e h\u00e1bitos saud\u00e1veis, \u00e9 uma estrat\u00e9gia eficaz para preservar a autonomia e o bem-estar ao longo do tempo.<\/p>\n","protected":false},"excerpt":{"rendered":"<p>Movimente-se! Exerc\u00edcios f\u00edsicos simples ajudam a manter a autonomia, evitar dores e ter mais qualidade de vida em qualquer fase da vida adulta.<\/p>\n","protected":false},"author":3,"featured_media":62379,"comment_status":"open","ping_status":"open","sticky":false,"template":"","format":"standard","meta":{"_yoast_wpseo_focuskw":"pessoas mais ativas","_yoast_wpseo_title":"%%title%%","_yoast_wpseo_metadesc":"Movimente-se! Exerc\u00edcios f\u00edsicos simples ajudam a manter a autonomia, evitar dores e ter mais qualidade de vida em qualquer fase da vida adulta.","jnews-multi-image_gallery":[],"jnews_single_post":{"format":"standard"},"jnews_primary_category":[],"jnews_social_meta":[],"jnews_override_counter":[],"footnotes":""},"categories":[112],"post_tag":[144,161],"class_list":["post-62377","post","type-post","status-publish","format-standard","has-post-thumbnail","hentry","category-curiosidades","tag-curiosidades","tag-sedentarismo"],"yoast_head":"<!-- This site is optimized with the Yoast SEO plugin v24.6 - https:\/\/yoast.com\/wordpress\/plugins\/seo\/ -->\n<title>O segredo das pessoas mais ativas ap\u00f3s os 50, segundo especialistas em sa\u00fade<\/title>\n<meta name=\"description\" content=\"Movimente-se! Exerc\u00edcios f\u00edsicos simples ajudam a manter a autonomia, evitar dores e ter mais qualidade de vida em qualquer fase da vida adulta.\" \/>\n<meta name=\"robots\" content=\"index, follow, max-snippet:-1, max-image-preview:large, max-video-preview:-1\" \/>\n<link rel=\"canonical\" href=\"https:\/\/www.correiobraziliense.com.br\/cbradar\/o-segredo-das-pessoas-mais-ativas-apos-os-50-segundo-especialistas-em-saude\/\" \/>\n<meta property=\"og:locale\" content=\"pt_BR\" \/>\n<meta property=\"og:type\" content=\"article\" \/>\n<meta property=\"og:title\" content=\"O segredo das pessoas mais ativas ap\u00f3s os 50, segundo especialistas em sa\u00fade\" \/>\n<meta property=\"og:description\" content=\"Movimente-se! Exerc\u00edcios f\u00edsicos simples ajudam a manter a autonomia, evitar dores e ter mais qualidade de vida em qualquer fase da vida adulta.\" \/>\n<meta property=\"og:url\" content=\"https:\/\/www.correiobraziliense.com.br\/cbradar\/o-segredo-das-pessoas-mais-ativas-apos-os-50-segundo-especialistas-em-saude\/\" \/>\n<meta property=\"og:site_name\" content=\"Correio Braziliense - Radar\" \/>\n<meta property=\"article:published_time\" content=\"2025-07-01T16:03:00+00:00\" \/>\n<meta property=\"og:image\" content=\"https:\/\/www.correiobraziliense.com.br\/cbradar\/wp-content\/uploads\/2025\/06\/sedentarismo_1751308361272.jpg\" \/>\n\t<meta property=\"og:image:width\" content=\"1280\" \/>\n\t<meta property=\"og:image:height\" content=\"720\" \/>\n\t<meta property=\"og:image:type\" content=\"image\/jpeg\" \/>\n<meta name=\"author\" content=\"Larissa Carvalho\" \/>\n<meta name=\"twitter:card\" content=\"summary_large_image\" \/>\n<meta name=\"twitter:label1\" content=\"Escrito por\" \/>\n\t<meta name=\"twitter:data1\" content=\"Larissa Carvalho\" \/>\n\t<meta name=\"twitter:label2\" content=\"Est. tempo de leitura\" \/>\n\t<meta name=\"twitter:data2\" content=\"4 minutos\" \/>\n<!-- \/ Yoast SEO plugin. -->","yoast_head_json":{"title":"O segredo das pessoas mais ativas ap\u00f3s os 50, segundo especialistas em sa\u00fade","description":"Movimente-se! Exerc\u00edcios f\u00edsicos simples ajudam a manter a autonomia, evitar dores e ter mais qualidade de vida em qualquer fase da vida adulta.","robots":{"index":"index","follow":"follow","max-snippet":"max-snippet:-1","max-image-preview":"max-image-preview:large","max-video-preview":"max-video-preview:-1"},"canonical":"https:\/\/www.correiobraziliense.com.br\/cbradar\/o-segredo-das-pessoas-mais-ativas-apos-os-50-segundo-especialistas-em-saude\/","og_locale":"pt_BR","og_type":"article","og_title":"O segredo das pessoas mais ativas ap\u00f3s os 50, segundo especialistas em sa\u00fade","og_description":"Movimente-se! Exerc\u00edcios f\u00edsicos simples ajudam a manter a autonomia, evitar dores e ter mais qualidade de vida em qualquer fase da vida adulta.","og_url":"https:\/\/www.correiobraziliense.com.br\/cbradar\/o-segredo-das-pessoas-mais-ativas-apos-os-50-segundo-especialistas-em-saude\/","og_site_name":"Correio Braziliense - Radar","article_published_time":"2025-07-01T16:03:00+00:00","og_image":[{"width":1280,"height":720,"url":"https:\/\/www.correiobraziliense.com.br\/cbradar\/wp-content\/uploads\/2025\/06\/sedentarismo_1751308361272.jpg","type":"image\/jpeg"}],"author":"Larissa Carvalho","twitter_card":"summary_large_image","twitter_misc":{"Escrito por":"Larissa Carvalho","Est. tempo de leitura":"4 minutos"},"schema":{"@context":"https:\/\/schema.org","@graph":[{"@type":"WebPage","@id":"https:\/\/www.correiobraziliense.com.br\/cbradar\/o-segredo-das-pessoas-mais-ativas-apos-os-50-segundo-especialistas-em-saude\/","url":"https:\/\/www.correiobraziliense.com.br\/cbradar\/o-segredo-das-pessoas-mais-ativas-apos-os-50-segundo-especialistas-em-saude\/","name":"O segredo das pessoas mais ativas ap\u00f3s os 50, segundo especialistas em sa\u00fade","isPartOf":{"@id":"https:\/\/www.correiobraziliense.com.br\/cbradar\/#website"},"primaryImageOfPage":{"@id":"https:\/\/www.correiobraziliense.com.br\/cbradar\/o-segredo-das-pessoas-mais-ativas-apos-os-50-segundo-especialistas-em-saude\/#primaryimage"},"image":{"@id":"https:\/\/www.correiobraziliense.com.br\/cbradar\/o-segredo-das-pessoas-mais-ativas-apos-os-50-segundo-especialistas-em-saude\/#primaryimage"},"thumbnailUrl":"https:\/\/www.correiobraziliense.com.br\/cbradar\/wp-content\/uploads\/2025\/06\/sedentarismo_1751308361272.jpg","datePublished":"2025-07-01T16:03:00+00:00","author":{"@id":"https:\/\/www.correiobraziliense.com.br\/cbradar\/#\/schema\/person\/58422787644df994b53a19d3e56c1513"},"description":"Movimente-se! Exerc\u00edcios f\u00edsicos simples ajudam a manter a autonomia, evitar dores e ter mais qualidade de vida em qualquer fase da vida adulta.","breadcrumb":{"@id":"https:\/\/www.correiobraziliense.com.br\/cbradar\/o-segredo-das-pessoas-mais-ativas-apos-os-50-segundo-especialistas-em-saude\/#breadcrumb"},"inLanguage":"pt-BR","potentialAction":[{"@type":"ReadAction","target":["https:\/\/www.correiobraziliense.com.br\/cbradar\/o-segredo-das-pessoas-mais-ativas-apos-os-50-segundo-especialistas-em-saude\/"]}]},{"@type":"ImageObject","inLanguage":"pt-BR","@id":"https:\/\/www.correiobraziliense.com.br\/cbradar\/o-segredo-das-pessoas-mais-ativas-apos-os-50-segundo-especialistas-em-saude\/#primaryimage","url":"https:\/\/www.correiobraziliense.com.br\/cbradar\/wp-content\/uploads\/2025\/06\/sedentarismo_1751308361272.jpg","contentUrl":"https:\/\/www.correiobraziliense.com.br\/cbradar\/wp-content\/uploads\/2025\/06\/sedentarismo_1751308361272.jpg","width":1280,"height":720,"caption":"sedentarismo. Cr\u00e9ditos: depositphotos.com \/ yobro10"},{"@type":"BreadcrumbList","@id":"https:\/\/www.correiobraziliense.com.br\/cbradar\/o-segredo-das-pessoas-mais-ativas-apos-os-50-segundo-especialistas-em-saude\/#breadcrumb","itemListElement":[{"@type":"ListItem","position":1,"name":"In\u00edcio","item":"https:\/\/www.correiobraziliense.com.br\/cbradar\/"},{"@type":"ListItem","position":2,"name":"O segredo das pessoas mais ativas ap\u00f3s os 50, segundo especialistas em sa\u00fade"}]},{"@type":"WebSite","@id":"https:\/\/www.correiobraziliense.com.br\/cbradar\/#website","url":"https:\/\/www.correiobraziliense.com.br\/cbradar\/","name":"Correio Braziliense - Radar","description":"Acompanhe as \u00faltimas not\u00edcias e fique bem informado sobre tudo o que acontece no Brasil e no mundo.","potentialAction":[{"@type":"SearchAction","target":{"@type":"EntryPoint","urlTemplate":"https:\/\/www.correiobraziliense.com.br\/cbradar\/?s={search_term_string}"},"query-input":{"@type":"PropertyValueSpecification","valueRequired":true,"valueName":"search_term_string"}}],"inLanguage":"pt-BR"},{"@type":"Person","@id":"https:\/\/www.correiobraziliense.com.br\/cbradar\/#\/schema\/person\/58422787644df994b53a19d3e56c1513","name":"Larissa Carvalho","image":{"@type":"ImageObject","inLanguage":"pt-BR","@id":"https:\/\/www.correiobraziliense.com.br\/cbradar\/#\/schema\/person\/image\/","url":"https:\/\/secure.gravatar.com\/avatar\/fe4f91a0de32b52a838d0d612abdc1aa?s=96&d=mm&r=g","contentUrl":"https:\/\/secure.gravatar.com\/avatar\/fe4f91a0de32b52a838d0d612abdc1aa?s=96&d=mm&r=g","caption":"Larissa Carvalho"},"url":"https:\/\/www.correiobraziliense.com.br\/cbradar\/author\/larissamyth\/"}]}},"_links":{"self":[{"href":"https:\/\/www.correiobraziliense.com.br\/cbradar\/wp-json\/wp\/v2\/posts\/62377","targetHints":{"allow":["GET"]}}],"collection":[{"href":"https:\/\/www.correiobraziliense.com.br\/cbradar\/wp-json\/wp\/v2\/posts"}],"about":[{"href":"https:\/\/www.correiobraziliense.com.br\/cbradar\/wp-json\/wp\/v2\/types\/post"}],"author":[{"embeddable":true,"href":"https:\/\/www.correiobraziliense.com.br\/cbradar\/wp-json\/wp\/v2\/users\/3"}],"replies":[{"embeddable":true,"href":"https:\/\/www.correiobraziliense.com.br\/cbradar\/wp-json\/wp\/v2\/comments?post=62377"}],"version-history":[{"count":2,"href":"https:\/\/www.correiobraziliense.com.br\/cbradar\/wp-json\/wp\/v2\/posts\/62377\/revisions"}],"predecessor-version":[{"id":62381,"href":"https:\/\/www.correiobraziliense.com.br\/cbradar\/wp-json\/wp\/v2\/posts\/62377\/revisions\/62381"}],"wp:featuredmedia":[{"embeddable":true,"href":"https:\/\/www.correiobraziliense.com.br\/cbradar\/wp-json\/wp\/v2\/media\/62379"}],"wp:attachment":[{"href":"https:\/\/www.correiobraziliense.com.br\/cbradar\/wp-json\/wp\/v2\/media?parent=62377"}],"wp:term":[{"taxonomy":"category","embeddable":true,"href":"https:\/\/www.correiobraziliense.com.br\/cbradar\/wp-json\/wp\/v2\/categories?post=62377"},{"taxonomy":"post_tag","embeddable":true,"href":"https:\/\/www.correiobraziliense.com.br\/cbradar\/wp-json\/wp\/v2\/post_tag?post=62377"}],"curies":[{"name":"wp","href":"https:\/\/api.w.org\/{rel}","templated":true}]}}