{"id":6254,"date":"2025-02-27T06:30:00","date_gmt":"2025-02-27T09:30:00","guid":{"rendered":"https:\/\/www.correiobraziliense.com.br\/cbradar\/?p=6254"},"modified":"2025-02-27T02:07:37","modified_gmt":"2025-02-27T05:07:37","slug":"os-poderosos-beneficios-da-musculacao-para-a-saude","status":"publish","type":"post","link":"https:\/\/www.correiobraziliense.com.br\/cbradar\/os-poderosos-beneficios-da-musculacao-para-a-saude\/","title":{"rendered":"Os poderosos benef\u00edcios da muscula\u00e7\u00e3o para a sa\u00fade"},"content":{"rendered":"\n<p>A muscula\u00e7\u00e3o \u00e9 frequentemente associada a ganhos est\u00e9ticos, mas seus benef\u00edcios v\u00e3o al\u00e9m. Segundo especialistas, essa pr\u00e1tica \u00e9 essencial para fortalecer o corpo, proteger contra doen\u00e7as e promover o bem-estar f\u00edsico e mental em todas as fases da vida. A seguir, exploraremos como a muscula\u00e7\u00e3o pode contribuir para uma vida mais saud\u00e1vel.<\/p>\n\n\n\n<p>Com o passar dos anos, a pr\u00e1tica regular de muscula\u00e7\u00e3o pode ser uma aliada poderosa na manuten\u00e7\u00e3o da sa\u00fade \u00f3ssea, articular e mental. Al\u00e9m disso, ela desempenha um papel crucial na perda de peso e na preven\u00e7\u00e3o de doen\u00e7as cr\u00f4nicas. Vamos entender melhor cada um desses aspectos.<\/p>\n\n\n\n<h2 class=\"wp-block-heading\"><strong>Como a muscula\u00e7\u00e3o fortalece os ossos?<\/strong><\/h2>\n\n\n\n<p>Com o envelhecimento, a densidade mineral dos ossos tende a diminuir, aumentando o risco de osteoporose, especialmente em idosos e mulheres p\u00f3s-menopausa. A muscula\u00e7\u00e3o, por meio de exerc\u00edcios de resist\u00eancia, estimula a deposi\u00e7\u00e3o de minerais nos ossos, aumentando sua densidade. Um estudo da Universidade de Harvard mostrou que mulheres que praticaram muscula\u00e7\u00e3o tiveram um aumento significativo na densidade \u00f3ssea.<\/p>\n\n\n\n<p>Esse fortalecimento \u00f3sseo \u00e9 crucial para prevenir fraturas e manter a mobilidade ao longo dos anos. Assim, a muscula\u00e7\u00e3o pode ser uma abordagem complementar no tratamento da osteoporose, ajudando a preservar a sa\u00fade \u00f3ssea de forma eficaz.<\/p>\n\n\n\n<h2 class=\"wp-block-heading\"><strong>Qual o impacto da muscula\u00e7\u00e3o na sa\u00fade articular?<\/strong><\/h2>\n\n\n\n<p>Articula\u00e7\u00f5es fortes s\u00e3o fundamentais para uma boa qualidade de vida, especialmente com o avan\u00e7o da idade. A muscula\u00e7\u00e3o ajuda a fortalecer os m\u00fasculos que revestem as articula\u00e7\u00f5es, reduzindo os efeitos da artrose. Um estudo publicado na revista <strong>Arthritis Care &amp; Research<\/strong> revelou que o treinamento de for\u00e7a pode restaurar a for\u00e7a muscular e melhorar a fun\u00e7\u00e3o f\u00edsica em pacientes com artrose.<\/p>\n\n\n\n<p>Exerc\u00edcios de for\u00e7a n\u00e3o apenas melhoram a estabilidade articular, mas tamb\u00e9m reduzem inflama\u00e7\u00f5es, contribuindo para a redu\u00e7\u00e3o da dor e rigidez nas articula\u00e7\u00f5es. Assim, a muscula\u00e7\u00e3o \u00e9 uma pr\u00e1tica valiosa para manter a sa\u00fade articular ao longo da vida.<\/p>\n\n\n\n<figure class=\"wp-block-image size-large\"><img decoding=\"async\" width=\"1024\" height=\"576\" src=\"https:\/\/www.correiobraziliense.com.br\/cbradar\/wp-content\/uploads\/2025\/02\/Musculacao-e-Saude_1740573801246-1024x576.jpg\" alt=\"Muscula\u00e7\u00e3o e Sa\u00fade\" class=\"wp-image-6255\" srcset=\"https:\/\/www.correiobraziliense.com.br\/cbradar\/wp-content\/uploads\/2025\/02\/Musculacao-e-Saude_1740573801246-1024x576.jpg 1024w, https:\/\/www.correiobraziliense.com.br\/cbradar\/wp-content\/uploads\/2025\/02\/Musculacao-e-Saude_1740573801246-300x169.jpg 300w, https:\/\/www.correiobraziliense.com.br\/cbradar\/wp-content\/uploads\/2025\/02\/Musculacao-e-Saude_1740573801246-768x432.jpg 768w, https:\/\/www.correiobraziliense.com.br\/cbradar\/wp-content\/uploads\/2025\/02\/Musculacao-e-Saude_1740573801246-750x422.jpg 750w, https:\/\/www.correiobraziliense.com.br\/cbradar\/wp-content\/uploads\/2025\/02\/Musculacao-e-Saude_1740573801246-1140x642.jpg 1140w, https:\/\/www.correiobraziliense.com.br\/cbradar\/wp-content\/uploads\/2025\/02\/Musculacao-e-Saude_1740573801246.jpg 1279w\" sizes=\"(max-width: 1024px) 100vw, 1024px\" \/><figcaption class=\"wp-element-caption\">Muscula\u00e7\u00e3o e Sa\u00fade\nCr\u00e9ditos: depositphotos.com \/ Daxiao_Productions<\/figcaption><\/figure>\n\n\n\n<h2 class=\"wp-block-heading\"><strong>Muscula\u00e7\u00e3o e sa\u00fade mental: qual \u00e9 a rela\u00e7\u00e3o?<\/strong><\/h2>\n\n\n\n<p>A pr\u00e1tica regular de muscula\u00e7\u00e3o tamb\u00e9m traz benef\u00edcios significativos para a sa\u00fade mental. Ela ajuda a reduzir sintomas de ansiedade e estresse, al\u00e9m de colaborar no tratamento da depress\u00e3o. Isso ocorre porque a atividade f\u00edsica estimula a libera\u00e7\u00e3o de endorfinas, subst\u00e2ncias que promovem a sensa\u00e7\u00e3o de bem-estar.<\/p>\n\n\n\n<p>Um ensaio da <strong>Universidade de Limeric<\/strong>k mostrou que indiv\u00edduos que praticam muscula\u00e7\u00e3o regularmente apresentam uma diminui\u00e7\u00e3o nos sintomas depressivos. Al\u00e9m disso, o progresso nos treinos melhora a autoestima e promove uma percep\u00e7\u00e3o mais positiva do pr\u00f3prio corpo, contribuindo para um estado mental mais equilibrado.<\/p>\n\n\n\n<h2 class=\"wp-block-heading\"><strong>Muscula\u00e7\u00e3o ajuda na perda de peso?<\/strong><\/h2>\n\n\n\n<p>A muscula\u00e7\u00e3o \u00e9 uma aliada poderosa na perda de peso, n\u00e3o apenas pelo gasto cal\u00f3rico durante o exerc\u00edcio, mas tamb\u00e9m pelo aumento da taxa metab\u00f3lica basal. Isso significa que o corpo continua a queimar calorias em um ritmo mais acelerado, mesmo em repouso. Estrat\u00e9gias de treino que combinam resist\u00eancia muscular, hipertrofia e for\u00e7a pura s\u00e3o eficazes para o emagrecimento saud\u00e1vel.<\/p>\n\n\n\n<p>Al\u00e9m disso, a muscula\u00e7\u00e3o ajuda a preservar a massa muscular durante a perda de gordura, evitando o &#8220;efeito sanfona&#8221;. Estudos mostram que indiv\u00edduos que incorporam a muscula\u00e7\u00e3o em sua rotina t\u00eam maior sucesso na manuten\u00e7\u00e3o da perda de peso.<\/p>\n\n\n\n<h2 class=\"wp-block-heading\"><strong>Preven\u00e7\u00e3o de doen\u00e7as cr\u00f4nicas e cardiovasculares<\/strong><\/h2>\n\n\n\n<p>A pr\u00e1tica regular de muscula\u00e7\u00e3o est\u00e1 associada \u00e0 preven\u00e7\u00e3o de diversas doen\u00e7as cr\u00f4nicas, como diabetes tipo 2, hipertens\u00e3o e obesidade. Ela melhora a sensibilidade \u00e0 insulina e regula os n\u00edveis de glicose no sangue. Al\u00e9m disso, a muscula\u00e7\u00e3o favorece a circula\u00e7\u00e3o sangu\u00ednea, reduz a press\u00e3o arterial e equilibra os n\u00edveis de colesterol.<\/p>\n\n\n\n<p>Esses benef\u00edcios fazem da muscula\u00e7\u00e3o uma pr\u00e1tica essencial para a sa\u00fade cardiovascular, complementando os efeitos dos exerc\u00edcios aer\u00f3bicos e contribuindo para um sistema cardiovascular mais eficiente.<\/p>\n\n\n\n<h2 class=\"wp-block-heading\"><strong>Muscula\u00e7\u00e3o e qualidade do sono<\/strong><\/h2>\n\n\n\n<p>Uma boa noite de sono \u00e9 essencial para a sa\u00fade geral, e a muscula\u00e7\u00e3o pode ajudar a melhorar a qualidade do sono. Estudos indicam que o treinamento de resist\u00eancia aumenta a efici\u00eancia do sono, prolonga a dura\u00e7\u00e3o do sono profundo e reduz a lat\u00eancia do in\u00edcio do sono.<\/p>\n\n\n\n<p>Frequentadores de academias relatam melhorias significativas na qualidade do sono, al\u00e9m de mais disposi\u00e7\u00e3o e energia para as atividades di\u00e1rias. Assim, a muscula\u00e7\u00e3o se apresenta como uma alternativa saud\u00e1vel para quem busca um descanso mais reparador.<\/p>\n\n\n\n<h2 class=\"wp-block-heading\"><strong>Muscula\u00e7\u00e3o na terceira idade<\/strong><\/h2>\n\n\n\n<p>A muscula\u00e7\u00e3o n\u00e3o \u00e9 apenas para os jovens. Cada vez mais, pessoas mais velhas est\u00e3o descobrindo os benef\u00edcios dessa pr\u00e1tica para a qualidade de vida. A muscula\u00e7\u00e3o ajuda a preservar a for\u00e7a e a massa muscular, essenciais para manter a mobilidade e prevenir quedas na terceira idade.<\/p>\n\n\n\n<p>Academias que oferecem um ambiente acolhedor e treinos adaptados para diferentes idades e objetivos est\u00e3o ajudando a desmistificar a ideia de que a muscula\u00e7\u00e3o \u00e9 apenas para jovens. Pequenos ajustes na alimenta\u00e7\u00e3o e exerc\u00edcios regulares podem trazer grandes benef\u00edcios para a sa\u00fade dos idosos.<\/p>\n","protected":false},"excerpt":{"rendered":"<p>Descubra como a muscula\u00e7\u00e3o promove mais sa\u00fade em todas as idades, com benef\u00edcios variados e que v\u00e3o te surpreender!<\/p>\n","protected":false},"author":3,"featured_media":6256,"comment_status":"open","ping_status":"open","sticky":false,"template":"","format":"standard","meta":{"_yoast_wpseo_focuskw":"Muscula\u00e7\u00e3o","_yoast_wpseo_title":"%%title%%","_yoast_wpseo_metadesc":"Descubra como a muscula\u00e7\u00e3o promove mais sa\u00fade em todas as idades, com benef\u00edcios variados e que v\u00e3o te surpreender!","jnews-multi-image_gallery":[],"jnews_single_post":{"format":"standard"},"jnews_primary_category":[],"jnews_social_meta":[],"jnews_override_counter":[],"footnotes":""},"categories":[112],"post_tag":[1204,399],"class_list":["post-6254","post","type-post","status-publish","format-standard","has-post-thumbnail","hentry","category-curiosidades","tag-academia","tag-musculacao"],"yoast_head":"<!-- This site is optimized with the Yoast SEO plugin v24.6 - https:\/\/yoast.com\/wordpress\/plugins\/seo\/ -->\n<title>Os poderosos benef\u00edcios da muscula\u00e7\u00e3o para a sa\u00fade<\/title>\n<meta name=\"description\" content=\"Descubra como a muscula\u00e7\u00e3o promove mais sa\u00fade em todas as idades, com benef\u00edcios variados e que v\u00e3o te surpreender!\" \/>\n<meta name=\"robots\" content=\"index, follow, max-snippet:-1, max-image-preview:large, max-video-preview:-1\" \/>\n<link rel=\"canonical\" href=\"https:\/\/www.correiobraziliense.com.br\/cbradar\/os-poderosos-beneficios-da-musculacao-para-a-saude\/\" \/>\n<meta property=\"og:locale\" content=\"pt_BR\" \/>\n<meta property=\"og:type\" content=\"article\" \/>\n<meta property=\"og:title\" content=\"Os poderosos benef\u00edcios da muscula\u00e7\u00e3o para a sa\u00fade\" \/>\n<meta property=\"og:description\" content=\"Descubra como a muscula\u00e7\u00e3o promove mais sa\u00fade em todas as idades, com benef\u00edcios variados e que v\u00e3o te surpreender!\" \/>\n<meta property=\"og:url\" content=\"https:\/\/www.correiobraziliense.com.br\/cbradar\/os-poderosos-beneficios-da-musculacao-para-a-saude\/\" \/>\n<meta property=\"og:site_name\" content=\"Correio Braziliense - Radar\" \/>\n<meta property=\"article:published_time\" content=\"2025-02-27T09:30:00+00:00\" \/>\n<meta property=\"og:image\" content=\"https:\/\/www.correiobraziliense.com.br\/cbradar\/wp-content\/uploads\/2025\/02\/Musculacao-e-Saude_1740573858665.jpg\" \/>\n\t<meta property=\"og:image:width\" content=\"1280\" \/>\n\t<meta property=\"og:image:height\" content=\"720\" \/>\n\t<meta property=\"og:image:type\" content=\"image\/jpeg\" \/>\n<meta name=\"author\" content=\"Larissa Carvalho\" \/>\n<meta name=\"twitter:card\" content=\"summary_large_image\" \/>\n<meta name=\"twitter:label1\" content=\"Escrito por\" \/>\n\t<meta name=\"twitter:data1\" content=\"Larissa Carvalho\" \/>\n\t<meta name=\"twitter:label2\" content=\"Est. tempo de leitura\" \/>\n\t<meta name=\"twitter:data2\" content=\"5 minutos\" \/>\n<!-- \/ Yoast SEO plugin. -->","yoast_head_json":{"title":"Os poderosos benef\u00edcios da muscula\u00e7\u00e3o para a sa\u00fade","description":"Descubra como a muscula\u00e7\u00e3o promove mais sa\u00fade em todas as idades, com benef\u00edcios variados e que v\u00e3o te surpreender!","robots":{"index":"index","follow":"follow","max-snippet":"max-snippet:-1","max-image-preview":"max-image-preview:large","max-video-preview":"max-video-preview:-1"},"canonical":"https:\/\/www.correiobraziliense.com.br\/cbradar\/os-poderosos-beneficios-da-musculacao-para-a-saude\/","og_locale":"pt_BR","og_type":"article","og_title":"Os poderosos benef\u00edcios da muscula\u00e7\u00e3o para a sa\u00fade","og_description":"Descubra como a muscula\u00e7\u00e3o promove mais sa\u00fade em todas as idades, com benef\u00edcios variados e que v\u00e3o te surpreender!","og_url":"https:\/\/www.correiobraziliense.com.br\/cbradar\/os-poderosos-beneficios-da-musculacao-para-a-saude\/","og_site_name":"Correio Braziliense - Radar","article_published_time":"2025-02-27T09:30:00+00:00","og_image":[{"width":1280,"height":720,"url":"https:\/\/www.correiobraziliense.com.br\/cbradar\/wp-content\/uploads\/2025\/02\/Musculacao-e-Saude_1740573858665.jpg","type":"image\/jpeg"}],"author":"Larissa Carvalho","twitter_card":"summary_large_image","twitter_misc":{"Escrito por":"Larissa Carvalho","Est. tempo de leitura":"5 minutos"},"schema":{"@context":"https:\/\/schema.org","@graph":[{"@type":"WebPage","@id":"https:\/\/www.correiobraziliense.com.br\/cbradar\/os-poderosos-beneficios-da-musculacao-para-a-saude\/","url":"https:\/\/www.correiobraziliense.com.br\/cbradar\/os-poderosos-beneficios-da-musculacao-para-a-saude\/","name":"Os poderosos benef\u00edcios da muscula\u00e7\u00e3o para a sa\u00fade","isPartOf":{"@id":"https:\/\/www.correiobraziliense.com.br\/cbradar\/#website"},"primaryImageOfPage":{"@id":"https:\/\/www.correiobraziliense.com.br\/cbradar\/os-poderosos-beneficios-da-musculacao-para-a-saude\/#primaryimage"},"image":{"@id":"https:\/\/www.correiobraziliense.com.br\/cbradar\/os-poderosos-beneficios-da-musculacao-para-a-saude\/#primaryimage"},"thumbnailUrl":"https:\/\/www.correiobraziliense.com.br\/cbradar\/wp-content\/uploads\/2025\/02\/Musculacao-e-Saude_1740573858665.jpg","datePublished":"2025-02-27T09:30:00+00:00","author":{"@id":"https:\/\/www.correiobraziliense.com.br\/cbradar\/#\/schema\/person\/58422787644df994b53a19d3e56c1513"},"description":"Descubra como a muscula\u00e7\u00e3o promove mais sa\u00fade em todas as idades, com benef\u00edcios variados e que v\u00e3o te surpreender!","breadcrumb":{"@id":"https:\/\/www.correiobraziliense.com.br\/cbradar\/os-poderosos-beneficios-da-musculacao-para-a-saude\/#breadcrumb"},"inLanguage":"pt-BR","potentialAction":[{"@type":"ReadAction","target":["https:\/\/www.correiobraziliense.com.br\/cbradar\/os-poderosos-beneficios-da-musculacao-para-a-saude\/"]}]},{"@type":"ImageObject","inLanguage":"pt-BR","@id":"https:\/\/www.correiobraziliense.com.br\/cbradar\/os-poderosos-beneficios-da-musculacao-para-a-saude\/#primaryimage","url":"https:\/\/www.correiobraziliense.com.br\/cbradar\/wp-content\/uploads\/2025\/02\/Musculacao-e-Saude_1740573858665.jpg","contentUrl":"https:\/\/www.correiobraziliense.com.br\/cbradar\/wp-content\/uploads\/2025\/02\/Musculacao-e-Saude_1740573858665.jpg","width":1280,"height":720,"caption":"Como a Muscula\u00e7\u00e3o Transforma sua Sa\u00fade Cr\u00e9ditos: depositphotos.com \/ AllaSerebrina"},{"@type":"BreadcrumbList","@id":"https:\/\/www.correiobraziliense.com.br\/cbradar\/os-poderosos-beneficios-da-musculacao-para-a-saude\/#breadcrumb","itemListElement":[{"@type":"ListItem","position":1,"name":"In\u00edcio","item":"https:\/\/www.correiobraziliense.com.br\/cbradar\/"},{"@type":"ListItem","position":2,"name":"Os poderosos benef\u00edcios da muscula\u00e7\u00e3o para a sa\u00fade"}]},{"@type":"WebSite","@id":"https:\/\/www.correiobraziliense.com.br\/cbradar\/#website","url":"https:\/\/www.correiobraziliense.com.br\/cbradar\/","name":"Correio Braziliense - Radar","description":"Acompanhe as \u00faltimas not\u00edcias e fique bem informado sobre tudo o que acontece no Brasil e no mundo.","potentialAction":[{"@type":"SearchAction","target":{"@type":"EntryPoint","urlTemplate":"https:\/\/www.correiobraziliense.com.br\/cbradar\/?s={search_term_string}"},"query-input":{"@type":"PropertyValueSpecification","valueRequired":true,"valueName":"search_term_string"}}],"inLanguage":"pt-BR"},{"@type":"Person","@id":"https:\/\/www.correiobraziliense.com.br\/cbradar\/#\/schema\/person\/58422787644df994b53a19d3e56c1513","name":"Larissa Carvalho","image":{"@type":"ImageObject","inLanguage":"pt-BR","@id":"https:\/\/www.correiobraziliense.com.br\/cbradar\/#\/schema\/person\/image\/","url":"https:\/\/secure.gravatar.com\/avatar\/fe4f91a0de32b52a838d0d612abdc1aa?s=96&d=mm&r=g","contentUrl":"https:\/\/secure.gravatar.com\/avatar\/fe4f91a0de32b52a838d0d612abdc1aa?s=96&d=mm&r=g","caption":"Larissa Carvalho"},"url":"https:\/\/www.correiobraziliense.com.br\/cbradar\/author\/larissamyth\/"}]}},"_links":{"self":[{"href":"https:\/\/www.correiobraziliense.com.br\/cbradar\/wp-json\/wp\/v2\/posts\/6254","targetHints":{"allow":["GET"]}}],"collection":[{"href":"https:\/\/www.correiobraziliense.com.br\/cbradar\/wp-json\/wp\/v2\/posts"}],"about":[{"href":"https:\/\/www.correiobraziliense.com.br\/cbradar\/wp-json\/wp\/v2\/types\/post"}],"author":[{"embeddable":true,"href":"https:\/\/www.correiobraziliense.com.br\/cbradar\/wp-json\/wp\/v2\/users\/3"}],"replies":[{"embeddable":true,"href":"https:\/\/www.correiobraziliense.com.br\/cbradar\/wp-json\/wp\/v2\/comments?post=6254"}],"version-history":[{"count":2,"href":"https:\/\/www.correiobraziliense.com.br\/cbradar\/wp-json\/wp\/v2\/posts\/6254\/revisions"}],"predecessor-version":[{"id":6313,"href":"https:\/\/www.correiobraziliense.com.br\/cbradar\/wp-json\/wp\/v2\/posts\/6254\/revisions\/6313"}],"wp:featuredmedia":[{"embeddable":true,"href":"https:\/\/www.correiobraziliense.com.br\/cbradar\/wp-json\/wp\/v2\/media\/6256"}],"wp:attachment":[{"href":"https:\/\/www.correiobraziliense.com.br\/cbradar\/wp-json\/wp\/v2\/media?parent=6254"}],"wp:term":[{"taxonomy":"category","embeddable":true,"href":"https:\/\/www.correiobraziliense.com.br\/cbradar\/wp-json\/wp\/v2\/categories?post=6254"},{"taxonomy":"post_tag","embeddable":true,"href":"https:\/\/www.correiobraziliense.com.br\/cbradar\/wp-json\/wp\/v2\/post_tag?post=6254"}],"curies":[{"name":"wp","href":"https:\/\/api.w.org\/{rel}","templated":true}]}}