{"id":62550,"date":"2025-07-02T12:23:00","date_gmt":"2025-07-02T15:23:00","guid":{"rendered":"https:\/\/www.correiobraziliense.com.br\/cbradar\/?p=62550"},"modified":"2025-07-01T09:14:37","modified_gmt":"2025-07-01T12:14:37","slug":"6-sinais-que-indicam-quando-a-dor-de-cabeca-precisa-de-atencao-medica","status":"publish","type":"post","link":"https:\/\/www.correiobraziliense.com.br\/cbradar\/6-sinais-que-indicam-quando-a-dor-de-cabeca-precisa-de-atencao-medica\/","title":{"rendered":"6 sinais que indicam quando a dor de cabe\u00e7a precisa de aten\u00e7\u00e3o m\u00e9dica"},"content":{"rendered":"\n<p>A dor de cabe\u00e7a \u00e9 uma das queixas de <a href=\"https:\/\/www.correiobraziliense.com.br\/cbradar\/o-que-voce-faz-todo-dia-pode-estar-deixando-seu-cerebro-mais-lento\/\" target=\"_blank\" rel=\"noreferrer noopener\">sa\u00fade <\/a>mais universais e incapacitantes, afetando pessoas de todas as idades. No entanto, \u00e9 um erro colocar todas as dores no mesmo saco. Existem mais de 150 tipos de cefaleia, e compreender as diferen\u00e7as entre as mais comuns, como a <a href=\"https:\/\/pt.wikipedia.org\/wiki\/Enxaqueca\" target=\"_blank\" rel=\"noreferrer noopener\"><strong>enxaqueca<\/strong> <\/a>e a <strong>cefaleia tensional<\/strong>, \u00e9 o primeiro passo para encontrar al\u00edvio e um tratamento eficaz.<\/p>\n\n\n\n<p>Viver com dores de cabe\u00e7a frequentes n\u00e3o \u00e9 normal e pode impactar drasticamente a qualidade de vida, o trabalho e as rela\u00e7\u00f5es sociais. Este guia foi criado para ajudar voc\u00ea a identificar os diferentes tipos de dor, reconhecer seus gatilhos e conhecer as abordagens mais modernas para o manejo, preven\u00e7\u00e3o e tratamento, devolvendo o controle sobre seu bem-estar.<\/p>\n\n\n\n<h2 class=\"wp-block-heading\">Qual a diferen\u00e7a fundamental entre enxaqueca e cefaleia tensional?<\/h2>\n\n\n<div class=\"wp-block-image\">\n<figure class=\"aligncenter size-large\"><img decoding=\"async\" width=\"1024\" height=\"576\" src=\"https:\/\/www.correiobraziliense.com.br\/cbradar\/wp-content\/uploads\/2025\/03\/dor-de-cabeca_1743083587986-1024x576.jpg\" alt=\"6 sinais que indicam quando a dor de cabe\u00e7a precisa de aten\u00e7\u00e3o m\u00e9dica\" class=\"wp-image-16381\" srcset=\"https:\/\/www.correiobraziliense.com.br\/cbradar\/wp-content\/uploads\/2025\/03\/dor-de-cabeca_1743083587986-1024x576.jpg 1024w, https:\/\/www.correiobraziliense.com.br\/cbradar\/wp-content\/uploads\/2025\/03\/dor-de-cabeca_1743083587986-300x169.jpg 300w, https:\/\/www.correiobraziliense.com.br\/cbradar\/wp-content\/uploads\/2025\/03\/dor-de-cabeca_1743083587986-768x432.jpg 768w, https:\/\/www.correiobraziliense.com.br\/cbradar\/wp-content\/uploads\/2025\/03\/dor-de-cabeca_1743083587986-750x422.jpg 750w, https:\/\/www.correiobraziliense.com.br\/cbradar\/wp-content\/uploads\/2025\/03\/dor-de-cabeca_1743083587986-1140x641.jpg 1140w, https:\/\/www.correiobraziliense.com.br\/cbradar\/wp-content\/uploads\/2025\/03\/dor-de-cabeca_1743083587986.jpg 1280w\" sizes=\"(max-width: 1024px) 100vw, 1024px\" \/><figcaption class=\"wp-element-caption\">Mulher com dor &#8211; Cr\u00e9ditos: depositphotos.com \/ Krakenimages.com<\/figcaption><\/figure><\/div>\n\n\n<p>Apesar de ambas causarem dor na cabe\u00e7a, a enxaqueca e a cefaleia tensional s\u00e3o condi\u00e7\u00f5es neurol\u00f3gicas distintas, com caracter\u00edsticas e tratamentos diferentes. A <strong>cefaleia tensional<\/strong> \u00e9 o tipo mais comum, geralmente descrita como uma dor em aperto ou press\u00e3o, de intensidade leve a moderada, que afeta ambos os lados da cabe\u00e7a, como uma faixa apertada. Normalmente, ela n\u00e3o piora com atividades f\u00edsicas rotineiras e n\u00e3o vem acompanhada de outros sintomas.<\/p>\n\n\n\n<p>A <strong>enxaqueca<\/strong>, por outro lado, \u00e9 muito mais do que uma simples dor de cabe\u00e7a. \u00c9 uma condi\u00e7\u00e3o neurol\u00f3gica complexa. A dor costuma ser puls\u00e1til ou latejante, de intensidade moderada a severa, e tipicamente afeta apenas um lado da cabe\u00e7a. Crucialmente, a enxaqueca \u00e9 acompanhada por outros sintomas, como n\u00e1useas, v\u00f4mitos e uma sensibilidade extrema \u00e0 luz (<strong>fotofobia<\/strong>) e ao som (<strong>fonofobia<\/strong>). Em cerca de 25% dos casos, a dor pode ser precedida pela chamada &#8220;aura&#8221;, que envolve sintomas visuais como pontos brilhantes ou linhas em ziguezague.<\/p>\n\n\n\n<h2 class=\"wp-block-heading\">Quais s\u00e3o os gatilhos mais comuns que podem iniciar uma crise?<\/h2>\n\n\n\n<p>Identificar e manejar os gatilhos \u00e9 uma das estrat\u00e9gias mais poderosas na preven\u00e7\u00e3o das dores de cabe\u00e7a, especialmente da enxaqueca. Um gatilho \u00e9 qualquer fator interno ou externo que pode contribuir para o in\u00edcio de uma crise. Manter um &#8220;di\u00e1rio da dor de cabe\u00e7a&#8221; para anotar o que voc\u00ea comeu, como dormiu e quais foram seus n\u00edveis de estresse antes de uma crise pode ajudar a identificar seus padr\u00f5es pessoais.<\/p>\n\n\n\n<p>Embora os gatilhos variem muito de pessoa para pessoa, alguns dos mais comuns e bem documentados est\u00e3o listados abaixo.<\/p>\n\n\n\n<ul class=\"wp-block-list\">\n<li><strong>Fatores Hormonais (em mulheres):<\/strong> As flutua\u00e7\u00f5es dos n\u00edveis de estrog\u00eanio, especialmente no per\u00edodo menstrual, s\u00e3o um gatilho muito forte para a enxaqueca.<\/li>\n\n\n\n<li><strong>Estresse e Ansiedade:<\/strong> Per\u00edodos de alta tens\u00e3o, ou at\u00e9 mesmo o relaxamento ap\u00f3s um per\u00edodo estressante, podem desencadear tanto a enxaqueca quanto a cefaleia tensional.<\/li>\n\n\n\n<li><strong>Padr\u00f5es de Sono:<\/strong> Dormir pouco, dormir demais ou ter um sono de m\u00e1 qualidade s\u00e3o gatilhos universais.<\/li>\n\n\n\n<li><strong>Gatilhos Alimentares:<\/strong> Certos alimentos e bebidas podem iniciar uma crise em pessoas sens\u00edveis. Os mais comuns incluem queijos envelhecidos, embutidos, chocolate, bebidas alco\u00f3licas (especialmente o vinho tinto) e o uso excessivo de cafe\u00edna (ou a sua abstin\u00eancia).<\/li>\n\n\n\n<li><strong>Fatores Ambientais:<\/strong> Luzes muito fortes ou piscantes, cheiros intensos (perfumes, produtos de limpeza), barulhos altos e mudan\u00e7as bruscas de tempo ou de press\u00e3o atmosf\u00e9rica.<\/li>\n\n\n\n<li><strong>Jejum:<\/strong> Pular refei\u00e7\u00f5es e ficar longos per\u00edodos sem comer pode levar a uma queda nos n\u00edveis de a\u00e7\u00facar no sangue, um gatilho conhecido.<\/li>\n<\/ul>\n\n\n\n<h2 class=\"wp-block-heading\">Como posso aliviar uma crise de dor de cabe\u00e7a quando ela come\u00e7a?<\/h2>\n\n\n\n<p>Quando uma crise se instala, o objetivo principal \u00e9 aliviar a dor e os sintomas associados o mais r\u00e1pido poss\u00edvel. Para a cefaleia tensional leve, analg\u00e9sicos comuns de venda livre, como paracetamol ou dipirona, costumam ser eficazes. T\u00e9cnicas de relaxamento, como aplicar uma compressa quente na nuca ou nos ombros, tamb\u00e9m podem ajudar.<\/p>\n\n\n\n<p>Para uma crise de <strong>enxaqueca<\/strong>, a abordagem \u00e9 diferente. Al\u00e9m de tomar a medica\u00e7\u00e3o de resgate prescrita pelo m\u00e9dico (que pode incluir anti-inflamat\u00f3rios ou medicamentos espec\u00edficos chamados triptanos), \u00e9 fundamental criar um ambiente que acalme o c\u00e9rebro hipersens\u00edvel. Repousar em um quarto escuro e silencioso, aplicar compressas frias na testa ou na nuca e tentar dormir podem ser medidas t\u00e3o importantes quanto o pr\u00f3prio rem\u00e9dio para abreviar a crise.<\/p>\n\n\n\n<h2 class=\"wp-block-heading\">Que estrat\u00e9gias de estilo de vida ajudam na preven\u00e7\u00e3o?<\/h2>\n\n\n\n<p>A preven\u00e7\u00e3o \u00e9 a base do tratamento para quem sofre de dores de cabe\u00e7a cr\u00f4nicas. Adotar um estilo de vida regular e saud\u00e1vel ajuda a manter o c\u00e9rebro menos suscet\u00edvel a disparar uma crise. A consist\u00eancia \u00e9 a palavra-chave.<\/p>\n\n\n\n<p>Tente manter hor\u00e1rios regulares para dormir e acordar, mesmo nos fins de semana. N\u00e3o pule refei\u00e7\u00f5es, fazendo pequenos lanches saud\u00e1veis entre as principais para manter os n\u00edveis de a\u00e7\u00facar no sangue est\u00e1veis. Pratique <strong>atividade f\u00edsica<\/strong> regularmente, pois ela libera endorfinas, que s\u00e3o analg\u00e9sicos naturais, e ajuda a gerenciar o estresse. Falando em estresse, incorporar t\u00e9cnicas de relaxamento como medita\u00e7\u00e3o, yoga ou exerc\u00edcios de respira\u00e7\u00e3o profunda na sua rotina pode diminuir significativamente a frequ\u00eancia e a intensidade das dores.<\/p>\n\n\n\n<h2 class=\"wp-block-heading\">Quais s\u00e3o os tratamentos m\u00e9dicos preventivos dispon\u00edveis?<\/h2>\n\n\n\n<p>Quando as dores de cabe\u00e7a s\u00e3o muito frequentes (por exemplo, mais de 3 ou 4 crises de enxaqueca por m\u00eas) e incapacitantes, o uso excessivo de analg\u00e9sicos pode levar a um efeito rebote, causando ainda mais dor. Nesses casos, um m\u00e9dico <strong>neurologista<\/strong> pode indicar um tratamento preventivo, que consiste no uso di\u00e1rio de um medicamento ou terapia para reduzir a frequ\u00eancia e a intensidade das crises.<\/p>\n\n\n\n<p>Existem v\u00e1rias classes de medicamentos que podem ser usados na profilaxia da enxaqueca, como alguns tipos de antidepressivos, anticonvulsivantes e anti-hipertensivos, usados em doses baixas. Mais recentemente, terapias mais modernas e espec\u00edficas surgiram, como a aplica\u00e7\u00e3o de toxina botul\u00ednica (botox) para a enxaqueca cr\u00f4nica e os anticorpos monoclonais, que s\u00e3o medicamentos injet\u00e1veis que bloqueiam especificamente uma mol\u00e9cula envolvida na crise de enxaqueca.<\/p>\n\n\n\n<h2 class=\"wp-block-heading\">Quando devo procurar um m\u00e9dico para minha dor de cabe\u00e7a?<\/h2>\n\n\n\n<p>\u00c9 crucial procurar ajuda m\u00e9dica para obter um diagn\u00f3stico correto e um plano de tratamento adequado. Voc\u00ea deve agendar uma consulta com um cl\u00ednico geral ou, preferencialmente, um <strong>neurologista<\/strong>, se suas dores de cabe\u00e7a se tornarem mais frequentes ou severas, se n\u00e3o melhorarem com analg\u00e9sicos comuns, ou se come\u00e7arem a interferir na sua vida di\u00e1ria.<\/p>\n\n\n\n<p>Procure atendimento de emerg\u00eancia imediatamente se a dor de cabe\u00e7a for s\u00fabita e excruciante (&#8220;a pior dor da sua vida&#8221;), se vier acompanhada de febre alta, rigidez na nuca, fraqueza em um lado do corpo, dificuldade para falar ou confus\u00e3o mental. Esses podem ser sinais de condi\u00e7\u00f5es neurol\u00f3gicas graves que exigem avalia\u00e7\u00e3o imediata. N\u00e3o normalize a dor; buscar ajuda \u00e9 um passo fundamental para recuperar sua qualidade de vida.<\/p>\n","protected":false},"excerpt":{"rendered":"<p>A dor de cabe\u00e7a \u00e9 uma das queixas de sa\u00fade mais universais e incapacitantes, afetando pessoas de todas as idades. No entanto, \u00e9 um erro colocar todas as dores no mesmo saco. Existem mais de 150 tipos de cefaleia, e compreender as diferen\u00e7as entre as mais comuns, como a enxaqueca e a cefaleia tensional, \u00e9 [&hellip;]<\/p>\n","protected":false},"author":11,"featured_media":27803,"comment_status":"open","ping_status":"open","sticky":false,"template":"","format":"standard","meta":{"_yoast_wpseo_focuskw":"dor de cabe\u00e7a","_yoast_wpseo_title":"","_yoast_wpseo_metadesc":"Enxaqueca, estresse ou sono ruim? Aprenda como controlar a dor de cabe\u00e7a com orienta\u00e7\u00f5es pr\u00e1ticas e tratamentos modernos.","jnews-multi-image_gallery":[],"jnews_single_post":{"format":"standard"},"jnews_primary_category":[],"jnews_social_meta":[],"jnews_override_counter":[],"footnotes":""},"categories":[119],"post_tag":[120,1619,1318],"class_list":["post-62550","post","type-post","status-publish","format-standard","has-post-thumbnail","hentry","category-bem-estar","tag-bem-estar","tag-dor-de-cabeca","tag-saude-2"],"yoast_head":"<!-- This site is optimized with the Yoast SEO plugin v24.6 - https:\/\/yoast.com\/wordpress\/plugins\/seo\/ -->\n<title>6 sinais que indicam quando a dor de cabe\u00e7a precisa de aten\u00e7\u00e3o m\u00e9dica - Correio Braziliense - Radar<\/title>\n<meta name=\"description\" content=\"Enxaqueca, estresse ou sono ruim? Aprenda como controlar a dor de cabe\u00e7a com orienta\u00e7\u00f5es pr\u00e1ticas e tratamentos modernos.\" \/>\n<meta name=\"robots\" content=\"index, follow, max-snippet:-1, max-image-preview:large, max-video-preview:-1\" \/>\n<link rel=\"canonical\" href=\"https:\/\/www.correiobraziliense.com.br\/cbradar\/6-sinais-que-indicam-quando-a-dor-de-cabeca-precisa-de-atencao-medica\/\" \/>\n<meta property=\"og:locale\" content=\"pt_BR\" \/>\n<meta property=\"og:type\" content=\"article\" \/>\n<meta property=\"og:title\" content=\"6 sinais que indicam quando a dor de cabe\u00e7a precisa de aten\u00e7\u00e3o m\u00e9dica - Correio Braziliense - Radar\" \/>\n<meta property=\"og:description\" content=\"Enxaqueca, estresse ou sono ruim? Aprenda como controlar a dor de cabe\u00e7a com orienta\u00e7\u00f5es pr\u00e1ticas e tratamentos modernos.\" \/>\n<meta property=\"og:url\" content=\"https:\/\/www.correiobraziliense.com.br\/cbradar\/6-sinais-que-indicam-quando-a-dor-de-cabeca-precisa-de-atencao-medica\/\" \/>\n<meta property=\"og:site_name\" content=\"Correio Braziliense - Radar\" \/>\n<meta property=\"article:published_time\" content=\"2025-07-02T15:23:00+00:00\" \/>\n<meta property=\"og:image\" content=\"https:\/\/www.correiobraziliense.com.br\/cbradar\/wp-content\/uploads\/2025\/04\/dor-cabeca_1745507408557.jpg\" \/>\n\t<meta property=\"og:image:width\" content=\"1280\" \/>\n\t<meta property=\"og:image:height\" content=\"720\" \/>\n\t<meta property=\"og:image:type\" content=\"image\/jpeg\" \/>\n<meta name=\"author\" content=\"Paulo Custodio\" \/>\n<meta name=\"twitter:card\" content=\"summary_large_image\" \/>\n<meta name=\"twitter:label1\" content=\"Escrito por\" \/>\n\t<meta name=\"twitter:data1\" content=\"Paulo Custodio\" \/>\n\t<meta name=\"twitter:label2\" content=\"Est. tempo de leitura\" \/>\n\t<meta name=\"twitter:data2\" content=\"7 minutos\" \/>\n<!-- \/ Yoast SEO plugin. -->","yoast_head_json":{"title":"6 sinais que indicam quando a dor de cabe\u00e7a precisa de aten\u00e7\u00e3o m\u00e9dica - Correio Braziliense - Radar","description":"Enxaqueca, estresse ou sono ruim? Aprenda como controlar a dor de cabe\u00e7a com orienta\u00e7\u00f5es pr\u00e1ticas e tratamentos modernos.","robots":{"index":"index","follow":"follow","max-snippet":"max-snippet:-1","max-image-preview":"max-image-preview:large","max-video-preview":"max-video-preview:-1"},"canonical":"https:\/\/www.correiobraziliense.com.br\/cbradar\/6-sinais-que-indicam-quando-a-dor-de-cabeca-precisa-de-atencao-medica\/","og_locale":"pt_BR","og_type":"article","og_title":"6 sinais que indicam quando a dor de cabe\u00e7a precisa de aten\u00e7\u00e3o m\u00e9dica - Correio Braziliense - Radar","og_description":"Enxaqueca, estresse ou sono ruim? Aprenda como controlar a dor de cabe\u00e7a com orienta\u00e7\u00f5es pr\u00e1ticas e tratamentos modernos.","og_url":"https:\/\/www.correiobraziliense.com.br\/cbradar\/6-sinais-que-indicam-quando-a-dor-de-cabeca-precisa-de-atencao-medica\/","og_site_name":"Correio Braziliense - Radar","article_published_time":"2025-07-02T15:23:00+00:00","og_image":[{"width":1280,"height":720,"url":"https:\/\/www.correiobraziliense.com.br\/cbradar\/wp-content\/uploads\/2025\/04\/dor-cabeca_1745507408557.jpg","type":"image\/jpeg"}],"author":"Paulo Custodio","twitter_card":"summary_large_image","twitter_misc":{"Escrito por":"Paulo Custodio","Est. tempo de leitura":"7 minutos"},"schema":{"@context":"https:\/\/schema.org","@graph":[{"@type":"WebPage","@id":"https:\/\/www.correiobraziliense.com.br\/cbradar\/6-sinais-que-indicam-quando-a-dor-de-cabeca-precisa-de-atencao-medica\/","url":"https:\/\/www.correiobraziliense.com.br\/cbradar\/6-sinais-que-indicam-quando-a-dor-de-cabeca-precisa-de-atencao-medica\/","name":"6 sinais que indicam quando a dor de cabe\u00e7a precisa de aten\u00e7\u00e3o m\u00e9dica - Correio Braziliense - Radar","isPartOf":{"@id":"https:\/\/www.correiobraziliense.com.br\/cbradar\/#website"},"primaryImageOfPage":{"@id":"https:\/\/www.correiobraziliense.com.br\/cbradar\/6-sinais-que-indicam-quando-a-dor-de-cabeca-precisa-de-atencao-medica\/#primaryimage"},"image":{"@id":"https:\/\/www.correiobraziliense.com.br\/cbradar\/6-sinais-que-indicam-quando-a-dor-de-cabeca-precisa-de-atencao-medica\/#primaryimage"},"thumbnailUrl":"https:\/\/www.correiobraziliense.com.br\/cbradar\/wp-content\/uploads\/2025\/04\/dor-cabeca_1745507408557.jpg","datePublished":"2025-07-02T15:23:00+00:00","author":{"@id":"https:\/\/www.correiobraziliense.com.br\/cbradar\/#\/schema\/person\/4cec7857301a9a1a2ef249893cd908d3"},"description":"Enxaqueca, estresse ou sono ruim? Aprenda como controlar a dor de cabe\u00e7a com orienta\u00e7\u00f5es pr\u00e1ticas e tratamentos modernos.","breadcrumb":{"@id":"https:\/\/www.correiobraziliense.com.br\/cbradar\/6-sinais-que-indicam-quando-a-dor-de-cabeca-precisa-de-atencao-medica\/#breadcrumb"},"inLanguage":"pt-BR","potentialAction":[{"@type":"ReadAction","target":["https:\/\/www.correiobraziliense.com.br\/cbradar\/6-sinais-que-indicam-quando-a-dor-de-cabeca-precisa-de-atencao-medica\/"]}]},{"@type":"ImageObject","inLanguage":"pt-BR","@id":"https:\/\/www.correiobraziliense.com.br\/cbradar\/6-sinais-que-indicam-quando-a-dor-de-cabeca-precisa-de-atencao-medica\/#primaryimage","url":"https:\/\/www.correiobraziliense.com.br\/cbradar\/wp-content\/uploads\/2025\/04\/dor-cabeca_1745507408557.jpg","contentUrl":"https:\/\/www.correiobraziliense.com.br\/cbradar\/wp-content\/uploads\/2025\/04\/dor-cabeca_1745507408557.jpg","width":1280,"height":720,"caption":"Dor - Cr\u00e9ditos: depositphotos.com \/ piotr_marcinski"},{"@type":"BreadcrumbList","@id":"https:\/\/www.correiobraziliense.com.br\/cbradar\/6-sinais-que-indicam-quando-a-dor-de-cabeca-precisa-de-atencao-medica\/#breadcrumb","itemListElement":[{"@type":"ListItem","position":1,"name":"In\u00edcio","item":"https:\/\/www.correiobraziliense.com.br\/cbradar\/"},{"@type":"ListItem","position":2,"name":"6 sinais que indicam quando a dor de cabe\u00e7a precisa de aten\u00e7\u00e3o m\u00e9dica"}]},{"@type":"WebSite","@id":"https:\/\/www.correiobraziliense.com.br\/cbradar\/#website","url":"https:\/\/www.correiobraziliense.com.br\/cbradar\/","name":"Correio Braziliense - Radar","description":"Acompanhe as \u00faltimas not\u00edcias e fique bem informado sobre tudo o que acontece no Brasil e no mundo.","potentialAction":[{"@type":"SearchAction","target":{"@type":"EntryPoint","urlTemplate":"https:\/\/www.correiobraziliense.com.br\/cbradar\/?s={search_term_string}"},"query-input":{"@type":"PropertyValueSpecification","valueRequired":true,"valueName":"search_term_string"}}],"inLanguage":"pt-BR"},{"@type":"Person","@id":"https:\/\/www.correiobraziliense.com.br\/cbradar\/#\/schema\/person\/4cec7857301a9a1a2ef249893cd908d3","name":"Paulo Custodio","image":{"@type":"ImageObject","inLanguage":"pt-BR","@id":"https:\/\/www.correiobraziliense.com.br\/cbradar\/#\/schema\/person\/image\/","url":"https:\/\/secure.gravatar.com\/avatar\/bcd67168d1534e8fcf4f45c726a87cea?s=96&d=mm&r=g","contentUrl":"https:\/\/secure.gravatar.com\/avatar\/bcd67168d1534e8fcf4f45c726a87cea?s=96&d=mm&r=g","caption":"Paulo Custodio"},"sameAs":["https:\/\/www.correiobraziliense.com.br\/cbradar"],"url":"https:\/\/www.correiobraziliense.com.br\/cbradar\/author\/paulomyth\/"}]}},"_links":{"self":[{"href":"https:\/\/www.correiobraziliense.com.br\/cbradar\/wp-json\/wp\/v2\/posts\/62550","targetHints":{"allow":["GET"]}}],"collection":[{"href":"https:\/\/www.correiobraziliense.com.br\/cbradar\/wp-json\/wp\/v2\/posts"}],"about":[{"href":"https:\/\/www.correiobraziliense.com.br\/cbradar\/wp-json\/wp\/v2\/types\/post"}],"author":[{"embeddable":true,"href":"https:\/\/www.correiobraziliense.com.br\/cbradar\/wp-json\/wp\/v2\/users\/11"}],"replies":[{"embeddable":true,"href":"https:\/\/www.correiobraziliense.com.br\/cbradar\/wp-json\/wp\/v2\/comments?post=62550"}],"version-history":[{"count":1,"href":"https:\/\/www.correiobraziliense.com.br\/cbradar\/wp-json\/wp\/v2\/posts\/62550\/revisions"}],"predecessor-version":[{"id":62563,"href":"https:\/\/www.correiobraziliense.com.br\/cbradar\/wp-json\/wp\/v2\/posts\/62550\/revisions\/62563"}],"wp:featuredmedia":[{"embeddable":true,"href":"https:\/\/www.correiobraziliense.com.br\/cbradar\/wp-json\/wp\/v2\/media\/27803"}],"wp:attachment":[{"href":"https:\/\/www.correiobraziliense.com.br\/cbradar\/wp-json\/wp\/v2\/media?parent=62550"}],"wp:term":[{"taxonomy":"category","embeddable":true,"href":"https:\/\/www.correiobraziliense.com.br\/cbradar\/wp-json\/wp\/v2\/categories?post=62550"},{"taxonomy":"post_tag","embeddable":true,"href":"https:\/\/www.correiobraziliense.com.br\/cbradar\/wp-json\/wp\/v2\/post_tag?post=62550"}],"curies":[{"name":"wp","href":"https:\/\/api.w.org\/{rel}","templated":true}]}}