{"id":62551,"date":"2025-07-02T13:23:00","date_gmt":"2025-07-02T16:23:00","guid":{"rendered":"https:\/\/www.correiobraziliense.com.br\/cbradar\/?p=62551"},"modified":"2025-07-01T09:14:45","modified_gmt":"2025-07-01T12:14:45","slug":"pouca-gente-sabe-que-esse-exame-pode-salvar-vidas-quando-feito-no-tempo-certo","status":"publish","type":"post","link":"https:\/\/www.correiobraziliense.com.br\/cbradar\/pouca-gente-sabe-que-esse-exame-pode-salvar-vidas-quando-feito-no-tempo-certo\/","title":{"rendered":"Pouca gente sabe que esse exame pode salvar vidas quando feito no tempo certo"},"content":{"rendered":"\n<p>Em meio \u00e0 correria da vida moderna, \u00e9 comum s\u00f3 lembrarmos da nossa <a href=\"https:\/\/www.correiobraziliense.com.br\/cbradar\/o-que-voce-faz-todo-dia-pode-estar-deixando-seu-cerebro-mais-lento\/\" target=\"_blank\" rel=\"noreferrer noopener\">sa\u00fade <\/a>quando algo n\u00e3o vai bem. No entanto, a medicina moderna tem um pilar fundamental que muitas vezes \u00e9 negligenciado: a preven\u00e7\u00e3o. Realizar um <strong>check-up anual<\/strong> \u00e9 uma das atitudes mais proativas e inteligentes que podemos tomar pelo nosso bem-estar, permitindo a detec\u00e7\u00e3o precoce de doen\u00e7as e a manuten\u00e7\u00e3o da qualidade de vida a longo prazo.<\/p>\n\n\n\n<p>Muitas condi\u00e7\u00f5es graves, como hipertens\u00e3o, diabetes e diversos tipos de c\u00e2ncer, s\u00e3o silenciosas em seus est\u00e1gios iniciais. O check-up funciona como uma varredura no organismo, identificando altera\u00e7\u00f5es antes que elas se tornem problemas maiores. Este guia detalha os exames mais importantes para cada faixa et\u00e1ria e g\u00eanero, explicando a relev\u00e2ncia de cada um na constru\u00e7\u00e3o de uma vida mais longa e saud\u00e1vel.<\/p>\n\n\n\n<h2 class=\"wp-block-heading\">Por que a medicina preventiva \u00e9 t\u00e3o crucial para a longevidade?<\/h2>\n\n\n<div class=\"wp-block-image\">\n<figure class=\"aligncenter size-large\"><img decoding=\"async\" width=\"1024\" height=\"576\" src=\"https:\/\/www.correiobraziliense.com.br\/cbradar\/wp-content\/uploads\/2025\/06\/exame-medico_1749563164490-1024x576.jpg\" alt=\"Pouca gente sabe que esse exame pode salvar vidas quando feito no tempo certo\" class=\"wp-image-51086\" srcset=\"https:\/\/www.correiobraziliense.com.br\/cbradar\/wp-content\/uploads\/2025\/06\/exame-medico_1749563164490-1024x576.jpg 1024w, https:\/\/www.correiobraziliense.com.br\/cbradar\/wp-content\/uploads\/2025\/06\/exame-medico_1749563164490-300x169.jpg 300w, https:\/\/www.correiobraziliense.com.br\/cbradar\/wp-content\/uploads\/2025\/06\/exame-medico_1749563164490-768x432.jpg 768w, https:\/\/www.correiobraziliense.com.br\/cbradar\/wp-content\/uploads\/2025\/06\/exame-medico_1749563164490-750x422.jpg 750w, https:\/\/www.correiobraziliense.com.br\/cbradar\/wp-content\/uploads\/2025\/06\/exame-medico_1749563164490-1140x641.jpg 1140w, https:\/\/www.correiobraziliense.com.br\/cbradar\/wp-content\/uploads\/2025\/06\/exame-medico_1749563164490.jpg 1280w\" sizes=\"(max-width: 1024px) 100vw, 1024px\" \/><figcaption class=\"wp-element-caption\">Exame &#8211; Cr\u00e9ditos: depositphotos.com \/ everythingposs<\/figcaption><\/figure><\/div>\n\n\n<p>A <a href=\"https:\/\/pt.wikipedia.org\/wiki\/Medicina\" target=\"_blank\" rel=\"noreferrer noopener\">medicina <\/a>preventiva foca em evitar que as doen\u00e7as se instalem ou em diagnostic\u00e1-las em uma fase em que as chances de cura s\u00e3o alt\u00edssimas e os tratamentos, menos invasivos. Esperar pelos sintomas para procurar um m\u00e9dico pode significar descobrir uma condi\u00e7\u00e3o em um est\u00e1gio avan\u00e7ado, tornando o tratamento mais complexo e o progn\u00f3stico, menos favor\u00e1vel.<\/p>\n\n\n\n<p>O <strong>check-up anual<\/strong> \u00e9 a principal ferramenta dessa abordagem. Ele n\u00e3o apenas rastreia doen\u00e7as, mas tamb\u00e9m avalia seus fatores de risco, como hist\u00f3rico familiar e h\u00e1bitos de vida. Com base nos resultados, o m\u00e9dico pode fornecer orienta\u00e7\u00f5es personalizadas sobre alimenta\u00e7\u00e3o, atividade f\u00edsica e outras mudan\u00e7as de estilo de vida que podem reduzir significativamente o risco de voc\u00ea desenvolver problemas de sa\u00fade no futuro. \u00c9 um investimento direto na sua longevidade com qualidade.<\/p>\n\n\n\n<h2 class=\"wp-block-heading\">Quais s\u00e3o os exames b\u00e1sicos recomendados para todos os adultos?<\/h2>\n\n\n\n<p>Independentemente da idade ou do g\u00eanero, alguns exames s\u00e3o considerados a base de qualquer check-up de rotina para adultos. Eles fornecem um panorama geral do estado de sa\u00fade, avaliando o metabolismo, a fun\u00e7\u00e3o de \u00f3rg\u00e3os vitais e o risco cardiovascular. Geralmente, s\u00e3o solicitados anualmente a partir dos 20 anos.<\/p>\n\n\n\n<p>Esses testes sangu\u00edneos e medi\u00e7\u00f5es cl\u00ednicas s\u00e3o fundamentais para monitorar a sa\u00fade de forma cont\u00ednua.<\/p>\n\n\n\n<ul class=\"wp-block-list\">\n<li><strong>Hemograma completo:<\/strong> Avalia a sa\u00fade geral do sangue, detectando anemia, infec\u00e7\u00f5es e alguns tipos de c\u00e2ncer, como leucemias.<\/li>\n\n\n\n<li><strong>Glicemia de jejum:<\/strong> Mede o n\u00edvel de a\u00e7\u00facar no sangue, sendo o principal exame para o rastreamento do pr\u00e9-diabetes e do <strong>diabetes<\/strong> tipo 2.<\/li>\n\n\n\n<li><strong>Perfil lip\u00eddico (Colesterol e Triglicer\u00eddeos):<\/strong> Mede os n\u00edveis de colesterol total, LDL (o &#8220;ruim&#8221;), HDL (o &#8220;bom&#8221;) e triglicer\u00eddeos, que s\u00e3o indicadores cruciais para o risco de doen\u00e7as cardiovasculares, como infarto e AVC.<\/li>\n\n\n\n<li><strong>Aferi\u00e7\u00e3o da Press\u00e3o Arterial:<\/strong> Essencial para o diagn\u00f3stico da <strong>hipertens\u00e3o<\/strong>, um dos principais fatores de risco para problemas card\u00edacos e renais.<\/li>\n\n\n\n<li><strong>Fun\u00e7\u00e3o renal e hep\u00e1tica (Ureia, Creatinina, TGO e TGP):<\/strong> Avaliam a sa\u00fade dos rins e do f\u00edgado, respectivamente.<\/li>\n<\/ul>\n\n\n\n<h2 class=\"wp-block-heading\">Quais exames s\u00e3o essenciais para as mulheres em cada fase da vida?<\/h2>\n\n\n\n<p>A sa\u00fade da mulher requer uma aten\u00e7\u00e3o especial devido \u00e0s varia\u00e7\u00f5es hormonais e aos riscos espec\u00edficos de certas doen\u00e7as. Al\u00e9m dos exames b\u00e1sicos, o acompanhamento ginecol\u00f3gico \u00e9 fundamental.<\/p>\n\n\n\n<p>A partir do in\u00edcio da vida sexual, e depois anualmente, a consulta com o ginecologista \u00e9 indispens\u00e1vel.<\/p>\n\n\n\n<ul class=\"wp-block-list\">\n<li><strong>Papanicolau (Preventivo):<\/strong> \u00c9 o principal exame para a detec\u00e7\u00e3o precoce do <strong>c\u00e2ncer de colo do \u00fatero<\/strong> e de les\u00f5es precursoras causadas pelo v\u00edrus HPV. Deve ser realizado anualmente por mulheres com vida sexual ativa, geralmente entre 25 e 64 anos.<\/li>\n\n\n\n<li><strong>Mamografia:<\/strong> Crucial para o rastreamento do <strong>c\u00e2ncer de mama<\/strong>. A recomenda\u00e7\u00e3o geral do Minist\u00e9rio da Sa\u00fade e da Sociedade Brasileira de Mastologia \u00e9 que seja feita anualmente por mulheres a partir dos 40 anos.<\/li>\n\n\n\n<li><strong>Densitometria \u00d3ssea:<\/strong> Exame que avalia a densidade mineral dos ossos para o diagn\u00f3stico da osteoporose. \u00c9 recomendado para todas as mulheres a partir dos 65 anos ou ap\u00f3s a menopausa, caso existam fatores de risco.<\/li>\n<\/ul>\n\n\n\n<h2 class=\"wp-block-heading\">Quais os exames de rastreamento mais importantes para os homens?<\/h2>\n\n\n\n<p>Historicamente, os homens tendem a ser mais relapsos com a sa\u00fade preventiva, mas essa cultura precisa mudar. O rastreamento de doen\u00e7as espec\u00edficas, como o c\u00e2ncer de pr\u00f3stata, \u00e9 vital para um diagn\u00f3stico precoce e um tratamento bem-sucedido.<\/p>\n\n\n\n<p>A visita anual ao urologista deve se tornar um h\u00e1bito a partir de certa idade.<\/p>\n\n\n\n<ul class=\"wp-block-list\">\n<li><strong>Exame de Pr\u00f3stata (PSA e Toque Retal):<\/strong> S\u00e3o os exames fundamentais para o rastreamento do <strong>c\u00e2ncer de pr\u00f3stata<\/strong>. A Sociedade Brasileira de Urologia recomenda que homens a partir dos 50 anos realizem os exames anualmente. Homens com hist\u00f3rico familiar da doen\u00e7a ou negros devem come\u00e7ar o rastreamento mais cedo, a partir dos 45 anos.<\/li>\n\n\n\n<li><strong>Ultrassonografia de Abd\u00f4men:<\/strong> Pode ser solicitada para avaliar a sa\u00fade de \u00f3rg\u00e3os como f\u00edgado, rins e ves\u00edcula, al\u00e9m de rastrear aneurismas da aorta abdominal, especialmente em homens mais velhos e fumantes.<\/li>\n<\/ul>\n\n\n\n<h2 class=\"wp-block-heading\">A partir dos 50 anos, quais novos exames se tornam priorit\u00e1rios para ambos os sexos?<\/h2>\n\n\n\n<p>Com o avan\u00e7o da idade, o risco para certas doen\u00e7as aumenta, tornando novos exames de rastreamento essenciais tanto para homens quanto para mulheres. A preven\u00e7\u00e3o do c\u00e2ncer colorretal e a avalia\u00e7\u00e3o da sa\u00fade cardiovascular ganham ainda mais destaque.<\/p>\n\n\n\n<p>Esses exames s\u00e3o cruciais para a detec\u00e7\u00e3o de doen\u00e7as que se tornam mais comuns na maturidade.<\/p>\n\n\n\n<ul class=\"wp-block-list\">\n<li><strong>Colonoscopia:<\/strong> \u00c9 o exame padr\u00e3o-ouro para a preven\u00e7\u00e3o e detec\u00e7\u00e3o precoce do <strong>c\u00e2ncer colorretal<\/strong>. Ele permite a visualiza\u00e7\u00e3o de todo o intestino grosso e a remo\u00e7\u00e3o de p\u00f3lipos (les\u00f5es benignas) antes que eles possam se transformar em c\u00e2ncer. A recomenda\u00e7\u00e3o atual \u00e9 que todos, homens e mulheres, realizem a primeira colonoscopia aos 45 anos.<\/li>\n\n\n\n<li><strong>Eletrocardiograma (ECG) e Teste Ergom\u00e9trico:<\/strong> Avaliam a sa\u00fade do cora\u00e7\u00e3o em repouso e durante o esfor\u00e7o, respectivamente. S\u00e3o importantes para identificar arritmias e sinais de doen\u00e7a arterial coronariana, sendo frequentemente solicitados a partir dos 40 ou 50 anos, dependendo dos fatores de risco.<\/li>\n<\/ul>\n\n\n\n<h2 class=\"wp-block-heading\">Como devo me preparar para o meu check-up anual?<\/h2>\n\n\n\n<p>Para que seu check-up seja o mais proveitoso poss\u00edvel, uma boa prepara\u00e7\u00e3o \u00e9 fundamental. Antes da consulta, fa\u00e7a um levantamento do seu hist\u00f3rico de sa\u00fade familiar, anote todos os medicamentos e suplementos que voc\u00ea utiliza e prepare uma lista com todas as suas d\u00favidas e quaisquer sintomas que tenha sentido, por mais triviais que pare\u00e7am.<\/p>\n\n\n\n<p>No dia da coleta dos exames de sangue, respeite o per\u00edodo de jejum orientado pelo laborat\u00f3rio, que geralmente \u00e9 de 8 a 12 horas. Lembre-se: o check-up \u00e9 uma parceria entre voc\u00ea e seu m\u00e9dico. Ser honesto e detalhista sobre seus h\u00e1bitos e sintomas \u00e9 a melhor maneira de ajud\u00e1-lo a cuidar bem de voc\u00ea. N\u00e3o encare os exames como uma prova, mas sim como um ato de amor-pr\u00f3prio e um investimento na sua sa\u00fade futura.<\/p>\n","protected":false},"excerpt":{"rendered":"<p>Em meio \u00e0 correria da vida moderna, \u00e9 comum s\u00f3 lembrarmos da nossa sa\u00fade quando algo n\u00e3o vai bem. No entanto, a medicina moderna tem um pilar fundamental que muitas vezes \u00e9 negligenciado: a preven\u00e7\u00e3o. Realizar um check-up anual \u00e9 uma das atitudes mais proativas e inteligentes que podemos tomar pelo nosso bem-estar, permitindo a [&hellip;]<\/p>\n","protected":false},"author":11,"featured_media":54190,"comment_status":"open","ping_status":"open","sticky":false,"template":"","format":"standard","meta":{"_yoast_wpseo_focuskw":"check-up","_yoast_wpseo_title":"","_yoast_wpseo_metadesc":"O check-up anual \u00e9 uma atitude inteligente e preventiva. Saiba como ele ajuda a detectar problemas precocemente e viver com mais qualidade.","jnews-multi-image_gallery":[],"jnews_single_post":{"format":"standard"},"jnews_primary_category":[],"jnews_social_meta":[],"jnews_override_counter":[],"footnotes":""},"categories":[119],"post_tag":[120,7467,1318],"class_list":["post-62551","post","type-post","status-publish","format-standard","has-post-thumbnail","hentry","category-bem-estar","tag-bem-estar","tag-exame","tag-saude-2"],"yoast_head":"<!-- This site is optimized with the Yoast SEO plugin v24.6 - https:\/\/yoast.com\/wordpress\/plugins\/seo\/ -->\n<title>Pouca gente sabe que esse exame pode salvar vidas quando feito no tempo certo - Correio Braziliense - Radar<\/title>\n<meta name=\"description\" content=\"O check-up anual \u00e9 uma atitude inteligente e preventiva. Saiba como ele ajuda a detectar problemas precocemente e viver com mais qualidade.\" \/>\n<meta name=\"robots\" content=\"index, follow, max-snippet:-1, max-image-preview:large, max-video-preview:-1\" \/>\n<link rel=\"canonical\" href=\"https:\/\/www.correiobraziliense.com.br\/cbradar\/pouca-gente-sabe-que-esse-exame-pode-salvar-vidas-quando-feito-no-tempo-certo\/\" \/>\n<meta property=\"og:locale\" content=\"pt_BR\" \/>\n<meta property=\"og:type\" content=\"article\" \/>\n<meta property=\"og:title\" content=\"Pouca gente sabe que esse exame pode salvar vidas quando feito no tempo certo - Correio Braziliense - Radar\" \/>\n<meta property=\"og:description\" content=\"O check-up anual \u00e9 uma atitude inteligente e preventiva. Saiba como ele ajuda a detectar problemas precocemente e viver com mais qualidade.\" \/>\n<meta property=\"og:url\" content=\"https:\/\/www.correiobraziliense.com.br\/cbradar\/pouca-gente-sabe-que-esse-exame-pode-salvar-vidas-quando-feito-no-tempo-certo\/\" \/>\n<meta property=\"og:site_name\" content=\"Correio Braziliense - Radar\" \/>\n<meta property=\"article:published_time\" content=\"2025-07-02T16:23:00+00:00\" \/>\n<meta property=\"og:image\" content=\"https:\/\/www.correiobraziliense.com.br\/cbradar\/wp-content\/uploads\/2025\/06\/exame-medico_1750081888582.jpg\" \/>\n\t<meta property=\"og:image:width\" content=\"1279\" \/>\n\t<meta property=\"og:image:height\" content=\"720\" \/>\n\t<meta property=\"og:image:type\" content=\"image\/jpeg\" \/>\n<meta name=\"author\" content=\"Paulo Custodio\" \/>\n<meta name=\"twitter:card\" content=\"summary_large_image\" \/>\n<meta name=\"twitter:label1\" content=\"Escrito por\" \/>\n\t<meta name=\"twitter:data1\" content=\"Paulo Custodio\" \/>\n\t<meta name=\"twitter:label2\" content=\"Est. tempo de leitura\" \/>\n\t<meta name=\"twitter:data2\" content=\"7 minutos\" \/>\n<!-- \/ Yoast SEO plugin. -->","yoast_head_json":{"title":"Pouca gente sabe que esse exame pode salvar vidas quando feito no tempo certo - Correio Braziliense - Radar","description":"O check-up anual \u00e9 uma atitude inteligente e preventiva. Saiba como ele ajuda a detectar problemas precocemente e viver com mais qualidade.","robots":{"index":"index","follow":"follow","max-snippet":"max-snippet:-1","max-image-preview":"max-image-preview:large","max-video-preview":"max-video-preview:-1"},"canonical":"https:\/\/www.correiobraziliense.com.br\/cbradar\/pouca-gente-sabe-que-esse-exame-pode-salvar-vidas-quando-feito-no-tempo-certo\/","og_locale":"pt_BR","og_type":"article","og_title":"Pouca gente sabe que esse exame pode salvar vidas quando feito no tempo certo - Correio Braziliense - Radar","og_description":"O check-up anual \u00e9 uma atitude inteligente e preventiva. Saiba como ele ajuda a detectar problemas precocemente e viver com mais qualidade.","og_url":"https:\/\/www.correiobraziliense.com.br\/cbradar\/pouca-gente-sabe-que-esse-exame-pode-salvar-vidas-quando-feito-no-tempo-certo\/","og_site_name":"Correio Braziliense - Radar","article_published_time":"2025-07-02T16:23:00+00:00","og_image":[{"width":1279,"height":720,"url":"https:\/\/www.correiobraziliense.com.br\/cbradar\/wp-content\/uploads\/2025\/06\/exame-medico_1750081888582.jpg","type":"image\/jpeg"}],"author":"Paulo Custodio","twitter_card":"summary_large_image","twitter_misc":{"Escrito por":"Paulo Custodio","Est. tempo de leitura":"7 minutos"},"schema":{"@context":"https:\/\/schema.org","@graph":[{"@type":"WebPage","@id":"https:\/\/www.correiobraziliense.com.br\/cbradar\/pouca-gente-sabe-que-esse-exame-pode-salvar-vidas-quando-feito-no-tempo-certo\/","url":"https:\/\/www.correiobraziliense.com.br\/cbradar\/pouca-gente-sabe-que-esse-exame-pode-salvar-vidas-quando-feito-no-tempo-certo\/","name":"Pouca gente sabe que esse exame pode salvar vidas quando feito no tempo certo - Correio Braziliense - Radar","isPartOf":{"@id":"https:\/\/www.correiobraziliense.com.br\/cbradar\/#website"},"primaryImageOfPage":{"@id":"https:\/\/www.correiobraziliense.com.br\/cbradar\/pouca-gente-sabe-que-esse-exame-pode-salvar-vidas-quando-feito-no-tempo-certo\/#primaryimage"},"image":{"@id":"https:\/\/www.correiobraziliense.com.br\/cbradar\/pouca-gente-sabe-que-esse-exame-pode-salvar-vidas-quando-feito-no-tempo-certo\/#primaryimage"},"thumbnailUrl":"https:\/\/www.correiobraziliense.com.br\/cbradar\/wp-content\/uploads\/2025\/06\/exame-medico_1750081888582.jpg","datePublished":"2025-07-02T16:23:00+00:00","author":{"@id":"https:\/\/www.correiobraziliense.com.br\/cbradar\/#\/schema\/person\/4cec7857301a9a1a2ef249893cd908d3"},"description":"O check-up anual \u00e9 uma atitude inteligente e preventiva. Saiba como ele ajuda a detectar problemas precocemente e viver com mais qualidade.","breadcrumb":{"@id":"https:\/\/www.correiobraziliense.com.br\/cbradar\/pouca-gente-sabe-que-esse-exame-pode-salvar-vidas-quando-feito-no-tempo-certo\/#breadcrumb"},"inLanguage":"pt-BR","potentialAction":[{"@type":"ReadAction","target":["https:\/\/www.correiobraziliense.com.br\/cbradar\/pouca-gente-sabe-que-esse-exame-pode-salvar-vidas-quando-feito-no-tempo-certo\/"]}]},{"@type":"ImageObject","inLanguage":"pt-BR","@id":"https:\/\/www.correiobraziliense.com.br\/cbradar\/pouca-gente-sabe-que-esse-exame-pode-salvar-vidas-quando-feito-no-tempo-certo\/#primaryimage","url":"https:\/\/www.correiobraziliense.com.br\/cbradar\/wp-content\/uploads\/2025\/06\/exame-medico_1750081888582.jpg","contentUrl":"https:\/\/www.correiobraziliense.com.br\/cbradar\/wp-content\/uploads\/2025\/06\/exame-medico_1750081888582.jpg","width":1279,"height":720,"caption":"Exame m\u00e9dico - Cr\u00e9ditos: depositphotos.com \/ everythingposs"},{"@type":"BreadcrumbList","@id":"https:\/\/www.correiobraziliense.com.br\/cbradar\/pouca-gente-sabe-que-esse-exame-pode-salvar-vidas-quando-feito-no-tempo-certo\/#breadcrumb","itemListElement":[{"@type":"ListItem","position":1,"name":"In\u00edcio","item":"https:\/\/www.correiobraziliense.com.br\/cbradar\/"},{"@type":"ListItem","position":2,"name":"Pouca gente sabe que esse exame pode salvar vidas quando feito no tempo certo"}]},{"@type":"WebSite","@id":"https:\/\/www.correiobraziliense.com.br\/cbradar\/#website","url":"https:\/\/www.correiobraziliense.com.br\/cbradar\/","name":"Correio Braziliense - Radar","description":"Acompanhe as \u00faltimas not\u00edcias e fique bem informado sobre tudo o que acontece no Brasil e no mundo.","potentialAction":[{"@type":"SearchAction","target":{"@type":"EntryPoint","urlTemplate":"https:\/\/www.correiobraziliense.com.br\/cbradar\/?s={search_term_string}"},"query-input":{"@type":"PropertyValueSpecification","valueRequired":true,"valueName":"search_term_string"}}],"inLanguage":"pt-BR"},{"@type":"Person","@id":"https:\/\/www.correiobraziliense.com.br\/cbradar\/#\/schema\/person\/4cec7857301a9a1a2ef249893cd908d3","name":"Paulo Custodio","image":{"@type":"ImageObject","inLanguage":"pt-BR","@id":"https:\/\/www.correiobraziliense.com.br\/cbradar\/#\/schema\/person\/image\/","url":"https:\/\/secure.gravatar.com\/avatar\/bcd67168d1534e8fcf4f45c726a87cea?s=96&d=mm&r=g","contentUrl":"https:\/\/secure.gravatar.com\/avatar\/bcd67168d1534e8fcf4f45c726a87cea?s=96&d=mm&r=g","caption":"Paulo Custodio"},"sameAs":["https:\/\/www.correiobraziliense.com.br\/cbradar"],"url":"https:\/\/www.correiobraziliense.com.br\/cbradar\/author\/paulomyth\/"}]}},"_links":{"self":[{"href":"https:\/\/www.correiobraziliense.com.br\/cbradar\/wp-json\/wp\/v2\/posts\/62551","targetHints":{"allow":["GET"]}}],"collection":[{"href":"https:\/\/www.correiobraziliense.com.br\/cbradar\/wp-json\/wp\/v2\/posts"}],"about":[{"href":"https:\/\/www.correiobraziliense.com.br\/cbradar\/wp-json\/wp\/v2\/types\/post"}],"author":[{"embeddable":true,"href":"https:\/\/www.correiobraziliense.com.br\/cbradar\/wp-json\/wp\/v2\/users\/11"}],"replies":[{"embeddable":true,"href":"https:\/\/www.correiobraziliense.com.br\/cbradar\/wp-json\/wp\/v2\/comments?post=62551"}],"version-history":[{"count":1,"href":"https:\/\/www.correiobraziliense.com.br\/cbradar\/wp-json\/wp\/v2\/posts\/62551\/revisions"}],"predecessor-version":[{"id":62564,"href":"https:\/\/www.correiobraziliense.com.br\/cbradar\/wp-json\/wp\/v2\/posts\/62551\/revisions\/62564"}],"wp:featuredmedia":[{"embeddable":true,"href":"https:\/\/www.correiobraziliense.com.br\/cbradar\/wp-json\/wp\/v2\/media\/54190"}],"wp:attachment":[{"href":"https:\/\/www.correiobraziliense.com.br\/cbradar\/wp-json\/wp\/v2\/media?parent=62551"}],"wp:term":[{"taxonomy":"category","embeddable":true,"href":"https:\/\/www.correiobraziliense.com.br\/cbradar\/wp-json\/wp\/v2\/categories?post=62551"},{"taxonomy":"post_tag","embeddable":true,"href":"https:\/\/www.correiobraziliense.com.br\/cbradar\/wp-json\/wp\/v2\/post_tag?post=62551"}],"curies":[{"name":"wp","href":"https:\/\/api.w.org\/{rel}","templated":true}]}}