{"id":6258,"date":"2025-02-27T07:23:00","date_gmt":"2025-02-27T10:23:00","guid":{"rendered":"https:\/\/www.correiobraziliense.com.br\/cbradar\/?p=6258"},"modified":"2025-02-27T02:07:55","modified_gmt":"2025-02-27T05:07:55","slug":"os-melhores-lancamentos-da-disney-para-marco-de-2025","status":"publish","type":"post","link":"https:\/\/www.correiobraziliense.com.br\/cbradar\/os-melhores-lancamentos-da-disney-para-marco-de-2025\/","title":{"rendered":"Os melhores lan\u00e7amentos da Disney para mar\u00e7o de 2025"},"content":{"rendered":"\n<p>O m\u00eas de mar\u00e7o chega com uma programa\u00e7\u00e3o diversificada e cheia de emo\u00e7\u00e3o no <strong><a href=\"https:\/\/www.disneyplus.com\/pt-br\" target=\"_blank\" rel=\"noreferrer noopener\">Disney<\/a><\/strong>, trazendo uma variedade de estreias que prometem cativar o p\u00fablico. Entre os destaques, est\u00e1 o retorno de\u00a0<strong>\u2018Demolidor: Renascido\u2019<\/strong>, uma s\u00e9rie que continua a explorar as aventuras do ic\u00f4nico <strong>vigilante da Marvel<\/strong>. Al\u00e9m disso, a com\u00e9dia\u00a0<em><strong>\u2018Deli Boys\u2019<\/strong><\/em>\u00a0e o drama<strong>\u00a0<em>\u2018Good American Family\u2019<\/em>\u00a0<\/strong>prometem prender a aten\u00e7\u00e3o dos espectadores com suas hist\u00f3rias intrigantes.<\/p>\n\n\n\n<p>Para os amantes de drama e suspense,&nbsp;<strong><em>\u2018Trai\u00e7\u00e3o e Reden\u00e7\u00e3o\u2019<\/em>&nbsp;<\/strong>oferece uma narrativa intensa, enquanto o filme&nbsp;<em>\u2018<strong>Alexandre e a Viagem Terr\u00edvel, Horr\u00edvel<\/strong>, <strong>Espantosa e Horrorosa\u2019<\/strong><\/em>&nbsp;proporciona uma experi\u00eancia divertida e familiar. Descubra mais sobre essas estreias e prepare-se para um m\u00eas repleto de entretenimento no Disney.<\/p>\n\n\n\n<h2 class=\"wp-block-heading\"><strong>Demolidor: renascido &#8211; a continua\u00e7\u00e3o de uma saga<\/strong><\/h2>\n\n\n\n<p>Em&nbsp;<strong>\u2018Demolidor: Renascido\u2019<\/strong>, o p\u00fablico reencontra <strong>Matt Murdock<\/strong>, o advogado cego que tamb\u00e9m atua como vigilante. A s\u00e9rie se passa cinco anos ap\u00f3s os eventos anteriores, com Murdock enfrentando novos desafios em sua busca por justi\u00e7a. O antagonista <strong>Wilson Fisk<\/strong>, conhecido como Rei do Crime, continua a expandir sua influ\u00eancia, resultando em um confronto inevit\u00e1vel.<\/p>\n\n\n\n<iframe loading=\"lazy\" width=\"560\" height=\"315\" src=\"https:\/\/www.youtube.com\/embed\/9KZyUQpihsE?si=8C9F4du4zbFJGpFw\" title=\"YouTube video player\" frameborder=\"0\" allow=\"accelerometer; autoplay; clipboard-write; encrypted-media; gyroscope; picture-in-picture; web-share\" referrerpolicy=\"strict-origin-when-cross-origin\" allowfullscreen><\/iframe>\n\n\n\n<p>Com nove epis\u00f3dios, a s\u00e9rie mant\u00e9m o tom sombrio e realista que a caracteriza, explorando as complexidades dos personagens e os dilemas morais enfrentados por <strong>Murdock.<\/strong> A linha entre justi\u00e7a e vingan\u00e7a \u00e9 uma quest\u00e3o central, prometendo uma experi\u00eancia envolvente para os f\u00e3s.<\/p>\n\n\n\n<figure class=\"wp-block-image size-large\"><img decoding=\"async\" width=\"1024\" height=\"576\" src=\"https:\/\/www.correiobraziliense.com.br\/cbradar\/wp-content\/uploads\/2025\/02\/Disney_1740574471909-1024x576.jpg\" alt=\"Estreias da Disney\" class=\"wp-image-6260\" srcset=\"https:\/\/www.correiobraziliense.com.br\/cbradar\/wp-content\/uploads\/2025\/02\/Disney_1740574471909-1024x576.jpg 1024w, https:\/\/www.correiobraziliense.com.br\/cbradar\/wp-content\/uploads\/2025\/02\/Disney_1740574471909-300x169.jpg 300w, https:\/\/www.correiobraziliense.com.br\/cbradar\/wp-content\/uploads\/2025\/02\/Disney_1740574471909-768x432.jpg 768w, https:\/\/www.correiobraziliense.com.br\/cbradar\/wp-content\/uploads\/2025\/02\/Disney_1740574471909-750x422.jpg 750w, https:\/\/www.correiobraziliense.com.br\/cbradar\/wp-content\/uploads\/2025\/02\/Disney_1740574471909-1140x641.jpg 1140w, https:\/\/www.correiobraziliense.com.br\/cbradar\/wp-content\/uploads\/2025\/02\/Disney_1740574471909.jpg 1280w\" sizes=\"(max-width: 1024px) 100vw, 1024px\" \/><figcaption class=\"wp-element-caption\">Estreias da Disney\nCr\u00e9ditos: depositphotos.com \/ Daniel.Constante<\/figcaption><\/figure>\n\n\n\n<h2 class=\"wp-block-heading\"><strong>O Que esperar de Deli Boys?<\/strong><\/h2>\n\n\n\n<p><strong>\u2018Deli Boys\u2019<\/strong>&nbsp;\u00e9 uma com\u00e9dia que segue a vida de dois irm\u00e3os que herdam o restaurante da fam\u00edlia ap\u00f3s a morte do pai. No entanto, eles logo descobrem que o estabelecimento servia como fachada para atividades il\u00edcitas. A s\u00e9rie acompanha a jornada dos irm\u00e3os enquanto eles tentam administrar o restaurante e lidar com o submundo do crime.<\/p>\n\n\n\n<iframe loading=\"lazy\" width=\"560\" height=\"315\" src=\"https:\/\/www.youtube.com\/embed\/0VjeURFk5_s?si=9WtFvjX69JwaYd9D\" title=\"YouTube video player\" frameborder=\"0\" allow=\"accelerometer; autoplay; clipboard-write; encrypted-media; gyroscope; picture-in-picture; web-share\" referrerpolicy=\"strict-origin-when-cross-origin\" allowfullscreen><\/iframe>\n\n\n\n<p>Com uma narrativa cheia de reviravoltas e momentos c\u00f4micos,&nbsp;<strong><em>\u2018Deli Boys\u2019<\/em><\/strong>&nbsp;explora temas como fam\u00edlia, identidade e a busca por um novo come\u00e7o em meio a desafios inesperados. A s\u00e9rie promete entreter o p\u00fablico com suas situa\u00e7\u00f5es inusitadas e personagens carism\u00e1ticos.<\/p>\n\n\n\n<h2 class=\"wp-block-heading\"><strong>Trai\u00e7\u00e3o e reden\u00e7\u00e3o: um drama de supera\u00e7\u00e3o<\/strong><\/h2>\n\n\n\n<p>A s\u00e9rie&nbsp;<strong>\u2018Trai\u00e7\u00e3o e Reden\u00e7\u00e3o\u2019<\/strong>&nbsp;narra a hist\u00f3ria de Jung Se-ok, uma cirurgi\u00e3 talentosa que v\u00ea sua vida virar de cabe\u00e7a para baixo ap\u00f3s ser tra\u00edda por seu mentor. Determinada a se reerguer, ela embarca em uma jornada de autodescoberta e supera\u00e7\u00e3o, enfrentando dilemas \u00e9ticos e desafios emocionais.<\/p>\n\n\n\n<iframe loading=\"lazy\" width=\"560\" height=\"315\" src=\"https:\/\/www.youtube.com\/embed\/dbXOQCEpjYg?si=TG54w86zl0cfUgT7\" title=\"YouTube video player\" frameborder=\"0\" allow=\"accelerometer; autoplay; clipboard-write; encrypted-media; gyroscope; picture-in-picture; web-share\" referrerpolicy=\"strict-origin-when-cross-origin\" allowfullscreen><\/iframe>\n\n\n\n<p>Com uma narrativa que mistura drama e suspense, a s\u00e9rie explora os limites da confian\u00e7a e do perd\u00e3o, oferecendo uma vis\u00e3o profunda sobre as complexidades das rela\u00e7\u00f5es humanas. A protagonista busca justi\u00e7a enquanto lida com as consequ\u00eancias de suas escolhas, proporcionando uma experi\u00eancia intensa para os espectadores.<\/p>\n\n\n\n<h2 class=\"wp-block-heading\"><strong>Good American Family: uma hist\u00f3ria baseada em fatos reais<\/strong><\/h2>\n\n\n\n<p><strong>\u2018Good American Family\u2019<\/strong>\u00a0\u00e9 uma <a href=\"https:\/\/www.correiobraziliense.com.br\/cbradar\/nova-serie-da-disney-com-ex-estrela-de-greys-anatomy-ganha-data-de-estreia\/\" target=\"_blank\" rel=\"noreferrer noopener\">miniss\u00e9rie de drama criminal inspirada em eventos reais<\/a>. A trama acompanha um casal que adota uma crian\u00e7a ucraniana com uma condi\u00e7\u00e3o rara, apenas para descobrir que a menina pode n\u00e3o ser quem aparenta. \u00c0 medida que situa\u00e7\u00f5es perturbadoras surgem, o casal se v\u00ea dividido, levantando quest\u00f5es sobre confian\u00e7a e identidade.<\/p>\n\n\n\n<iframe loading=\"lazy\" width=\"560\" height=\"315\" src=\"https:\/\/www.youtube.com\/embed\/FLte4wfAg-A?si=U9KEiQhtWtL-1qWp\" title=\"YouTube video player\" frameborder=\"0\" allow=\"accelerometer; autoplay; clipboard-write; encrypted-media; gyroscope; picture-in-picture; web-share\" referrerpolicy=\"strict-origin-when-cross-origin\" allowfullscreen><\/iframe>\n\n\n\n<p>A s\u00e9rie promete envolver o p\u00fablico com sua narrativa tensa e cheia de mist\u00e9rios, explorando os desafios de uma ado\u00e7\u00e3o controversa e as complexidades das rela\u00e7\u00f5es familiares.<\/p>\n\n\n\n<h2 class=\"wp-block-heading\"><strong>Alexandre e a Viagem Terr\u00edvel, Horr\u00edvel, Espantosa e Horrorosa<\/strong><\/h2>\n\n\n\n<p>O filme&nbsp;<strong>\u2018Alexandre e a Viagem Terr\u00edvel, Horr\u00edvel, Espantosa e Horrorosa\u2019<\/strong>&nbsp;oferece uma abordagem divertida e familiar, seguindo uma fam\u00edlia em uma viagem cheia de imprevistos. Al\u00e9m dos desafios t\u00edpicos de uma viagem, a fam\u00edlia precisa se reconectar com suas ra\u00edzes culturais e fortalecer os la\u00e7os familiares.<\/p>\n\n\n\n<iframe loading=\"lazy\" width=\"560\" height=\"315\" src=\"https:\/\/www.youtube.com\/embed\/lYvdmOMJOZE?si=n5v2qQSV4mUjlHM2\" title=\"YouTube video player\" frameborder=\"0\" allow=\"accelerometer; autoplay; clipboard-write; encrypted-media; gyroscope; picture-in-picture; web-share\" referrerpolicy=\"strict-origin-when-cross-origin\" allowfullscreen><\/iframe>\n\n\n\n<p>Alexandre, frequentemente visto como o \u201cazarado\u201d da fam\u00edlia, desempenha um papel crucial na uni\u00e3o de todos, ajudando-os a superar os contratempos ao longo da jornada. O filme oferece uma experi\u00eancia leve e cativante, destacando a import\u00e2ncia da fam\u00edlia e da resili\u00eancia.<\/p>\n","protected":false},"excerpt":{"rendered":"<p>O m\u00eas de mar\u00e7o promete grandes emo\u00e7\u00f5es para os assinantes da Disney! Com novas s\u00e9ries, filmes e produ\u00e7\u00f5es exclusivas!<\/p>\n","protected":false},"author":3,"featured_media":6259,"comment_status":"open","ping_status":"open","sticky":false,"template":"","format":"standard","meta":{"_yoast_wpseo_focuskw":"Disney","_yoast_wpseo_title":"%%title%%","_yoast_wpseo_metadesc":"O m\u00eas de mar\u00e7o promete grandes emo\u00e7\u00f5es para os assinantes da Disney! Com novas s\u00e9ries, filmes e produ\u00e7\u00f5es exclusivas!","jnews-multi-image_gallery":[],"jnews_single_post":{"format":"standard"},"jnews_primary_category":[],"jnews_social_meta":[],"jnews_override_counter":[],"footnotes":""},"categories":[140],"post_tag":[977,568],"class_list":["post-6258","post","type-post","status-publish","format-standard","has-post-thumbnail","hentry","category-entretenimento","tag-disney","tag-series-e-filmes"],"yoast_head":"<!-- This site is optimized with the Yoast SEO plugin v24.6 - https:\/\/yoast.com\/wordpress\/plugins\/seo\/ -->\n<title>Os melhores lan\u00e7amentos da Disney para mar\u00e7o de 2025<\/title>\n<meta name=\"description\" content=\"O m\u00eas de mar\u00e7o promete grandes emo\u00e7\u00f5es para os assinantes da Disney! Com novas s\u00e9ries, filmes e produ\u00e7\u00f5es exclusivas!\" \/>\n<meta name=\"robots\" content=\"index, follow, max-snippet:-1, max-image-preview:large, max-video-preview:-1\" \/>\n<link rel=\"canonical\" href=\"https:\/\/www.correiobraziliense.com.br\/cbradar\/os-melhores-lancamentos-da-disney-para-marco-de-2025\/\" \/>\n<meta property=\"og:locale\" content=\"pt_BR\" \/>\n<meta property=\"og:type\" content=\"article\" \/>\n<meta property=\"og:title\" content=\"Os melhores lan\u00e7amentos da Disney para mar\u00e7o de 2025\" \/>\n<meta property=\"og:description\" content=\"O m\u00eas de mar\u00e7o promete grandes emo\u00e7\u00f5es para os assinantes da Disney! Com novas s\u00e9ries, filmes e produ\u00e7\u00f5es exclusivas!\" \/>\n<meta property=\"og:url\" content=\"https:\/\/www.correiobraziliense.com.br\/cbradar\/os-melhores-lancamentos-da-disney-para-marco-de-2025\/\" \/>\n<meta property=\"og:site_name\" content=\"Correio Braziliense - Radar\" \/>\n<meta property=\"article:published_time\" content=\"2025-02-27T10:23:00+00:00\" \/>\n<meta property=\"og:image\" content=\"https:\/\/www.correiobraziliense.com.br\/cbradar\/wp-content\/uploads\/2025\/02\/Disney_1740574372935.jpg\" \/>\n\t<meta property=\"og:image:width\" content=\"1280\" \/>\n\t<meta property=\"og:image:height\" content=\"720\" \/>\n\t<meta property=\"og:image:type\" content=\"image\/jpeg\" \/>\n<meta name=\"author\" content=\"Larissa Carvalho\" \/>\n<meta name=\"twitter:card\" content=\"summary_large_image\" \/>\n<meta name=\"twitter:label1\" content=\"Escrito por\" \/>\n\t<meta name=\"twitter:data1\" content=\"Larissa Carvalho\" \/>\n\t<meta name=\"twitter:label2\" content=\"Est. tempo de leitura\" \/>\n\t<meta name=\"twitter:data2\" content=\"4 minutos\" \/>\n<!-- \/ Yoast SEO plugin. -->","yoast_head_json":{"title":"Os melhores lan\u00e7amentos da Disney para mar\u00e7o de 2025","description":"O m\u00eas de mar\u00e7o promete grandes emo\u00e7\u00f5es para os assinantes da Disney! Com novas s\u00e9ries, filmes e produ\u00e7\u00f5es exclusivas!","robots":{"index":"index","follow":"follow","max-snippet":"max-snippet:-1","max-image-preview":"max-image-preview:large","max-video-preview":"max-video-preview:-1"},"canonical":"https:\/\/www.correiobraziliense.com.br\/cbradar\/os-melhores-lancamentos-da-disney-para-marco-de-2025\/","og_locale":"pt_BR","og_type":"article","og_title":"Os melhores lan\u00e7amentos da Disney para mar\u00e7o de 2025","og_description":"O m\u00eas de mar\u00e7o promete grandes emo\u00e7\u00f5es para os assinantes da Disney! Com novas s\u00e9ries, filmes e produ\u00e7\u00f5es exclusivas!","og_url":"https:\/\/www.correiobraziliense.com.br\/cbradar\/os-melhores-lancamentos-da-disney-para-marco-de-2025\/","og_site_name":"Correio Braziliense - Radar","article_published_time":"2025-02-27T10:23:00+00:00","og_image":[{"width":1280,"height":720,"url":"https:\/\/www.correiobraziliense.com.br\/cbradar\/wp-content\/uploads\/2025\/02\/Disney_1740574372935.jpg","type":"image\/jpeg"}],"author":"Larissa Carvalho","twitter_card":"summary_large_image","twitter_misc":{"Escrito por":"Larissa Carvalho","Est. tempo de leitura":"4 minutos"},"schema":{"@context":"https:\/\/schema.org","@graph":[{"@type":"WebPage","@id":"https:\/\/www.correiobraziliense.com.br\/cbradar\/os-melhores-lancamentos-da-disney-para-marco-de-2025\/","url":"https:\/\/www.correiobraziliense.com.br\/cbradar\/os-melhores-lancamentos-da-disney-para-marco-de-2025\/","name":"Os melhores lan\u00e7amentos da Disney para mar\u00e7o de 2025","isPartOf":{"@id":"https:\/\/www.correiobraziliense.com.br\/cbradar\/#website"},"primaryImageOfPage":{"@id":"https:\/\/www.correiobraziliense.com.br\/cbradar\/os-melhores-lancamentos-da-disney-para-marco-de-2025\/#primaryimage"},"image":{"@id":"https:\/\/www.correiobraziliense.com.br\/cbradar\/os-melhores-lancamentos-da-disney-para-marco-de-2025\/#primaryimage"},"thumbnailUrl":"https:\/\/www.correiobraziliense.com.br\/cbradar\/wp-content\/uploads\/2025\/02\/Disney_1740574372935.jpg","datePublished":"2025-02-27T10:23:00+00:00","author":{"@id":"https:\/\/www.correiobraziliense.com.br\/cbradar\/#\/schema\/person\/58422787644df994b53a19d3e56c1513"},"description":"O m\u00eas de mar\u00e7o promete grandes emo\u00e7\u00f5es para os assinantes da Disney! Com novas s\u00e9ries, filmes e produ\u00e7\u00f5es exclusivas!","breadcrumb":{"@id":"https:\/\/www.correiobraziliense.com.br\/cbradar\/os-melhores-lancamentos-da-disney-para-marco-de-2025\/#breadcrumb"},"inLanguage":"pt-BR","potentialAction":[{"@type":"ReadAction","target":["https:\/\/www.correiobraziliense.com.br\/cbradar\/os-melhores-lancamentos-da-disney-para-marco-de-2025\/"]}]},{"@type":"ImageObject","inLanguage":"pt-BR","@id":"https:\/\/www.correiobraziliense.com.br\/cbradar\/os-melhores-lancamentos-da-disney-para-marco-de-2025\/#primaryimage","url":"https:\/\/www.correiobraziliense.com.br\/cbradar\/wp-content\/uploads\/2025\/02\/Disney_1740574372935.jpg","contentUrl":"https:\/\/www.correiobraziliense.com.br\/cbradar\/wp-content\/uploads\/2025\/02\/Disney_1740574372935.jpg","width":1280,"height":720,"caption":"Grandes Estreias de Mar\u00e7o de 2025 Cr\u00e9ditos: depositphotos.com \/ rootstocks"},{"@type":"BreadcrumbList","@id":"https:\/\/www.correiobraziliense.com.br\/cbradar\/os-melhores-lancamentos-da-disney-para-marco-de-2025\/#breadcrumb","itemListElement":[{"@type":"ListItem","position":1,"name":"In\u00edcio","item":"https:\/\/www.correiobraziliense.com.br\/cbradar\/"},{"@type":"ListItem","position":2,"name":"Os melhores lan\u00e7amentos da Disney para mar\u00e7o de 2025"}]},{"@type":"WebSite","@id":"https:\/\/www.correiobraziliense.com.br\/cbradar\/#website","url":"https:\/\/www.correiobraziliense.com.br\/cbradar\/","name":"Correio Braziliense - Radar","description":"Acompanhe as \u00faltimas not\u00edcias e fique bem informado sobre tudo o que acontece no Brasil e no mundo.","potentialAction":[{"@type":"SearchAction","target":{"@type":"EntryPoint","urlTemplate":"https:\/\/www.correiobraziliense.com.br\/cbradar\/?s={search_term_string}"},"query-input":{"@type":"PropertyValueSpecification","valueRequired":true,"valueName":"search_term_string"}}],"inLanguage":"pt-BR"},{"@type":"Person","@id":"https:\/\/www.correiobraziliense.com.br\/cbradar\/#\/schema\/person\/58422787644df994b53a19d3e56c1513","name":"Larissa Carvalho","image":{"@type":"ImageObject","inLanguage":"pt-BR","@id":"https:\/\/www.correiobraziliense.com.br\/cbradar\/#\/schema\/person\/image\/","url":"https:\/\/secure.gravatar.com\/avatar\/fe4f91a0de32b52a838d0d612abdc1aa?s=96&d=mm&r=g","contentUrl":"https:\/\/secure.gravatar.com\/avatar\/fe4f91a0de32b52a838d0d612abdc1aa?s=96&d=mm&r=g","caption":"Larissa Carvalho"},"url":"https:\/\/www.correiobraziliense.com.br\/cbradar\/author\/larissamyth\/"}]}},"_links":{"self":[{"href":"https:\/\/www.correiobraziliense.com.br\/cbradar\/wp-json\/wp\/v2\/posts\/6258","targetHints":{"allow":["GET"]}}],"collection":[{"href":"https:\/\/www.correiobraziliense.com.br\/cbradar\/wp-json\/wp\/v2\/posts"}],"about":[{"href":"https:\/\/www.correiobraziliense.com.br\/cbradar\/wp-json\/wp\/v2\/types\/post"}],"author":[{"embeddable":true,"href":"https:\/\/www.correiobraziliense.com.br\/cbradar\/wp-json\/wp\/v2\/users\/3"}],"replies":[{"embeddable":true,"href":"https:\/\/www.correiobraziliense.com.br\/cbradar\/wp-json\/wp\/v2\/comments?post=6258"}],"version-history":[{"count":3,"href":"https:\/\/www.correiobraziliense.com.br\/cbradar\/wp-json\/wp\/v2\/posts\/6258\/revisions"}],"predecessor-version":[{"id":6316,"href":"https:\/\/www.correiobraziliense.com.br\/cbradar\/wp-json\/wp\/v2\/posts\/6258\/revisions\/6316"}],"wp:featuredmedia":[{"embeddable":true,"href":"https:\/\/www.correiobraziliense.com.br\/cbradar\/wp-json\/wp\/v2\/media\/6259"}],"wp:attachment":[{"href":"https:\/\/www.correiobraziliense.com.br\/cbradar\/wp-json\/wp\/v2\/media?parent=6258"}],"wp:term":[{"taxonomy":"category","embeddable":true,"href":"https:\/\/www.correiobraziliense.com.br\/cbradar\/wp-json\/wp\/v2\/categories?post=6258"},{"taxonomy":"post_tag","embeddable":true,"href":"https:\/\/www.correiobraziliense.com.br\/cbradar\/wp-json\/wp\/v2\/post_tag?post=6258"}],"curies":[{"name":"wp","href":"https:\/\/api.w.org\/{rel}","templated":true}]}}