{"id":62698,"date":"2025-07-02T10:23:00","date_gmt":"2025-07-02T13:23:00","guid":{"rendered":"https:\/\/www.correiobraziliense.com.br\/cbradar\/?p=62698"},"modified":"2025-07-01T11:49:35","modified_gmt":"2025-07-01T14:49:35","slug":"o-truque-polones-mais-eficiente-para-aquecer-a-cama-sem-energia-eletrica","status":"publish","type":"post","link":"https:\/\/www.correiobraziliense.com.br\/cbradar\/o-truque-polones-mais-eficiente-para-aquecer-a-cama-sem-energia-eletrica\/","title":{"rendered":"O truque polon\u00eas mais eficiente para aquecer a cama sem energia el\u00e9trica"},"content":{"rendered":"\n<p>Com a chegada das baixas temperaturas, especialmente durante ondas de frio intenso, muitas pessoas buscam alternativas para aquecer a casa sem recorrer ao uso constante de estufas ou aquecedores el\u00e9tricos. O aumento no consumo de energia e a preocupa\u00e7\u00e3o com a sustentabilidade fazem com que m\u00e9todos caseiros ganhem destaque. Entre as op\u00e7\u00f5es mais populares est\u00e1 um truque tradicional da <strong>Pol\u00f4nia<\/strong>, conhecido por sua efici\u00eancia e simplicidade.<\/p>\n\n\n\n<p>Esse m\u00e9todo <strong>polon\u00eas<\/strong> para aquecer ambientes e camas tem sido utilizado h\u00e1 d\u00e9cadas, principalmente em regi\u00f5es onde o inverno \u00e9 rigoroso. O segredo est\u00e1 em aproveitar o calor da \u00e1gua quente de forma estrat\u00e9gica, sem a necessidade de aparelhos el\u00e9tricos ou consumo de g\u00e1s. O procedimento \u00e9 acess\u00edvel, econ\u00f4mico e pode ser adaptado facilmente em qualquer resid\u00eancia.<\/p>\n\n\n\n<h2 class=\"wp-block-heading\">Como funciona o truque polon\u00eas para aquecer a cama?<\/h2>\n\n\n\n<p><strong>O truque consiste em utilizar garrafas de pl\u00e1stico ou vidro resistentes ao calor, preenchidas com \u00e1gua quente.<\/strong> Ap\u00f3s fechar bem as garrafas, elas s\u00e3o colocadas sob os len\u00e7\u00f3is, pr\u00f3ximas aos p\u00e9s ou ao centro da cama, pouco antes de dormir. Dessa forma, o calor \u00e9 liberado gradualmente, proporcionando uma sensa\u00e7\u00e3o t\u00e9rmica agrad\u00e1vel durante v\u00e1rias horas da noite.<\/p>\n\n\n\n<p><strong>Esse m\u00e9todo substitui a tradicional bolsa de \u00e1gua quente, sendo uma alternativa pr\u00e1tica para quem n\u00e3o possui esse item em casa.<\/strong> Al\u00e9m disso, o uso de garrafas reutiliz\u00e1veis contribui para a redu\u00e7\u00e3o de res\u00edduos e evita o desperd\u00edcio de energia el\u00e9trica, tornando-se uma solu\u00e7\u00e3o sustent\u00e1vel para o inverno.<\/p>\n\n\n\n<h2 class=\"wp-block-heading\">Quais s\u00e3o os benef\u00edcios desse m\u00e9todo polon\u00eas?<\/h2>\n\n\n\n<p><strong>Entre as principais vantagens do truque polon\u00eas, destacam-se:<\/strong><\/p>\n\n\n\n<ul class=\"wp-block-list\">\n<li><strong>Economia de energia:<\/strong> N\u00e3o h\u00e1 necessidade de utilizar aquecedores, reduzindo o consumo de eletricidade ou g\u00e1s.<\/li>\n\n\n\n<li><strong>Praticidade:<\/strong> Garrafas de pl\u00e1stico ou vidro s\u00e3o itens facilmente encontrados em qualquer resid\u00eancia.<\/li>\n\n\n\n<li><strong>Reutiliza\u00e7\u00e3o:<\/strong> As garrafas podem ser usadas repetidas vezes, bastando apenas trocar a \u00e1gua quente.<\/li>\n\n\n\n<li><strong>Seguran\u00e7a:<\/strong> Quando bem fechadas, as garrafas evitam vazamentos e s\u00e3o seguras para uso dom\u00e9stico.<\/li>\n\n\n\n<li><strong>Sustentabilidade:<\/strong> O m\u00e9todo n\u00e3o gera res\u00edduos adicionais e n\u00e3o depende de combust\u00edveis f\u00f3sseis.<\/li>\n<\/ul>\n\n\n\n<p><strong>Al\u00e9m de aquecer a cama, as garrafas de \u00e1gua quente podem ser distribu\u00eddas em outros c\u00f4modos, como banheiros ou cozinhas pequenas, ajudando a manter a temperatura do ambiente mais confort\u00e1vel ao longo do dia.<\/strong><\/p>\n\n\n\n<figure class=\"wp-block-image size-large\"><img decoding=\"async\" width=\"1024\" height=\"576\" src=\"https:\/\/www.correiobraziliense.com.br\/cbradar\/wp-content\/uploads\/2025\/07\/cama-_1751381362877-1024x576.jpg\" alt=\"O truque polon\u00eas mais eficiente para aquecer a cama sem energia el\u00e9trica\" class=\"wp-image-62704\" srcset=\"https:\/\/www.correiobraziliense.com.br\/cbradar\/wp-content\/uploads\/2025\/07\/cama-_1751381362877-1024x576.jpg 1024w, https:\/\/www.correiobraziliense.com.br\/cbradar\/wp-content\/uploads\/2025\/07\/cama-_1751381362877-300x169.jpg 300w, https:\/\/www.correiobraziliense.com.br\/cbradar\/wp-content\/uploads\/2025\/07\/cama-_1751381362877-768x432.jpg 768w, https:\/\/www.correiobraziliense.com.br\/cbradar\/wp-content\/uploads\/2025\/07\/cama-_1751381362877-750x422.jpg 750w, https:\/\/www.correiobraziliense.com.br\/cbradar\/wp-content\/uploads\/2025\/07\/cama-_1751381362877-1140x641.jpg 1140w, https:\/\/www.correiobraziliense.com.br\/cbradar\/wp-content\/uploads\/2025\/07\/cama-_1751381362877.jpg 1280w\" sizes=\"(max-width: 1024px) 100vw, 1024px\" \/><figcaption class=\"wp-element-caption\">cama. Cr\u00e9ditos: depositphotos.com \/ serezniy<\/figcaption><\/figure>\n\n\n\n<h2 class=\"wp-block-heading\">Como aplicar o truque polon\u00eas de forma segura?<\/h2>\n\n\n\n<p><strong>Para garantir a efic\u00e1cia e a seguran\u00e7a do m\u00e9todo, \u00e9 importante seguir algumas orienta\u00e7\u00f5es:<\/strong><\/p>\n\n\n\n<ol class=\"wp-block-list\">\n<li>Escolha garrafas resistentes ao calor, preferencialmente de vidro grosso ou pl\u00e1stico de alta qualidade.<\/li>\n\n\n\n<li>Encha as garrafas com \u00e1gua quente, mas n\u00e3o fervente, para evitar deforma\u00e7\u00f5es ou acidentes.<\/li>\n\n\n\n<li>Feche bem as tampas para impedir vazamentos.<\/li>\n\n\n\n<li>Envolva as garrafas em uma toalha ou pano, caso queira evitar o contato direto com a pele.<\/li>\n\n\n\n<li>Posicione as garrafas sob os len\u00e7\u00f3is, pr\u00f3ximas aos p\u00e9s ou ao centro da cama, alguns minutos antes de deitar.<\/li>\n<\/ol>\n\n\n\n<p><strong>Esse cuidado simples faz toda a diferen\u00e7a para manter o ambiente aquecido e confort\u00e1vel durante as noites frias, sem recorrer a equipamentos el\u00e9tricos.<\/strong><\/p>\n\n\n\n<h2 class=\"wp-block-heading\">O truque polon\u00eas pode substituir aquecedores tradicionais?<\/h2>\n\n\n\n<p><strong>Embora o m\u00e9todo polon\u00eas seja eficiente para aquecer camas e pequenos ambientes, ele n\u00e3o substitui completamente sistemas de aquecimento em locais de frio extremo.<\/strong> No entanto, pode ser uma excelente alternativa para complementar o aquecimento ou para situa\u00e7\u00f5es em que n\u00e3o \u00e9 poss\u00edvel utilizar estufas ou aquecedores. Al\u00e9m disso, \u00e9 uma op\u00e7\u00e3o interessante para quem busca solu\u00e7\u00f5es ecol\u00f3gicas e econ\u00f4micas para enfrentar o inverno.<\/p>\n\n\n\n<p><strong>Em 2025<\/strong>, com a crescente preocupa\u00e7\u00e3o com o consumo consciente e a sustentabilidade, m\u00e9todos como o truque polon\u00eas ganham cada vez mais espa\u00e7o. A simplicidade da t\u00e9cnica, aliada \u00e0 sua efici\u00eancia, faz dela uma escolha vi\u00e1vel para manter o conforto t\u00e9rmico em casa durante as noites frias, sem depender de energia el\u00e9trica ou g\u00e1s.<\/p>\n","protected":false},"excerpt":{"rendered":"<p>Descubra o truque polon\u00eas que aquece a cama sem energia el\u00e9trica, usando apenas garrafas de \u00e1gua quente. Pr\u00e1tico, econ\u00f4mico e perfeito para o inverno.<\/p>\n","protected":false},"author":3,"featured_media":62703,"comment_status":"open","ping_status":"open","sticky":false,"template":"","format":"standard","meta":{"_yoast_wpseo_focuskw":"truque aquecer a cama","_yoast_wpseo_title":"%%title%%","_yoast_wpseo_metadesc":"Descubra o truque polon\u00eas que aquece a cama sem energia el\u00e9trica, usando apenas garrafas de \u00e1gua quente. Pr\u00e1tico, econ\u00f4mico e perfeito para o inverno.","jnews-multi-image_gallery":[],"jnews_single_post":{"format":"standard"},"jnews_primary_category":[],"jnews_social_meta":[],"jnews_override_counter":[],"footnotes":""},"categories":[112],"post_tag":[7481,144],"class_list":["post-62698","post","type-post","status-publish","format-standard","has-post-thumbnail","hentry","category-curiosidades","tag-aquecimento","tag-curiosidades"],"yoast_head":"<!-- This site is optimized with the Yoast SEO plugin v24.6 - https:\/\/yoast.com\/wordpress\/plugins\/seo\/ -->\n<title>O truque polon\u00eas mais eficiente para aquecer a cama sem energia el\u00e9trica<\/title>\n<meta name=\"description\" content=\"Descubra o truque polon\u00eas que aquece a cama sem energia el\u00e9trica, usando apenas garrafas de \u00e1gua quente. Pr\u00e1tico, econ\u00f4mico e perfeito para o inverno.\" \/>\n<meta name=\"robots\" content=\"index, follow, max-snippet:-1, max-image-preview:large, max-video-preview:-1\" \/>\n<link rel=\"canonical\" href=\"https:\/\/www.correiobraziliense.com.br\/cbradar\/o-truque-polones-mais-eficiente-para-aquecer-a-cama-sem-energia-eletrica\/\" \/>\n<meta property=\"og:locale\" content=\"pt_BR\" \/>\n<meta property=\"og:type\" content=\"article\" \/>\n<meta property=\"og:title\" content=\"O truque polon\u00eas mais eficiente para aquecer a cama sem energia el\u00e9trica\" \/>\n<meta property=\"og:description\" content=\"Descubra o truque polon\u00eas que aquece a cama sem energia el\u00e9trica, usando apenas garrafas de \u00e1gua quente. Pr\u00e1tico, econ\u00f4mico e perfeito para o inverno.\" \/>\n<meta property=\"og:url\" content=\"https:\/\/www.correiobraziliense.com.br\/cbradar\/o-truque-polones-mais-eficiente-para-aquecer-a-cama-sem-energia-eletrica\/\" \/>\n<meta property=\"og:site_name\" content=\"Correio Braziliense - Radar\" \/>\n<meta property=\"article:published_time\" content=\"2025-07-02T13:23:00+00:00\" \/>\n<meta property=\"og:image\" content=\"https:\/\/www.correiobraziliense.com.br\/cbradar\/wp-content\/uploads\/2025\/07\/cama-_1751381338504.jpg\" \/>\n\t<meta property=\"og:image:width\" content=\"1280\" \/>\n\t<meta property=\"og:image:height\" content=\"720\" \/>\n\t<meta property=\"og:image:type\" content=\"image\/jpeg\" \/>\n<meta name=\"author\" content=\"Larissa Carvalho\" \/>\n<meta name=\"twitter:card\" content=\"summary_large_image\" \/>\n<meta name=\"twitter:label1\" content=\"Escrito por\" \/>\n\t<meta name=\"twitter:data1\" content=\"Larissa Carvalho\" \/>\n\t<meta name=\"twitter:label2\" content=\"Est. tempo de leitura\" \/>\n\t<meta name=\"twitter:data2\" content=\"4 minutos\" \/>\n<!-- \/ Yoast SEO plugin. -->","yoast_head_json":{"title":"O truque polon\u00eas mais eficiente para aquecer a cama sem energia el\u00e9trica","description":"Descubra o truque polon\u00eas que aquece a cama sem energia el\u00e9trica, usando apenas garrafas de \u00e1gua quente. Pr\u00e1tico, econ\u00f4mico e perfeito para o inverno.","robots":{"index":"index","follow":"follow","max-snippet":"max-snippet:-1","max-image-preview":"max-image-preview:large","max-video-preview":"max-video-preview:-1"},"canonical":"https:\/\/www.correiobraziliense.com.br\/cbradar\/o-truque-polones-mais-eficiente-para-aquecer-a-cama-sem-energia-eletrica\/","og_locale":"pt_BR","og_type":"article","og_title":"O truque polon\u00eas mais eficiente para aquecer a cama sem energia el\u00e9trica","og_description":"Descubra o truque polon\u00eas que aquece a cama sem energia el\u00e9trica, usando apenas garrafas de \u00e1gua quente. Pr\u00e1tico, econ\u00f4mico e perfeito para o inverno.","og_url":"https:\/\/www.correiobraziliense.com.br\/cbradar\/o-truque-polones-mais-eficiente-para-aquecer-a-cama-sem-energia-eletrica\/","og_site_name":"Correio Braziliense - Radar","article_published_time":"2025-07-02T13:23:00+00:00","og_image":[{"width":1280,"height":720,"url":"https:\/\/www.correiobraziliense.com.br\/cbradar\/wp-content\/uploads\/2025\/07\/cama-_1751381338504.jpg","type":"image\/jpeg"}],"author":"Larissa Carvalho","twitter_card":"summary_large_image","twitter_misc":{"Escrito por":"Larissa Carvalho","Est. tempo de leitura":"4 minutos"},"schema":{"@context":"https:\/\/schema.org","@graph":[{"@type":"WebPage","@id":"https:\/\/www.correiobraziliense.com.br\/cbradar\/o-truque-polones-mais-eficiente-para-aquecer-a-cama-sem-energia-eletrica\/","url":"https:\/\/www.correiobraziliense.com.br\/cbradar\/o-truque-polones-mais-eficiente-para-aquecer-a-cama-sem-energia-eletrica\/","name":"O truque polon\u00eas mais eficiente para aquecer a cama sem energia el\u00e9trica","isPartOf":{"@id":"https:\/\/www.correiobraziliense.com.br\/cbradar\/#website"},"primaryImageOfPage":{"@id":"https:\/\/www.correiobraziliense.com.br\/cbradar\/o-truque-polones-mais-eficiente-para-aquecer-a-cama-sem-energia-eletrica\/#primaryimage"},"image":{"@id":"https:\/\/www.correiobraziliense.com.br\/cbradar\/o-truque-polones-mais-eficiente-para-aquecer-a-cama-sem-energia-eletrica\/#primaryimage"},"thumbnailUrl":"https:\/\/www.correiobraziliense.com.br\/cbradar\/wp-content\/uploads\/2025\/07\/cama-_1751381338504.jpg","datePublished":"2025-07-02T13:23:00+00:00","author":{"@id":"https:\/\/www.correiobraziliense.com.br\/cbradar\/#\/schema\/person\/58422787644df994b53a19d3e56c1513"},"description":"Descubra o truque polon\u00eas que aquece a cama sem energia el\u00e9trica, usando apenas garrafas de \u00e1gua quente. Pr\u00e1tico, econ\u00f4mico e perfeito para o inverno.","breadcrumb":{"@id":"https:\/\/www.correiobraziliense.com.br\/cbradar\/o-truque-polones-mais-eficiente-para-aquecer-a-cama-sem-energia-eletrica\/#breadcrumb"},"inLanguage":"pt-BR","potentialAction":[{"@type":"ReadAction","target":["https:\/\/www.correiobraziliense.com.br\/cbradar\/o-truque-polones-mais-eficiente-para-aquecer-a-cama-sem-energia-eletrica\/"]}]},{"@type":"ImageObject","inLanguage":"pt-BR","@id":"https:\/\/www.correiobraziliense.com.br\/cbradar\/o-truque-polones-mais-eficiente-para-aquecer-a-cama-sem-energia-eletrica\/#primaryimage","url":"https:\/\/www.correiobraziliense.com.br\/cbradar\/wp-content\/uploads\/2025\/07\/cama-_1751381338504.jpg","contentUrl":"https:\/\/www.correiobraziliense.com.br\/cbradar\/wp-content\/uploads\/2025\/07\/cama-_1751381338504.jpg","width":1280,"height":720,"caption":"cama. Cr\u00e9ditos: depositphotos.com \/ AntonMatyukha"},{"@type":"BreadcrumbList","@id":"https:\/\/www.correiobraziliense.com.br\/cbradar\/o-truque-polones-mais-eficiente-para-aquecer-a-cama-sem-energia-eletrica\/#breadcrumb","itemListElement":[{"@type":"ListItem","position":1,"name":"In\u00edcio","item":"https:\/\/www.correiobraziliense.com.br\/cbradar\/"},{"@type":"ListItem","position":2,"name":"O truque polon\u00eas mais eficiente para aquecer a cama sem energia el\u00e9trica"}]},{"@type":"WebSite","@id":"https:\/\/www.correiobraziliense.com.br\/cbradar\/#website","url":"https:\/\/www.correiobraziliense.com.br\/cbradar\/","name":"Correio Braziliense - Radar","description":"Acompanhe as \u00faltimas not\u00edcias e fique bem informado sobre tudo o que acontece no Brasil e no mundo.","potentialAction":[{"@type":"SearchAction","target":{"@type":"EntryPoint","urlTemplate":"https:\/\/www.correiobraziliense.com.br\/cbradar\/?s={search_term_string}"},"query-input":{"@type":"PropertyValueSpecification","valueRequired":true,"valueName":"search_term_string"}}],"inLanguage":"pt-BR"},{"@type":"Person","@id":"https:\/\/www.correiobraziliense.com.br\/cbradar\/#\/schema\/person\/58422787644df994b53a19d3e56c1513","name":"Larissa Carvalho","image":{"@type":"ImageObject","inLanguage":"pt-BR","@id":"https:\/\/www.correiobraziliense.com.br\/cbradar\/#\/schema\/person\/image\/","url":"https:\/\/secure.gravatar.com\/avatar\/fe4f91a0de32b52a838d0d612abdc1aa?s=96&d=mm&r=g","contentUrl":"https:\/\/secure.gravatar.com\/avatar\/fe4f91a0de32b52a838d0d612abdc1aa?s=96&d=mm&r=g","caption":"Larissa Carvalho"},"url":"https:\/\/www.correiobraziliense.com.br\/cbradar\/author\/larissamyth\/"}]}},"_links":{"self":[{"href":"https:\/\/www.correiobraziliense.com.br\/cbradar\/wp-json\/wp\/v2\/posts\/62698","targetHints":{"allow":["GET"]}}],"collection":[{"href":"https:\/\/www.correiobraziliense.com.br\/cbradar\/wp-json\/wp\/v2\/posts"}],"about":[{"href":"https:\/\/www.correiobraziliense.com.br\/cbradar\/wp-json\/wp\/v2\/types\/post"}],"author":[{"embeddable":true,"href":"https:\/\/www.correiobraziliense.com.br\/cbradar\/wp-json\/wp\/v2\/users\/3"}],"replies":[{"embeddable":true,"href":"https:\/\/www.correiobraziliense.com.br\/cbradar\/wp-json\/wp\/v2\/comments?post=62698"}],"version-history":[{"count":2,"href":"https:\/\/www.correiobraziliense.com.br\/cbradar\/wp-json\/wp\/v2\/posts\/62698\/revisions"}],"predecessor-version":[{"id":62705,"href":"https:\/\/www.correiobraziliense.com.br\/cbradar\/wp-json\/wp\/v2\/posts\/62698\/revisions\/62705"}],"wp:featuredmedia":[{"embeddable":true,"href":"https:\/\/www.correiobraziliense.com.br\/cbradar\/wp-json\/wp\/v2\/media\/62703"}],"wp:attachment":[{"href":"https:\/\/www.correiobraziliense.com.br\/cbradar\/wp-json\/wp\/v2\/media?parent=62698"}],"wp:term":[{"taxonomy":"category","embeddable":true,"href":"https:\/\/www.correiobraziliense.com.br\/cbradar\/wp-json\/wp\/v2\/categories?post=62698"},{"taxonomy":"post_tag","embeddable":true,"href":"https:\/\/www.correiobraziliense.com.br\/cbradar\/wp-json\/wp\/v2\/post_tag?post=62698"}],"curies":[{"name":"wp","href":"https:\/\/api.w.org\/{rel}","templated":true}]}}