{"id":62715,"date":"2025-07-02T12:23:00","date_gmt":"2025-07-02T15:23:00","guid":{"rendered":"https:\/\/www.correiobraziliense.com.br\/cbradar\/?p=62715"},"modified":"2025-07-01T12:10:49","modified_gmt":"2025-07-01T15:10:49","slug":"7-alimentos-poderosos-para-combater-a-inflamacao-e-dar-mais-disposicao","status":"publish","type":"post","link":"https:\/\/www.correiobraziliense.com.br\/cbradar\/7-alimentos-poderosos-para-combater-a-inflamacao-e-dar-mais-disposicao\/","title":{"rendered":"7 alimentos poderosos para combater a inflama\u00e7\u00e3o e dar mais disposi\u00e7\u00e3o"},"content":{"rendered":"\n<p>Manter a disposi\u00e7\u00e3o ao longo do dia pode ser um desafio, especialmente quando fatores como alimenta\u00e7\u00e3o e estilo de vida impactam diretamente os n\u00edveis de energia. Al\u00e9m disso, a inflama\u00e7\u00e3o cr\u00f4nica, muitas vezes silenciosa, pode contribuir para o cansa\u00e7o persistente. Por isso, a escolha dos alimentos certos pode fazer diferen\u00e7a tanto para combater a fadiga quanto para reduzir processos inflamat\u00f3rios no organismo.<\/p>\n\n\n\n<p>Especialistas em nutri\u00e7\u00e3o destacam que determinados alimentos possuem propriedades que auxiliam na manuten\u00e7\u00e3o da energia e no controle da inflama\u00e7\u00e3o. A combina\u00e7\u00e3o de nutrientes, fibras, antioxidantes e gorduras saud\u00e1veis presente em alguns itens do card\u00e1pio pode ajudar a proteger as c\u00e9lulas e garantir um funcionamento mais eficiente do corpo. A seguir, veja como alguns alimentos e h\u00e1bitos podem colaborar para um dia a dia mais equilibrado.<\/p>\n\n\n\n<h2 class=\"wp-block-heading\">Quais alimentos ajudam a combater a inflama\u00e7\u00e3o e aumentar a energia?<\/h2>\n\n\n\n<p><strong>Entre os alimentos mais recomendados para quem busca energia e redu\u00e7\u00e3o da inflama\u00e7\u00e3o est\u00e3o as ra\u00edzes, frutas, gr\u00e3os integrais e leguminosas.<\/strong> A beterraba, por exemplo, \u00e9 rica em nitratos naturais e compostos antioxidantes, que favorecem a circula\u00e7\u00e3o sangu\u00ednea e auxiliam na entrega de oxig\u00eanio aos m\u00fasculos. J\u00e1 o gengibre possui subst\u00e2ncias como gingerol e shogaol, conhecidas por sua a\u00e7\u00e3o anti-inflamat\u00f3ria e capacidade de melhorar processos metab\u00f3licos.<\/p>\n\n\n\n<p>Frutas como cereja \u00e1cida e cranberry desidratado s\u00e3o fontes de polifen\u00f3is e antocianinas, compostos que ajudam a bloquear mecanismos inflamat\u00f3rios e ainda fornecem energia r\u00e1pida devido ao teor de a\u00e7\u00facares naturais. A aveia, por sua vez, \u00e9 um cereal integral que oferece carboidratos de lenta absor\u00e7\u00e3o, garantindo energia prolongada, al\u00e9m de conter avenantramidas, antioxidantes exclusivos desse alimento.<\/p>\n\n\n\n<figure class=\"wp-block-image size-large\"><img decoding=\"async\" width=\"1024\" height=\"576\" src=\"https:\/\/www.correiobraziliense.com.br\/cbradar\/wp-content\/uploads\/2025\/07\/alimentos_1751382552913-1024x576.jpg\" alt=\"7 alimentos poderosos para combater a inflama\u00e7\u00e3o e dar mais disposi\u00e7\u00e3o\" class=\"wp-image-62718\" srcset=\"https:\/\/www.correiobraziliense.com.br\/cbradar\/wp-content\/uploads\/2025\/07\/alimentos_1751382552913-1024x576.jpg 1024w, https:\/\/www.correiobraziliense.com.br\/cbradar\/wp-content\/uploads\/2025\/07\/alimentos_1751382552913-300x169.jpg 300w, https:\/\/www.correiobraziliense.com.br\/cbradar\/wp-content\/uploads\/2025\/07\/alimentos_1751382552913-768x432.jpg 768w, https:\/\/www.correiobraziliense.com.br\/cbradar\/wp-content\/uploads\/2025\/07\/alimentos_1751382552913-750x422.jpg 750w, https:\/\/www.correiobraziliense.com.br\/cbradar\/wp-content\/uploads\/2025\/07\/alimentos_1751382552913-1140x641.jpg 1140w, https:\/\/www.correiobraziliense.com.br\/cbradar\/wp-content\/uploads\/2025\/07\/alimentos_1751382552913.jpg 1280w\" sizes=\"(max-width: 1024px) 100vw, 1024px\" \/><figcaption class=\"wp-element-caption\">alimentos. Cr\u00e9ditos: depositphotos.com \/ Nadianb<\/figcaption><\/figure>\n\n\n\n<h2 class=\"wp-block-heading\">Como montar refei\u00e7\u00f5es energ\u00e9ticas e anti-inflamat\u00f3rias?<\/h2>\n\n\n\n<p><strong>Para obter os benef\u00edcios desses alimentos, \u00e9 importante combin\u00e1-los de forma equilibrada nas refei\u00e7\u00f5es di\u00e1rias.<\/strong> Veja algumas sugest\u00f5es de combina\u00e7\u00f5es que podem ser inclu\u00eddas no card\u00e1pio:<\/p>\n\n\n\n<ul class=\"wp-block-list\">\n<li><strong>Caf\u00e9 da manh\u00e3:<\/strong> Aveia cozida com frutas vermelhas e uma pitada de canela.<\/li>\n\n\n\n<li><strong>Lanche:<\/strong> Mix de castanhas com cranberry desidratado.<\/li>\n\n\n\n<li><strong>Almo\u00e7o:<\/strong> Salada de folhas verdes com beterraba cozida, abacate e azeite de oliva.<\/li>\n\n\n\n<li><strong>Jantar:<\/strong> Tacos de feij\u00e3o-preto com salsa fresca e fatias de abacate.<\/li>\n<\/ul>\n\n\n\n<p>Essas op\u00e7\u00f5es combinam fibras, gorduras boas e antioxidantes, promovendo saciedade e fornecendo nutrientes essenciais para o organismo.<\/p>\n\n\n\n<h2 class=\"wp-block-heading\">Quais h\u00e1bitos potencializam os efeitos dos alimentos anti-inflamat\u00f3rios?<\/h2>\n\n\n\n<p><strong>Al\u00e9m da alimenta\u00e7\u00e3o, outros fatores s\u00e3o fundamentais para manter a energia e reduzir a inflama\u00e7\u00e3o.<\/strong> Pr\u00e1ticas como a atividade f\u00edsica regular ajudam a melhorar a circula\u00e7\u00e3o e a disposi\u00e7\u00e3o. Dormir entre sete e nove horas por noite \u00e9 recomendado para que o corpo se recupere e mantenha os processos metab\u00f3licos em equil\u00edbrio.<\/p>\n\n\n\n<ol class=\"wp-block-list\">\n<li><strong>Movimente-se:<\/strong> Caminhadas curtas, alongamentos ou dan\u00e7ar podem estimular o corpo e afastar a sensa\u00e7\u00e3o de cansa\u00e7o.<\/li>\n\n\n\n<li><strong>Hidrate-se:<\/strong> A ingest\u00e3o adequada de \u00e1gua \u00e9 essencial para evitar a fadiga relacionada \u00e0 desidrata\u00e7\u00e3o.<\/li>\n\n\n\n<li><strong>Equilibre macronutrientes:<\/strong> Ao consumir carboidratos, associe fontes de prote\u00edna e gordura saud\u00e1vel para evitar picos e quedas bruscas de energia.<\/li>\n<\/ol>\n\n\n\n<p>Essas estrat\u00e9gias, quando aliadas a uma alimenta\u00e7\u00e3o rica em alimentos anti-inflamat\u00f3rios, contribuem para o bem-estar geral e ajudam a enfrentar os desafios do cotidiano com mais disposi\u00e7\u00e3o.<\/p>\n\n\n\n<h2 class=\"wp-block-heading\">Por que investir em alimentos anti-inflamat\u00f3rios faz diferen\u00e7a?<\/h2>\n\n\n\n<p><strong>Optar por alimentos com propriedades anti-inflamat\u00f3rias e energ\u00e9ticas pode trazer benef\u00edcios que v\u00e3o al\u00e9m do combate ao cansa\u00e7o.<\/strong> Esses alimentos ajudam a proteger o organismo contra doen\u00e7as cr\u00f4nicas, melhoram a sa\u00fade cardiovascular e favorecem o controle do peso. Incorporar itens como abacate, aveia, beterraba, gengibre, cereja \u00e1cida e feij\u00f5es na rotina alimentar \u00e9 uma estrat\u00e9gia simples e eficaz para promover mais vitalidade e equil\u00edbrio.<\/p>\n\n\n\n<p>Pequenas mudan\u00e7as nos h\u00e1bitos alimentares e no estilo de vida podem resultar em melhorias percept\u00edveis na disposi\u00e7\u00e3o e na sa\u00fade. A escolha consciente dos alimentos, aliada a pr\u00e1ticas saud\u00e1veis, \u00e9 um passo importante para quem busca mais energia e menor risco de inflama\u00e7\u00e3o no dia a dia.<\/p>\n","protected":false},"excerpt":{"rendered":"<p>Aposte em alimentos que d\u00e3o energia e reduzem inflama\u00e7\u00e3o. Saiba como aveia, beterraba e gengibre podem transformar seu bem-estar com dicas pr\u00e1ticas.<\/p>\n","protected":false},"author":3,"featured_media":62717,"comment_status":"open","ping_status":"open","sticky":false,"template":"","format":"standard","meta":{"_yoast_wpseo_focuskw":"alimentos combater inflama\u00e7\u00e3o","_yoast_wpseo_title":"%%title%%","_yoast_wpseo_metadesc":"Aposte em alimentos que d\u00e3o energia e reduzem inflama\u00e7\u00e3o. Saiba como aveia, beterraba e gengibre podem transformar seu bem-estar com dicas pr\u00e1ticas.","jnews-multi-image_gallery":[],"jnews_single_post":{"format":"standard"},"jnews_primary_category":[],"jnews_social_meta":[],"jnews_override_counter":[],"footnotes":""},"categories":[112],"post_tag":[1423,144,4035],"class_list":["post-62715","post","type-post","status-publish","format-standard","has-post-thumbnail","hentry","category-curiosidades","tag-alimentos","tag-curiosidades","tag-inflamacao"],"yoast_head":"<!-- This site is optimized with the Yoast SEO plugin v24.6 - https:\/\/yoast.com\/wordpress\/plugins\/seo\/ -->\n<title>7 alimentos poderosos para combater a inflama\u00e7\u00e3o e dar mais disposi\u00e7\u00e3o<\/title>\n<meta name=\"description\" content=\"Aposte em alimentos que d\u00e3o energia e reduzem inflama\u00e7\u00e3o. Saiba como aveia, beterraba e gengibre podem transformar seu bem-estar com dicas pr\u00e1ticas.\" \/>\n<meta name=\"robots\" content=\"index, follow, max-snippet:-1, max-image-preview:large, max-video-preview:-1\" \/>\n<link rel=\"canonical\" href=\"https:\/\/www.correiobraziliense.com.br\/cbradar\/7-alimentos-poderosos-para-combater-a-inflamacao-e-dar-mais-disposicao\/\" \/>\n<meta property=\"og:locale\" content=\"pt_BR\" \/>\n<meta property=\"og:type\" content=\"article\" \/>\n<meta property=\"og:title\" content=\"7 alimentos poderosos para combater a inflama\u00e7\u00e3o e dar mais disposi\u00e7\u00e3o\" \/>\n<meta property=\"og:description\" content=\"Aposte em alimentos que d\u00e3o energia e reduzem inflama\u00e7\u00e3o. Saiba como aveia, beterraba e gengibre podem transformar seu bem-estar com dicas pr\u00e1ticas.\" \/>\n<meta property=\"og:url\" content=\"https:\/\/www.correiobraziliense.com.br\/cbradar\/7-alimentos-poderosos-para-combater-a-inflamacao-e-dar-mais-disposicao\/\" \/>\n<meta property=\"og:site_name\" content=\"Correio Braziliense - Radar\" \/>\n<meta property=\"article:published_time\" content=\"2025-07-02T15:23:00+00:00\" \/>\n<meta property=\"og:image\" content=\"https:\/\/www.correiobraziliense.com.br\/cbradar\/wp-content\/uploads\/2025\/07\/alimentos_1751382502935.jpg\" \/>\n\t<meta property=\"og:image:width\" content=\"1280\" \/>\n\t<meta property=\"og:image:height\" content=\"720\" \/>\n\t<meta property=\"og:image:type\" content=\"image\/jpeg\" \/>\n<meta name=\"author\" content=\"Larissa Carvalho\" \/>\n<meta name=\"twitter:card\" content=\"summary_large_image\" \/>\n<meta name=\"twitter:label1\" content=\"Escrito por\" \/>\n\t<meta name=\"twitter:data1\" content=\"Larissa Carvalho\" \/>\n\t<meta name=\"twitter:label2\" content=\"Est. tempo de leitura\" \/>\n\t<meta name=\"twitter:data2\" content=\"4 minutos\" \/>\n<!-- \/ Yoast SEO plugin. -->","yoast_head_json":{"title":"7 alimentos poderosos para combater a inflama\u00e7\u00e3o e dar mais disposi\u00e7\u00e3o","description":"Aposte em alimentos que d\u00e3o energia e reduzem inflama\u00e7\u00e3o. Saiba como aveia, beterraba e gengibre podem transformar seu bem-estar com dicas pr\u00e1ticas.","robots":{"index":"index","follow":"follow","max-snippet":"max-snippet:-1","max-image-preview":"max-image-preview:large","max-video-preview":"max-video-preview:-1"},"canonical":"https:\/\/www.correiobraziliense.com.br\/cbradar\/7-alimentos-poderosos-para-combater-a-inflamacao-e-dar-mais-disposicao\/","og_locale":"pt_BR","og_type":"article","og_title":"7 alimentos poderosos para combater a inflama\u00e7\u00e3o e dar mais disposi\u00e7\u00e3o","og_description":"Aposte em alimentos que d\u00e3o energia e reduzem inflama\u00e7\u00e3o. Saiba como aveia, beterraba e gengibre podem transformar seu bem-estar com dicas pr\u00e1ticas.","og_url":"https:\/\/www.correiobraziliense.com.br\/cbradar\/7-alimentos-poderosos-para-combater-a-inflamacao-e-dar-mais-disposicao\/","og_site_name":"Correio Braziliense - Radar","article_published_time":"2025-07-02T15:23:00+00:00","og_image":[{"width":1280,"height":720,"url":"https:\/\/www.correiobraziliense.com.br\/cbradar\/wp-content\/uploads\/2025\/07\/alimentos_1751382502935.jpg","type":"image\/jpeg"}],"author":"Larissa Carvalho","twitter_card":"summary_large_image","twitter_misc":{"Escrito por":"Larissa Carvalho","Est. tempo de leitura":"4 minutos"},"schema":{"@context":"https:\/\/schema.org","@graph":[{"@type":"WebPage","@id":"https:\/\/www.correiobraziliense.com.br\/cbradar\/7-alimentos-poderosos-para-combater-a-inflamacao-e-dar-mais-disposicao\/","url":"https:\/\/www.correiobraziliense.com.br\/cbradar\/7-alimentos-poderosos-para-combater-a-inflamacao-e-dar-mais-disposicao\/","name":"7 alimentos poderosos para combater a inflama\u00e7\u00e3o e dar mais disposi\u00e7\u00e3o","isPartOf":{"@id":"https:\/\/www.correiobraziliense.com.br\/cbradar\/#website"},"primaryImageOfPage":{"@id":"https:\/\/www.correiobraziliense.com.br\/cbradar\/7-alimentos-poderosos-para-combater-a-inflamacao-e-dar-mais-disposicao\/#primaryimage"},"image":{"@id":"https:\/\/www.correiobraziliense.com.br\/cbradar\/7-alimentos-poderosos-para-combater-a-inflamacao-e-dar-mais-disposicao\/#primaryimage"},"thumbnailUrl":"https:\/\/www.correiobraziliense.com.br\/cbradar\/wp-content\/uploads\/2025\/07\/alimentos_1751382502935.jpg","datePublished":"2025-07-02T15:23:00+00:00","author":{"@id":"https:\/\/www.correiobraziliense.com.br\/cbradar\/#\/schema\/person\/58422787644df994b53a19d3e56c1513"},"description":"Aposte em alimentos que d\u00e3o energia e reduzem inflama\u00e7\u00e3o. Saiba como aveia, beterraba e gengibre podem transformar seu bem-estar com dicas pr\u00e1ticas.","breadcrumb":{"@id":"https:\/\/www.correiobraziliense.com.br\/cbradar\/7-alimentos-poderosos-para-combater-a-inflamacao-e-dar-mais-disposicao\/#breadcrumb"},"inLanguage":"pt-BR","potentialAction":[{"@type":"ReadAction","target":["https:\/\/www.correiobraziliense.com.br\/cbradar\/7-alimentos-poderosos-para-combater-a-inflamacao-e-dar-mais-disposicao\/"]}]},{"@type":"ImageObject","inLanguage":"pt-BR","@id":"https:\/\/www.correiobraziliense.com.br\/cbradar\/7-alimentos-poderosos-para-combater-a-inflamacao-e-dar-mais-disposicao\/#primaryimage","url":"https:\/\/www.correiobraziliense.com.br\/cbradar\/wp-content\/uploads\/2025\/07\/alimentos_1751382502935.jpg","contentUrl":"https:\/\/www.correiobraziliense.com.br\/cbradar\/wp-content\/uploads\/2025\/07\/alimentos_1751382502935.jpg","width":1280,"height":720,"caption":"alimentos. Cr\u00e9ditos: depositphotos.com \/ VadimVasenin"},{"@type":"BreadcrumbList","@id":"https:\/\/www.correiobraziliense.com.br\/cbradar\/7-alimentos-poderosos-para-combater-a-inflamacao-e-dar-mais-disposicao\/#breadcrumb","itemListElement":[{"@type":"ListItem","position":1,"name":"In\u00edcio","item":"https:\/\/www.correiobraziliense.com.br\/cbradar\/"},{"@type":"ListItem","position":2,"name":"7 alimentos poderosos para combater a inflama\u00e7\u00e3o e dar mais disposi\u00e7\u00e3o"}]},{"@type":"WebSite","@id":"https:\/\/www.correiobraziliense.com.br\/cbradar\/#website","url":"https:\/\/www.correiobraziliense.com.br\/cbradar\/","name":"Correio Braziliense - Radar","description":"Acompanhe as \u00faltimas not\u00edcias e fique bem informado sobre tudo o que acontece no Brasil e no mundo.","potentialAction":[{"@type":"SearchAction","target":{"@type":"EntryPoint","urlTemplate":"https:\/\/www.correiobraziliense.com.br\/cbradar\/?s={search_term_string}"},"query-input":{"@type":"PropertyValueSpecification","valueRequired":true,"valueName":"search_term_string"}}],"inLanguage":"pt-BR"},{"@type":"Person","@id":"https:\/\/www.correiobraziliense.com.br\/cbradar\/#\/schema\/person\/58422787644df994b53a19d3e56c1513","name":"Larissa Carvalho","image":{"@type":"ImageObject","inLanguage":"pt-BR","@id":"https:\/\/www.correiobraziliense.com.br\/cbradar\/#\/schema\/person\/image\/","url":"https:\/\/secure.gravatar.com\/avatar\/fe4f91a0de32b52a838d0d612abdc1aa?s=96&d=mm&r=g","contentUrl":"https:\/\/secure.gravatar.com\/avatar\/fe4f91a0de32b52a838d0d612abdc1aa?s=96&d=mm&r=g","caption":"Larissa Carvalho"},"url":"https:\/\/www.correiobraziliense.com.br\/cbradar\/author\/larissamyth\/"}]}},"_links":{"self":[{"href":"https:\/\/www.correiobraziliense.com.br\/cbradar\/wp-json\/wp\/v2\/posts\/62715","targetHints":{"allow":["GET"]}}],"collection":[{"href":"https:\/\/www.correiobraziliense.com.br\/cbradar\/wp-json\/wp\/v2\/posts"}],"about":[{"href":"https:\/\/www.correiobraziliense.com.br\/cbradar\/wp-json\/wp\/v2\/types\/post"}],"author":[{"embeddable":true,"href":"https:\/\/www.correiobraziliense.com.br\/cbradar\/wp-json\/wp\/v2\/users\/3"}],"replies":[{"embeddable":true,"href":"https:\/\/www.correiobraziliense.com.br\/cbradar\/wp-json\/wp\/v2\/comments?post=62715"}],"version-history":[{"count":2,"href":"https:\/\/www.correiobraziliense.com.br\/cbradar\/wp-json\/wp\/v2\/posts\/62715\/revisions"}],"predecessor-version":[{"id":62719,"href":"https:\/\/www.correiobraziliense.com.br\/cbradar\/wp-json\/wp\/v2\/posts\/62715\/revisions\/62719"}],"wp:featuredmedia":[{"embeddable":true,"href":"https:\/\/www.correiobraziliense.com.br\/cbradar\/wp-json\/wp\/v2\/media\/62717"}],"wp:attachment":[{"href":"https:\/\/www.correiobraziliense.com.br\/cbradar\/wp-json\/wp\/v2\/media?parent=62715"}],"wp:term":[{"taxonomy":"category","embeddable":true,"href":"https:\/\/www.correiobraziliense.com.br\/cbradar\/wp-json\/wp\/v2\/categories?post=62715"},{"taxonomy":"post_tag","embeddable":true,"href":"https:\/\/www.correiobraziliense.com.br\/cbradar\/wp-json\/wp\/v2\/post_tag?post=62715"}],"curies":[{"name":"wp","href":"https:\/\/api.w.org\/{rel}","templated":true}]}}