{"id":62878,"date":"2025-07-02T20:23:00","date_gmt":"2025-07-02T23:23:00","guid":{"rendered":"https:\/\/www.correiobraziliense.com.br\/cbradar\/?p=62878"},"modified":"2025-07-01T18:35:47","modified_gmt":"2025-07-01T21:35:47","slug":"a-descoberta-que-muda-nossa-visao-sobre-a-formacao-das-galaxias-segundo-a-ciencia","status":"publish","type":"post","link":"https:\/\/www.correiobraziliense.com.br\/cbradar\/a-descoberta-que-muda-nossa-visao-sobre-a-formacao-das-galaxias-segundo-a-ciencia\/","title":{"rendered":"A descoberta que muda nossa vis\u00e3o sobre a forma\u00e7\u00e3o das gal\u00e1xias segundo a ci\u00eancia"},"content":{"rendered":"\n<p>Durante uma an\u00e1lise detalhada do aglomerado de gal\u00e1xias <strong>SpARCS1049<\/strong>, astr\u00f4nomos identificaram sinais de r\u00e1dio extremamente antigos, que podem fornecer informa\u00e7\u00f5es valiosas sobre a forma\u00e7\u00e3o do universo primitivo. Esses sinais, que viajaram por cerca de 10 bilh\u00f5es de anos at\u00e9 alcan\u00e7ar a Terra, foram detectados por meio de equipamentos de alta sensibilidade, demonstrando o avan\u00e7o das tecnologias de observa\u00e7\u00e3o astron\u00f4mica em 2025.<\/p>\n\n\n\n<p>O fen\u00f4meno observado est\u00e1 relacionado \u00e0 presen\u00e7a de um mini-halo, uma estrutura composta por part\u00edculas altamente energ\u00e9ticas e campos magn\u00e9ticos. <strong>A detec\u00e7\u00e3o de um mini-halo em uma regi\u00e3o t\u00e3o distante do cosmos representa um marco importante para a astrof\u00edsica, pois amplia o entendimento sobre a evolu\u00e7\u00e3o dos aglomerados de gal\u00e1xias e os processos que ocorrem em seu interior.<\/strong><\/p>\n\n\n\n<h2 class=\"wp-block-heading\">O que s\u00e3o mini-halos e por que s\u00e3o importantes?<\/h2>\n\n\n\n<p><strong>Mini-halos s\u00e3o regi\u00f5es difusas, formadas por grupos de part\u00edculas carregadas que emitem ondas de r\u00e1dio e raios X.<\/strong> Normalmente, essas estruturas s\u00e3o encontradas em aglomerados de gal\u00e1xias, situadas entre as gal\u00e1xias propriamente ditas. <strong>A relev\u00e2ncia dos mini-halos est\u00e1 na sua capacidade de revelar informa\u00e7\u00f5es sobre o ambiente c\u00f3smico, especialmente sobre a presen\u00e7a de part\u00edculas relativ\u00edsticas e campos magn\u00e9ticos em escalas gigantescas.<\/strong><\/p>\n\n\n\n<p>At\u00e9 recentemente, a detec\u00e7\u00e3o de mini-halos era limitada a regi\u00f5es mais pr\u00f3ximas da Terra. <strong>A descoberta em SpARCS1049 indica que processos energ\u00e9ticos intensos j\u00e1 ocorriam em \u00e9pocas muito remotas, sugerindo que a din\u00e2mica dos aglomerados de gal\u00e1xias \u00e9 mais complexa do que se imaginava.<\/strong> Esse achado contribui para a compreens\u00e3o dos mecanismos que influenciaram a forma\u00e7\u00e3o e o crescimento das estruturas c\u00f3smicas ao longo do tempo.<\/p>\n\n\n\n<h2 class=\"wp-block-heading\">Como os sinais de r\u00e1dio foram detectados?<\/h2>\n\n\n\n<p><strong>A equipe de pesquisadores utilizou o radiotelesc\u00f3pio LOFAR (Low Frequency Array), uma rede composta por milhares de antenas distribu\u00eddas em v\u00e1rios pa\u00edses europeus.<\/strong> Essa tecnologia permite captar sinais de r\u00e1dio extremamente fracos, vindos de regi\u00f5es distantes do universo. <strong>A an\u00e1lise dos dados revelou a presen\u00e7a do mini-halo, algo in\u00e9dito em dist\u00e2ncias t\u00e3o grandes.<\/strong><\/p>\n\n\n\n<p>O <strong>LOFAR<\/strong> \u00e9 capaz de identificar emiss\u00f5es de r\u00e1dio provenientes de part\u00edculas aceleradas a velocidades pr\u00f3ximas \u00e0 da luz. O estudo dessas emiss\u00f5es auxilia os cientistas a entender como as part\u00edculas energ\u00e9ticas se comportam em ambientes extremos, como os encontrados nos aglomerados de gal\u00e1xias. Al\u00e9m disso, o uso de instrumentos como o LOFAR demonstra o papel fundamental da colabora\u00e7\u00e3o internacional na pesquisa astron\u00f4mica.<\/p>\n\n\n\n<figure class=\"wp-block-image size-large\"><img decoding=\"async\" width=\"1024\" height=\"576\" src=\"https:\/\/www.correiobraziliense.com.br\/cbradar\/wp-content\/uploads\/2025\/07\/espaco_1751405716915-1024x576.jpg\" alt=\"A descoberta que muda nossa vis\u00e3o sobre a forma\u00e7\u00e3o das gal\u00e1xias segundo a ci\u00eancia\" class=\"wp-image-62882\" srcset=\"https:\/\/www.correiobraziliense.com.br\/cbradar\/wp-content\/uploads\/2025\/07\/espaco_1751405716915-1024x576.jpg 1024w, https:\/\/www.correiobraziliense.com.br\/cbradar\/wp-content\/uploads\/2025\/07\/espaco_1751405716915-300x169.jpg 300w, https:\/\/www.correiobraziliense.com.br\/cbradar\/wp-content\/uploads\/2025\/07\/espaco_1751405716915-768x432.jpg 768w, https:\/\/www.correiobraziliense.com.br\/cbradar\/wp-content\/uploads\/2025\/07\/espaco_1751405716915-750x422.jpg 750w, https:\/\/www.correiobraziliense.com.br\/cbradar\/wp-content\/uploads\/2025\/07\/espaco_1751405716915-1140x641.jpg 1140w, https:\/\/www.correiobraziliense.com.br\/cbradar\/wp-content\/uploads\/2025\/07\/espaco_1751405716915.jpg 1280w\" sizes=\"(max-width: 1024px) 100vw, 1024px\" \/><figcaption class=\"wp-element-caption\">espa\u00e7o. Cr\u00e9ditos: depositphotos.com \/ teddybearpicnic<\/figcaption><\/figure>\n\n\n\n<h2 class=\"wp-block-heading\">Quais s\u00e3o as poss\u00edveis origens dos mini-halos?<\/h2>\n\n\n\n<p>Os astr\u00f4nomos consideram duas hip\u00f3teses principais para explicar a forma\u00e7\u00e3o dos mini-halos. <strong>A primeira envolve a a\u00e7\u00e3o de buracos negros supermassivos localizados no centro das gal\u00e1xias.<\/strong> Esses objetos podem liberar jatos de part\u00edculas altamente energ\u00e9ticas, que se espalham pelo aglomerado e formam as estruturas observadas.<\/p>\n\n\n\n<ul class=\"wp-block-list\">\n<li><strong>Buracos negros supermassivos:<\/strong> liberam energia suficiente para impulsionar part\u00edculas para fora do n\u00facleo gal\u00e1ctico.<\/li>\n\n\n\n<li><strong>Colis\u00f5es de part\u00edculas c\u00f3smicas:<\/strong> intera\u00e7\u00f5es entre part\u00edculas carregadas e plasma quente podem gerar as emiss\u00f5es detectadas.<\/li>\n<\/ul>\n\n\n\n<p><strong>A segunda hip\u00f3tese sugere que colis\u00f5es entre part\u00edculas c\u00f3smicas, em velocidades pr\u00f3ximas \u00e0 da luz, resultam na libera\u00e7\u00e3o de energia e na forma\u00e7\u00e3o dos mini-halos.<\/strong> Ambas as explica\u00e7\u00f5es indicam que fen\u00f4menos energ\u00e9ticos intensos j\u00e1 estavam presentes no universo h\u00e1 bilh\u00f5es de anos, influenciando o desenvolvimento das gal\u00e1xias e seus aglomerados.<\/p>\n\n\n\n<h2 class=\"wp-block-heading\">O que essa descoberta revela sobre o universo primitivo?<\/h2>\n\n\n\n<p><strong>A identifica\u00e7\u00e3o de sinais de r\u00e1dio t\u00e3o antigos refor\u00e7a a ideia de que o universo primitivo era um ambiente din\u00e2mico, repleto de processos energ\u00e9ticos intensos.<\/strong> <strong>A presen\u00e7a de mini-halos em regi\u00f5es distantes sugere que os mecanismos respons\u00e1veis pela acelera\u00e7\u00e3o de part\u00edculas e forma\u00e7\u00e3o de campos magn\u00e9ticos atuaram desde os primeiros bilh\u00f5es de anos ap\u00f3s o Big Bang.<\/strong><\/p>\n\n\n\n<p><strong>Com o desenvolvimento de novos telesc\u00f3pios, como o Square Kilometer Array, espera-se que mais sinais desse tipo sejam detectados, ampliando o conhecimento sobre a hist\u00f3ria c\u00f3smica.<\/strong> Essas descobertas abrem novas perspectivas para o estudo da evolu\u00e7\u00e3o dos aglomerados de gal\u00e1xias e dos fen\u00f4menos que moldaram o universo observ\u00e1vel.<\/p>\n\n\n\n<p>O avan\u00e7o das pesquisas em radioastronomia continua a surpreender a comunidade cient\u00edfica, oferecendo pistas sobre eventos que ocorreram em \u00e9pocas remotas. O estudo dos mini-halos e dos sinais de r\u00e1dio provenientes de aglomerados distantes contribui para desvendar os mist\u00e9rios do cosmos e compreender melhor a origem das grandes estruturas que comp\u00f5em o universo.<\/p>\n","protected":false},"excerpt":{"rendered":"<p>Astr\u00f4nomos detectam sinais de r\u00e1dio ancestrais em SpARCS1049 e abrem novos caminhos para desvendar a origem das gal\u00e1xias e do cosmos.<\/p>\n","protected":false},"author":3,"featured_media":62880,"comment_status":"open","ping_status":"open","sticky":false,"template":"","format":"standard","meta":{"_yoast_wpseo_focuskw":"descoberta forma\u00e7\u00e3o gal\u00e1xias","_yoast_wpseo_title":"%%title%%","_yoast_wpseo_metadesc":"Astr\u00f4nomos detectam sinais de r\u00e1dio ancestrais em SpARCS1049 e abrem novos caminhos para desvendar a origem das gal\u00e1xias e do cosmos.","jnews-multi-image_gallery":[],"jnews_single_post":{"format":"standard"},"jnews_primary_category":[],"jnews_social_meta":[],"jnews_override_counter":[],"footnotes":""},"categories":[112],"post_tag":[179,144],"class_list":["post-62878","post","type-post","status-publish","format-standard","has-post-thumbnail","hentry","category-curiosidades","tag-astronomia","tag-curiosidades"],"yoast_head":"<!-- This site is optimized with the Yoast SEO plugin v24.6 - https:\/\/yoast.com\/wordpress\/plugins\/seo\/ -->\n<title>A descoberta que muda nossa vis\u00e3o sobre a forma\u00e7\u00e3o das gal\u00e1xias segundo a ci\u00eancia<\/title>\n<meta name=\"description\" content=\"Astr\u00f4nomos detectam sinais de r\u00e1dio ancestrais em SpARCS1049 e abrem novos caminhos para desvendar a origem das gal\u00e1xias e do cosmos.\" \/>\n<meta name=\"robots\" content=\"index, follow, max-snippet:-1, max-image-preview:large, max-video-preview:-1\" \/>\n<link rel=\"canonical\" href=\"https:\/\/www.correiobraziliense.com.br\/cbradar\/a-descoberta-que-muda-nossa-visao-sobre-a-formacao-das-galaxias-segundo-a-ciencia\/\" \/>\n<meta property=\"og:locale\" content=\"pt_BR\" \/>\n<meta property=\"og:type\" content=\"article\" \/>\n<meta property=\"og:title\" content=\"A descoberta que muda nossa vis\u00e3o sobre a forma\u00e7\u00e3o das gal\u00e1xias segundo a ci\u00eancia\" \/>\n<meta property=\"og:description\" content=\"Astr\u00f4nomos detectam sinais de r\u00e1dio ancestrais em SpARCS1049 e abrem novos caminhos para desvendar a origem das gal\u00e1xias e do cosmos.\" \/>\n<meta property=\"og:url\" content=\"https:\/\/www.correiobraziliense.com.br\/cbradar\/a-descoberta-que-muda-nossa-visao-sobre-a-formacao-das-galaxias-segundo-a-ciencia\/\" \/>\n<meta property=\"og:site_name\" content=\"Correio Braziliense - Radar\" \/>\n<meta property=\"article:published_time\" content=\"2025-07-02T23:23:00+00:00\" \/>\n<meta property=\"og:image\" content=\"https:\/\/www.correiobraziliense.com.br\/cbradar\/wp-content\/uploads\/2025\/07\/espaco_1751405636632.jpg\" \/>\n\t<meta property=\"og:image:width\" content=\"1280\" \/>\n\t<meta property=\"og:image:height\" content=\"720\" \/>\n\t<meta property=\"og:image:type\" content=\"image\/jpeg\" \/>\n<meta name=\"author\" content=\"Larissa Carvalho\" \/>\n<meta name=\"twitter:card\" content=\"summary_large_image\" \/>\n<meta name=\"twitter:label1\" content=\"Escrito por\" \/>\n\t<meta name=\"twitter:data1\" content=\"Larissa Carvalho\" \/>\n\t<meta name=\"twitter:label2\" content=\"Est. tempo de leitura\" \/>\n\t<meta name=\"twitter:data2\" content=\"5 minutos\" \/>\n<!-- \/ Yoast SEO plugin. -->","yoast_head_json":{"title":"A descoberta que muda nossa vis\u00e3o sobre a forma\u00e7\u00e3o das gal\u00e1xias segundo a ci\u00eancia","description":"Astr\u00f4nomos detectam sinais de r\u00e1dio ancestrais em SpARCS1049 e abrem novos caminhos para desvendar a origem das gal\u00e1xias e do cosmos.","robots":{"index":"index","follow":"follow","max-snippet":"max-snippet:-1","max-image-preview":"max-image-preview:large","max-video-preview":"max-video-preview:-1"},"canonical":"https:\/\/www.correiobraziliense.com.br\/cbradar\/a-descoberta-que-muda-nossa-visao-sobre-a-formacao-das-galaxias-segundo-a-ciencia\/","og_locale":"pt_BR","og_type":"article","og_title":"A descoberta que muda nossa vis\u00e3o sobre a forma\u00e7\u00e3o das gal\u00e1xias segundo a ci\u00eancia","og_description":"Astr\u00f4nomos detectam sinais de r\u00e1dio ancestrais em SpARCS1049 e abrem novos caminhos para desvendar a origem das gal\u00e1xias e do cosmos.","og_url":"https:\/\/www.correiobraziliense.com.br\/cbradar\/a-descoberta-que-muda-nossa-visao-sobre-a-formacao-das-galaxias-segundo-a-ciencia\/","og_site_name":"Correio Braziliense - Radar","article_published_time":"2025-07-02T23:23:00+00:00","og_image":[{"width":1280,"height":720,"url":"https:\/\/www.correiobraziliense.com.br\/cbradar\/wp-content\/uploads\/2025\/07\/espaco_1751405636632.jpg","type":"image\/jpeg"}],"author":"Larissa Carvalho","twitter_card":"summary_large_image","twitter_misc":{"Escrito por":"Larissa Carvalho","Est. tempo de leitura":"5 minutos"},"schema":{"@context":"https:\/\/schema.org","@graph":[{"@type":"WebPage","@id":"https:\/\/www.correiobraziliense.com.br\/cbradar\/a-descoberta-que-muda-nossa-visao-sobre-a-formacao-das-galaxias-segundo-a-ciencia\/","url":"https:\/\/www.correiobraziliense.com.br\/cbradar\/a-descoberta-que-muda-nossa-visao-sobre-a-formacao-das-galaxias-segundo-a-ciencia\/","name":"A descoberta que muda nossa vis\u00e3o sobre a forma\u00e7\u00e3o das gal\u00e1xias segundo a ci\u00eancia","isPartOf":{"@id":"https:\/\/www.correiobraziliense.com.br\/cbradar\/#website"},"primaryImageOfPage":{"@id":"https:\/\/www.correiobraziliense.com.br\/cbradar\/a-descoberta-que-muda-nossa-visao-sobre-a-formacao-das-galaxias-segundo-a-ciencia\/#primaryimage"},"image":{"@id":"https:\/\/www.correiobraziliense.com.br\/cbradar\/a-descoberta-que-muda-nossa-visao-sobre-a-formacao-das-galaxias-segundo-a-ciencia\/#primaryimage"},"thumbnailUrl":"https:\/\/www.correiobraziliense.com.br\/cbradar\/wp-content\/uploads\/2025\/07\/espaco_1751405636632.jpg","datePublished":"2025-07-02T23:23:00+00:00","author":{"@id":"https:\/\/www.correiobraziliense.com.br\/cbradar\/#\/schema\/person\/58422787644df994b53a19d3e56c1513"},"description":"Astr\u00f4nomos detectam sinais de r\u00e1dio ancestrais em SpARCS1049 e abrem novos caminhos para desvendar a origem das gal\u00e1xias e do cosmos.","breadcrumb":{"@id":"https:\/\/www.correiobraziliense.com.br\/cbradar\/a-descoberta-que-muda-nossa-visao-sobre-a-formacao-das-galaxias-segundo-a-ciencia\/#breadcrumb"},"inLanguage":"pt-BR","potentialAction":[{"@type":"ReadAction","target":["https:\/\/www.correiobraziliense.com.br\/cbradar\/a-descoberta-que-muda-nossa-visao-sobre-a-formacao-das-galaxias-segundo-a-ciencia\/"]}]},{"@type":"ImageObject","inLanguage":"pt-BR","@id":"https:\/\/www.correiobraziliense.com.br\/cbradar\/a-descoberta-que-muda-nossa-visao-sobre-a-formacao-das-galaxias-segundo-a-ciencia\/#primaryimage","url":"https:\/\/www.correiobraziliense.com.br\/cbradar\/wp-content\/uploads\/2025\/07\/espaco_1751405636632.jpg","contentUrl":"https:\/\/www.correiobraziliense.com.br\/cbradar\/wp-content\/uploads\/2025\/07\/espaco_1751405636632.jpg","width":1280,"height":720,"caption":"Espa\u00e7o. Cr\u00e9ditos: depositphotos.com \/ whatawin"},{"@type":"BreadcrumbList","@id":"https:\/\/www.correiobraziliense.com.br\/cbradar\/a-descoberta-que-muda-nossa-visao-sobre-a-formacao-das-galaxias-segundo-a-ciencia\/#breadcrumb","itemListElement":[{"@type":"ListItem","position":1,"name":"In\u00edcio","item":"https:\/\/www.correiobraziliense.com.br\/cbradar\/"},{"@type":"ListItem","position":2,"name":"A descoberta que muda nossa vis\u00e3o sobre a forma\u00e7\u00e3o das gal\u00e1xias segundo a ci\u00eancia"}]},{"@type":"WebSite","@id":"https:\/\/www.correiobraziliense.com.br\/cbradar\/#website","url":"https:\/\/www.correiobraziliense.com.br\/cbradar\/","name":"Correio Braziliense - Radar","description":"Acompanhe as \u00faltimas not\u00edcias e fique bem informado sobre tudo o que acontece no Brasil e no mundo.","potentialAction":[{"@type":"SearchAction","target":{"@type":"EntryPoint","urlTemplate":"https:\/\/www.correiobraziliense.com.br\/cbradar\/?s={search_term_string}"},"query-input":{"@type":"PropertyValueSpecification","valueRequired":true,"valueName":"search_term_string"}}],"inLanguage":"pt-BR"},{"@type":"Person","@id":"https:\/\/www.correiobraziliense.com.br\/cbradar\/#\/schema\/person\/58422787644df994b53a19d3e56c1513","name":"Larissa Carvalho","image":{"@type":"ImageObject","inLanguage":"pt-BR","@id":"https:\/\/www.correiobraziliense.com.br\/cbradar\/#\/schema\/person\/image\/","url":"https:\/\/secure.gravatar.com\/avatar\/fe4f91a0de32b52a838d0d612abdc1aa?s=96&d=mm&r=g","contentUrl":"https:\/\/secure.gravatar.com\/avatar\/fe4f91a0de32b52a838d0d612abdc1aa?s=96&d=mm&r=g","caption":"Larissa Carvalho"},"url":"https:\/\/www.correiobraziliense.com.br\/cbradar\/author\/larissamyth\/"}]}},"_links":{"self":[{"href":"https:\/\/www.correiobraziliense.com.br\/cbradar\/wp-json\/wp\/v2\/posts\/62878","targetHints":{"allow":["GET"]}}],"collection":[{"href":"https:\/\/www.correiobraziliense.com.br\/cbradar\/wp-json\/wp\/v2\/posts"}],"about":[{"href":"https:\/\/www.correiobraziliense.com.br\/cbradar\/wp-json\/wp\/v2\/types\/post"}],"author":[{"embeddable":true,"href":"https:\/\/www.correiobraziliense.com.br\/cbradar\/wp-json\/wp\/v2\/users\/3"}],"replies":[{"embeddable":true,"href":"https:\/\/www.correiobraziliense.com.br\/cbradar\/wp-json\/wp\/v2\/comments?post=62878"}],"version-history":[{"count":2,"href":"https:\/\/www.correiobraziliense.com.br\/cbradar\/wp-json\/wp\/v2\/posts\/62878\/revisions"}],"predecessor-version":[{"id":62883,"href":"https:\/\/www.correiobraziliense.com.br\/cbradar\/wp-json\/wp\/v2\/posts\/62878\/revisions\/62883"}],"wp:featuredmedia":[{"embeddable":true,"href":"https:\/\/www.correiobraziliense.com.br\/cbradar\/wp-json\/wp\/v2\/media\/62880"}],"wp:attachment":[{"href":"https:\/\/www.correiobraziliense.com.br\/cbradar\/wp-json\/wp\/v2\/media?parent=62878"}],"wp:term":[{"taxonomy":"category","embeddable":true,"href":"https:\/\/www.correiobraziliense.com.br\/cbradar\/wp-json\/wp\/v2\/categories?post=62878"},{"taxonomy":"post_tag","embeddable":true,"href":"https:\/\/www.correiobraziliense.com.br\/cbradar\/wp-json\/wp\/v2\/post_tag?post=62878"}],"curies":[{"name":"wp","href":"https:\/\/api.w.org\/{rel}","templated":true}]}}