{"id":62886,"date":"2025-07-02T21:03:00","date_gmt":"2025-07-03T00:03:00","guid":{"rendered":"https:\/\/www.correiobraziliense.com.br\/cbradar\/?p=62886"},"modified":"2025-07-01T18:38:37","modified_gmt":"2025-07-01T21:38:37","slug":"5-racas-de-caes-que-nao-combinam-com-casas-pequenas","status":"publish","type":"post","link":"https:\/\/www.correiobraziliense.com.br\/cbradar\/5-racas-de-caes-que-nao-combinam-com-casas-pequenas\/","title":{"rendered":"5 ra\u00e7as de c\u00e3es que n\u00e3o combinam com casas pequenas"},"content":{"rendered":"\n<p>Ao considerar a ado\u00e7\u00e3o de um c\u00e3o, \u00e9 fundamental analisar n\u00e3o apenas o desejo de ter um animal de estima\u00e7\u00e3o, mas tamb\u00e9m as caracter\u00edsticas espec\u00edficas de cada ra\u00e7a. Alguns c\u00e3es apresentam necessidades e comportamentos que podem n\u00e3o se encaixar facilmente na rotina dom\u00e9stica, especialmente para quem n\u00e3o possui experi\u00eancia pr\u00e9via com adestramento ou manejo de animais de alta energia.<\/p>\n\n\n\n<p>O comportamento, o tamanho e o n\u00edvel de atividade de certas ra\u00e7as podem representar desafios consider\u00e1veis para tutores de primeira viagem ou para aqueles que vivem em ambientes mais restritos. Por esse motivo, especialistas em comportamento animal costumam alertar sobre algumas ra\u00e7as que exigem cuidados especiais e aten\u00e7\u00e3o redobrada.<\/p>\n\n\n\n<h2 class=\"wp-block-heading\">Quais s\u00e3o as ra\u00e7as de c\u00e3es menos indicadas para ambientes dom\u00e9sticos?<\/h2>\n\n\n\n<p><strong>Entre as ra\u00e7as frequentemente citadas por profissionais do setor, destacam-se aquelas que demandam muito exerc\u00edcio f\u00edsico, estimula\u00e7\u00e3o mental constante ou possuem instintos naturais dif\u00edceis de controlar em espa\u00e7os fechados.<\/strong> Essas caracter\u00edsticas podem tornar a conviv\u00eancia mais complexa e exigir uma dedica\u00e7\u00e3o maior por parte dos tutores.<\/p>\n\n\n\n<ul class=\"wp-block-list\">\n<li><strong>Jack Russell Terrier<\/strong>: Apesar do porte pequeno, este c\u00e3o foi originalmente criado para ca\u00e7a e possui energia elevada. Sua intelig\u00eancia e necessidade de atividade f\u00edsica podem resultar em comportamentos destrutivos se n\u00e3o forem devidamente estimulados.<\/li>\n\n\n\n<li><strong>Rottweiler<\/strong>: Conhecido pelo instinto protetor, o Rottweiler \u00e9 um animal de grande porte que precisa de socializa\u00e7\u00e3o e treinamento desde filhote. Sem orienta\u00e7\u00e3o adequada, pode desenvolver atitudes territoriais e reativas.<\/li>\n\n\n\n<li><strong>Pastor Australiano<\/strong>: Considerado um c\u00e3o de trabalho, o Pastor Australiano necessita de espa\u00e7o e tarefas para se manter equilibrado. O confinamento prolongado pode levar ao estresse e a comportamentos indesejados.<\/li>\n<\/ul>\n\n\n\n<figure class=\"wp-block-image size-large\"><img decoding=\"async\" width=\"1024\" height=\"576\" src=\"https:\/\/www.correiobraziliense.com.br\/cbradar\/wp-content\/uploads\/2025\/07\/cachorro_1751405882513-1024x576.jpg\" alt=\"5 ra\u00e7as de c\u00e3es que n\u00e3o combinam com casas pequenas\" class=\"wp-image-62889\" srcset=\"https:\/\/www.correiobraziliense.com.br\/cbradar\/wp-content\/uploads\/2025\/07\/cachorro_1751405882513-1024x576.jpg 1024w, https:\/\/www.correiobraziliense.com.br\/cbradar\/wp-content\/uploads\/2025\/07\/cachorro_1751405882513-300x169.jpg 300w, https:\/\/www.correiobraziliense.com.br\/cbradar\/wp-content\/uploads\/2025\/07\/cachorro_1751405882513-768x432.jpg 768w, https:\/\/www.correiobraziliense.com.br\/cbradar\/wp-content\/uploads\/2025\/07\/cachorro_1751405882513-750x422.jpg 750w, https:\/\/www.correiobraziliense.com.br\/cbradar\/wp-content\/uploads\/2025\/07\/cachorro_1751405882513-1140x641.jpg 1140w, https:\/\/www.correiobraziliense.com.br\/cbradar\/wp-content\/uploads\/2025\/07\/cachorro_1751405882513.jpg 1280w\" sizes=\"(max-width: 1024px) 100vw, 1024px\" \/><figcaption class=\"wp-element-caption\">cachorro. Cr\u00e9ditos: depositphotos.com \/ ViktoriaSapata<\/figcaption><\/figure>\n\n\n\n<h2 class=\"wp-block-heading\">Por que algumas ra\u00e7as s\u00e3o desafiadoras para tutores iniciantes?<\/h2>\n\n\n\n<p><strong>Al\u00e9m das ra\u00e7as j\u00e1 mencionadas, outros c\u00e3es tamb\u00e9m podem ser considerados pouco recomendados para quem est\u00e1 come\u00e7ando a experi\u00eancia de ter um animal de estima\u00e7\u00e3o.<\/strong> O n\u00edvel de energia, a necessidade de treinamento constante e a predisposi\u00e7\u00e3o a comportamentos espec\u00edficos s\u00e3o fatores que exigem experi\u00eancia e tempo dos tutores.<\/p>\n\n\n\n<ol class=\"wp-block-list\">\n<li><strong>Patterdale Terrier<\/strong>: Pequeno, mas com resist\u00eancia e energia acima da m\u00e9dia, esse terrier demanda longos per\u00edodos de exerc\u00edcio e desafios mentais para evitar o t\u00e9dio e comportamentos inadequados.<\/li>\n\n\n\n<li><strong>Pastor Alem\u00e3o<\/strong>: Embora seja reconhecido por sua intelig\u00eancia e lealdade, o Pastor Alem\u00e3o precisa de atividades di\u00e1rias e de um tutor capaz de oferecer treinamento consistente. Sem isso, pode desenvolver ansiedade e problemas de comportamento.<\/li>\n\n\n\n<li><strong>Pastor Belga Malinois<\/strong>: Muito ativo e com grande necessidade de est\u00edmulo f\u00edsico e mental, esse c\u00e3o \u00e9 mais indicado para pessoas experientes ou que praticam atividades ao ar livre com frequ\u00eancia.<\/li>\n<\/ol>\n\n\n\n<h2 class=\"wp-block-heading\">Como escolher a ra\u00e7a de cachorro ideal para o lar?<\/h2>\n\n\n\n<p><strong>A decis\u00e3o de adotar um c\u00e3o deve levar em conta o estilo de vida da fam\u00edlia, o espa\u00e7o dispon\u00edvel e o tempo que ser\u00e1 dedicado ao animal.<\/strong> Ra\u00e7as com alta demanda de exerc\u00edcios e est\u00edmulos podem n\u00e3o se adaptar bem a apartamentos ou casas pequenas, especialmente se passarem muito tempo sozinhas.<\/p>\n\n\n\n<p>Para evitar situa\u00e7\u00f5es de estresse tanto para o animal quanto para o tutor, recomenda-se pesquisar sobre as caracter\u00edsticas comportamentais e as necessidades de cada ra\u00e7a antes de tomar uma decis\u00e3o. Consultar um especialista em comportamento animal pode ser uma estrat\u00e9gia eficaz para garantir uma conviv\u00eancia harmoniosa e saud\u00e1vel.<\/p>\n\n\n\n<p>Em <strong>2025<\/strong>, a variedade de ra\u00e7as dispon\u00edveis no <strong>Brasil<\/strong> \u00e9 ampla, mas o sucesso na conviv\u00eancia depende do alinhamento entre as necessidades do c\u00e3o e a rotina do tutor. A escolha consciente contribui para o bem-estar de todos os envolvidos e reduz a chance de problemas futuros.<\/p>\n","protected":false},"excerpt":{"rendered":"<p>Descubra por que escolher a ra\u00e7a errada pode trazer desafios ao seu lar. Especialistas apontam os principais erros na hora da ado\u00e7\u00e3o.<\/p>\n","protected":false},"author":3,"featured_media":62888,"comment_status":"open","ping_status":"open","sticky":false,"template":"","format":"standard","meta":{"_yoast_wpseo_focuskw":"ra\u00e7as n\u00e3o combinam","_yoast_wpseo_title":"%%title%%","_yoast_wpseo_metadesc":"Descubra por que escolher a ra\u00e7a errada pode trazer desafios ao seu lar. Especialistas apontam os principais erros na hora da ado\u00e7\u00e3o.","jnews-multi-image_gallery":[],"jnews_single_post":{"format":"standard"},"jnews_primary_category":[],"jnews_social_meta":[],"jnews_override_counter":[],"footnotes":""},"categories":[112],"post_tag":[230,1977,378,144],"class_list":["post-62886","post","type-post","status-publish","format-standard","has-post-thumbnail","hentry","category-curiosidades","tag-animais","tag-animais-de-estimacao","tag-cachorro","tag-curiosidades"],"yoast_head":"<!-- This site is optimized with the Yoast SEO plugin v24.6 - https:\/\/yoast.com\/wordpress\/plugins\/seo\/ -->\n<title>5 ra\u00e7as de c\u00e3es que n\u00e3o combinam com casas pequenas<\/title>\n<meta name=\"description\" content=\"Descubra por que escolher a ra\u00e7a errada pode trazer desafios ao seu lar. Especialistas apontam os principais erros na hora da ado\u00e7\u00e3o.\" \/>\n<meta name=\"robots\" content=\"index, follow, max-snippet:-1, max-image-preview:large, max-video-preview:-1\" \/>\n<link rel=\"canonical\" href=\"https:\/\/www.correiobraziliense.com.br\/cbradar\/5-racas-de-caes-que-nao-combinam-com-casas-pequenas\/\" \/>\n<meta property=\"og:locale\" content=\"pt_BR\" \/>\n<meta property=\"og:type\" content=\"article\" \/>\n<meta property=\"og:title\" content=\"5 ra\u00e7as de c\u00e3es que n\u00e3o combinam com casas pequenas\" \/>\n<meta property=\"og:description\" content=\"Descubra por que escolher a ra\u00e7a errada pode trazer desafios ao seu lar. Especialistas apontam os principais erros na hora da ado\u00e7\u00e3o.\" \/>\n<meta property=\"og:url\" content=\"https:\/\/www.correiobraziliense.com.br\/cbradar\/5-racas-de-caes-que-nao-combinam-com-casas-pequenas\/\" \/>\n<meta property=\"og:site_name\" content=\"Correio Braziliense - Radar\" \/>\n<meta property=\"article:published_time\" content=\"2025-07-03T00:03:00+00:00\" \/>\n<meta property=\"og:image\" content=\"https:\/\/www.correiobraziliense.com.br\/cbradar\/wp-content\/uploads\/2025\/07\/cachorro_1751405832295.jpg\" \/>\n\t<meta property=\"og:image:width\" content=\"1280\" \/>\n\t<meta property=\"og:image:height\" content=\"720\" \/>\n\t<meta property=\"og:image:type\" content=\"image\/jpeg\" \/>\n<meta name=\"author\" content=\"Larissa Carvalho\" \/>\n<meta name=\"twitter:card\" content=\"summary_large_image\" \/>\n<meta name=\"twitter:label1\" content=\"Escrito por\" \/>\n\t<meta name=\"twitter:data1\" content=\"Larissa Carvalho\" \/>\n\t<meta name=\"twitter:label2\" content=\"Est. tempo de leitura\" \/>\n\t<meta name=\"twitter:data2\" content=\"4 minutos\" \/>\n<!-- \/ Yoast SEO plugin. -->","yoast_head_json":{"title":"5 ra\u00e7as de c\u00e3es que n\u00e3o combinam com casas pequenas","description":"Descubra por que escolher a ra\u00e7a errada pode trazer desafios ao seu lar. Especialistas apontam os principais erros na hora da ado\u00e7\u00e3o.","robots":{"index":"index","follow":"follow","max-snippet":"max-snippet:-1","max-image-preview":"max-image-preview:large","max-video-preview":"max-video-preview:-1"},"canonical":"https:\/\/www.correiobraziliense.com.br\/cbradar\/5-racas-de-caes-que-nao-combinam-com-casas-pequenas\/","og_locale":"pt_BR","og_type":"article","og_title":"5 ra\u00e7as de c\u00e3es que n\u00e3o combinam com casas pequenas","og_description":"Descubra por que escolher a ra\u00e7a errada pode trazer desafios ao seu lar. Especialistas apontam os principais erros na hora da ado\u00e7\u00e3o.","og_url":"https:\/\/www.correiobraziliense.com.br\/cbradar\/5-racas-de-caes-que-nao-combinam-com-casas-pequenas\/","og_site_name":"Correio Braziliense - Radar","article_published_time":"2025-07-03T00:03:00+00:00","og_image":[{"width":1280,"height":720,"url":"https:\/\/www.correiobraziliense.com.br\/cbradar\/wp-content\/uploads\/2025\/07\/cachorro_1751405832295.jpg","type":"image\/jpeg"}],"author":"Larissa Carvalho","twitter_card":"summary_large_image","twitter_misc":{"Escrito por":"Larissa Carvalho","Est. tempo de leitura":"4 minutos"},"schema":{"@context":"https:\/\/schema.org","@graph":[{"@type":"WebPage","@id":"https:\/\/www.correiobraziliense.com.br\/cbradar\/5-racas-de-caes-que-nao-combinam-com-casas-pequenas\/","url":"https:\/\/www.correiobraziliense.com.br\/cbradar\/5-racas-de-caes-que-nao-combinam-com-casas-pequenas\/","name":"5 ra\u00e7as de c\u00e3es que n\u00e3o combinam com casas pequenas","isPartOf":{"@id":"https:\/\/www.correiobraziliense.com.br\/cbradar\/#website"},"primaryImageOfPage":{"@id":"https:\/\/www.correiobraziliense.com.br\/cbradar\/5-racas-de-caes-que-nao-combinam-com-casas-pequenas\/#primaryimage"},"image":{"@id":"https:\/\/www.correiobraziliense.com.br\/cbradar\/5-racas-de-caes-que-nao-combinam-com-casas-pequenas\/#primaryimage"},"thumbnailUrl":"https:\/\/www.correiobraziliense.com.br\/cbradar\/wp-content\/uploads\/2025\/07\/cachorro_1751405832295.jpg","datePublished":"2025-07-03T00:03:00+00:00","author":{"@id":"https:\/\/www.correiobraziliense.com.br\/cbradar\/#\/schema\/person\/58422787644df994b53a19d3e56c1513"},"description":"Descubra por que escolher a ra\u00e7a errada pode trazer desafios ao seu lar. Especialistas apontam os principais erros na hora da ado\u00e7\u00e3o.","breadcrumb":{"@id":"https:\/\/www.correiobraziliense.com.br\/cbradar\/5-racas-de-caes-que-nao-combinam-com-casas-pequenas\/#breadcrumb"},"inLanguage":"pt-BR","potentialAction":[{"@type":"ReadAction","target":["https:\/\/www.correiobraziliense.com.br\/cbradar\/5-racas-de-caes-que-nao-combinam-com-casas-pequenas\/"]}]},{"@type":"ImageObject","inLanguage":"pt-BR","@id":"https:\/\/www.correiobraziliense.com.br\/cbradar\/5-racas-de-caes-que-nao-combinam-com-casas-pequenas\/#primaryimage","url":"https:\/\/www.correiobraziliense.com.br\/cbradar\/wp-content\/uploads\/2025\/07\/cachorro_1751405832295.jpg","contentUrl":"https:\/\/www.correiobraziliense.com.br\/cbradar\/wp-content\/uploads\/2025\/07\/cachorro_1751405832295.jpg","width":1280,"height":720,"caption":"cachorro. Cr\u00e9ditos: depositphotos.com \/ IgorVetushko"},{"@type":"BreadcrumbList","@id":"https:\/\/www.correiobraziliense.com.br\/cbradar\/5-racas-de-caes-que-nao-combinam-com-casas-pequenas\/#breadcrumb","itemListElement":[{"@type":"ListItem","position":1,"name":"In\u00edcio","item":"https:\/\/www.correiobraziliense.com.br\/cbradar\/"},{"@type":"ListItem","position":2,"name":"5 ra\u00e7as de c\u00e3es que n\u00e3o combinam com casas pequenas"}]},{"@type":"WebSite","@id":"https:\/\/www.correiobraziliense.com.br\/cbradar\/#website","url":"https:\/\/www.correiobraziliense.com.br\/cbradar\/","name":"Correio Braziliense - Radar","description":"Acompanhe as \u00faltimas not\u00edcias e fique bem informado sobre tudo o que acontece no Brasil e no mundo.","potentialAction":[{"@type":"SearchAction","target":{"@type":"EntryPoint","urlTemplate":"https:\/\/www.correiobraziliense.com.br\/cbradar\/?s={search_term_string}"},"query-input":{"@type":"PropertyValueSpecification","valueRequired":true,"valueName":"search_term_string"}}],"inLanguage":"pt-BR"},{"@type":"Person","@id":"https:\/\/www.correiobraziliense.com.br\/cbradar\/#\/schema\/person\/58422787644df994b53a19d3e56c1513","name":"Larissa Carvalho","image":{"@type":"ImageObject","inLanguage":"pt-BR","@id":"https:\/\/www.correiobraziliense.com.br\/cbradar\/#\/schema\/person\/image\/","url":"https:\/\/secure.gravatar.com\/avatar\/fe4f91a0de32b52a838d0d612abdc1aa?s=96&d=mm&r=g","contentUrl":"https:\/\/secure.gravatar.com\/avatar\/fe4f91a0de32b52a838d0d612abdc1aa?s=96&d=mm&r=g","caption":"Larissa Carvalho"},"url":"https:\/\/www.correiobraziliense.com.br\/cbradar\/author\/larissamyth\/"}]}},"_links":{"self":[{"href":"https:\/\/www.correiobraziliense.com.br\/cbradar\/wp-json\/wp\/v2\/posts\/62886","targetHints":{"allow":["GET"]}}],"collection":[{"href":"https:\/\/www.correiobraziliense.com.br\/cbradar\/wp-json\/wp\/v2\/posts"}],"about":[{"href":"https:\/\/www.correiobraziliense.com.br\/cbradar\/wp-json\/wp\/v2\/types\/post"}],"author":[{"embeddable":true,"href":"https:\/\/www.correiobraziliense.com.br\/cbradar\/wp-json\/wp\/v2\/users\/3"}],"replies":[{"embeddable":true,"href":"https:\/\/www.correiobraziliense.com.br\/cbradar\/wp-json\/wp\/v2\/comments?post=62886"}],"version-history":[{"count":2,"href":"https:\/\/www.correiobraziliense.com.br\/cbradar\/wp-json\/wp\/v2\/posts\/62886\/revisions"}],"predecessor-version":[{"id":62890,"href":"https:\/\/www.correiobraziliense.com.br\/cbradar\/wp-json\/wp\/v2\/posts\/62886\/revisions\/62890"}],"wp:featuredmedia":[{"embeddable":true,"href":"https:\/\/www.correiobraziliense.com.br\/cbradar\/wp-json\/wp\/v2\/media\/62888"}],"wp:attachment":[{"href":"https:\/\/www.correiobraziliense.com.br\/cbradar\/wp-json\/wp\/v2\/media?parent=62886"}],"wp:term":[{"taxonomy":"category","embeddable":true,"href":"https:\/\/www.correiobraziliense.com.br\/cbradar\/wp-json\/wp\/v2\/categories?post=62886"},{"taxonomy":"post_tag","embeddable":true,"href":"https:\/\/www.correiobraziliense.com.br\/cbradar\/wp-json\/wp\/v2\/post_tag?post=62886"}],"curies":[{"name":"wp","href":"https:\/\/api.w.org\/{rel}","templated":true}]}}