{"id":6290,"date":"2025-02-27T16:10:00","date_gmt":"2025-02-27T19:10:00","guid":{"rendered":"https:\/\/www.correiobraziliense.com.br\/cbradar\/?p=6290"},"modified":"2025-02-26T18:35:41","modified_gmt":"2025-02-26T21:35:41","slug":"saiba-onde-assistir-ao-eclipse-lunar-total-em-marco","status":"publish","type":"post","link":"https:\/\/www.correiobraziliense.com.br\/cbradar\/saiba-onde-assistir-ao-eclipse-lunar-total-em-marco\/","title":{"rendered":"Saiba onde assistir ao Eclipse Lunar total em mar\u00e7o"},"content":{"rendered":"\n<p>O ano de 2025 reserva um espet\u00e1culo astron\u00f4mico fascinante para os entusiastas do c\u00e9u. Com quatro eclipses programados, sendo dois solares e dois lunares, o Brasil ter\u00e1 a oportunidade de observar esses fen\u00f4menos em primeira m\u00e3o. Entre os eventos mais aguardados est\u00e1 o eclipse lunar total, popularmente conhecido como &#8220;<strong>Lua de Sangue<\/strong>&#8220;, que ocorrer\u00e1 entre os dias 13 e 14 de mar\u00e7o.<\/p>\n\n\n\n<p>Durante um eclipse lunar, a <strong>Terra <\/strong>se posiciona entre o <strong>Sol <\/strong>e a <strong>Lua<\/strong>, projetando sua sombra sobre o sat\u00e9lite natural. Este fen\u00f4meno resulta em uma colora\u00e7\u00e3o avermelhada da Lua, devido \u00e0 dispers\u00e3o da luz solar pela atmosfera terrestre. Em 2025, os dois eclipses lunares ser\u00e3o totais e vis\u00edveis do Brasil, proporcionando uma experi\u00eancia \u00fanica para os observadores.<\/p>\n\n\n\n<h2 class=\"wp-block-heading\"><strong>O que \u00e9 um Eclipse Lunar?<\/strong><\/h2>\n\n\n\n<p>Um eclipse lunar ocorre quando a Terra se interp\u00f5e entre o Sol e a Lua, fazendo com que a sombra do nosso planeta cubra a Lua. Existem tr\u00eas tipos principais de eclipses lunares: total, parcial e penumbral. No eclipse total, a Lua \u00e9 completamente encoberta pela sombra da Terra, enquanto no parcial, apenas uma parte \u00e9 obscurecida. No penumbral, a sombra \u00e9 t\u00e3o sutil que a Lua apenas perde um pouco de seu brilho.<\/p>\n\n\n\n<p>Os eclipses lunares de 2025 ser\u00e3o do tipo total, o que significa que a Lua ficar\u00e1 completamente encoberta pela sombra da Terra, adquirindo uma tonalidade avermelhada. Este fen\u00f4meno \u00e9 carinhosamente chamado de &#8220;Lua de Sangue&#8221; e ser\u00e1 vis\u00edvel em v\u00e1rias partes do mundo, incluindo o Brasil.<\/p>\n\n\n\n<figure class=\"wp-block-image size-large\"><img decoding=\"async\" width=\"1024\" height=\"576\" src=\"https:\/\/www.correiobraziliense.com.br\/cbradar\/wp-content\/uploads\/2025\/02\/Eclipses_1740578878139-1024x576.jpg\" alt=\"Saiba onde assistir ao Eclipse Lunar total em mar\u00e7o\" class=\"wp-image-6292\" srcset=\"https:\/\/www.correiobraziliense.com.br\/cbradar\/wp-content\/uploads\/2025\/02\/Eclipses_1740578878139-1024x576.jpg 1024w, https:\/\/www.correiobraziliense.com.br\/cbradar\/wp-content\/uploads\/2025\/02\/Eclipses_1740578878139-300x169.jpg 300w, https:\/\/www.correiobraziliense.com.br\/cbradar\/wp-content\/uploads\/2025\/02\/Eclipses_1740578878139-768x432.jpg 768w, https:\/\/www.correiobraziliense.com.br\/cbradar\/wp-content\/uploads\/2025\/02\/Eclipses_1740578878139-750x422.jpg 750w, https:\/\/www.correiobraziliense.com.br\/cbradar\/wp-content\/uploads\/2025\/02\/Eclipses_1740578878139-1140x641.jpg 1140w, https:\/\/www.correiobraziliense.com.br\/cbradar\/wp-content\/uploads\/2025\/02\/Eclipses_1740578878139.jpg 1280w\" sizes=\"(max-width: 1024px) 100vw, 1024px\" \/><figcaption class=\"wp-element-caption\">Eclipse Lunar. Cr\u00e9ditos: depositphotos.com \/ frankie_s<\/figcaption><\/figure>\n\n\n\n<h2 class=\"wp-block-heading\"><strong>Como e onde observar o Eclipse Lunar de mar\u00e7o?<\/strong><\/h2>\n\n\n\n<p>O eclipse lunar de <strong>mar\u00e7o<\/strong> de 2025 come\u00e7ar\u00e1 \u00e0s 00h57, hor\u00e1rio de<strong> Bras\u00edlia,<\/strong> e se estender\u00e1 at\u00e9 aproximadamente 7h da manh\u00e3. Este evento ser\u00e1 vis\u00edvel em diversas regi\u00f5es, incluindo a A<strong>m\u00e9rica do Sul, Am\u00e9rica do Norte, Europa, \u00c1sia, partes da Austr\u00e1lia, \u00c1frica e nos oceanos Pac\u00edfico e Atl\u00e2ntico.<\/strong><\/p>\n\n\n\n<p>Durante o eclipse, a Lua ficar\u00e1 vermelha por cerca de 65 minutos, proporcionando um espet\u00e1culo visual incr\u00edvel. A melhor visibilidade ser\u00e1 na Am\u00e9rica do Sul e na Am\u00e9rica do Norte, com o ponto de maior cobertura ocorrendo sobre o Oceano Pac\u00edfico. Ao contr\u00e1rio dos eclipses solares, n\u00e3o h\u00e1 risco em observar um eclipse lunar a olho nu.<\/p>\n\n\n\n<h2 class=\"wp-block-heading\"><strong>Por que a lua fica vermelha durante um Eclipse?<\/strong><\/h2>\n\n\n\n<p>A colora\u00e7\u00e3o avermelhada da Lua durante um eclipse total \u00e9 resultado da dispers\u00e3o da luz solar pela atmosfera terrestre. Quando a luz do Sol passa pela atmosfera, ela \u00e9 filtrada e dispersa, refletindo tons avermelhados na superf\u00edcie lunar. Este fen\u00f4meno \u00e9 similar ao que ocorre durante o p\u00f4r do sol, quando o c\u00e9u adquire tons alaranjados e vermelhos.<\/p>\n\n\n\n<p>Este efeito visual torna o eclipse lunar total um dos eventos astron\u00f4micos mais impressionantes e aguardados. A &#8220;Lua de Sangue&#8221; n\u00e3o s\u00f3 encanta os observadores, mas tamb\u00e9m desperta curiosidade sobre os fen\u00f4menos celestiais.<\/p>\n\n\n\n<h2 class=\"wp-block-heading\"><strong>Pr\u00f3ximos Eclipses em 2025<\/strong><\/h2>\n\n\n\n<p>Al\u00e9m do eclipse lunar de mar\u00e7o, 2025 trar\u00e1 outro eclipse lunar total em 7 de setembro, que tamb\u00e9m ser\u00e1 vis\u00edvel do Brasil. Estes eventos oferecem uma oportunidade \u00fanica para os entusiastas da astronomia observarem e estudarem os fen\u00f4menos celestiais em detalhes.<\/p>\n\n\n\n<p>Com a previs\u00e3o de quatro eclipses ao longo do ano, 2025 promete ser um ano memor\u00e1vel para os amantes do c\u00e9u. A observa\u00e7\u00e3o desses eventos n\u00e3o s\u00f3 proporciona um espet\u00e1culo visual, mas tamb\u00e9m nos conecta com os movimentos e mist\u00e9rios do universo.<\/p>\n","protected":false},"excerpt":{"rendered":"<p>O ano de 2025 ser\u00e1 marcado por quatro eclipses, dois deles vis\u00edveis no Brasil. O fen\u00f4meno celestial mais aguardado <\/p>\n","protected":false},"author":3,"featured_media":6291,"comment_status":"open","ping_status":"open","sticky":false,"template":"","format":"standard","meta":{"_yoast_wpseo_focuskw":"eclipse lunar","_yoast_wpseo_title":"%%title%%","_yoast_wpseo_metadesc":"O ano de 2025 ser\u00e1 marcado por quatro eclipses, dois deles vis\u00edveis no Brasil. O fen\u00f4meno celestial mais aguardado","jnews-multi-image_gallery":[],"jnews_single_post":{"format":"standard"},"jnews_primary_category":[],"jnews_social_meta":[],"jnews_override_counter":[],"footnotes":""},"categories":[112],"post_tag":[1195],"class_list":["post-6290","post","type-post","status-publish","format-standard","has-post-thumbnail","hentry","category-curiosidades","tag-eclipse-lunar"],"yoast_head":"<!-- This site is optimized with the Yoast SEO plugin v24.6 - https:\/\/yoast.com\/wordpress\/plugins\/seo\/ -->\n<title>Saiba onde assistir ao Eclipse Lunar total em mar\u00e7o<\/title>\n<meta name=\"description\" content=\"O ano de 2025 ser\u00e1 marcado por quatro eclipses, dois deles vis\u00edveis no Brasil. O fen\u00f4meno celestial mais aguardado\" \/>\n<meta name=\"robots\" content=\"index, follow, max-snippet:-1, max-image-preview:large, max-video-preview:-1\" \/>\n<link rel=\"canonical\" href=\"https:\/\/www.correiobraziliense.com.br\/cbradar\/saiba-onde-assistir-ao-eclipse-lunar-total-em-marco\/\" \/>\n<meta property=\"og:locale\" content=\"pt_BR\" \/>\n<meta property=\"og:type\" content=\"article\" \/>\n<meta property=\"og:title\" content=\"Saiba onde assistir ao Eclipse Lunar total em mar\u00e7o\" \/>\n<meta property=\"og:description\" content=\"O ano de 2025 ser\u00e1 marcado por quatro eclipses, dois deles vis\u00edveis no Brasil. O fen\u00f4meno celestial mais aguardado\" \/>\n<meta property=\"og:url\" content=\"https:\/\/www.correiobraziliense.com.br\/cbradar\/saiba-onde-assistir-ao-eclipse-lunar-total-em-marco\/\" \/>\n<meta property=\"og:site_name\" content=\"Correio Braziliense - Radar\" \/>\n<meta property=\"article:published_time\" content=\"2025-02-27T19:10:00+00:00\" \/>\n<meta property=\"og:image\" content=\"https:\/\/www.correiobraziliense.com.br\/cbradar\/wp-content\/uploads\/2025\/02\/Eclipses_1740578828643.jpg\" \/>\n\t<meta property=\"og:image:width\" content=\"1280\" \/>\n\t<meta property=\"og:image:height\" content=\"720\" \/>\n\t<meta property=\"og:image:type\" content=\"image\/jpeg\" \/>\n<meta name=\"author\" content=\"Larissa Carvalho\" \/>\n<meta name=\"twitter:card\" content=\"summary_large_image\" \/>\n<meta name=\"twitter:label1\" content=\"Escrito por\" \/>\n\t<meta name=\"twitter:data1\" content=\"Larissa Carvalho\" \/>\n\t<meta name=\"twitter:label2\" content=\"Est. tempo de leitura\" \/>\n\t<meta name=\"twitter:data2\" content=\"4 minutos\" \/>\n<!-- \/ Yoast SEO plugin. -->","yoast_head_json":{"title":"Saiba onde assistir ao Eclipse Lunar total em mar\u00e7o","description":"O ano de 2025 ser\u00e1 marcado por quatro eclipses, dois deles vis\u00edveis no Brasil. O fen\u00f4meno celestial mais aguardado","robots":{"index":"index","follow":"follow","max-snippet":"max-snippet:-1","max-image-preview":"max-image-preview:large","max-video-preview":"max-video-preview:-1"},"canonical":"https:\/\/www.correiobraziliense.com.br\/cbradar\/saiba-onde-assistir-ao-eclipse-lunar-total-em-marco\/","og_locale":"pt_BR","og_type":"article","og_title":"Saiba onde assistir ao Eclipse Lunar total em mar\u00e7o","og_description":"O ano de 2025 ser\u00e1 marcado por quatro eclipses, dois deles vis\u00edveis no Brasil. O fen\u00f4meno celestial mais aguardado","og_url":"https:\/\/www.correiobraziliense.com.br\/cbradar\/saiba-onde-assistir-ao-eclipse-lunar-total-em-marco\/","og_site_name":"Correio Braziliense - Radar","article_published_time":"2025-02-27T19:10:00+00:00","og_image":[{"width":1280,"height":720,"url":"https:\/\/www.correiobraziliense.com.br\/cbradar\/wp-content\/uploads\/2025\/02\/Eclipses_1740578828643.jpg","type":"image\/jpeg"}],"author":"Larissa Carvalho","twitter_card":"summary_large_image","twitter_misc":{"Escrito por":"Larissa Carvalho","Est. tempo de leitura":"4 minutos"},"schema":{"@context":"https:\/\/schema.org","@graph":[{"@type":"WebPage","@id":"https:\/\/www.correiobraziliense.com.br\/cbradar\/saiba-onde-assistir-ao-eclipse-lunar-total-em-marco\/","url":"https:\/\/www.correiobraziliense.com.br\/cbradar\/saiba-onde-assistir-ao-eclipse-lunar-total-em-marco\/","name":"Saiba onde assistir ao Eclipse Lunar total em mar\u00e7o","isPartOf":{"@id":"https:\/\/www.correiobraziliense.com.br\/cbradar\/#website"},"primaryImageOfPage":{"@id":"https:\/\/www.correiobraziliense.com.br\/cbradar\/saiba-onde-assistir-ao-eclipse-lunar-total-em-marco\/#primaryimage"},"image":{"@id":"https:\/\/www.correiobraziliense.com.br\/cbradar\/saiba-onde-assistir-ao-eclipse-lunar-total-em-marco\/#primaryimage"},"thumbnailUrl":"https:\/\/www.correiobraziliense.com.br\/cbradar\/wp-content\/uploads\/2025\/02\/Eclipses_1740578828643.jpg","datePublished":"2025-02-27T19:10:00+00:00","author":{"@id":"https:\/\/www.correiobraziliense.com.br\/cbradar\/#\/schema\/person\/58422787644df994b53a19d3e56c1513"},"description":"O ano de 2025 ser\u00e1 marcado por quatro eclipses, dois deles vis\u00edveis no Brasil. O fen\u00f4meno celestial mais aguardado","breadcrumb":{"@id":"https:\/\/www.correiobraziliense.com.br\/cbradar\/saiba-onde-assistir-ao-eclipse-lunar-total-em-marco\/#breadcrumb"},"inLanguage":"pt-BR","potentialAction":[{"@type":"ReadAction","target":["https:\/\/www.correiobraziliense.com.br\/cbradar\/saiba-onde-assistir-ao-eclipse-lunar-total-em-marco\/"]}]},{"@type":"ImageObject","inLanguage":"pt-BR","@id":"https:\/\/www.correiobraziliense.com.br\/cbradar\/saiba-onde-assistir-ao-eclipse-lunar-total-em-marco\/#primaryimage","url":"https:\/\/www.correiobraziliense.com.br\/cbradar\/wp-content\/uploads\/2025\/02\/Eclipses_1740578828643.jpg","contentUrl":"https:\/\/www.correiobraziliense.com.br\/cbradar\/wp-content\/uploads\/2025\/02\/Eclipses_1740578828643.jpg","width":1280,"height":720,"caption":"Eclipses de 2025 Cr\u00e9ditos: depositphotos.com \/ mahod84"},{"@type":"BreadcrumbList","@id":"https:\/\/www.correiobraziliense.com.br\/cbradar\/saiba-onde-assistir-ao-eclipse-lunar-total-em-marco\/#breadcrumb","itemListElement":[{"@type":"ListItem","position":1,"name":"In\u00edcio","item":"https:\/\/www.correiobraziliense.com.br\/cbradar\/"},{"@type":"ListItem","position":2,"name":"Saiba onde assistir ao Eclipse Lunar total em mar\u00e7o"}]},{"@type":"WebSite","@id":"https:\/\/www.correiobraziliense.com.br\/cbradar\/#website","url":"https:\/\/www.correiobraziliense.com.br\/cbradar\/","name":"Correio Braziliense - Radar","description":"Acompanhe as \u00faltimas not\u00edcias e fique bem informado sobre tudo o que acontece no Brasil e no mundo.","potentialAction":[{"@type":"SearchAction","target":{"@type":"EntryPoint","urlTemplate":"https:\/\/www.correiobraziliense.com.br\/cbradar\/?s={search_term_string}"},"query-input":{"@type":"PropertyValueSpecification","valueRequired":true,"valueName":"search_term_string"}}],"inLanguage":"pt-BR"},{"@type":"Person","@id":"https:\/\/www.correiobraziliense.com.br\/cbradar\/#\/schema\/person\/58422787644df994b53a19d3e56c1513","name":"Larissa Carvalho","image":{"@type":"ImageObject","inLanguage":"pt-BR","@id":"https:\/\/www.correiobraziliense.com.br\/cbradar\/#\/schema\/person\/image\/","url":"https:\/\/secure.gravatar.com\/avatar\/fe4f91a0de32b52a838d0d612abdc1aa?s=96&d=mm&r=g","contentUrl":"https:\/\/secure.gravatar.com\/avatar\/fe4f91a0de32b52a838d0d612abdc1aa?s=96&d=mm&r=g","caption":"Larissa Carvalho"},"url":"https:\/\/www.correiobraziliense.com.br\/cbradar\/author\/larissamyth\/"}]}},"_links":{"self":[{"href":"https:\/\/www.correiobraziliense.com.br\/cbradar\/wp-json\/wp\/v2\/posts\/6290","targetHints":{"allow":["GET"]}}],"collection":[{"href":"https:\/\/www.correiobraziliense.com.br\/cbradar\/wp-json\/wp\/v2\/posts"}],"about":[{"href":"https:\/\/www.correiobraziliense.com.br\/cbradar\/wp-json\/wp\/v2\/types\/post"}],"author":[{"embeddable":true,"href":"https:\/\/www.correiobraziliense.com.br\/cbradar\/wp-json\/wp\/v2\/users\/3"}],"replies":[{"embeddable":true,"href":"https:\/\/www.correiobraziliense.com.br\/cbradar\/wp-json\/wp\/v2\/comments?post=6290"}],"version-history":[{"count":2,"href":"https:\/\/www.correiobraziliense.com.br\/cbradar\/wp-json\/wp\/v2\/posts\/6290\/revisions"}],"predecessor-version":[{"id":6320,"href":"https:\/\/www.correiobraziliense.com.br\/cbradar\/wp-json\/wp\/v2\/posts\/6290\/revisions\/6320"}],"wp:featuredmedia":[{"embeddable":true,"href":"https:\/\/www.correiobraziliense.com.br\/cbradar\/wp-json\/wp\/v2\/media\/6291"}],"wp:attachment":[{"href":"https:\/\/www.correiobraziliense.com.br\/cbradar\/wp-json\/wp\/v2\/media?parent=6290"}],"wp:term":[{"taxonomy":"category","embeddable":true,"href":"https:\/\/www.correiobraziliense.com.br\/cbradar\/wp-json\/wp\/v2\/categories?post=6290"},{"taxonomy":"post_tag","embeddable":true,"href":"https:\/\/www.correiobraziliense.com.br\/cbradar\/wp-json\/wp\/v2\/post_tag?post=6290"}],"curies":[{"name":"wp","href":"https:\/\/api.w.org\/{rel}","templated":true}]}}