{"id":63180,"date":"2025-07-03T11:23:00","date_gmt":"2025-07-03T14:23:00","guid":{"rendered":"https:\/\/www.correiobraziliense.com.br\/cbradar\/?p=63180"},"modified":"2025-07-02T10:22:23","modified_gmt":"2025-07-02T13:22:23","slug":"a-pratica-simples-que-pode-revolucionar-sua-saude-fisica-e-mental-de-uma-forma-unica","status":"publish","type":"post","link":"https:\/\/www.correiobraziliense.com.br\/cbradar\/a-pratica-simples-que-pode-revolucionar-sua-saude-fisica-e-mental-de-uma-forma-unica\/","title":{"rendered":"A pr\u00e1tica simples que pode revolucionar sua sa\u00fade f\u00edsica e mental de uma forma \u00fanica"},"content":{"rendered":"\n<p>Frequentemente, quando pensamos em sa\u00fade, nosso foco se volta para dieta, exerc\u00edcios e consultas m\u00e9dicas. No entanto, um fator de imensa influ\u00eancia em nosso bem-estar \u00e9 o pr\u00f3prio ambiente que nos cerca. A <strong>sa\u00fade ambiental<\/strong> \u00e9 o campo da <a href=\"https:\/\/www.correiobraziliense.com.br\/cbradar\/seu-intestino-pode-ser-seu-maior-aliado-na-saude-e-na-imunidade-e-voce-nem-sabia\/\" target=\"_blank\" rel=\"noreferrer noopener\">sa\u00fade <\/a>que estuda como nosso entorno \u2013 o ar que respiramos, a \u00e1gua que bebemos, os espa\u00e7os que habitamos e a natureza com a qual interagimos \u2013 impacta diretamente nossa condi\u00e7\u00e3o f\u00edsica e mental.<\/p>\n\n\n\n<p>Compreender essa conex\u00e3o \u00e9 crucial em um mundo cada vez mais urbanizado e industrializado. A qualidade do nosso ambiente pode ser tanto uma fonte de doen\u00e7as e estresse quanto uma poderosa ferramenta de cura e vitalidade. Este guia explora os principais pilares da sa\u00fade ambiental e oferece estrat\u00e9gias pr\u00e1ticas para criar um entorno mais saud\u00e1vel e restaurador.<\/p>\n\n\n\n<h2 class=\"wp-block-heading\">Qual o impacto invis\u00edvel da qualidade do ar na nossa sa\u00fade?<\/h2>\n\n\n<div class=\"wp-block-image\">\n<figure class=\"aligncenter size-large\"><img decoding=\"async\" width=\"1024\" height=\"576\" src=\"https:\/\/www.correiobraziliense.com.br\/cbradar\/wp-content\/uploads\/2025\/03\/poluicao_1742389627234-1024x576.jpg\" alt=\"A pr\u00e1tica simples que pode revolucionar sua sa\u00fade f\u00edsica e mental de uma forma \u00fanica\" class=\"wp-image-13839\" srcset=\"https:\/\/www.correiobraziliense.com.br\/cbradar\/wp-content\/uploads\/2025\/03\/poluicao_1742389627234-1024x576.jpg 1024w, https:\/\/www.correiobraziliense.com.br\/cbradar\/wp-content\/uploads\/2025\/03\/poluicao_1742389627234-300x169.jpg 300w, https:\/\/www.correiobraziliense.com.br\/cbradar\/wp-content\/uploads\/2025\/03\/poluicao_1742389627234-768x432.jpg 768w, https:\/\/www.correiobraziliense.com.br\/cbradar\/wp-content\/uploads\/2025\/03\/poluicao_1742389627234-750x422.jpg 750w, https:\/\/www.correiobraziliense.com.br\/cbradar\/wp-content\/uploads\/2025\/03\/poluicao_1742389627234-1140x642.jpg 1140w, https:\/\/www.correiobraziliense.com.br\/cbradar\/wp-content\/uploads\/2025\/03\/poluicao_1742389627234.jpg 1279w\" sizes=\"(max-width: 1024px) 100vw, 1024px\" \/><figcaption class=\"wp-element-caption\">Polui\u00e7\u00e3o &#8211; Cr\u00e9ditos: depositphotos.com \/ LehaKoK<\/figcaption><\/figure><\/div>\n\n\n<p>A <strong><a href=\"https:\/\/pt.wikipedia.org\/wiki\/Polui\u00e7\u00e3o_atmosf\u00e9rica\" target=\"_blank\" rel=\"noreferrer noopener\">polui\u00e7\u00e3o do ar<\/a><\/strong> \u00e9 um dos maiores riscos ambientais para a sa\u00fade humana. Ela n\u00e3o se limita \u00e0 fuma\u00e7a preta das chamin\u00e9s industriais; dentro de nossas casas e no tr\u00e2nsito das cidades, estamos expostos a uma mistura de poluentes, como material particulado fino (PM2.5), \u00f3xidos de nitrog\u00eanio e compostos org\u00e2nicos vol\u00e1teis, que podem penetrar profundamente nos pulm\u00f5es e na corrente sangu\u00ednea.<\/p>\n\n\n\n<p>A exposi\u00e7\u00e3o cr\u00f4nica a esses poluentes est\u00e1 diretamente ligada a uma s\u00e9rie de problemas de sa\u00fade. As consequ\u00eancias mais conhecidas s\u00e3o as doen\u00e7as respirat\u00f3rias, como asma, bronquite e a redu\u00e7\u00e3o da fun\u00e7\u00e3o pulmonar. No entanto, o impacto vai al\u00e9m, aumentando significativamente o risco de doen\u00e7as cardiovasculares, como infartos e AVCs. Estudos mais recentes tamb\u00e9m revelam uma conex\u00e3o preocupante entre a polui\u00e7\u00e3o do ar e a <strong>sa\u00fade mental<\/strong>, associando-a a um maior risco de depress\u00e3o, ansiedade e decl\u00ednio cognitivo.<\/p>\n\n\n\n<h2 class=\"wp-block-heading\">Por que a qualidade da \u00e1gua continua a ser uma prioridade global?<\/h2>\n\n\n\n<p>O acesso \u00e0 \u00e1gua pot\u00e1vel e segura \u00e9 um direito humano b\u00e1sico e um pilar fundamental da sa\u00fade p\u00fablica. A contamina\u00e7\u00e3o da \u00e1gua por microrganismos (bact\u00e9rias, v\u00edrus e protozo\u00e1rios), produtos qu\u00edmicos industriais ou res\u00edduos de <strong>agrot\u00f3xicos<\/strong> \u00e9 uma via direta para a transmiss\u00e3o de in\u00fameras doen\u00e7as, que afetam desproporcionalmente as popula\u00e7\u00f5es mais vulner\u00e1veis.<\/p>\n\n\n\n<p>Doen\u00e7as como c\u00f3lera, febre tifoide, hepatite A e diversas infec\u00e7\u00f5es gastrointestinais s\u00e3o causadas pela ingest\u00e3o de \u00e1gua contaminada. Mesmo em n\u00edveis mais baixos, a exposi\u00e7\u00e3o a contaminantes qu\u00edmicos a longo prazo pode estar associada a problemas neurol\u00f3gicos, dist\u00farbios hormonais e at\u00e9 mesmo a alguns tipos de c\u00e2ncer. Garantir a qualidade da fonte de \u00e1gua que consumimos, seja atrav\u00e9s de sistemas de tratamento eficazes ou do uso de filtros dom\u00e9sticos, \u00e9 uma medida de prote\u00e7\u00e3o essencial.<\/p>\n\n\n\n<h2 class=\"wp-block-heading\">Quais toxinas podem estar escondidas dentro da nossa pr\u00f3pria casa?<\/h2>\n\n\n\n<p>Muitas vezes, os maiores riscos ambientais n\u00e3o est\u00e3o do lado de fora, mas sim dentro de nossas casas. Estamos cercados por uma vasta gama de produtos qu\u00edmicos sint\u00e9ticos presentes em materiais de constru\u00e7\u00e3o, m\u00f3veis, produtos de limpeza e at\u00e9 mesmo em embalagens de alimentos. A exposi\u00e7\u00e3o di\u00e1ria e cumulativa a essas <strong>toxinas<\/strong> pode ter efeitos sutis, mas significativos, em nossa sa\u00fade.<\/p>\n\n\n\n<p>Alguns dos vil\u00f5es mais comuns e suas fontes est\u00e3o listados abaixo, para que voc\u00ea possa tomar medidas para reduzir a exposi\u00e7\u00e3o.<\/p>\n\n\n\n<ul class=\"wp-block-list\">\n<li><strong>Compostos Org\u00e2nicos Vol\u00e1teis (VOCs):<\/strong> Liberados por tintas, vernizes, produtos de limpeza, purificadores de ar e m\u00f3veis novos. Podem causar irrita\u00e7\u00e3o nos olhos e garganta, dores de cabe\u00e7a e danos ao sistema nervoso.<\/li>\n\n\n\n<li><strong>Ftalatos e Bisfenol A (BPA):<\/strong> Encontrados em pl\u00e1sticos, embalagens de alimentos e cosm\u00e9ticos. S\u00e3o conhecidos como <strong>disruptores end\u00f3crinos<\/strong>, pois podem interferir no sistema hormonal do corpo.<\/li>\n\n\n\n<li><strong>Metais Pesados:<\/strong> Chumbo (em tintas antigas) e merc\u00fario (em alguns peixes grandes e l\u00e2mpadas fluorescentes quebradas) s\u00e3o neurotoxinas potentes.<\/li>\n\n\n\n<li><strong>Mofo:<\/strong> O crescimento de fungos em \u00e1reas \u00famidas da casa libera esporos que podem desencadear alergias, problemas respirat\u00f3rios e rea\u00e7\u00f5es inflamat\u00f3rias.<\/li>\n<\/ul>\n\n\n\n<h2 class=\"wp-block-heading\">De que maneira o contato com a natureza pode curar o corpo e a mente?<\/h2>\n\n\n\n<p>Em contraste com os riscos do ambiente constru\u00eddo, o contato com a natureza surge como uma das mais poderosas ferramentas para a promo\u00e7\u00e3o da sa\u00fade. A ci\u00eancia tem comprovado de forma robusta o que a intui\u00e7\u00e3o j\u00e1 nos dizia: passar tempo em ambientes naturais tem um efeito restaurador profundo em nosso bem-estar f\u00edsico e mental. Esse fen\u00f4meno \u00e9 muitas vezes ligado \u00e0 hip\u00f3tese da <strong>biofilia<\/strong>, nossa afinidade inata com o mundo natural.<\/p>\n\n\n\n<p>Passar tempo na natureza, seja em um parque urbano, em uma floresta ou na praia, reduz significativamente os n\u00edveis de <strong>cortisol<\/strong> (o horm\u00f4nio do estresse), diminui a press\u00e3o arterial e a frequ\u00eancia card\u00edaca. Esse contato melhora o humor, alivia os sintomas de ansiedade e depress\u00e3o, aumenta a capacidade de foco e at\u00e9 fortalece o sistema imunol\u00f3gico. Os famosos &#8220;banhos de floresta&#8221; (Shinrin-yoku), pr\u00e1tica japonesa de imers\u00e3o sensorial na natureza, s\u00e3o um exemplo perfeito dessa terapia natural.<\/p>\n\n\n\n<h2 class=\"wp-block-heading\">Que medidas pr\u00e1ticas posso tomar para melhorar meu ambiente imediato?<\/h2>\n\n\n\n<p>Embora n\u00e3o possamos controlar a polui\u00e7\u00e3o de uma cidade inteira, temos um poder consider\u00e1vel para melhorar a qualidade do nosso microambiente. Adotar pr\u00e1ticas conscientes pode reduzir drasticamente a exposi\u00e7\u00e3o a riscos e aumentar os benef\u00edcios do seu entorno.<\/p>\n\n\n\n<p>Para come\u00e7ar, ventile sua casa diariamente, abrindo as janelas para permitir a circula\u00e7\u00e3o de ar e a dispers\u00e3o de poluentes internos. Opte por produtos de limpeza com ingredientes naturais e evite purificadores de ar com fragr\u00e2ncias sint\u00e9ticas. Tenha plantas dentro de casa; esp\u00e9cies como jiboia, espada-de-s\u00e3o-jorge e l\u00edrio-da-paz s\u00e3o conhecidas por ajudar a filtrar o ar. Para a \u00e1gua, considere o uso de filtros de qualidade. E, o mais importante, fa\u00e7a um esfor\u00e7o consciente para incluir a natureza na sua rotina: fa\u00e7a uma caminhada no parque na hora do almo\u00e7o, cuide de um jardim ou simplesmente passe alguns minutos observando as \u00e1rvores pela janela.<\/p>\n\n\n\n<h2 class=\"wp-block-heading\">Como a sa\u00fade ambiental se conecta com a sa\u00fade coletiva?<\/h2>\n\n\n\n<p>A sa\u00fade ambiental n\u00e3o \u00e9 apenas uma quest\u00e3o de escolha individual; ela est\u00e1 intrinsecamente ligada \u00e0 sa\u00fade coletiva e \u00e0 justi\u00e7a social. As comunidades de baixa renda e os grupos minorit\u00e1rios s\u00e3o frequentemente os mais expostos a riscos ambientais, como a proximidade de aterros sanit\u00e1rios, ind\u00fastrias poluentes e a falta de acesso a espa\u00e7os verdes e \u00e1gua pot\u00e1vel.<\/p>\n\n\n\n<p>Portanto, lutar por um ambiente mais saud\u00e1vel envolve tamb\u00e9m a defesa de pol\u00edticas p\u00fablicas que protejam a qualidade do ar e da \u00e1gua para todos, que promovam o planejamento urbano com mais \u00e1reas verdes e que regulem o uso de subst\u00e2ncias t\u00f3xicas. Cuidar do planeta e cuidar da nossa sa\u00fade s\u00e3o duas faces da mesma moeda, um investimento essencial no nosso bem-estar presente e no futuro das pr\u00f3ximas gera\u00e7\u00f5es.<\/p>\n","protected":false},"excerpt":{"rendered":"<p>Frequentemente, quando pensamos em sa\u00fade, nosso foco se volta para dieta, exerc\u00edcios e consultas m\u00e9dicas. No entanto, um fator de imensa influ\u00eancia em nosso bem-estar \u00e9 o pr\u00f3prio ambiente que nos cerca. A sa\u00fade ambiental \u00e9 o campo da sa\u00fade que estuda como nosso entorno \u2013 o ar que respiramos, a \u00e1gua que bebemos, os [&hellip;]<\/p>\n","protected":false},"author":11,"featured_media":8112,"comment_status":"open","ping_status":"open","sticky":false,"template":"","format":"standard","meta":{"_yoast_wpseo_focuskw":"ambiente","_yoast_wpseo_title":"","_yoast_wpseo_metadesc":"Seu ambiente influencia diretamente sua sa\u00fade f\u00edsica e emocional. Descubra como pequenas atitudes podem trazer grandes benef\u00edcios.","jnews-multi-image_gallery":[],"jnews_single_post":{"format":"standard"},"jnews_primary_category":[],"jnews_social_meta":[],"jnews_override_counter":[],"footnotes":""},"categories":[119],"post_tag":[120,2144,1318],"class_list":["post-63180","post","type-post","status-publish","format-standard","has-post-thumbnail","hentry","category-bem-estar","tag-bem-estar","tag-poluicao","tag-saude-2"],"yoast_head":"<!-- This site is optimized with the Yoast SEO plugin v24.6 - https:\/\/yoast.com\/wordpress\/plugins\/seo\/ -->\n<title>A pr\u00e1tica simples que pode revolucionar sua sa\u00fade f\u00edsica e mental de uma forma \u00fanica - Correio Braziliense - Radar<\/title>\n<meta name=\"description\" content=\"Seu ambiente influencia diretamente sua sa\u00fade f\u00edsica e emocional. Descubra como pequenas atitudes podem trazer grandes benef\u00edcios.\" \/>\n<meta name=\"robots\" content=\"index, follow, max-snippet:-1, max-image-preview:large, max-video-preview:-1\" \/>\n<link rel=\"canonical\" href=\"https:\/\/www.correiobraziliense.com.br\/cbradar\/a-pratica-simples-que-pode-revolucionar-sua-saude-fisica-e-mental-de-uma-forma-unica\/\" \/>\n<meta property=\"og:locale\" content=\"pt_BR\" \/>\n<meta property=\"og:type\" content=\"article\" \/>\n<meta property=\"og:title\" content=\"A pr\u00e1tica simples que pode revolucionar sua sa\u00fade f\u00edsica e mental de uma forma \u00fanica - Correio Braziliense - Radar\" \/>\n<meta property=\"og:description\" content=\"Seu ambiente influencia diretamente sua sa\u00fade f\u00edsica e emocional. Descubra como pequenas atitudes podem trazer grandes benef\u00edcios.\" \/>\n<meta property=\"og:url\" content=\"https:\/\/www.correiobraziliense.com.br\/cbradar\/a-pratica-simples-que-pode-revolucionar-sua-saude-fisica-e-mental-de-uma-forma-unica\/\" \/>\n<meta property=\"og:site_name\" content=\"Correio Braziliense - Radar\" \/>\n<meta property=\"article:published_time\" content=\"2025-07-03T14:23:00+00:00\" \/>\n<meta property=\"og:image\" content=\"https:\/\/www.correiobraziliense.com.br\/cbradar\/wp-content\/uploads\/2025\/03\/natureza-saude_1740849577779.jpg\" \/>\n\t<meta property=\"og:image:width\" content=\"1280\" \/>\n\t<meta property=\"og:image:height\" content=\"720\" \/>\n\t<meta property=\"og:image:type\" content=\"image\/jpeg\" \/>\n<meta name=\"author\" content=\"Paulo Custodio\" \/>\n<meta name=\"twitter:card\" content=\"summary_large_image\" \/>\n<meta name=\"twitter:label1\" content=\"Escrito por\" \/>\n\t<meta name=\"twitter:data1\" content=\"Paulo Custodio\" \/>\n\t<meta name=\"twitter:label2\" content=\"Est. tempo de leitura\" \/>\n\t<meta name=\"twitter:data2\" content=\"7 minutos\" \/>\n<!-- \/ Yoast SEO plugin. -->","yoast_head_json":{"title":"A pr\u00e1tica simples que pode revolucionar sua sa\u00fade f\u00edsica e mental de uma forma \u00fanica - Correio Braziliense - Radar","description":"Seu ambiente influencia diretamente sua sa\u00fade f\u00edsica e emocional. Descubra como pequenas atitudes podem trazer grandes benef\u00edcios.","robots":{"index":"index","follow":"follow","max-snippet":"max-snippet:-1","max-image-preview":"max-image-preview:large","max-video-preview":"max-video-preview:-1"},"canonical":"https:\/\/www.correiobraziliense.com.br\/cbradar\/a-pratica-simples-que-pode-revolucionar-sua-saude-fisica-e-mental-de-uma-forma-unica\/","og_locale":"pt_BR","og_type":"article","og_title":"A pr\u00e1tica simples que pode revolucionar sua sa\u00fade f\u00edsica e mental de uma forma \u00fanica - Correio Braziliense - Radar","og_description":"Seu ambiente influencia diretamente sua sa\u00fade f\u00edsica e emocional. Descubra como pequenas atitudes podem trazer grandes benef\u00edcios.","og_url":"https:\/\/www.correiobraziliense.com.br\/cbradar\/a-pratica-simples-que-pode-revolucionar-sua-saude-fisica-e-mental-de-uma-forma-unica\/","og_site_name":"Correio Braziliense - Radar","article_published_time":"2025-07-03T14:23:00+00:00","og_image":[{"width":1280,"height":720,"url":"https:\/\/www.correiobraziliense.com.br\/cbradar\/wp-content\/uploads\/2025\/03\/natureza-saude_1740849577779.jpg","type":"image\/jpeg"}],"author":"Paulo Custodio","twitter_card":"summary_large_image","twitter_misc":{"Escrito por":"Paulo Custodio","Est. tempo de leitura":"7 minutos"},"schema":{"@context":"https:\/\/schema.org","@graph":[{"@type":"WebPage","@id":"https:\/\/www.correiobraziliense.com.br\/cbradar\/a-pratica-simples-que-pode-revolucionar-sua-saude-fisica-e-mental-de-uma-forma-unica\/","url":"https:\/\/www.correiobraziliense.com.br\/cbradar\/a-pratica-simples-que-pode-revolucionar-sua-saude-fisica-e-mental-de-uma-forma-unica\/","name":"A pr\u00e1tica simples que pode revolucionar sua sa\u00fade f\u00edsica e mental de uma forma \u00fanica - Correio Braziliense - Radar","isPartOf":{"@id":"https:\/\/www.correiobraziliense.com.br\/cbradar\/#website"},"primaryImageOfPage":{"@id":"https:\/\/www.correiobraziliense.com.br\/cbradar\/a-pratica-simples-que-pode-revolucionar-sua-saude-fisica-e-mental-de-uma-forma-unica\/#primaryimage"},"image":{"@id":"https:\/\/www.correiobraziliense.com.br\/cbradar\/a-pratica-simples-que-pode-revolucionar-sua-saude-fisica-e-mental-de-uma-forma-unica\/#primaryimage"},"thumbnailUrl":"https:\/\/www.correiobraziliense.com.br\/cbradar\/wp-content\/uploads\/2025\/03\/natureza-saude_1740849577779.jpg","datePublished":"2025-07-03T14:23:00+00:00","author":{"@id":"https:\/\/www.correiobraziliense.com.br\/cbradar\/#\/schema\/person\/4cec7857301a9a1a2ef249893cd908d3"},"description":"Seu ambiente influencia diretamente sua sa\u00fade f\u00edsica e emocional. Descubra como pequenas atitudes podem trazer grandes benef\u00edcios.","breadcrumb":{"@id":"https:\/\/www.correiobraziliense.com.br\/cbradar\/a-pratica-simples-que-pode-revolucionar-sua-saude-fisica-e-mental-de-uma-forma-unica\/#breadcrumb"},"inLanguage":"pt-BR","potentialAction":[{"@type":"ReadAction","target":["https:\/\/www.correiobraziliense.com.br\/cbradar\/a-pratica-simples-que-pode-revolucionar-sua-saude-fisica-e-mental-de-uma-forma-unica\/"]}]},{"@type":"ImageObject","inLanguage":"pt-BR","@id":"https:\/\/www.correiobraziliense.com.br\/cbradar\/a-pratica-simples-que-pode-revolucionar-sua-saude-fisica-e-mental-de-uma-forma-unica\/#primaryimage","url":"https:\/\/www.correiobraziliense.com.br\/cbradar\/wp-content\/uploads\/2025\/03\/natureza-saude_1740849577779.jpg","contentUrl":"https:\/\/www.correiobraziliense.com.br\/cbradar\/wp-content\/uploads\/2025\/03\/natureza-saude_1740849577779.jpg","width":1280,"height":720,"caption":"Medita\u00e7\u00e3o na natureza - Cr\u00e9ditos: depositphotos.com \/ Deklofenak"},{"@type":"BreadcrumbList","@id":"https:\/\/www.correiobraziliense.com.br\/cbradar\/a-pratica-simples-que-pode-revolucionar-sua-saude-fisica-e-mental-de-uma-forma-unica\/#breadcrumb","itemListElement":[{"@type":"ListItem","position":1,"name":"In\u00edcio","item":"https:\/\/www.correiobraziliense.com.br\/cbradar\/"},{"@type":"ListItem","position":2,"name":"A pr\u00e1tica simples que pode revolucionar sua sa\u00fade f\u00edsica e mental de uma forma \u00fanica"}]},{"@type":"WebSite","@id":"https:\/\/www.correiobraziliense.com.br\/cbradar\/#website","url":"https:\/\/www.correiobraziliense.com.br\/cbradar\/","name":"Correio Braziliense - Radar","description":"Acompanhe as \u00faltimas not\u00edcias e fique bem informado sobre tudo o que acontece no Brasil e no mundo.","potentialAction":[{"@type":"SearchAction","target":{"@type":"EntryPoint","urlTemplate":"https:\/\/www.correiobraziliense.com.br\/cbradar\/?s={search_term_string}"},"query-input":{"@type":"PropertyValueSpecification","valueRequired":true,"valueName":"search_term_string"}}],"inLanguage":"pt-BR"},{"@type":"Person","@id":"https:\/\/www.correiobraziliense.com.br\/cbradar\/#\/schema\/person\/4cec7857301a9a1a2ef249893cd908d3","name":"Paulo Custodio","image":{"@type":"ImageObject","inLanguage":"pt-BR","@id":"https:\/\/www.correiobraziliense.com.br\/cbradar\/#\/schema\/person\/image\/","url":"https:\/\/secure.gravatar.com\/avatar\/bcd67168d1534e8fcf4f45c726a87cea?s=96&d=mm&r=g","contentUrl":"https:\/\/secure.gravatar.com\/avatar\/bcd67168d1534e8fcf4f45c726a87cea?s=96&d=mm&r=g","caption":"Paulo Custodio"},"sameAs":["https:\/\/www.correiobraziliense.com.br\/cbradar"],"url":"https:\/\/www.correiobraziliense.com.br\/cbradar\/author\/paulomyth\/"}]}},"_links":{"self":[{"href":"https:\/\/www.correiobraziliense.com.br\/cbradar\/wp-json\/wp\/v2\/posts\/63180","targetHints":{"allow":["GET"]}}],"collection":[{"href":"https:\/\/www.correiobraziliense.com.br\/cbradar\/wp-json\/wp\/v2\/posts"}],"about":[{"href":"https:\/\/www.correiobraziliense.com.br\/cbradar\/wp-json\/wp\/v2\/types\/post"}],"author":[{"embeddable":true,"href":"https:\/\/www.correiobraziliense.com.br\/cbradar\/wp-json\/wp\/v2\/users\/11"}],"replies":[{"embeddable":true,"href":"https:\/\/www.correiobraziliense.com.br\/cbradar\/wp-json\/wp\/v2\/comments?post=63180"}],"version-history":[{"count":1,"href":"https:\/\/www.correiobraziliense.com.br\/cbradar\/wp-json\/wp\/v2\/posts\/63180\/revisions"}],"predecessor-version":[{"id":63199,"href":"https:\/\/www.correiobraziliense.com.br\/cbradar\/wp-json\/wp\/v2\/posts\/63180\/revisions\/63199"}],"wp:featuredmedia":[{"embeddable":true,"href":"https:\/\/www.correiobraziliense.com.br\/cbradar\/wp-json\/wp\/v2\/media\/8112"}],"wp:attachment":[{"href":"https:\/\/www.correiobraziliense.com.br\/cbradar\/wp-json\/wp\/v2\/media?parent=63180"}],"wp:term":[{"taxonomy":"category","embeddable":true,"href":"https:\/\/www.correiobraziliense.com.br\/cbradar\/wp-json\/wp\/v2\/categories?post=63180"},{"taxonomy":"post_tag","embeddable":true,"href":"https:\/\/www.correiobraziliense.com.br\/cbradar\/wp-json\/wp\/v2\/post_tag?post=63180"}],"curies":[{"name":"wp","href":"https:\/\/api.w.org\/{rel}","templated":true}]}}