{"id":63187,"date":"2025-07-04T08:03:00","date_gmt":"2025-07-04T11:03:00","guid":{"rendered":"https:\/\/www.correiobraziliense.com.br\/cbradar\/?p=63187"},"modified":"2025-07-02T10:15:32","modified_gmt":"2025-07-02T13:15:32","slug":"psicologia-explica-como-falar-sobre-defeitos-na-entrevista-de-emprego","status":"publish","type":"post","link":"https:\/\/www.correiobraziliense.com.br\/cbradar\/psicologia-explica-como-falar-sobre-defeitos-na-entrevista-de-emprego\/","title":{"rendered":"Psicologia explica como falar sobre defeitos na Entrevista de emprego"},"content":{"rendered":"\n<p>Durante uma <strong>Entrevista <\/strong>de emprego, uma das perguntas mais desafiadoras para os candidatos \u00e9 sobre seus defeitos. Essa quest\u00e3o pode causar apreens\u00e3o, mas, quando abordada com estrat\u00e9gia e autoconhecimento, pode se transformar em uma oportunidade de destacar <a href=\"https:\/\/www.correiobraziliense.com.br\/cbradar\/o-que-dizer-ou-nao-a-alguem-em-luto-segundo-especialistas\/\" target=\"_blank\" rel=\"noreferrer noopener\">qualidades <\/a>importantes para o recrutador. Demonstrar consci\u00eancia sobre suas limita\u00e7\u00f5es e a disposi\u00e7\u00e3o para melhorar s\u00e3o aspectos que podem impressionar positivamente.<\/p>\n\n\n\n<p>\u00c9 importante evitar respostas clich\u00eas como &#8220;sou perfeccionista&#8221; ou &#8220;trabalho demais&#8221;, que podem soar pouco aut\u00eanticas. Em vez disso, \u00e9 mais eficaz ser honesto e realista sobre suas fraquezas, mostrando que est\u00e1 ciente delas e que est\u00e1 tomando medidas para evoluir. A ideia \u00e9 n\u00e3o esconder suas falhas, mas sim demonstrar que est\u00e1 atento a elas e comprometido com o desenvolvimento profissional.<\/p>\n\n\n\n<h2 class=\"wp-block-heading\">Como abordar seus defeitos na Entrevista de emprego?<\/h2>\n\n\n<div class=\"wp-block-image\">\n<figure class=\"aligncenter size-large\"><img decoding=\"async\" width=\"1024\" height=\"576\" src=\"https:\/\/www.correiobraziliense.com.br\/cbradar\/wp-content\/uploads\/2025\/07\/entrevista-de-emprego_1751462084530-1024x576.jpg\" alt=\"\" class=\"wp-image-63189\" srcset=\"https:\/\/www.correiobraziliense.com.br\/cbradar\/wp-content\/uploads\/2025\/07\/entrevista-de-emprego_1751462084530-1024x576.jpg 1024w, https:\/\/www.correiobraziliense.com.br\/cbradar\/wp-content\/uploads\/2025\/07\/entrevista-de-emprego_1751462084530-300x169.jpg 300w, https:\/\/www.correiobraziliense.com.br\/cbradar\/wp-content\/uploads\/2025\/07\/entrevista-de-emprego_1751462084530-768x432.jpg 768w, https:\/\/www.correiobraziliense.com.br\/cbradar\/wp-content\/uploads\/2025\/07\/entrevista-de-emprego_1751462084530-750x422.jpg 750w, https:\/\/www.correiobraziliense.com.br\/cbradar\/wp-content\/uploads\/2025\/07\/entrevista-de-emprego_1751462084530-1140x641.jpg 1140w, https:\/\/www.correiobraziliense.com.br\/cbradar\/wp-content\/uploads\/2025\/07\/entrevista-de-emprego_1751462084530.jpg 1280w\" sizes=\"(max-width: 1024px) 100vw, 1024px\" \/><figcaption class=\"wp-element-caption\">Entrevista de emprego &#8211; Cr\u00e9ditos: depositphotos.com \/ baranq<\/figcaption><\/figure><\/div>\n\n\n<p>Para responder de forma eficaz, \u00e9 essencial escolher defeitos que n\u00e3o comprometam as habilidades essenciais para a vaga. Por exemplo, se a posi\u00e7\u00e3o exige habilidades de comunica\u00e7\u00e3o, n\u00e3o \u00e9 recomend\u00e1vel mencionar dificuldades em falar em p\u00fablico. Em vez disso, opte por mencionar fraquezas que n\u00e3o afetem diretamente o desempenho no cargo, mas que ainda assim demonstrem sua capacidade de autocr\u00edtica e desejo de melhoria.<\/p>\n\n\n\n<h2 class=\"wp-block-heading\">Qual \u00e9 a import\u00e2ncia de demonstrar evolu\u00e7\u00e3o?<\/h2>\n\n\n\n<p>Mais do que listar um defeito, \u00e9 crucial explicar como voc\u00ea est\u00e1 lidando com ele. Isso demonstra proatividade e intelig\u00eancia emocional, qualidades muito valorizadas nos processos seletivos. Por exemplo, se voc\u00ea tinha dificuldade em organizar suas tarefas, pode mencionar que come\u00e7ou a usar ferramentas de gest\u00e3o de tempo, como o Trello, para melhorar sua produtividade. Esse tipo de resposta mostra que voc\u00ea est\u00e1 tomando medidas concretas para superar suas limita\u00e7\u00f5es.<\/p>\n\n\n\n<h2 class=\"wp-block-heading\">Quais erros evitar ao falar sobre seus defeitos?<\/h2>\n\n\n\n<p>Algumas respostas podem prejudicar sua imagem profissional. Evite mencionar que n\u00e3o \u00e9 pontual, que n\u00e3o trabalha bem em equipe ou que \u00e9 inflex\u00edvel com mudan\u00e7as. Antes da Entrevista, \u00e9 importante estudar a descri\u00e7\u00e3o da vaga para evitar escolher um defeito que possa ser um problema para o cargo. Al\u00e9m disso, durante a Entrevista, todo o comportamento do candidato \u00e9 avaliado, desde o que fala at\u00e9 como se comporta.<\/p>\n\n\n\n<h2 class=\"wp-block-heading\">Como transformar um ponto fraco em diferencial?<\/h2>\n\n\n\n<p>A pergunta sobre defeitos n\u00e3o precisa ser um risco. Com sinceridade, <a href=\"https:\/\/www.gov.br\/saude\/pt-br\" target=\"_blank\" rel=\"noreferrer noopener\">estrat\u00e9gia <\/a>e autoconhecimento, ela pode se tornar um momento de destaque na Entrevista. Ao mostrar que est\u00e1 preparado para crescer e enfrentar os desafios da vaga, voc\u00ea revela que possui a maturidade e a disposi\u00e7\u00e3o necess\u00e1rias para evoluir profissionalmente. Assim, a quest\u00e3o dos defeitos pode ser transformada em uma oportunidade de mostrar seu potencial e compromisso com o desenvolvimento cont\u00ednuo.<\/p>\n\n\n<a href=\"https:\/\/www.instagram.com\/dra.annaluisabf\/\" target=\"_blank\" rel=\"noopener\" style=\"text-decoration: none; color: inherit;\">\n    <span style=\"display: inline-block; border: 1px solid #ccc; border-radius: 10px; padding: 15px; max-width: 550px; font-family: sans-serif; box-shadow: 0 2px 5px rgba(0,0,0,0.1); width: 100%;\">\n\n      <!-- T\u00edtulo -->\n      <span style=\"display: block; margin: 0 0 15px 0; font-weight: bold; color: #2c3e50; text-align: center;\">\n        Entre em contato:\n      <\/span>\n\n      <!-- Linha do perfil -->\n      <span style=\"display: flex; align-items: center; gap: 15px;\">\n        <img decoding=\"async\"\n          src=\"https:\/\/www.correiobraziliense.com.br\/cbradar\/wp-content\/uploads\/2025\/08\/dra_anna_luisa.jpeg\"\n          alt=\"Foto da Dra. Anna Lu\u00edsa\"\n          style=\"border-radius: 50%; width: 80px; height: 80px; object-fit: cover;\"\n        \/>\n        <span style=\"display: flex; flex-direction: column;\">\n          <span style=\"font-size: 18px; font-weight: 700; color: #2c3e50;\">Dra. Anna Lu\u00edsa Barbosa Fernandes<\/span>\n          <span style=\"color: #555;\">CRM-GO 33.271<\/span>\n        <\/span>\n      <\/span>\n\n      <!-- Redes -->\n      <span style=\"display: flex; align-items: center; gap: 10px; margin-top: 12px;\">\n        <img decoding=\"async\" src=\"https:\/\/cdn-icons-png.flaticon.com\/24\/1384\/1384063.png\" alt=\"Instagram\" width=\"24\" height=\"24\" \/>\n        <span style=\"text-decoration: underline; color: #2c3e50;\">@dra.annaluisabf<\/span>\n      <\/span>\n\n    <\/span>\n  <\/a>\n\n\n<p><\/p>\n","protected":false},"excerpt":{"rendered":"<p>Durante uma Entrevista de emprego, uma das perguntas mais desafiadoras para os candidatos \u00e9 sobre seus defeitos. Essa quest\u00e3o pode causar apreens\u00e3o, mas, quando abordada com estrat\u00e9gia e autoconhecimento, pode se transformar em uma oportunidade de destacar qualidades importantes para o recrutador. Demonstrar consci\u00eancia sobre suas limita\u00e7\u00f5es e a disposi\u00e7\u00e3o para melhorar s\u00e3o aspectos que [&hellip;]<\/p>\n","protected":false},"author":14,"featured_media":63188,"comment_status":"open","ping_status":"open","sticky":false,"template":"","format":"standard","meta":{"_yoast_wpseo_focuskw":"Entrevista","_yoast_wpseo_title":"","_yoast_wpseo_metadesc":"Saiba como responder sobre seus defeitos na entrevista de forma estrat\u00e9gica e sincera, destacando autoconhecimento e vontade de crescer.","jnews-multi-image_gallery":[],"jnews_single_post":{"format":"standard"},"jnews_primary_category":[],"jnews_social_meta":[],"jnews_override_counter":[],"footnotes":""},"categories":[4404],"post_tag":[7018,7525,7526,7524],"class_list":["post-63187","post","type-post","status-publish","format-standard","has-post-thumbnail","hentry","category-saude","tag-autoconhecimento","tag-defeitos","tag-desenv-profissional","tag-entrevista-de-emprego"],"yoast_head":"<!-- This site is optimized with the Yoast SEO plugin v24.6 - https:\/\/yoast.com\/wordpress\/plugins\/seo\/ -->\n<title>Psicologia explica como falar sobre defeitos na Entrevista de emprego - Correio Braziliense - Radar<\/title>\n<meta name=\"description\" content=\"Saiba como responder sobre seus defeitos na entrevista de forma estrat\u00e9gica e sincera, destacando autoconhecimento e vontade de crescer.\" \/>\n<meta name=\"robots\" content=\"index, follow, max-snippet:-1, max-image-preview:large, max-video-preview:-1\" \/>\n<link rel=\"canonical\" href=\"https:\/\/www.correiobraziliense.com.br\/cbradar\/psicologia-explica-como-falar-sobre-defeitos-na-entrevista-de-emprego\/\" \/>\n<meta property=\"og:locale\" content=\"pt_BR\" \/>\n<meta property=\"og:type\" content=\"article\" \/>\n<meta property=\"og:title\" content=\"Psicologia explica como falar sobre defeitos na Entrevista de emprego - Correio Braziliense - Radar\" \/>\n<meta property=\"og:description\" content=\"Saiba como responder sobre seus defeitos na entrevista de forma estrat\u00e9gica e sincera, destacando autoconhecimento e vontade de crescer.\" \/>\n<meta property=\"og:url\" content=\"https:\/\/www.correiobraziliense.com.br\/cbradar\/psicologia-explica-como-falar-sobre-defeitos-na-entrevista-de-emprego\/\" \/>\n<meta property=\"og:site_name\" content=\"Correio Braziliense - Radar\" \/>\n<meta property=\"article:published_time\" content=\"2025-07-04T11:03:00+00:00\" \/>\n<meta property=\"og:image\" content=\"https:\/\/www.correiobraziliense.com.br\/cbradar\/wp-content\/uploads\/2025\/07\/entrevista-de-emprego_1751462050005.jpg\" \/>\n\t<meta property=\"og:image:width\" content=\"1280\" \/>\n\t<meta property=\"og:image:height\" content=\"720\" \/>\n\t<meta property=\"og:image:type\" content=\"image\/jpeg\" \/>\n<meta name=\"author\" content=\"guilherme_saude\" \/>\n<meta name=\"twitter:card\" content=\"summary_large_image\" \/>\n<meta name=\"twitter:label1\" content=\"Escrito por\" \/>\n\t<meta name=\"twitter:data1\" content=\"guilherme_saude\" \/>\n\t<meta name=\"twitter:label2\" content=\"Est. tempo de leitura\" \/>\n\t<meta name=\"twitter:data2\" content=\"4 minutos\" \/>\n<!-- \/ Yoast SEO plugin. -->","yoast_head_json":{"title":"Psicologia explica como falar sobre defeitos na Entrevista de emprego - Correio Braziliense - Radar","description":"Saiba como responder sobre seus defeitos na entrevista de forma estrat\u00e9gica e sincera, destacando autoconhecimento e vontade de crescer.","robots":{"index":"index","follow":"follow","max-snippet":"max-snippet:-1","max-image-preview":"max-image-preview:large","max-video-preview":"max-video-preview:-1"},"canonical":"https:\/\/www.correiobraziliense.com.br\/cbradar\/psicologia-explica-como-falar-sobre-defeitos-na-entrevista-de-emprego\/","og_locale":"pt_BR","og_type":"article","og_title":"Psicologia explica como falar sobre defeitos na Entrevista de emprego - Correio Braziliense - Radar","og_description":"Saiba como responder sobre seus defeitos na entrevista de forma estrat\u00e9gica e sincera, destacando autoconhecimento e vontade de crescer.","og_url":"https:\/\/www.correiobraziliense.com.br\/cbradar\/psicologia-explica-como-falar-sobre-defeitos-na-entrevista-de-emprego\/","og_site_name":"Correio Braziliense - Radar","article_published_time":"2025-07-04T11:03:00+00:00","og_image":[{"width":1280,"height":720,"url":"https:\/\/www.correiobraziliense.com.br\/cbradar\/wp-content\/uploads\/2025\/07\/entrevista-de-emprego_1751462050005.jpg","type":"image\/jpeg"}],"author":"guilherme_saude","twitter_card":"summary_large_image","twitter_misc":{"Escrito por":"guilherme_saude","Est. tempo de leitura":"4 minutos"},"schema":{"@context":"https:\/\/schema.org","@graph":[{"@type":"WebPage","@id":"https:\/\/www.correiobraziliense.com.br\/cbradar\/psicologia-explica-como-falar-sobre-defeitos-na-entrevista-de-emprego\/","url":"https:\/\/www.correiobraziliense.com.br\/cbradar\/psicologia-explica-como-falar-sobre-defeitos-na-entrevista-de-emprego\/","name":"Psicologia explica como falar sobre defeitos na Entrevista de emprego - Correio Braziliense - Radar","isPartOf":{"@id":"https:\/\/www.correiobraziliense.com.br\/cbradar\/#website"},"primaryImageOfPage":{"@id":"https:\/\/www.correiobraziliense.com.br\/cbradar\/psicologia-explica-como-falar-sobre-defeitos-na-entrevista-de-emprego\/#primaryimage"},"image":{"@id":"https:\/\/www.correiobraziliense.com.br\/cbradar\/psicologia-explica-como-falar-sobre-defeitos-na-entrevista-de-emprego\/#primaryimage"},"thumbnailUrl":"https:\/\/www.correiobraziliense.com.br\/cbradar\/wp-content\/uploads\/2025\/07\/entrevista-de-emprego_1751462050005.jpg","datePublished":"2025-07-04T11:03:00+00:00","author":{"@id":"https:\/\/www.correiobraziliense.com.br\/cbradar\/#\/schema\/person\/5aa4bf3c8fa699c267933611de12978b"},"description":"Saiba como responder sobre seus defeitos na entrevista de forma estrat\u00e9gica e sincera, destacando autoconhecimento e vontade de crescer.","breadcrumb":{"@id":"https:\/\/www.correiobraziliense.com.br\/cbradar\/psicologia-explica-como-falar-sobre-defeitos-na-entrevista-de-emprego\/#breadcrumb"},"inLanguage":"pt-BR","potentialAction":[{"@type":"ReadAction","target":["https:\/\/www.correiobraziliense.com.br\/cbradar\/psicologia-explica-como-falar-sobre-defeitos-na-entrevista-de-emprego\/"]}]},{"@type":"ImageObject","inLanguage":"pt-BR","@id":"https:\/\/www.correiobraziliense.com.br\/cbradar\/psicologia-explica-como-falar-sobre-defeitos-na-entrevista-de-emprego\/#primaryimage","url":"https:\/\/www.correiobraziliense.com.br\/cbradar\/wp-content\/uploads\/2025\/07\/entrevista-de-emprego_1751462050005.jpg","contentUrl":"https:\/\/www.correiobraziliense.com.br\/cbradar\/wp-content\/uploads\/2025\/07\/entrevista-de-emprego_1751462050005.jpg","width":1280,"height":720,"caption":"Entrevista de emprego - Cr\u00e9ditos: depositphotos.com \/ baranq"},{"@type":"BreadcrumbList","@id":"https:\/\/www.correiobraziliense.com.br\/cbradar\/psicologia-explica-como-falar-sobre-defeitos-na-entrevista-de-emprego\/#breadcrumb","itemListElement":[{"@type":"ListItem","position":1,"name":"In\u00edcio","item":"https:\/\/www.correiobraziliense.com.br\/cbradar\/"},{"@type":"ListItem","position":2,"name":"Psicologia explica como falar sobre defeitos na Entrevista de emprego"}]},{"@type":"WebSite","@id":"https:\/\/www.correiobraziliense.com.br\/cbradar\/#website","url":"https:\/\/www.correiobraziliense.com.br\/cbradar\/","name":"Correio Braziliense - Radar","description":"Acompanhe as \u00faltimas not\u00edcias e fique bem informado sobre tudo o que acontece no Brasil e no mundo.","potentialAction":[{"@type":"SearchAction","target":{"@type":"EntryPoint","urlTemplate":"https:\/\/www.correiobraziliense.com.br\/cbradar\/?s={search_term_string}"},"query-input":{"@type":"PropertyValueSpecification","valueRequired":true,"valueName":"search_term_string"}}],"inLanguage":"pt-BR"},{"@type":"Person","@id":"https:\/\/www.correiobraziliense.com.br\/cbradar\/#\/schema\/person\/5aa4bf3c8fa699c267933611de12978b","name":"guilherme_saude","image":{"@type":"ImageObject","inLanguage":"pt-BR","@id":"https:\/\/www.correiobraziliense.com.br\/cbradar\/#\/schema\/person\/image\/","url":"https:\/\/secure.gravatar.com\/avatar\/df9adfb835d344bc0af109d41756253f?s=96&d=mm&r=g","contentUrl":"https:\/\/secure.gravatar.com\/avatar\/df9adfb835d344bc0af109d41756253f?s=96&d=mm&r=g","caption":"guilherme_saude"},"url":"https:\/\/www.correiobraziliense.com.br\/cbradar\/author\/guilherme_saude\/"}]}},"_links":{"self":[{"href":"https:\/\/www.correiobraziliense.com.br\/cbradar\/wp-json\/wp\/v2\/posts\/63187","targetHints":{"allow":["GET"]}}],"collection":[{"href":"https:\/\/www.correiobraziliense.com.br\/cbradar\/wp-json\/wp\/v2\/posts"}],"about":[{"href":"https:\/\/www.correiobraziliense.com.br\/cbradar\/wp-json\/wp\/v2\/types\/post"}],"author":[{"embeddable":true,"href":"https:\/\/www.correiobraziliense.com.br\/cbradar\/wp-json\/wp\/v2\/users\/14"}],"replies":[{"embeddable":true,"href":"https:\/\/www.correiobraziliense.com.br\/cbradar\/wp-json\/wp\/v2\/comments?post=63187"}],"version-history":[{"count":1,"href":"https:\/\/www.correiobraziliense.com.br\/cbradar\/wp-json\/wp\/v2\/posts\/63187\/revisions"}],"predecessor-version":[{"id":63190,"href":"https:\/\/www.correiobraziliense.com.br\/cbradar\/wp-json\/wp\/v2\/posts\/63187\/revisions\/63190"}],"wp:featuredmedia":[{"embeddable":true,"href":"https:\/\/www.correiobraziliense.com.br\/cbradar\/wp-json\/wp\/v2\/media\/63188"}],"wp:attachment":[{"href":"https:\/\/www.correiobraziliense.com.br\/cbradar\/wp-json\/wp\/v2\/media?parent=63187"}],"wp:term":[{"taxonomy":"category","embeddable":true,"href":"https:\/\/www.correiobraziliense.com.br\/cbradar\/wp-json\/wp\/v2\/categories?post=63187"},{"taxonomy":"post_tag","embeddable":true,"href":"https:\/\/www.correiobraziliense.com.br\/cbradar\/wp-json\/wp\/v2\/post_tag?post=63187"}],"curies":[{"name":"wp","href":"https:\/\/api.w.org\/{rel}","templated":true}]}}