{"id":63200,"date":"2025-07-03T12:23:00","date_gmt":"2025-07-03T15:23:00","guid":{"rendered":"https:\/\/www.correiobraziliense.com.br\/cbradar\/?p=63200"},"modified":"2025-07-02T10:55:08","modified_gmt":"2025-07-02T13:55:08","slug":"seu-desempenho-pode-estar-sendo-sabotado-pela-alimentacao-e-voce-nem-sabe","status":"publish","type":"post","link":"https:\/\/www.correiobraziliense.com.br\/cbradar\/seu-desempenho-pode-estar-sendo-sabotado-pela-alimentacao-e-voce-nem-sabe\/","title":{"rendered":"Seu desempenho pode estar sendo sabotado pela alimenta\u00e7\u00e3o e voc\u00ea nem sabe"},"content":{"rendered":"\n<p>Para atletas de elite e praticantes de atividades f\u00edsicas, o treinamento \u00e9 apenas uma parte da equa\u00e7\u00e3o do sucesso. A outra, muitas vezes subestimada, \u00e9 o que acontece fora da academia ou da pista: a nutri\u00e7\u00e3o. A <strong>nutri\u00e7\u00e3o esportiva<\/strong> \u00e9 a ci\u00eancia que estuda como a alimenta\u00e7\u00e3o pode ser estrategicamente utilizada para otimizar o desempenho, acelerar a <strong>recupera\u00e7\u00e3o muscular<\/strong> e prevenir les\u00f5es.<\/p>\n\n\n\n<p>Muitas pessoas acreditam que, para ter resultados, basta cortar calorias ou focar apenas em um nutriente, como a prote\u00edna. No entanto, a abordagem <a href=\"https:\/\/www.correiobraziliense.com.br\/cbradar\/seu-intestino-pode-ser-seu-maior-aliado-na-saude-e-na-imunidade-e-voce-nem-sabia\/\" target=\"_blank\" rel=\"noreferrer noopener\">correta <\/a>\u00e9 muito mais completa e estrat\u00e9gica. Entender o papel de cada macronutriente, a import\u00e2ncia vital da hidrata\u00e7\u00e3o e quando a suplementa\u00e7\u00e3o \u00e9 realmente necess\u00e1ria s\u00e3o os pilares para transformar seu esfor\u00e7o em resultados concretos e duradouros.<\/p>\n\n\n\n<h2 class=\"wp-block-heading\">Qual o papel de cada macronutriente no desempenho esportivo?<\/h2>\n\n\n<div class=\"wp-block-image\">\n<figure class=\"aligncenter size-large\"><img decoding=\"async\" width=\"1024\" height=\"576\" src=\"https:\/\/www.correiobraziliense.com.br\/cbradar\/wp-content\/uploads\/2025\/03\/alimentos-fibra_1741797680707-1024x576.jpg\" alt=\"Seu desempenho pode estar sendo sabotado pela alimenta\u00e7\u00e3o e voc\u00ea nem sabe\" class=\"wp-image-11802\" srcset=\"https:\/\/www.correiobraziliense.com.br\/cbradar\/wp-content\/uploads\/2025\/03\/alimentos-fibra_1741797680707-1024x576.jpg 1024w, https:\/\/www.correiobraziliense.com.br\/cbradar\/wp-content\/uploads\/2025\/03\/alimentos-fibra_1741797680707-300x169.jpg 300w, https:\/\/www.correiobraziliense.com.br\/cbradar\/wp-content\/uploads\/2025\/03\/alimentos-fibra_1741797680707-768x432.jpg 768w, https:\/\/www.correiobraziliense.com.br\/cbradar\/wp-content\/uploads\/2025\/03\/alimentos-fibra_1741797680707-750x422.jpg 750w, https:\/\/www.correiobraziliense.com.br\/cbradar\/wp-content\/uploads\/2025\/03\/alimentos-fibra_1741797680707-1140x641.jpg 1140w, https:\/\/www.correiobraziliense.com.br\/cbradar\/wp-content\/uploads\/2025\/03\/alimentos-fibra_1741797680707.jpg 1280w\" sizes=\"(max-width: 1024px) 100vw, 1024px\" \/><figcaption class=\"wp-element-caption\">Alimentos &#8211; Cr\u00e9ditos: depositphotos.com \/ Kerdkanno<\/figcaption><\/figure><\/div>\n\n\n<p>Os macronutrientes \u2013 carboidratos, prote\u00ednas e gorduras \u2013 s\u00e3o os blocos de constru\u00e7\u00e3o da nossa energia e da nossa estrutura corporal. Cada um deles desempenha um papel insubstitu\u00edvel no suporte ao exerc\u00edcio f\u00edsico, e o equil\u00edbrio entre eles \u00e9 a chave para o sucesso.<\/p>\n\n\n\n<p>Os <strong>carboidratos<\/strong> s\u00e3o a principal e mais eficiente fonte de combust\u00edvel para o corpo, especialmente em atividades de alta intensidade. Eles s\u00e3o armazenados nos m\u00fasculos e no f\u00edgado na forma de glicog\u00eanio, que \u00e9 rapidamente mobilizado para gerar energia durante o treino. J\u00e1 as <a href=\"https:\/\/pt.wikipedia.org\/wiki\/Prote\u00edna\" target=\"_blank\" rel=\"noreferrer noopener\"><strong>prote\u00ednas<\/strong> <\/a>s\u00e3o as estrelas da constru\u00e7\u00e3o e reparo. Ap\u00f3s o exerc\u00edcio, as fibras musculares sofrem microles\u00f5es, e \u00e9 a prote\u00edna que fornece os amino\u00e1cidos necess\u00e1rios para reconstru\u00ed-las, tornando-as mais fortes. As <strong>gorduras<\/strong>, por sua vez, s\u00e3o uma fonte de energia crucial para exerc\u00edcios de longa dura\u00e7\u00e3o e baixa intensidade, al\u00e9m de serem essenciais para a produ\u00e7\u00e3o de horm\u00f4nios e a absor\u00e7\u00e3o de vitaminas.<\/p>\n\n\n\n<h2 class=\"wp-block-heading\">Como devo planejar minha alimenta\u00e7\u00e3o antes, durante e depois do treino?<\/h2>\n\n\n\n<p>O timing da nutri\u00e7\u00e3o, ou seja, o que voc\u00ea come em cada fase do exerc\u00edcio, pode impactar drasticamente seu rendimento e sua recupera\u00e7\u00e3o. O objetivo \u00e9 garantir que o corpo tenha energia dispon\u00edvel para o esfor\u00e7o e os nutrientes certos para se recuperar adequadamente.<\/p>\n\n\n\n<p>Veja o que priorizar em cada momento:<\/p>\n\n\n\n<ul class=\"wp-block-list\">\n<li><strong>Pr\u00e9-treino (1-2 horas antes):<\/strong> O foco aqui \u00e9 fornecer energia. Consuma uma refei\u00e7\u00e3o rica em <strong>carboidratos<\/strong> de digest\u00e3o mais lenta (como batata-doce, aveia ou p\u00e3o integral) e uma pequena por\u00e7\u00e3o de prote\u00edna. Evite excesso de fibras e gorduras, que podem causar desconforto g\u00e1strico.<\/li>\n\n\n\n<li><strong>Durante o treino (para atividades com mais de 60-90 minutos):<\/strong> O objetivo \u00e9 repor a energia gasta e manter a hidrata\u00e7\u00e3o. Pequenas fontes de carboidratos de r\u00e1pida absor\u00e7\u00e3o, como g\u00e9is, bebidas esportivas ou frutas como a banana, s\u00e3o ideais.<\/li>\n\n\n\n<li><strong>P\u00f3s-treino (at\u00e9 2 horas ap\u00f3s):<\/strong> Esta \u00e9 a &#8220;janela de oportunidade&#8221; para a recupera\u00e7\u00e3o. Consuma uma combina\u00e7\u00e3o de <strong>prote\u00ednas<\/strong> de alta qualidade (como whey protein, frango ou ovos) para o reparo muscular e carboidratos para repor os estoques de glicog\u00eanio gastos durante o treino.<\/li>\n<\/ul>\n\n\n\n<h2 class=\"wp-block-heading\">Por que a hidrata\u00e7\u00e3o \u00e9 considerada um fator limitante do desempenho?<\/h2>\n\n\n\n<p>Voc\u00ea pode ter a melhor dieta do mundo, mas se estiver desidratado, seu desempenho ir\u00e1 despencar. A <strong>hidrata\u00e7\u00e3o<\/strong> \u00e9 um dos fatores mais cr\u00edticos e frequentemente negligenciados na nutri\u00e7\u00e3o esportiva. A \u00e1gua regula a temperatura corporal atrav\u00e9s do suor, transporta nutrientes para as c\u00e9lulas e lubrifica as articula\u00e7\u00f5es.<\/p>\n\n\n\n<p>Uma desidrata\u00e7\u00e3o de apenas 2% do peso corporal j\u00e1 \u00e9 suficiente para causar uma queda significativa na performance, diminuindo a for\u00e7a, a resist\u00eancia e a capacidade de concentra\u00e7\u00e3o. Os sinais de desidrata\u00e7\u00e3o incluem sede, urina escura, fadiga, tontura e c\u00e3ibras. A regra \u00e9 simples: n\u00e3o espere sentir sede para beber \u00e1gua. Comece a se hidratar antes do treino, beba em pequenos goles durante a atividade e continue repondo os l\u00edquidos perdidos ap\u00f3s o t\u00e9rmino.<\/p>\n\n\n\n<h2 class=\"wp-block-heading\">A suplementa\u00e7\u00e3o \u00e9 realmente necess\u00e1ria para todos?<\/h2>\n\n\n\n<p>O mercado de <strong>suplementos<\/strong> \u00e9 gigantesco e pode ser confuso, com promessas de resultados milagrosos. \u00c9 fundamental entender que a suplementa\u00e7\u00e3o, como o pr\u00f3prio nome diz, serve para complementar uma dieta que j\u00e1 \u00e9 s\u00f3lida e equilibrada, e n\u00e3o para compensar uma alimenta\u00e7\u00e3o ruim. A grande maioria dos praticantes de atividade f\u00edsica n\u00e3o necessita de suplementos se tiver uma dieta bem ajustada.<\/p>\n\n\n\n<p>A suplementa\u00e7\u00e3o se torna uma ferramenta \u00fatil em casos espec\u00edficos: para atletas com treinos muito intensos e de longa dura\u00e7\u00e3o, para pessoas com dificuldade em atingir suas necessidades de nutrientes apenas com comida (como a prote\u00edna), ou para obter um efeito ergog\u00eanico (de melhora de desempenho) espec\u00edfico e comprovado cientificamente.<\/p>\n\n\n\n<h2 class=\"wp-block-heading\">Quais s\u00e3o os suplementos com maior comprova\u00e7\u00e3o cient\u00edfica?<\/h2>\n\n\n\n<p>Embora existam in\u00fameros produtos no mercado, poucos t\u00eam um corpo robusto de evid\u00eancias cient\u00edficas que comprovem sua efic\u00e1cia e seguran\u00e7a. Antes de usar qualquer suplemento, a consulta com um <strong>nutricionista esportivo<\/strong> ou m\u00e9dico \u00e9 indispens\u00e1vel.<\/p>\n\n\n\n<p>Os suplementos com maior respaldo cient\u00edfico para desempenho e recupera\u00e7\u00e3o s\u00e3o:<\/p>\n\n\n\n<ul class=\"wp-block-list\">\n<li><strong>Whey Protein (Prote\u00edna do Soro do Leite):<\/strong> \u00c9 uma fonte de prote\u00edna de alta qualidade e r\u00e1pida absor\u00e7\u00e3o, ideal para o p\u00f3s-treino, ajudando na s\u00edntese e <strong>recupera\u00e7\u00e3o muscular<\/strong>.<\/li>\n\n\n\n<li><strong>Creatina:<\/strong> Um dos suplementos mais estudados do mundo. Aumenta os estoques de energia r\u00e1pida nos m\u00fasculos (fosfocreatina), melhorando o desempenho em exerc\u00edcios de alta intensidade e curta dura\u00e7\u00e3o, como a muscula\u00e7\u00e3o, e auxiliando no ganho de for\u00e7a e massa muscular.<\/li>\n\n\n\n<li><strong>Cafe\u00edna:<\/strong> Um estimulante conhecido que atua no sistema nervoso central, diminuindo a percep\u00e7\u00e3o de esfor\u00e7o, aumentando o estado de alerta e a resist\u00eancia. \u00c9 frequentemente utilizada como pr\u00e9-treino.<\/li>\n\n\n\n<li><strong>Carboidratos em gel ou p\u00f3:<\/strong> Usados durante exerc\u00edcios prolongados para fornecer energia r\u00e1pida e evitar a queda de rendimento.<\/li>\n<\/ul>\n\n\n\n<h2 class=\"wp-block-heading\">Como um profissional pode me ajudar a montar um plano alimentar?<\/h2>\n\n\n\n<p>Tentar montar um plano de nutri\u00e7\u00e3o esportiva sozinho com base em informa\u00e7\u00f5es gen\u00e9ricas da internet pode ser ineficaz e at\u00e9 perigoso. Cada indiv\u00edduo \u00e9 \u00fanico, com um tipo de treino, metabolismo, rotina e objetivos diferentes. Apenas um <strong>nutricionista<\/strong>, preferencialmente com especializa\u00e7\u00e3o na \u00e1rea esportiva, pode fazer essa individualiza\u00e7\u00e3o.<\/p>\n\n\n\n<p>O profissional ir\u00e1 avaliar sua composi\u00e7\u00e3o corporal, sua rotina de treinos, seus h\u00e1bitos e suas necessidades energ\u00e9ticas para criar um plano alimentar personalizado. Ele ir\u00e1 ajustar as quantidades de carboidratos, prote\u00ednas e gorduras para cada fase do seu treino, orientar sobre a hidrata\u00e7\u00e3o correta e indicar se a suplementa\u00e7\u00e3o \u00e9 necess\u00e1ria para o seu caso, especificando o tipo, a dose e o melhor momento para usar. Esse investimento garante que sua alimenta\u00e7\u00e3o trabalhe a seu favor, potencializando cada gota de suor derramada no treino.<\/p>\n","protected":false},"excerpt":{"rendered":"<p>Para atletas de elite e praticantes de atividades f\u00edsicas, o treinamento \u00e9 apenas uma parte da equa\u00e7\u00e3o do sucesso. A outra, muitas vezes subestimada, \u00e9 o que acontece fora da academia ou da pista: a nutri\u00e7\u00e3o. A nutri\u00e7\u00e3o esportiva \u00e9 a ci\u00eancia que estuda como a alimenta\u00e7\u00e3o pode ser estrategicamente utilizada para otimizar o desempenho, [&hellip;]<\/p>\n","protected":false},"author":11,"featured_media":8865,"comment_status":"open","ping_status":"open","sticky":false,"template":"","format":"standard","meta":{"_yoast_wpseo_focuskw":"nutri\u00e7\u00e3o","_yoast_wpseo_title":"","_yoast_wpseo_metadesc":"Mais energia, menos les\u00f5es e resultados vis\u00edveis. Entenda como a nutri\u00e7\u00e3o certa pode transformar sua rotina de treinos.","jnews-multi-image_gallery":[],"jnews_single_post":{"format":"standard"},"jnews_primary_category":[],"jnews_social_meta":[],"jnews_override_counter":[],"footnotes":""},"categories":[119],"post_tag":[281,120,1318],"class_list":["post-63200","post","type-post","status-publish","format-standard","has-post-thumbnail","hentry","category-bem-estar","tag-alimentacao","tag-bem-estar","tag-saude-2"],"yoast_head":"<!-- This site is optimized with the Yoast SEO plugin v24.6 - https:\/\/yoast.com\/wordpress\/plugins\/seo\/ -->\n<title>Seu desempenho pode estar sendo sabotado pela alimenta\u00e7\u00e3o e voc\u00ea nem sabe - Correio Braziliense - Radar<\/title>\n<meta name=\"description\" content=\"Mais energia, menos les\u00f5es e resultados vis\u00edveis. Entenda como a nutri\u00e7\u00e3o certa pode transformar sua rotina de treinos.\" \/>\n<meta name=\"robots\" content=\"index, follow, max-snippet:-1, max-image-preview:large, max-video-preview:-1\" \/>\n<link rel=\"canonical\" href=\"https:\/\/www.correiobraziliense.com.br\/cbradar\/seu-desempenho-pode-estar-sendo-sabotado-pela-alimentacao-e-voce-nem-sabe\/\" \/>\n<meta property=\"og:locale\" content=\"pt_BR\" \/>\n<meta property=\"og:type\" content=\"article\" \/>\n<meta property=\"og:title\" content=\"Seu desempenho pode estar sendo sabotado pela alimenta\u00e7\u00e3o e voc\u00ea nem sabe - Correio Braziliense - Radar\" \/>\n<meta property=\"og:description\" content=\"Mais energia, menos les\u00f5es e resultados vis\u00edveis. Entenda como a nutri\u00e7\u00e3o certa pode transformar sua rotina de treinos.\" \/>\n<meta property=\"og:url\" content=\"https:\/\/www.correiobraziliense.com.br\/cbradar\/seu-desempenho-pode-estar-sendo-sabotado-pela-alimentacao-e-voce-nem-sabe\/\" \/>\n<meta property=\"og:site_name\" content=\"Correio Braziliense - Radar\" \/>\n<meta property=\"article:published_time\" content=\"2025-07-03T15:23:00+00:00\" \/>\n<meta property=\"og:image\" content=\"https:\/\/www.correiobraziliense.com.br\/cbradar\/wp-content\/uploads\/2025\/03\/nutrientesaaaaaaaaaaaaaaaaaaaaaaa_1741093879377.jpg\" \/>\n\t<meta property=\"og:image:width\" content=\"1280\" \/>\n\t<meta property=\"og:image:height\" content=\"720\" \/>\n\t<meta property=\"og:image:type\" content=\"image\/jpeg\" \/>\n<meta name=\"author\" content=\"Paulo Custodio\" \/>\n<meta name=\"twitter:card\" content=\"summary_large_image\" \/>\n<meta name=\"twitter:label1\" content=\"Escrito por\" \/>\n\t<meta name=\"twitter:data1\" content=\"Paulo Custodio\" \/>\n\t<meta name=\"twitter:label2\" content=\"Est. tempo de leitura\" \/>\n\t<meta name=\"twitter:data2\" content=\"7 minutos\" \/>\n<!-- \/ Yoast SEO plugin. -->","yoast_head_json":{"title":"Seu desempenho pode estar sendo sabotado pela alimenta\u00e7\u00e3o e voc\u00ea nem sabe - Correio Braziliense - Radar","description":"Mais energia, menos les\u00f5es e resultados vis\u00edveis. Entenda como a nutri\u00e7\u00e3o certa pode transformar sua rotina de treinos.","robots":{"index":"index","follow":"follow","max-snippet":"max-snippet:-1","max-image-preview":"max-image-preview:large","max-video-preview":"max-video-preview:-1"},"canonical":"https:\/\/www.correiobraziliense.com.br\/cbradar\/seu-desempenho-pode-estar-sendo-sabotado-pela-alimentacao-e-voce-nem-sabe\/","og_locale":"pt_BR","og_type":"article","og_title":"Seu desempenho pode estar sendo sabotado pela alimenta\u00e7\u00e3o e voc\u00ea nem sabe - Correio Braziliense - Radar","og_description":"Mais energia, menos les\u00f5es e resultados vis\u00edveis. Entenda como a nutri\u00e7\u00e3o certa pode transformar sua rotina de treinos.","og_url":"https:\/\/www.correiobraziliense.com.br\/cbradar\/seu-desempenho-pode-estar-sendo-sabotado-pela-alimentacao-e-voce-nem-sabe\/","og_site_name":"Correio Braziliense - Radar","article_published_time":"2025-07-03T15:23:00+00:00","og_image":[{"width":1280,"height":720,"url":"https:\/\/www.correiobraziliense.com.br\/cbradar\/wp-content\/uploads\/2025\/03\/nutrientesaaaaaaaaaaaaaaaaaaaaaaa_1741093879377.jpg","type":"image\/jpeg"}],"author":"Paulo Custodio","twitter_card":"summary_large_image","twitter_misc":{"Escrito por":"Paulo Custodio","Est. tempo de leitura":"7 minutos"},"schema":{"@context":"https:\/\/schema.org","@graph":[{"@type":"WebPage","@id":"https:\/\/www.correiobraziliense.com.br\/cbradar\/seu-desempenho-pode-estar-sendo-sabotado-pela-alimentacao-e-voce-nem-sabe\/","url":"https:\/\/www.correiobraziliense.com.br\/cbradar\/seu-desempenho-pode-estar-sendo-sabotado-pela-alimentacao-e-voce-nem-sabe\/","name":"Seu desempenho pode estar sendo sabotado pela alimenta\u00e7\u00e3o e voc\u00ea nem sabe - Correio Braziliense - Radar","isPartOf":{"@id":"https:\/\/www.correiobraziliense.com.br\/cbradar\/#website"},"primaryImageOfPage":{"@id":"https:\/\/www.correiobraziliense.com.br\/cbradar\/seu-desempenho-pode-estar-sendo-sabotado-pela-alimentacao-e-voce-nem-sabe\/#primaryimage"},"image":{"@id":"https:\/\/www.correiobraziliense.com.br\/cbradar\/seu-desempenho-pode-estar-sendo-sabotado-pela-alimentacao-e-voce-nem-sabe\/#primaryimage"},"thumbnailUrl":"https:\/\/www.correiobraziliense.com.br\/cbradar\/wp-content\/uploads\/2025\/03\/nutrientesaaaaaaaaaaaaaaaaaaaaaaa_1741093879377.jpg","datePublished":"2025-07-03T15:23:00+00:00","author":{"@id":"https:\/\/www.correiobraziliense.com.br\/cbradar\/#\/schema\/person\/4cec7857301a9a1a2ef249893cd908d3"},"description":"Mais energia, menos les\u00f5es e resultados vis\u00edveis. Entenda como a nutri\u00e7\u00e3o certa pode transformar sua rotina de treinos.","breadcrumb":{"@id":"https:\/\/www.correiobraziliense.com.br\/cbradar\/seu-desempenho-pode-estar-sendo-sabotado-pela-alimentacao-e-voce-nem-sabe\/#breadcrumb"},"inLanguage":"pt-BR","potentialAction":[{"@type":"ReadAction","target":["https:\/\/www.correiobraziliense.com.br\/cbradar\/seu-desempenho-pode-estar-sendo-sabotado-pela-alimentacao-e-voce-nem-sabe\/"]}]},{"@type":"ImageObject","inLanguage":"pt-BR","@id":"https:\/\/www.correiobraziliense.com.br\/cbradar\/seu-desempenho-pode-estar-sendo-sabotado-pela-alimentacao-e-voce-nem-sabe\/#primaryimage","url":"https:\/\/www.correiobraziliense.com.br\/cbradar\/wp-content\/uploads\/2025\/03\/nutrientesaaaaaaaaaaaaaaaaaaaaaaa_1741093879377.jpg","contentUrl":"https:\/\/www.correiobraziliense.com.br\/cbradar\/wp-content\/uploads\/2025\/03\/nutrientesaaaaaaaaaaaaaaaaaaaaaaa_1741093879377.jpg","width":1280,"height":720,"caption":"Alimentos - Cr\u00e9ditos: depositphotos.com \/ VadimVasenin"},{"@type":"BreadcrumbList","@id":"https:\/\/www.correiobraziliense.com.br\/cbradar\/seu-desempenho-pode-estar-sendo-sabotado-pela-alimentacao-e-voce-nem-sabe\/#breadcrumb","itemListElement":[{"@type":"ListItem","position":1,"name":"In\u00edcio","item":"https:\/\/www.correiobraziliense.com.br\/cbradar\/"},{"@type":"ListItem","position":2,"name":"Seu desempenho pode estar sendo sabotado pela alimenta\u00e7\u00e3o e voc\u00ea nem sabe"}]},{"@type":"WebSite","@id":"https:\/\/www.correiobraziliense.com.br\/cbradar\/#website","url":"https:\/\/www.correiobraziliense.com.br\/cbradar\/","name":"Correio Braziliense - Radar","description":"Acompanhe as \u00faltimas not\u00edcias e fique bem informado sobre tudo o que acontece no Brasil e no mundo.","potentialAction":[{"@type":"SearchAction","target":{"@type":"EntryPoint","urlTemplate":"https:\/\/www.correiobraziliense.com.br\/cbradar\/?s={search_term_string}"},"query-input":{"@type":"PropertyValueSpecification","valueRequired":true,"valueName":"search_term_string"}}],"inLanguage":"pt-BR"},{"@type":"Person","@id":"https:\/\/www.correiobraziliense.com.br\/cbradar\/#\/schema\/person\/4cec7857301a9a1a2ef249893cd908d3","name":"Paulo Custodio","image":{"@type":"ImageObject","inLanguage":"pt-BR","@id":"https:\/\/www.correiobraziliense.com.br\/cbradar\/#\/schema\/person\/image\/","url":"https:\/\/secure.gravatar.com\/avatar\/bcd67168d1534e8fcf4f45c726a87cea?s=96&d=mm&r=g","contentUrl":"https:\/\/secure.gravatar.com\/avatar\/bcd67168d1534e8fcf4f45c726a87cea?s=96&d=mm&r=g","caption":"Paulo Custodio"},"sameAs":["https:\/\/www.correiobraziliense.com.br\/cbradar"],"url":"https:\/\/www.correiobraziliense.com.br\/cbradar\/author\/paulomyth\/"}]}},"_links":{"self":[{"href":"https:\/\/www.correiobraziliense.com.br\/cbradar\/wp-json\/wp\/v2\/posts\/63200","targetHints":{"allow":["GET"]}}],"collection":[{"href":"https:\/\/www.correiobraziliense.com.br\/cbradar\/wp-json\/wp\/v2\/posts"}],"about":[{"href":"https:\/\/www.correiobraziliense.com.br\/cbradar\/wp-json\/wp\/v2\/types\/post"}],"author":[{"embeddable":true,"href":"https:\/\/www.correiobraziliense.com.br\/cbradar\/wp-json\/wp\/v2\/users\/11"}],"replies":[{"embeddable":true,"href":"https:\/\/www.correiobraziliense.com.br\/cbradar\/wp-json\/wp\/v2\/comments?post=63200"}],"version-history":[{"count":1,"href":"https:\/\/www.correiobraziliense.com.br\/cbradar\/wp-json\/wp\/v2\/posts\/63200\/revisions"}],"predecessor-version":[{"id":63218,"href":"https:\/\/www.correiobraziliense.com.br\/cbradar\/wp-json\/wp\/v2\/posts\/63200\/revisions\/63218"}],"wp:featuredmedia":[{"embeddable":true,"href":"https:\/\/www.correiobraziliense.com.br\/cbradar\/wp-json\/wp\/v2\/media\/8865"}],"wp:attachment":[{"href":"https:\/\/www.correiobraziliense.com.br\/cbradar\/wp-json\/wp\/v2\/media?parent=63200"}],"wp:term":[{"taxonomy":"category","embeddable":true,"href":"https:\/\/www.correiobraziliense.com.br\/cbradar\/wp-json\/wp\/v2\/categories?post=63200"},{"taxonomy":"post_tag","embeddable":true,"href":"https:\/\/www.correiobraziliense.com.br\/cbradar\/wp-json\/wp\/v2\/post_tag?post=63200"}],"curies":[{"name":"wp","href":"https:\/\/api.w.org\/{rel}","templated":true}]}}