{"id":63317,"date":"2025-07-03T08:23:00","date_gmt":"2025-07-03T11:23:00","guid":{"rendered":"https:\/\/www.correiobraziliense.com.br\/cbradar\/?p=63317"},"modified":"2025-07-02T16:20:43","modified_gmt":"2025-07-02T19:20:43","slug":"7-truques-para-decorar-monoambientes-sem-abrir-mao-do-conforto","status":"publish","type":"post","link":"https:\/\/www.correiobraziliense.com.br\/cbradar\/7-truques-para-decorar-monoambientes-sem-abrir-mao-do-conforto\/","title":{"rendered":"7 truques para decorar monoambientes sem abrir m\u00e3o do conforto"},"content":{"rendered":"\n<p>Ao decorar um <strong>monoambiente<\/strong>, a otimiza\u00e7\u00e3o do espa\u00e7o se torna uma prioridade. Muitas pessoas enfrentam d\u00favidas sobre quais m\u00f3veis escolher, como dispor os objetos e quais cores utilizar para criar uma sensa\u00e7\u00e3o de amplitude. A busca por solu\u00e7\u00f5es pr\u00e1ticas e funcionais \u00e9 constante, especialmente quando cada cent\u00edmetro conta.<\/p>\n\n\n\n<p>Especialistas em decora\u00e7\u00e3o de interiores destacam que, em ambientes compactos, cada escolha faz diferen\u00e7a. Desde a sele\u00e7\u00e3o dos m\u00f3veis at\u00e9 a defini\u00e7\u00e3o da paleta de cores, tudo deve ser pensado para valorizar o espa\u00e7o dispon\u00edvel. <strong>O objetivo \u00e9 criar um local confort\u00e1vel, organizado e visualmente agrad\u00e1vel, sem abrir m\u00e3o da funcionalidade.<\/strong><\/p>\n\n\n\n<h2 class=\"wp-block-heading\">Quais s\u00e3o os principais desafios ao decorar um monoambiente?<\/h2>\n\n\n\n<p><strong>Entre os desafios mais comuns na decora\u00e7\u00e3o de um apartamento pequeno est\u00e1 o risco de sobrecarregar o ambiente com m\u00f3veis grandes ou objetos desnecess\u00e1rios.<\/strong> Muitas vezes, a falta de planejamento leva \u00e0 compra impulsiva de itens que n\u00e3o se encaixam bem no espa\u00e7o, resultando em ambientes apertados e pouco pr\u00e1ticos. <strong>Al\u00e9m disso, a escolha inadequada das cores pode tornar o local mon\u00f3tono ou at\u00e9 mesmo menor do que realmente \u00e9.<\/strong><\/p>\n\n\n\n<p>Outro ponto importante \u00e9 o aproveitamento da altura do c\u00f4modo. Frequentemente, as pessoas concentram a decora\u00e7\u00e3o na horizontal, esquecendo que prateleiras e arm\u00e1rios verticais podem ampliar as possibilidades de armazenamento sem comprometer a circula\u00e7\u00e3o. O excesso de elementos decorativos tamb\u00e9m pode gerar polui\u00e7\u00e3o visual, dificultando a sensa\u00e7\u00e3o de ordem e tranquilidade.<\/p>\n\n\n\n<h2 class=\"wp-block-heading\">Como evitar erros comuns na decora\u00e7\u00e3o de espa\u00e7os pequenos?<\/h2>\n\n\n\n<p><strong>Para garantir um resultado eficiente, recomenda-se seguir algumas orienta\u00e7\u00f5es pr\u00e1ticas.<\/strong> Primeiramente, \u00e9 fundamental medir o espa\u00e7o antes de adquirir qualquer m\u00f3vel ou objeto decorativo. Isso evita surpresas desagrad\u00e1veis e assegura que cada pe\u00e7a tenha seu lugar definido. Optar por m\u00f3veis multifuncionais, como sof\u00e1s-cama ou mesas dobr\u00e1veis, contribui para a versatilidade do ambiente.<\/p>\n\n\n\n<ul class=\"wp-block-list\">\n<li><strong>Prefira m\u00f3veis com p\u00e9s elevados:<\/strong> Eles criam uma sensa\u00e7\u00e3o de leveza e facilitam a limpeza.<\/li>\n\n\n\n<li><strong>Invista em armazenamento vertical:<\/strong> Prateleiras altas e arm\u00e1rios suspensos aproveitam melhor o espa\u00e7o.<\/li>\n\n\n\n<li><strong>Utilize cores e texturas variadas:<\/strong> O uso de contrastes e detalhes coloridos pode trazer profundidade visual.<\/li>\n\n\n\n<li><strong>Evite o excesso de objetos:<\/strong> Manter apenas o essencial contribui para um ambiente mais organizado.<\/li>\n\n\n\n<li><strong>Planeje a ilumina\u00e7\u00e3o:<\/strong> Combinar luz natural com diferentes tipos de lumin\u00e1rias valoriza o espa\u00e7o.<\/li>\n<\/ul>\n\n\n\n<figure class=\"wp-block-image size-large\"><img decoding=\"async\" width=\"1024\" height=\"576\" src=\"https:\/\/www.correiobraziliense.com.br\/cbradar\/wp-content\/uploads\/2025\/07\/organizacao-casa_1751471895505-1024x576.jpg\" alt=\"7 truques para decorar monoambientes sem abrir m\u00e3o do conforto\" class=\"wp-image-63485\" srcset=\"https:\/\/www.correiobraziliense.com.br\/cbradar\/wp-content\/uploads\/2025\/07\/organizacao-casa_1751471895505-1024x576.jpg 1024w, https:\/\/www.correiobraziliense.com.br\/cbradar\/wp-content\/uploads\/2025\/07\/organizacao-casa_1751471895505-300x169.jpg 300w, https:\/\/www.correiobraziliense.com.br\/cbradar\/wp-content\/uploads\/2025\/07\/organizacao-casa_1751471895505-768x432.jpg 768w, https:\/\/www.correiobraziliense.com.br\/cbradar\/wp-content\/uploads\/2025\/07\/organizacao-casa_1751471895505-750x422.jpg 750w, https:\/\/www.correiobraziliense.com.br\/cbradar\/wp-content\/uploads\/2025\/07\/organizacao-casa_1751471895505-1140x641.jpg 1140w, https:\/\/www.correiobraziliense.com.br\/cbradar\/wp-content\/uploads\/2025\/07\/organizacao-casa_1751471895505.jpg 1280w\" sizes=\"(max-width: 1024px) 100vw, 1024px\" \/><figcaption class=\"wp-element-caption\">organiza\u00e7\u00e3o casa. Cr\u00e9ditos: depositphotos.com \/ StudioLightAndShade<\/figcaption><\/figure>\n\n\n\n<h2 class=\"wp-block-heading\">Quais elementos s\u00e3o essenciais para um monoambiente funcional?<\/h2>\n\n\n\n<p><strong>Em um monoambiente, a escolha dos elementos essenciais faz toda a diferen\u00e7a.<\/strong> M\u00f3veis que desempenham mais de uma fun\u00e7\u00e3o, como camas com gavetas ou bancadas retr\u00e1teis, s\u00e3o aliados importantes. <strong>A organiza\u00e7\u00e3o \u00e9 facilitada com o uso de caixas, cestos e nichos, que ajudam a manter tudo em ordem sem ocupar muito espa\u00e7o.<\/strong><\/p>\n\n\n\n<p><strong>A ilumina\u00e7\u00e3o merece aten\u00e7\u00e3o especial.<\/strong> Dividir a luz em camadas, utilizando lumin\u00e1rias de teto, abajures e fitas de LED, permite criar diferentes atmosferas conforme a necessidade. <strong>Al\u00e9m disso, espelhos estrategicamente posicionados ampliam a sensa\u00e7\u00e3o de espa\u00e7o e refletem a luz, tornando o ambiente mais agrad\u00e1vel.<\/strong><\/p>\n\n\n\n<h2 class=\"wp-block-heading\">Por que o planejamento \u00e9 indispens\u00e1vel na decora\u00e7\u00e3o de ambientes compactos?<\/h2>\n\n\n\n<p><strong>Ter um plano definido antes de iniciar a decora\u00e7\u00e3o evita desperd\u00edcios e garante que cada item escolhido realmente contribua para o conforto e a funcionalidade do local.<\/strong> Ao pensar em cada detalhe, desde a disposi\u00e7\u00e3o dos m\u00f3veis at\u00e9 a escolha dos acess\u00f3rios, \u00e9 poss\u00edvel transformar um espa\u00e7o pequeno em um lar pr\u00e1tico e acolhedor.<\/p>\n\n\n\n<p><strong>Com aten\u00e7\u00e3o aos detalhes e escolhas conscientes, um apartamento pequeno pode se tornar um ambiente vers\u00e1til, organizado e cheio de personalidade.<\/strong> O segredo est\u00e1 em priorizar a funcionalidade, sem abrir m\u00e3o do estilo e do bem-estar.<\/p>\n","protected":false},"excerpt":{"rendered":"<p>Dicas de decora\u00e7\u00e3o para monoambientes: descubra como valorizar o espa\u00e7o, escolher m\u00f3veis multifuncionais e criar amplitude com solu\u00e7\u00f5es criativas.<\/p>\n","protected":false},"author":3,"featured_media":63375,"comment_status":"open","ping_status":"open","sticky":false,"template":"","format":"standard","meta":{"_yoast_wpseo_focuskw":"decorar monoambientes","_yoast_wpseo_title":"%%title%%","_yoast_wpseo_metadesc":"Dicas de decora\u00e7\u00e3o para monoambientes: descubra como valorizar o espa\u00e7o, escolher m\u00f3veis multifuncionais e criar amplitude com solu\u00e7\u00f5es criativas.","jnews-multi-image_gallery":[],"jnews_single_post":{"format":"standard"},"jnews_primary_category":[],"jnews_social_meta":[],"jnews_override_counter":[],"footnotes":""},"categories":[112],"post_tag":[1838,144],"class_list":["post-63317","post","type-post","status-publish","format-standard","has-post-thumbnail","hentry","category-curiosidades","tag-ambiente","tag-curiosidades"],"yoast_head":"<!-- This site is optimized with the Yoast SEO plugin v24.6 - https:\/\/yoast.com\/wordpress\/plugins\/seo\/ -->\n<title>7 truques para decorar monoambientes sem abrir m\u00e3o do conforto<\/title>\n<meta name=\"description\" content=\"Dicas de decora\u00e7\u00e3o para monoambientes: descubra como valorizar o espa\u00e7o, escolher m\u00f3veis multifuncionais e criar amplitude com solu\u00e7\u00f5es criativas.\" \/>\n<meta name=\"robots\" content=\"index, follow, max-snippet:-1, max-image-preview:large, max-video-preview:-1\" \/>\n<link rel=\"canonical\" href=\"https:\/\/www.correiobraziliense.com.br\/cbradar\/7-truques-para-decorar-monoambientes-sem-abrir-mao-do-conforto\/\" \/>\n<meta property=\"og:locale\" content=\"pt_BR\" \/>\n<meta property=\"og:type\" content=\"article\" \/>\n<meta property=\"og:title\" content=\"7 truques para decorar monoambientes sem abrir m\u00e3o do conforto\" \/>\n<meta property=\"og:description\" content=\"Dicas de decora\u00e7\u00e3o para monoambientes: descubra como valorizar o espa\u00e7o, escolher m\u00f3veis multifuncionais e criar amplitude com solu\u00e7\u00f5es criativas.\" \/>\n<meta property=\"og:url\" content=\"https:\/\/www.correiobraziliense.com.br\/cbradar\/7-truques-para-decorar-monoambientes-sem-abrir-mao-do-conforto\/\" \/>\n<meta property=\"og:site_name\" content=\"Correio Braziliense - Radar\" \/>\n<meta property=\"article:published_time\" content=\"2025-07-03T11:23:00+00:00\" \/>\n<meta property=\"og:image\" content=\"https:\/\/www.correiobraziliense.com.br\/cbradar\/wp-content\/uploads\/2025\/07\/organizacao-casa_1751468277868.jpg\" \/>\n\t<meta property=\"og:image:width\" content=\"1280\" \/>\n\t<meta property=\"og:image:height\" content=\"720\" \/>\n\t<meta property=\"og:image:type\" content=\"image\/jpeg\" \/>\n<meta name=\"author\" content=\"Larissa Carvalho\" \/>\n<meta name=\"twitter:card\" content=\"summary_large_image\" \/>\n<meta name=\"twitter:label1\" content=\"Escrito por\" \/>\n\t<meta name=\"twitter:data1\" content=\"Larissa Carvalho\" \/>\n\t<meta name=\"twitter:label2\" content=\"Est. tempo de leitura\" \/>\n\t<meta name=\"twitter:data2\" content=\"4 minutos\" \/>\n<!-- \/ Yoast SEO plugin. -->","yoast_head_json":{"title":"7 truques para decorar monoambientes sem abrir m\u00e3o do conforto","description":"Dicas de decora\u00e7\u00e3o para monoambientes: descubra como valorizar o espa\u00e7o, escolher m\u00f3veis multifuncionais e criar amplitude com solu\u00e7\u00f5es criativas.","robots":{"index":"index","follow":"follow","max-snippet":"max-snippet:-1","max-image-preview":"max-image-preview:large","max-video-preview":"max-video-preview:-1"},"canonical":"https:\/\/www.correiobraziliense.com.br\/cbradar\/7-truques-para-decorar-monoambientes-sem-abrir-mao-do-conforto\/","og_locale":"pt_BR","og_type":"article","og_title":"7 truques para decorar monoambientes sem abrir m\u00e3o do conforto","og_description":"Dicas de decora\u00e7\u00e3o para monoambientes: descubra como valorizar o espa\u00e7o, escolher m\u00f3veis multifuncionais e criar amplitude com solu\u00e7\u00f5es criativas.","og_url":"https:\/\/www.correiobraziliense.com.br\/cbradar\/7-truques-para-decorar-monoambientes-sem-abrir-mao-do-conforto\/","og_site_name":"Correio Braziliense - Radar","article_published_time":"2025-07-03T11:23:00+00:00","og_image":[{"width":1280,"height":720,"url":"https:\/\/www.correiobraziliense.com.br\/cbradar\/wp-content\/uploads\/2025\/07\/organizacao-casa_1751468277868.jpg","type":"image\/jpeg"}],"author":"Larissa Carvalho","twitter_card":"summary_large_image","twitter_misc":{"Escrito por":"Larissa Carvalho","Est. tempo de leitura":"4 minutos"},"schema":{"@context":"https:\/\/schema.org","@graph":[{"@type":"WebPage","@id":"https:\/\/www.correiobraziliense.com.br\/cbradar\/7-truques-para-decorar-monoambientes-sem-abrir-mao-do-conforto\/","url":"https:\/\/www.correiobraziliense.com.br\/cbradar\/7-truques-para-decorar-monoambientes-sem-abrir-mao-do-conforto\/","name":"7 truques para decorar monoambientes sem abrir m\u00e3o do conforto","isPartOf":{"@id":"https:\/\/www.correiobraziliense.com.br\/cbradar\/#website"},"primaryImageOfPage":{"@id":"https:\/\/www.correiobraziliense.com.br\/cbradar\/7-truques-para-decorar-monoambientes-sem-abrir-mao-do-conforto\/#primaryimage"},"image":{"@id":"https:\/\/www.correiobraziliense.com.br\/cbradar\/7-truques-para-decorar-monoambientes-sem-abrir-mao-do-conforto\/#primaryimage"},"thumbnailUrl":"https:\/\/www.correiobraziliense.com.br\/cbradar\/wp-content\/uploads\/2025\/07\/organizacao-casa_1751468277868.jpg","datePublished":"2025-07-03T11:23:00+00:00","author":{"@id":"https:\/\/www.correiobraziliense.com.br\/cbradar\/#\/schema\/person\/58422787644df994b53a19d3e56c1513"},"description":"Dicas de decora\u00e7\u00e3o para monoambientes: descubra como valorizar o espa\u00e7o, escolher m\u00f3veis multifuncionais e criar amplitude com solu\u00e7\u00f5es criativas.","breadcrumb":{"@id":"https:\/\/www.correiobraziliense.com.br\/cbradar\/7-truques-para-decorar-monoambientes-sem-abrir-mao-do-conforto\/#breadcrumb"},"inLanguage":"pt-BR","potentialAction":[{"@type":"ReadAction","target":["https:\/\/www.correiobraziliense.com.br\/cbradar\/7-truques-para-decorar-monoambientes-sem-abrir-mao-do-conforto\/"]}]},{"@type":"ImageObject","inLanguage":"pt-BR","@id":"https:\/\/www.correiobraziliense.com.br\/cbradar\/7-truques-para-decorar-monoambientes-sem-abrir-mao-do-conforto\/#primaryimage","url":"https:\/\/www.correiobraziliense.com.br\/cbradar\/wp-content\/uploads\/2025\/07\/organizacao-casa_1751468277868.jpg","contentUrl":"https:\/\/www.correiobraziliense.com.br\/cbradar\/wp-content\/uploads\/2025\/07\/organizacao-casa_1751468277868.jpg","width":1280,"height":720,"caption":"organiza\u00e7\u00e3o casa. Cr\u00e9ditos: depositphotos.com \/ haveseen"},{"@type":"BreadcrumbList","@id":"https:\/\/www.correiobraziliense.com.br\/cbradar\/7-truques-para-decorar-monoambientes-sem-abrir-mao-do-conforto\/#breadcrumb","itemListElement":[{"@type":"ListItem","position":1,"name":"In\u00edcio","item":"https:\/\/www.correiobraziliense.com.br\/cbradar\/"},{"@type":"ListItem","position":2,"name":"7 truques para decorar monoambientes sem abrir m\u00e3o do conforto"}]},{"@type":"WebSite","@id":"https:\/\/www.correiobraziliense.com.br\/cbradar\/#website","url":"https:\/\/www.correiobraziliense.com.br\/cbradar\/","name":"Correio Braziliense - Radar","description":"Acompanhe as \u00faltimas not\u00edcias e fique bem informado sobre tudo o que acontece no Brasil e no mundo.","potentialAction":[{"@type":"SearchAction","target":{"@type":"EntryPoint","urlTemplate":"https:\/\/www.correiobraziliense.com.br\/cbradar\/?s={search_term_string}"},"query-input":{"@type":"PropertyValueSpecification","valueRequired":true,"valueName":"search_term_string"}}],"inLanguage":"pt-BR"},{"@type":"Person","@id":"https:\/\/www.correiobraziliense.com.br\/cbradar\/#\/schema\/person\/58422787644df994b53a19d3e56c1513","name":"Larissa Carvalho","image":{"@type":"ImageObject","inLanguage":"pt-BR","@id":"https:\/\/www.correiobraziliense.com.br\/cbradar\/#\/schema\/person\/image\/","url":"https:\/\/secure.gravatar.com\/avatar\/fe4f91a0de32b52a838d0d612abdc1aa?s=96&d=mm&r=g","contentUrl":"https:\/\/secure.gravatar.com\/avatar\/fe4f91a0de32b52a838d0d612abdc1aa?s=96&d=mm&r=g","caption":"Larissa Carvalho"},"url":"https:\/\/www.correiobraziliense.com.br\/cbradar\/author\/larissamyth\/"}]}},"_links":{"self":[{"href":"https:\/\/www.correiobraziliense.com.br\/cbradar\/wp-json\/wp\/v2\/posts\/63317","targetHints":{"allow":["GET"]}}],"collection":[{"href":"https:\/\/www.correiobraziliense.com.br\/cbradar\/wp-json\/wp\/v2\/posts"}],"about":[{"href":"https:\/\/www.correiobraziliense.com.br\/cbradar\/wp-json\/wp\/v2\/types\/post"}],"author":[{"embeddable":true,"href":"https:\/\/www.correiobraziliense.com.br\/cbradar\/wp-json\/wp\/v2\/users\/3"}],"replies":[{"embeddable":true,"href":"https:\/\/www.correiobraziliense.com.br\/cbradar\/wp-json\/wp\/v2\/comments?post=63317"}],"version-history":[{"count":2,"href":"https:\/\/www.correiobraziliense.com.br\/cbradar\/wp-json\/wp\/v2\/posts\/63317\/revisions"}],"predecessor-version":[{"id":63486,"href":"https:\/\/www.correiobraziliense.com.br\/cbradar\/wp-json\/wp\/v2\/posts\/63317\/revisions\/63486"}],"wp:featuredmedia":[{"embeddable":true,"href":"https:\/\/www.correiobraziliense.com.br\/cbradar\/wp-json\/wp\/v2\/media\/63375"}],"wp:attachment":[{"href":"https:\/\/www.correiobraziliense.com.br\/cbradar\/wp-json\/wp\/v2\/media?parent=63317"}],"wp:term":[{"taxonomy":"category","embeddable":true,"href":"https:\/\/www.correiobraziliense.com.br\/cbradar\/wp-json\/wp\/v2\/categories?post=63317"},{"taxonomy":"post_tag","embeddable":true,"href":"https:\/\/www.correiobraziliense.com.br\/cbradar\/wp-json\/wp\/v2\/post_tag?post=63317"}],"curies":[{"name":"wp","href":"https:\/\/api.w.org\/{rel}","templated":true}]}}