{"id":634,"date":"2025-02-07T21:50:00","date_gmt":"2025-02-08T00:50:00","guid":{"rendered":"https:\/\/www.correiobraziliense.com.br\/cbradar\/?p=634"},"modified":"2025-02-07T00:06:25","modified_gmt":"2025-02-07T03:06:25","slug":"a-capital-baiana-do-caranguejo-e-sua-historia-fascinante","status":"publish","type":"post","link":"https:\/\/www.correiobraziliense.com.br\/cbradar\/a-capital-baiana-do-caranguejo-e-sua-historia-fascinante\/","title":{"rendered":"Conhe\u00e7a a fascinante da capital baiana do caranguejo e sua cultura \u00fanica"},"content":{"rendered":"\n<p>Localizada a 120 quil\u00f4metros de <strong>Ilh\u00e9us<\/strong>, <strong>Canavieiras<\/strong> \u00e9 uma cidade que encanta com suas belezas naturais e rica gastronomia. Conhecida como a capital baiana do caranguejo, a cidade oferece uma experi\u00eancia \u00fanica para os amantes de frutos do mar. Gra\u00e7as aos manguezais que cortam a regi\u00e3o, os crust\u00e1ceos s\u00e3o servidos em abund\u00e2ncia nas barracas de <a href=\"https:\/\/www.correiobraziliense.com.br\/diversao-e-arte\/2025\/01\/7049046-fernanda-bande-e-pedida-em-casamento-em-praia-na-bahia.html\" target=\"_blank\" rel=\"noreferrer noopener\">praia<\/a>, tornando-se uma atra\u00e7\u00e3o gastron\u00f4mica imperd\u00edvel.<\/p>\n\n\n\n<p>Al\u00e9m dos caranguejos, Canavieiras tamb\u00e9m \u00e9 famosa por ser um dos melhores pontos do mundo para a pesca oce\u00e2nica. Durante o ver\u00e3o, pescadores se aventuram em um banco de corais a 24 milhas da costa, em busca do marlim-azul e outros peixes que podem chegar a pesar uma tonelada. Essa atividade atrai turistas e pescadores de v\u00e1rias partes do mundo, consolidando a cidade como um destino de pesca esportiva de renome internacional.<\/p>\n\n\n\n<h2 class=\"wp-block-heading\"><strong>O charme baiano de <strong><strong>Canavieiras<\/strong><\/strong><\/strong><\/h2>\n\n\n\n<p>O <a href=\"https:\/\/www.viajenaviagem.com\/canavieiras-dicas\/\" target=\"_blank\" rel=\"noreferrer noopener\">centrinho <\/a>colonial de Canavieiras \u00e9 um convite para uma viagem no tempo. Com um conjunto arquitet\u00f4nico preservado dos s\u00e9culos 19 e 20, o local remete aos tempos \u00e1ureos do <strong>Ciclo do Cacau<\/strong>. Os sobrados restaurados, que j\u00e1 serviram de cen\u00e1rio para a novela <strong>&#8220;Porto dos Milagres&#8221;<\/strong>, abrigam hoje espa\u00e7os culturais e restaurantes especializados em pratos t\u00edpicos da regi\u00e3o.<\/p>\n\n\n\n<p>Entre as del\u00edcias servidas nas mesinhas espalhadas pelas cal\u00e7adas, destaca-se a moqueca, um prato tradicional da culin\u00e1ria baiana. Para iniciar a refei\u00e7\u00e3o, \u00e9 comum pedir um caranguejo, que \u00e9 preparado de diversas formas, sempre ressaltando o sabor fresco e marcante do crust\u00e1ceo.<\/p>\n\n\n\n<h2 class=\"wp-block-heading\"><strong>Quais s\u00e3o as op\u00e7\u00f5es de lazer em Canavieiras?<\/strong><\/h2>\n\n\n\n<p>Para aqueles que buscam atividades al\u00e9m da pesca, Canavieiras oferece buc\u00f3licos passeios de barco pelos manguezais e comunidades ribeirinhas, como <strong>Barra<\/strong> <strong>Velha<\/strong> e <strong>Belmonte<\/strong>. Esses passeios permitem um contato direto com a natureza e a cultura local, proporcionando momentos de tranquilidade e contempla\u00e7\u00e3o.<\/p>\n\n\n\n<p>Outra op\u00e7\u00e3o \u00e9 atravessar a ponte rumo \u00e0 ilha de <strong>Atalaia<\/strong>, onde est\u00e1 localizada a praia da <strong>Costa<\/strong>, a \u00fanica praia badalada da regi\u00e3o. Com bares, coqueiros, areia fina e rios de \u00e1gua doce, a praia da Costa \u00e9 o local ideal para relaxar e aproveitar o sol. \u00c9 um ponto de encontro para turistas e moradores, oferecendo uma atmosfera vibrante e acolhedora.<\/p>\n\n\n<div class=\"wp-block-image\">\n<figure class=\"aligncenter size-large\"><img decoding=\"async\" width=\"1024\" height=\"576\" src=\"https:\/\/www.correiobraziliense.com.br\/cbradar\/wp-content\/uploads\/2025\/02\/Untitled-design-11-1024x576.jpg\" alt=\"A capital baiana do caranguejo e sua hist\u00f3ria fascinante\" class=\"wp-image-639\" srcset=\"https:\/\/www.correiobraziliense.com.br\/cbradar\/wp-content\/uploads\/2025\/02\/Untitled-design-11-1024x576.jpg 1024w, https:\/\/www.correiobraziliense.com.br\/cbradar\/wp-content\/uploads\/2025\/02\/Untitled-design-11-300x169.jpg 300w, https:\/\/www.correiobraziliense.com.br\/cbradar\/wp-content\/uploads\/2025\/02\/Untitled-design-11-768x432.jpg 768w, https:\/\/www.correiobraziliense.com.br\/cbradar\/wp-content\/uploads\/2025\/02\/Untitled-design-11-750x422.jpg 750w, https:\/\/www.correiobraziliense.com.br\/cbradar\/wp-content\/uploads\/2025\/02\/Untitled-design-11-1140x641.jpg 1140w, https:\/\/www.correiobraziliense.com.br\/cbradar\/wp-content\/uploads\/2025\/02\/Untitled-design-11.jpg 1280w\" sizes=\"(max-width: 1024px) 100vw, 1024px\" \/><figcaption class=\"wp-element-caption\">Praia da Costa &#8211; Cr\u00e9ditos: Wikimedia Commons <\/figcaption><\/figure><\/div>\n\n\n<h2 class=\"wp-block-heading\"><strong>Explorando o S\u00edtio Hist\u00f3rico de Canavieiras<\/strong><\/h2>\n\n\n\n<p>No continente, o principal atrativo \u00e9 o <strong>S\u00edtio Hist\u00f3rico<\/strong>, que preserva o charme dos tempos passados. O casario antigo, com suas fachadas coloridas e arquitetura peculiar, \u00e9 um testemunho da riqueza cultural e hist\u00f3rica da regi\u00e3o. Caminhar por suas ruas \u00e9 como folhear um livro de hist\u00f3ria, onde cada esquina conta uma nova hist\u00f3ria.<\/p>\n\n\n\n<p>Os visitantes podem explorar os espa\u00e7os culturais e desfrutar de uma refei\u00e7\u00e3o em um dos muitos restaurantes que servem pratos t\u00edpicos, como a famosa moqueca. A experi\u00eancia gastron\u00f4mica \u00e9 enriquecida pelo ambiente acolhedor e pela hospitalidade dos moradores, que fazem de Canavieiras um destino inesquec\u00edvel.<\/p>\n\n\n\n<p>Em resumo, Canavieiras \u00e9 um destino que combina natureza, hist\u00f3ria e gastronomia de forma harmoniosa. Seja para pescar, explorar o patrim\u00f4nio hist\u00f3rico ou simplesmente relaxar na praia, a cidade oferece algo especial para cada visitante, tornando-se um lugar que vale a pena ser descoberto.<\/p>\n\n\n\n<p><\/p>\n","protected":false},"excerpt":{"rendered":"<p>Localizada a 120 quil\u00f4metros de Ilh\u00e9us, Canavieiras \u00e9 uma cidade que encanta com suas belezas naturais e rica gastronomia. Conhecida como a capital baiana do caranguejo, a cidade oferece uma experi\u00eancia \u00fanica para os amantes de frutos do mar. Gra\u00e7as aos manguezais que cortam a regi\u00e3o, os crust\u00e1ceos s\u00e3o servidos em abund\u00e2ncia nas barracas de [&hellip;]<\/p>\n","protected":false},"author":4,"featured_media":640,"comment_status":"open","ping_status":"open","sticky":false,"template":"","format":"standard","meta":{"_yoast_wpseo_focuskw":"capital","_yoast_wpseo_title":"","_yoast_wpseo_metadesc":"A capital baiana do caranguejo, encanta com sabores \u00fanicos, praias incr\u00edveis e um centrinho colonial cheio de hist\u00f3ria. Conhe\u00e7a agora!","jnews-multi-image_gallery":[],"jnews_single_post":{"format":"standard"},"jnews_primary_category":[],"jnews_social_meta":[],"jnews_override_counter":[],"footnotes":""},"categories":[111],"tags":[321,320,319,315],"class_list":["post-634","post","type-post","status-publish","format-standard","has-post-thumbnail","hentry","category-turismo","tag-caranguejo","tag-historia","tag-praia","tag-turismo"],"yoast_head":"<!-- This site is optimized with the Yoast SEO plugin v24.6 - https:\/\/yoast.com\/wordpress\/plugins\/seo\/ -->\n<title>Conhe\u00e7a a fascinante da capital baiana do caranguejo e sua cultura \u00fanica - Correio Braziliense - Radar<\/title>\n<meta name=\"description\" content=\"A capital baiana do caranguejo, encanta com sabores \u00fanicos, praias incr\u00edveis e um centrinho colonial cheio de hist\u00f3ria. Conhe\u00e7a agora!\" \/>\n<meta name=\"robots\" content=\"index, follow, max-snippet:-1, max-image-preview:large, max-video-preview:-1\" \/>\n<link rel=\"canonical\" href=\"https:\/\/www.correiobraziliense.com.br\/cbradar\/a-capital-baiana-do-caranguejo-e-sua-historia-fascinante\/\" \/>\n<meta property=\"og:locale\" content=\"pt_BR\" \/>\n<meta property=\"og:type\" content=\"article\" \/>\n<meta property=\"og:title\" content=\"Conhe\u00e7a a fascinante da capital baiana do caranguejo e sua cultura \u00fanica - Correio Braziliense - Radar\" \/>\n<meta property=\"og:description\" content=\"A capital baiana do caranguejo, encanta com sabores \u00fanicos, praias incr\u00edveis e um centrinho colonial cheio de hist\u00f3ria. Conhe\u00e7a agora!\" \/>\n<meta property=\"og:url\" content=\"https:\/\/www.correiobraziliense.com.br\/cbradar\/a-capital-baiana-do-caranguejo-e-sua-historia-fascinante\/\" \/>\n<meta property=\"og:site_name\" content=\"Correio Braziliense - Radar\" \/>\n<meta property=\"article:published_time\" content=\"2025-02-08T00:50:00+00:00\" \/>\n<meta property=\"og:image\" content=\"https:\/\/www.correiobraziliense.com.br\/cbradar\/wp-content\/uploads\/2025\/02\/Untitled-design-10.jpg\" \/>\n\t<meta property=\"og:image:width\" content=\"1280\" \/>\n\t<meta property=\"og:image:height\" content=\"720\" \/>\n\t<meta property=\"og:image:type\" content=\"image\/jpeg\" \/>\n<meta name=\"author\" content=\"Guilherme Cremaschi\" \/>\n<meta name=\"twitter:card\" content=\"summary_large_image\" \/>\n<meta name=\"twitter:label1\" content=\"Escrito por\" \/>\n\t<meta name=\"twitter:data1\" content=\"Guilherme Cremaschi\" \/>\n\t<meta name=\"twitter:label2\" content=\"Est. tempo de leitura\" \/>\n\t<meta name=\"twitter:data2\" content=\"4 minutos\" \/>\n<!-- \/ Yoast SEO plugin. -->","yoast_head_json":{"title":"Conhe\u00e7a a fascinante da capital baiana do caranguejo e sua cultura \u00fanica - Correio Braziliense - Radar","description":"A capital baiana do caranguejo, encanta com sabores \u00fanicos, praias incr\u00edveis e um centrinho colonial cheio de hist\u00f3ria. Conhe\u00e7a agora!","robots":{"index":"index","follow":"follow","max-snippet":"max-snippet:-1","max-image-preview":"max-image-preview:large","max-video-preview":"max-video-preview:-1"},"canonical":"https:\/\/www.correiobraziliense.com.br\/cbradar\/a-capital-baiana-do-caranguejo-e-sua-historia-fascinante\/","og_locale":"pt_BR","og_type":"article","og_title":"Conhe\u00e7a a fascinante da capital baiana do caranguejo e sua cultura \u00fanica - Correio Braziliense - Radar","og_description":"A capital baiana do caranguejo, encanta com sabores \u00fanicos, praias incr\u00edveis e um centrinho colonial cheio de hist\u00f3ria. Conhe\u00e7a agora!","og_url":"https:\/\/www.correiobraziliense.com.br\/cbradar\/a-capital-baiana-do-caranguejo-e-sua-historia-fascinante\/","og_site_name":"Correio Braziliense - Radar","article_published_time":"2025-02-08T00:50:00+00:00","og_image":[{"width":1280,"height":720,"url":"https:\/\/www.correiobraziliense.com.br\/cbradar\/wp-content\/uploads\/2025\/02\/Untitled-design-10.jpg","type":"image\/jpeg"}],"author":"Guilherme Cremaschi","twitter_card":"summary_large_image","twitter_misc":{"Escrito por":"Guilherme Cremaschi","Est. tempo de leitura":"4 minutos"},"schema":{"@context":"https:\/\/schema.org","@graph":[{"@type":"WebPage","@id":"https:\/\/www.correiobraziliense.com.br\/cbradar\/a-capital-baiana-do-caranguejo-e-sua-historia-fascinante\/","url":"https:\/\/www.correiobraziliense.com.br\/cbradar\/a-capital-baiana-do-caranguejo-e-sua-historia-fascinante\/","name":"Conhe\u00e7a a fascinante da capital baiana do caranguejo e sua cultura \u00fanica - Correio Braziliense - Radar","isPartOf":{"@id":"https:\/\/www.correiobraziliense.com.br\/cbradar\/#website"},"primaryImageOfPage":{"@id":"https:\/\/www.correiobraziliense.com.br\/cbradar\/a-capital-baiana-do-caranguejo-e-sua-historia-fascinante\/#primaryimage"},"image":{"@id":"https:\/\/www.correiobraziliense.com.br\/cbradar\/a-capital-baiana-do-caranguejo-e-sua-historia-fascinante\/#primaryimage"},"thumbnailUrl":"https:\/\/www.correiobraziliense.com.br\/cbradar\/wp-content\/uploads\/2025\/02\/Untitled-design-10.jpg","datePublished":"2025-02-08T00:50:00+00:00","author":{"@id":"https:\/\/www.correiobraziliense.com.br\/cbradar\/#\/schema\/person\/4760856b25506e84ce34d5de2b0d95f1"},"description":"A capital baiana do caranguejo, encanta com sabores \u00fanicos, praias incr\u00edveis e um centrinho colonial cheio de hist\u00f3ria. Conhe\u00e7a agora!","breadcrumb":{"@id":"https:\/\/www.correiobraziliense.com.br\/cbradar\/a-capital-baiana-do-caranguejo-e-sua-historia-fascinante\/#breadcrumb"},"inLanguage":"pt-BR","potentialAction":[{"@type":"ReadAction","target":["https:\/\/www.correiobraziliense.com.br\/cbradar\/a-capital-baiana-do-caranguejo-e-sua-historia-fascinante\/"]}]},{"@type":"ImageObject","inLanguage":"pt-BR","@id":"https:\/\/www.correiobraziliense.com.br\/cbradar\/a-capital-baiana-do-caranguejo-e-sua-historia-fascinante\/#primaryimage","url":"https:\/\/www.correiobraziliense.com.br\/cbradar\/wp-content\/uploads\/2025\/02\/Untitled-design-10.jpg","contentUrl":"https:\/\/www.correiobraziliense.com.br\/cbradar\/wp-content\/uploads\/2025\/02\/Untitled-design-10.jpg","width":1280,"height":720,"caption":"Bar flutuante - Cr\u00e9ditos: Wikimedia Commons"},{"@type":"BreadcrumbList","@id":"https:\/\/www.correiobraziliense.com.br\/cbradar\/a-capital-baiana-do-caranguejo-e-sua-historia-fascinante\/#breadcrumb","itemListElement":[{"@type":"ListItem","position":1,"name":"In\u00edcio","item":"https:\/\/www.correiobraziliense.com.br\/cbradar\/"},{"@type":"ListItem","position":2,"name":"Conhe\u00e7a a fascinante da capital baiana do caranguejo e sua cultura \u00fanica"}]},{"@type":"WebSite","@id":"https:\/\/www.correiobraziliense.com.br\/cbradar\/#website","url":"https:\/\/www.correiobraziliense.com.br\/cbradar\/","name":"Correio Braziliense - Radar","description":"Acompanhe as \u00faltimas not\u00edcias e fique bem informado sobre tudo o que acontece no Brasil e no mundo.","potentialAction":[{"@type":"SearchAction","target":{"@type":"EntryPoint","urlTemplate":"https:\/\/www.correiobraziliense.com.br\/cbradar\/?s={search_term_string}"},"query-input":{"@type":"PropertyValueSpecification","valueRequired":true,"valueName":"search_term_string"}}],"inLanguage":"pt-BR"},{"@type":"Person","@id":"https:\/\/www.correiobraziliense.com.br\/cbradar\/#\/schema\/person\/4760856b25506e84ce34d5de2b0d95f1","name":"Guilherme Cremaschi","image":{"@type":"ImageObject","inLanguage":"pt-BR","@id":"https:\/\/www.correiobraziliense.com.br\/cbradar\/#\/schema\/person\/image\/","url":"https:\/\/secure.gravatar.com\/avatar\/6a059d20d980bdeb1d1d6b0fa2b4633c?s=96&d=mm&r=g","contentUrl":"https:\/\/secure.gravatar.com\/avatar\/6a059d20d980bdeb1d1d6b0fa2b4633c?s=96&d=mm&r=g","caption":"Guilherme Cremaschi"},"sameAs":["https:\/\/www.correiobraziliense.com.br\/"],"url":"https:\/\/www.correiobraziliense.com.br\/cbradar\/author\/guilhermemyth\/"}]}},"_links":{"self":[{"href":"https:\/\/www.correiobraziliense.com.br\/cbradar\/wp-json\/wp\/v2\/posts\/634","targetHints":{"allow":["GET"]}}],"collection":[{"href":"https:\/\/www.correiobraziliense.com.br\/cbradar\/wp-json\/wp\/v2\/posts"}],"about":[{"href":"https:\/\/www.correiobraziliense.com.br\/cbradar\/wp-json\/wp\/v2\/types\/post"}],"author":[{"embeddable":true,"href":"https:\/\/www.correiobraziliense.com.br\/cbradar\/wp-json\/wp\/v2\/users\/4"}],"replies":[{"embeddable":true,"href":"https:\/\/www.correiobraziliense.com.br\/cbradar\/wp-json\/wp\/v2\/comments?post=634"}],"version-history":[{"count":3,"href":"https:\/\/www.correiobraziliense.com.br\/cbradar\/wp-json\/wp\/v2\/posts\/634\/revisions"}],"predecessor-version":[{"id":900,"href":"https:\/\/www.correiobraziliense.com.br\/cbradar\/wp-json\/wp\/v2\/posts\/634\/revisions\/900"}],"wp:featuredmedia":[{"embeddable":true,"href":"https:\/\/www.correiobraziliense.com.br\/cbradar\/wp-json\/wp\/v2\/media\/640"}],"wp:attachment":[{"href":"https:\/\/www.correiobraziliense.com.br\/cbradar\/wp-json\/wp\/v2\/media?parent=634"}],"wp:term":[{"taxonomy":"category","embeddable":true,"href":"https:\/\/www.correiobraziliense.com.br\/cbradar\/wp-json\/wp\/v2\/categories?post=634"},{"taxonomy":"post_tag","embeddable":true,"href":"https:\/\/www.correiobraziliense.com.br\/cbradar\/wp-json\/wp\/v2\/tags?post=634"}],"curies":[{"name":"wp","href":"https:\/\/api.w.org\/{rel}","templated":true}]}}