{"id":6349,"date":"2025-02-27T19:30:00","date_gmt":"2025-02-27T22:30:00","guid":{"rendered":"https:\/\/www.correiobraziliense.com.br\/cbradar\/?p=6349"},"modified":"2025-02-26T16:37:13","modified_gmt":"2025-02-26T19:37:13","slug":"essa-e-a-verdadeira-origem-dos-doramas","status":"publish","type":"post","link":"https:\/\/www.correiobraziliense.com.br\/cbradar\/essa-e-a-verdadeira-origem-dos-doramas\/","title":{"rendered":"Essa \u00e9 a verdadeira origem dos Doramas"},"content":{"rendered":"\n<p>Os doramas, s\u00e9ries televisivas asi\u00e1ticas, t\u00eam conquistado um p\u00fablico global com suas narrativas envolventes e emocionais. A hist\u00f3ria dessas produ\u00e7\u00f5es remonta h\u00e1 d\u00e9cadas passadas, marcando o in\u00edcio de uma rica trajet\u00f3ria cultural e televisiva. Mas como esses dramas come\u00e7aram a ganhar forma e popularidade?<\/p>\n\n\n\n<p>O termo &#8220;dorama&#8221; \u00e9 derivado da pron\u00fancia japonesa da palavra &#8220;drama&#8221; e refere-se especificamente \u00e0s s\u00e9ries produzidas no <strong>Jap\u00e3o<\/strong>. O primeiro dorama japon\u00eas foi transmitido em 1940 pela emissora <strong>NHK<\/strong>, com uma produ\u00e7\u00e3o intitulada\u00a0<em><strong><a href=\"https:\/\/www.imdb.com\/pt\/title\/tt2808324\/\" target=\"_blank\" rel=\"noreferrer noopener\">Yuugemae<\/a><\/strong><\/em>. Essa s\u00e9rie, com apenas 12 minutos de dura\u00e7\u00e3o, retratava cenas do cotidiano familiar, oferecendo uma narrativa simples e realista. Contudo, a Segunda Guerra Mundial interrompeu temporariamente o avan\u00e7o desses dramas, que s\u00f3 foram retomados em 1953 com uma maior diversidade de g\u00eaneros e hist\u00f3rias.<\/p>\n\n\n\n<h2 class=\"wp-block-heading\"><strong>Como os doramas influenciaram outras regi\u00f5es da \u00c1sia?<\/strong><\/h2>\n\n\n\n<p>Al\u00e9m do <strong>Jap\u00e3o<\/strong>, os doramas tiveram um impacto significativo em outras regi\u00f5es da <strong>\u00c1sia<\/strong>, como a <strong>Coreia do Sul<\/strong> e a <strong>China<\/strong>. Na <strong>Coreia do Sul<\/strong>, os primeiros dramas televisivos surgiram em 1962, com a s\u00e9rie&nbsp;<em><strong>Gukto Mari<\/strong><\/em>, exibida pela emissora <strong>KBS<\/strong>. Inicialmente, essas produ\u00e7\u00f5es abordavam temas hist\u00f3ricos e sociais, refletindo os desafios enfrentados pela sociedade coreana da \u00e9poca.<\/p>\n\n\n\n<p>Na <strong>China<\/strong>, os <strong>C-dramas<\/strong> come\u00e7aram a ser produzidos em 1958, com um foco inicial em mensagens pol\u00edticas e sociais. Com o tempo, esses dramas evolu\u00edram para incluir g\u00eaneros como romance, com\u00e9dia e fantasia, ampliando seu apelo e alcance. Assim, os doramas n\u00e3o apenas abriram portas para uma ind\u00fastria televisiva pr\u00f3spera na <strong>\u00c1sia<\/strong>, mas tamb\u00e9m ajudaram a moldar a cultura pop global.<\/p>\n\n\n\n<figure class=\"wp-block-image size-large\"><img decoding=\"async\" width=\"1024\" height=\"576\" src=\"https:\/\/www.correiobraziliense.com.br\/cbradar\/wp-content\/uploads\/2025\/02\/series-asiaticas_1740595036215-1024x576.jpg\" alt=\"Essa \u00e9 a verdadeira origem dos Doramas\" class=\"wp-image-6356\" srcset=\"https:\/\/www.correiobraziliense.com.br\/cbradar\/wp-content\/uploads\/2025\/02\/series-asiaticas_1740595036215-1024x576.jpg 1024w, https:\/\/www.correiobraziliense.com.br\/cbradar\/wp-content\/uploads\/2025\/02\/series-asiaticas_1740595036215-300x169.jpg 300w, https:\/\/www.correiobraziliense.com.br\/cbradar\/wp-content\/uploads\/2025\/02\/series-asiaticas_1740595036215-768x432.jpg 768w, https:\/\/www.correiobraziliense.com.br\/cbradar\/wp-content\/uploads\/2025\/02\/series-asiaticas_1740595036215-750x422.jpg 750w, https:\/\/www.correiobraziliense.com.br\/cbradar\/wp-content\/uploads\/2025\/02\/series-asiaticas_1740595036215-1140x641.jpg 1140w, https:\/\/www.correiobraziliense.com.br\/cbradar\/wp-content\/uploads\/2025\/02\/series-asiaticas_1740595036215.jpg 1280w\" sizes=\"(max-width: 1024px) 100vw, 1024px\" \/><figcaption class=\"wp-element-caption\">dorama\nCr\u00e9ditos: depositphotos.com \/ junce11<\/figcaption><\/figure>\n\n\n\n<h2 class=\"wp-block-heading\"><strong>Quais s\u00e3o os doramas mais comentados na Netflix?<\/strong><\/h2>\n\n\n\n<p>A <strong>Netflix <\/strong>tem sido uma plataforma crucial para a dissemina\u00e7\u00e3o de doramas ao redor do mundo, trazendo produ\u00e7\u00f5es que geram discuss\u00f5es fervorosas nas redes sociais. Entre tantas op\u00e7\u00f5es, algumas s\u00e9ries se destacaram n\u00e3o apenas pela audi\u00eancia, mas tamb\u00e9m pelos debates que criaram. Vamos explorar quatro doramas que se tornaram t\u00f3picos quentes na plataforma.<\/p>\n\n\n\n<ul class=\"wp-block-list\">\n<li><strong>Rainha das L\u00e1grimas:<\/strong>&nbsp;Lan\u00e7ada em mar\u00e7o de 2024, essa s\u00e9rie combina romance e drama, acompanhando a crise de um casal de herdeiros. A trama gerou discuss\u00f5es sobre poder, amor e vulnerabilidade, conquistando o p\u00fablico em mais de 46 pa\u00edses.<\/li>\n\n\n\n<li><strong>Beleza Verdadeira:<\/strong>&nbsp;Estreada em dezembro de 2023, aborda a vida de uma jovem que se transforma por meio da maquiagem ap\u00f3s ser v\u00edtima de bullying. A s\u00e9rie \u00e9 elogiada por sua abordagem honesta sobre autoestima e press\u00e3o social.<\/li>\n\n\n\n<li><strong>Meu Dem\u00f4nio Favorito:<\/strong>&nbsp;Combinando fantasia, romance e mist\u00e9rio, essa s\u00e9rie de 2024 segue um dem\u00f4nio imortal e uma jovem herdeira. A trama fascinante e as atua\u00e7\u00f5es destacadas geraram muitas conversas sobre reden\u00e7\u00e3o e amor proibido.<\/li>\n\n\n\n<li><strong>Round 6:<\/strong>&nbsp;Embora tenha estreado em 2021, a chegada de sua segunda temporada em 2024 reacendeu discuss\u00f5es sobre desigualdade social e moralidade. A s\u00e9rie continua a ser um fen\u00f4meno cultural e um dos maiores sucessos da <strong>Netflix<\/strong>.<\/li>\n<\/ul>\n\n\n\n<h2 class=\"wp-block-heading\"><strong>O impacto global dos doramas<\/strong><\/h2>\n\n\n\n<p>Os doramas n\u00e3o apenas chamaram a aten\u00e7\u00e3o pela sua popularidade, mas tamb\u00e9m pela forma como cativaram o p\u00fablico, gerando discuss\u00f5es acaloradas e unindo f\u00e3s em torno de suas tramas impactantes. Com hist\u00f3rias que abordam desde quest\u00f5es sociais at\u00e9 romances \u00e9picos, essas s\u00e9ries continuam a influenciar e a entreter milh\u00f5es de espectadores ao redor do mundo.<\/p>\n","protected":false},"excerpt":{"rendered":"<p>Descubra a hist\u00f3ria dos doramas, s\u00e9ries televisivas asi\u00e1ticas que cativam cada vez mais p\u00fablico, e sua jornada cultural ao longo das d\u00e9cadas.<\/p>\n","protected":false},"author":3,"featured_media":6355,"comment_status":"open","ping_status":"open","sticky":false,"template":"","format":"standard","meta":{"_yoast_wpseo_focuskw":"a ascens\u00e3o dos doramas","_yoast_wpseo_title":"%%title%%","_yoast_wpseo_metadesc":"Descubra a hist\u00f3ria dos doramas, s\u00e9ries televisivas asi\u00e1ticas que cativam cada vez mais p\u00fablico, e sua jornada cultural ao longo das d\u00e9cadas.","jnews-multi-image_gallery":[],"jnews_single_post":{"format":"standard"},"jnews_primary_category":[],"jnews_social_meta":[],"jnews_override_counter":[],"footnotes":""},"categories":[140],"post_tag":[1179,568],"class_list":["post-6349","post","type-post","status-publish","format-standard","has-post-thumbnail","hentry","category-entretenimento","tag-doramas","tag-series-e-filmes"],"yoast_head":"<!-- This site is optimized with the Yoast SEO plugin v24.6 - https:\/\/yoast.com\/wordpress\/plugins\/seo\/ -->\n<title>Essa \u00e9 a verdadeira origem dos Doramas<\/title>\n<meta name=\"description\" content=\"Descubra a hist\u00f3ria dos doramas, s\u00e9ries televisivas asi\u00e1ticas que cativam cada vez mais p\u00fablico, e sua jornada cultural ao longo das d\u00e9cadas.\" \/>\n<meta name=\"robots\" content=\"index, follow, max-snippet:-1, max-image-preview:large, max-video-preview:-1\" \/>\n<link rel=\"canonical\" href=\"https:\/\/www.correiobraziliense.com.br\/cbradar\/essa-e-a-verdadeira-origem-dos-doramas\/\" \/>\n<meta property=\"og:locale\" content=\"pt_BR\" \/>\n<meta property=\"og:type\" content=\"article\" \/>\n<meta property=\"og:title\" content=\"Essa \u00e9 a verdadeira origem dos Doramas\" \/>\n<meta property=\"og:description\" content=\"Descubra a hist\u00f3ria dos doramas, s\u00e9ries televisivas asi\u00e1ticas que cativam cada vez mais p\u00fablico, e sua jornada cultural ao longo das d\u00e9cadas.\" \/>\n<meta property=\"og:url\" content=\"https:\/\/www.correiobraziliense.com.br\/cbradar\/essa-e-a-verdadeira-origem-dos-doramas\/\" \/>\n<meta property=\"og:site_name\" content=\"Correio Braziliense - Radar\" \/>\n<meta property=\"article:published_time\" content=\"2025-02-27T22:30:00+00:00\" \/>\n<meta property=\"og:image\" content=\"https:\/\/www.correiobraziliense.com.br\/cbradar\/wp-content\/uploads\/2025\/02\/netflix_1740594894729.jpg\" \/>\n\t<meta property=\"og:image:width\" content=\"1280\" \/>\n\t<meta property=\"og:image:height\" content=\"720\" \/>\n\t<meta property=\"og:image:type\" content=\"image\/jpeg\" \/>\n<meta name=\"author\" content=\"Larissa Carvalho\" \/>\n<meta name=\"twitter:card\" content=\"summary_large_image\" \/>\n<meta name=\"twitter:label1\" content=\"Escrito por\" \/>\n\t<meta name=\"twitter:data1\" content=\"Larissa Carvalho\" \/>\n\t<meta name=\"twitter:label2\" content=\"Est. tempo de leitura\" \/>\n\t<meta name=\"twitter:data2\" content=\"4 minutos\" \/>\n<!-- \/ Yoast SEO plugin. -->","yoast_head_json":{"title":"Essa \u00e9 a verdadeira origem dos Doramas","description":"Descubra a hist\u00f3ria dos doramas, s\u00e9ries televisivas asi\u00e1ticas que cativam cada vez mais p\u00fablico, e sua jornada cultural ao longo das d\u00e9cadas.","robots":{"index":"index","follow":"follow","max-snippet":"max-snippet:-1","max-image-preview":"max-image-preview:large","max-video-preview":"max-video-preview:-1"},"canonical":"https:\/\/www.correiobraziliense.com.br\/cbradar\/essa-e-a-verdadeira-origem-dos-doramas\/","og_locale":"pt_BR","og_type":"article","og_title":"Essa \u00e9 a verdadeira origem dos Doramas","og_description":"Descubra a hist\u00f3ria dos doramas, s\u00e9ries televisivas asi\u00e1ticas que cativam cada vez mais p\u00fablico, e sua jornada cultural ao longo das d\u00e9cadas.","og_url":"https:\/\/www.correiobraziliense.com.br\/cbradar\/essa-e-a-verdadeira-origem-dos-doramas\/","og_site_name":"Correio Braziliense - Radar","article_published_time":"2025-02-27T22:30:00+00:00","og_image":[{"width":1280,"height":720,"url":"https:\/\/www.correiobraziliense.com.br\/cbradar\/wp-content\/uploads\/2025\/02\/netflix_1740594894729.jpg","type":"image\/jpeg"}],"author":"Larissa Carvalho","twitter_card":"summary_large_image","twitter_misc":{"Escrito por":"Larissa Carvalho","Est. tempo de leitura":"4 minutos"},"schema":{"@context":"https:\/\/schema.org","@graph":[{"@type":"WebPage","@id":"https:\/\/www.correiobraziliense.com.br\/cbradar\/essa-e-a-verdadeira-origem-dos-doramas\/","url":"https:\/\/www.correiobraziliense.com.br\/cbradar\/essa-e-a-verdadeira-origem-dos-doramas\/","name":"Essa \u00e9 a verdadeira origem dos Doramas","isPartOf":{"@id":"https:\/\/www.correiobraziliense.com.br\/cbradar\/#website"},"primaryImageOfPage":{"@id":"https:\/\/www.correiobraziliense.com.br\/cbradar\/essa-e-a-verdadeira-origem-dos-doramas\/#primaryimage"},"image":{"@id":"https:\/\/www.correiobraziliense.com.br\/cbradar\/essa-e-a-verdadeira-origem-dos-doramas\/#primaryimage"},"thumbnailUrl":"https:\/\/www.correiobraziliense.com.br\/cbradar\/wp-content\/uploads\/2025\/02\/netflix_1740594894729.jpg","datePublished":"2025-02-27T22:30:00+00:00","author":{"@id":"https:\/\/www.correiobraziliense.com.br\/cbradar\/#\/schema\/person\/58422787644df994b53a19d3e56c1513"},"description":"Descubra a hist\u00f3ria dos doramas, s\u00e9ries televisivas asi\u00e1ticas que cativam cada vez mais p\u00fablico, e sua jornada cultural ao longo das d\u00e9cadas.","breadcrumb":{"@id":"https:\/\/www.correiobraziliense.com.br\/cbradar\/essa-e-a-verdadeira-origem-dos-doramas\/#breadcrumb"},"inLanguage":"pt-BR","potentialAction":[{"@type":"ReadAction","target":["https:\/\/www.correiobraziliense.com.br\/cbradar\/essa-e-a-verdadeira-origem-dos-doramas\/"]}]},{"@type":"ImageObject","inLanguage":"pt-BR","@id":"https:\/\/www.correiobraziliense.com.br\/cbradar\/essa-e-a-verdadeira-origem-dos-doramas\/#primaryimage","url":"https:\/\/www.correiobraziliense.com.br\/cbradar\/wp-content\/uploads\/2025\/02\/netflix_1740594894729.jpg","contentUrl":"https:\/\/www.correiobraziliense.com.br\/cbradar\/wp-content\/uploads\/2025\/02\/netflix_1740594894729.jpg","width":1280,"height":720,"caption":"doramas na netflix Cr\u00e9ditos: depositphotos.com \/ Casimiro_PT"},{"@type":"BreadcrumbList","@id":"https:\/\/www.correiobraziliense.com.br\/cbradar\/essa-e-a-verdadeira-origem-dos-doramas\/#breadcrumb","itemListElement":[{"@type":"ListItem","position":1,"name":"In\u00edcio","item":"https:\/\/www.correiobraziliense.com.br\/cbradar\/"},{"@type":"ListItem","position":2,"name":"Essa \u00e9 a verdadeira origem dos Doramas"}]},{"@type":"WebSite","@id":"https:\/\/www.correiobraziliense.com.br\/cbradar\/#website","url":"https:\/\/www.correiobraziliense.com.br\/cbradar\/","name":"Correio Braziliense - Radar","description":"Acompanhe as \u00faltimas not\u00edcias e fique bem informado sobre tudo o que acontece no Brasil e no mundo.","potentialAction":[{"@type":"SearchAction","target":{"@type":"EntryPoint","urlTemplate":"https:\/\/www.correiobraziliense.com.br\/cbradar\/?s={search_term_string}"},"query-input":{"@type":"PropertyValueSpecification","valueRequired":true,"valueName":"search_term_string"}}],"inLanguage":"pt-BR"},{"@type":"Person","@id":"https:\/\/www.correiobraziliense.com.br\/cbradar\/#\/schema\/person\/58422787644df994b53a19d3e56c1513","name":"Larissa Carvalho","image":{"@type":"ImageObject","inLanguage":"pt-BR","@id":"https:\/\/www.correiobraziliense.com.br\/cbradar\/#\/schema\/person\/image\/","url":"https:\/\/secure.gravatar.com\/avatar\/fe4f91a0de32b52a838d0d612abdc1aa?s=96&d=mm&r=g","contentUrl":"https:\/\/secure.gravatar.com\/avatar\/fe4f91a0de32b52a838d0d612abdc1aa?s=96&d=mm&r=g","caption":"Larissa Carvalho"},"url":"https:\/\/www.correiobraziliense.com.br\/cbradar\/author\/larissamyth\/"}]}},"_links":{"self":[{"href":"https:\/\/www.correiobraziliense.com.br\/cbradar\/wp-json\/wp\/v2\/posts\/6349","targetHints":{"allow":["GET"]}}],"collection":[{"href":"https:\/\/www.correiobraziliense.com.br\/cbradar\/wp-json\/wp\/v2\/posts"}],"about":[{"href":"https:\/\/www.correiobraziliense.com.br\/cbradar\/wp-json\/wp\/v2\/types\/post"}],"author":[{"embeddable":true,"href":"https:\/\/www.correiobraziliense.com.br\/cbradar\/wp-json\/wp\/v2\/users\/3"}],"replies":[{"embeddable":true,"href":"https:\/\/www.correiobraziliense.com.br\/cbradar\/wp-json\/wp\/v2\/comments?post=6349"}],"version-history":[{"count":2,"href":"https:\/\/www.correiobraziliense.com.br\/cbradar\/wp-json\/wp\/v2\/posts\/6349\/revisions"}],"predecessor-version":[{"id":6387,"href":"https:\/\/www.correiobraziliense.com.br\/cbradar\/wp-json\/wp\/v2\/posts\/6349\/revisions\/6387"}],"wp:featuredmedia":[{"embeddable":true,"href":"https:\/\/www.correiobraziliense.com.br\/cbradar\/wp-json\/wp\/v2\/media\/6355"}],"wp:attachment":[{"href":"https:\/\/www.correiobraziliense.com.br\/cbradar\/wp-json\/wp\/v2\/media?parent=6349"}],"wp:term":[{"taxonomy":"category","embeddable":true,"href":"https:\/\/www.correiobraziliense.com.br\/cbradar\/wp-json\/wp\/v2\/categories?post=6349"},{"taxonomy":"post_tag","embeddable":true,"href":"https:\/\/www.correiobraziliense.com.br\/cbradar\/wp-json\/wp\/v2\/post_tag?post=6349"}],"curies":[{"name":"wp","href":"https:\/\/api.w.org\/{rel}","templated":true}]}}