{"id":6358,"date":"2025-02-27T19:50:00","date_gmt":"2025-02-27T22:50:00","guid":{"rendered":"https:\/\/www.correiobraziliense.com.br\/cbradar\/?p=6358"},"modified":"2025-02-26T16:37:22","modified_gmt":"2025-02-26T19:37:22","slug":"dicas-essenciais-para-curtir-o-carnaval-sem-perder-a-saude","status":"publish","type":"post","link":"https:\/\/www.correiobraziliense.com.br\/cbradar\/dicas-essenciais-para-curtir-o-carnaval-sem-perder-a-saude\/","title":{"rendered":"Dicas essenciais para curtir o carnaval sem perder a sa\u00fade!"},"content":{"rendered":"\n<p>O <strong><a href=\"https:\/\/www.correiobraziliense.com.br\/cbradar\/essa-e-uma-das-melhores-cidade-no-mundo-para-curtir-o-carnaval\/\" target=\"_blank\" rel=\"noreferrer noopener\">Carnaval<\/a> <\/strong>\u00e9 uma das festas mais aguardadas no <strong>Brasil<\/strong>, trazendo consigo alegria, m\u00fasica e muita energia. No entanto, essa \u00e9poca do ano tamb\u00e9m coincide com o aumento das temperaturas em v\u00e1rias regi\u00f5es do pa\u00eds, o que exige cuidados especiais para garantir a sa\u00fade e o bem-estar dos foli\u00f5es. Com term\u00f4metros ultrapassando frequentemente os 40\u202f\u00b0C em locais como o <strong>Rio de Janeiro<\/strong>, \u00e9 essencial adotar medidas preventivas para evitar problemas de sa\u00fade durante a folia.<\/p>\n\n\n\n<p>Al\u00e9m do calor, o consumo de bebidas alco\u00f3licas e a intensa atividade f\u00edsica nos blocos de rua podem aumentar o risco de desidrata\u00e7\u00e3o e outros problemas relacionados ao calor. Portanto, \u00e9 crucial seguir algumas recomenda\u00e7\u00f5es para aproveitar o Carnaval de forma segura e saud\u00e1vel. A seguir, s\u00e3o apresentadas dicas valiosas para manter a hidrata\u00e7\u00e3o e proteger-se dos efeitos do sol.<\/p>\n\n\n\n<h2 class=\"wp-block-heading\"><strong>Quais s\u00e3o os principais cuidados para curtir o carnaval?<\/strong><\/h2>\n\n\n\n<p>Para garantir que a divers\u00e3o n\u00e3o seja interrompida por problemas de sa\u00fade, especialistas recomendam algumas pr\u00e1ticas simples, mas eficazes. A hidrata\u00e7\u00e3o \u00e9 a chave para enfrentar o calor do <strong>Carnaval<\/strong>. Homens devem consumir cerca de tr\u00eas litros de \u00e1gua por dia, enquanto as mulheres devem ingerir pelo menos dois litros. Al\u00e9m disso, \u00e9 importante estar atento aos sinais de desidrata\u00e7\u00e3o, como sede intensa, tontura e fraqueza.<\/p>\n\n\n\n<p>Outro cuidado essencial \u00e9 evitar a exposi\u00e7\u00e3o ao sol nos hor\u00e1rios de pico, entre 10h e 16h. Durante esse per\u00edodo, os raios solares s\u00e3o mais intensos e podem causar insola\u00e7\u00e3o e queimaduras. Usar roupas leves, de cores claras, e aplicar protetor solar com fator de prote\u00e7\u00e3o 30 ou superior s\u00e3o medidas fundamentais para proteger a pele.<\/p>\n\n\n\n<figure class=\"wp-block-image size-large\"><img decoding=\"async\" width=\"1024\" height=\"576\" src=\"https:\/\/www.correiobraziliense.com.br\/cbradar\/wp-content\/uploads\/2025\/02\/bloco-de-carnaval_1740595435339-1024x576.jpg\" alt=\"Dicas essenciais para curtir o carnaval sem perder a sa\u00fade!\" class=\"wp-image-6368\" srcset=\"https:\/\/www.correiobraziliense.com.br\/cbradar\/wp-content\/uploads\/2025\/02\/bloco-de-carnaval_1740595435339-1024x576.jpg 1024w, https:\/\/www.correiobraziliense.com.br\/cbradar\/wp-content\/uploads\/2025\/02\/bloco-de-carnaval_1740595435339-300x169.jpg 300w, https:\/\/www.correiobraziliense.com.br\/cbradar\/wp-content\/uploads\/2025\/02\/bloco-de-carnaval_1740595435339-768x432.jpg 768w, https:\/\/www.correiobraziliense.com.br\/cbradar\/wp-content\/uploads\/2025\/02\/bloco-de-carnaval_1740595435339-750x422.jpg 750w, https:\/\/www.correiobraziliense.com.br\/cbradar\/wp-content\/uploads\/2025\/02\/bloco-de-carnaval_1740595435339-1140x641.jpg 1140w, https:\/\/www.correiobraziliense.com.br\/cbradar\/wp-content\/uploads\/2025\/02\/bloco-de-carnaval_1740595435339.jpg 1280w\" sizes=\"(max-width: 1024px) 100vw, 1024px\" \/><figcaption class=\"wp-element-caption\">carnaval na Bahia\nCr\u00e9ditos: depositphotos.com \/ joasouza<\/figcaption><\/figure>\n\n\n\n<h2 class=\"wp-block-heading\"><strong>Como o consumo de \u00e1lcool afeta a hidrata\u00e7\u00e3o?<\/strong><\/h2>\n\n\n\n<p>O consumo de \u00e1lcool \u00e9 uma pr\u00e1tica comum durante o <strong>Carnaval<\/strong>, mas pode agravar a desidrata\u00e7\u00e3o. O \u00e1lcool tem um efeito diur\u00e9tico, o que significa que aumenta a perda de l\u00edquidos pelo corpo. Para minimizar os efeitos negativos, \u00e9 recomendado intercalar a ingest\u00e3o de bebidas alco\u00f3licas com \u00e1gua, sucos naturais ou isot\u00f4nicos. Isso ajuda a manter o equil\u00edbrio h\u00eddrico e a evitar os sintomas desagrad\u00e1veis da ressaca.<\/p>\n\n\n\n<p>Al\u00e9m disso, \u00e9 importante se alimentar adequadamente antes de consumir \u00e1lcool. Comer alimentos leves e nutritivos pode ajudar a reduzir os efeitos do \u00e1lcool no organismo e proporcionar energia para curtir a festa.<\/p>\n\n\n\n<h2 class=\"wp-block-heading\"><strong>Quais s\u00e3o as dicas para manter a sa\u00fade durante o carnaval?<\/strong><\/h2>\n\n\n\n<p>Para aproveitar o <strong>Carnaval <\/strong>de forma saud\u00e1vel, \u00e9 essencial seguir algumas dicas pr\u00e1ticas:<\/p>\n\n\n\n<ul class=\"wp-block-list\">\n<li>Beba muita \u00e1gua e outros l\u00edquidos, como \u00e1gua de coco e sucos naturais, para manter a hidrata\u00e7\u00e3o.<\/li>\n\n\n\n<li>Use acess\u00f3rios de prote\u00e7\u00e3o, como \u00f3culos de sol, bon\u00e9s e chap\u00e9us, para se proteger do sol.<\/li>\n\n\n\n<li>Aplique protetor solar regularmente, especialmente se estiver exposto ao sol por longos per\u00edodos.<\/li>\n\n\n\n<li>Fa\u00e7a refei\u00e7\u00f5es leves e evite alimentos gordurosos para facilitar a digest\u00e3o.<\/li>\n<\/ul>\n\n\n\n<p>Com essas medidas, \u00e9 poss\u00edvel curtir o <strong>Carnaval <\/strong>com seguran\u00e7a, mesmo em meio ao calor intenso. A preven\u00e7\u00e3o \u00e9 a melhor forma de garantir que a folia seja inesquec\u00edvel e livre de preocupa\u00e7\u00f5es. Portanto, mantenha-se hidratado, proteja-se do sol e aproveite cada momento dessa festa \u00fanica.<\/p>\n","protected":false},"excerpt":{"rendered":"<p>Aproveite o Carnaval sem se prejudicar! Dicas de sa\u00fade e seguran\u00e7a para curtir a festa com modera\u00e7\u00e3o, se hidratar e se proteger do sol.<\/p>\n","protected":false},"author":3,"featured_media":6365,"comment_status":"open","ping_status":"open","sticky":false,"template":"","format":"standard","meta":{"_yoast_wpseo_focuskw":"carnaval seguro","_yoast_wpseo_title":"%%title%%","_yoast_wpseo_metadesc":"Aproveite o Carnaval sem se prejudicar! Dicas de sa\u00fade e seguran\u00e7a para curtir a festa com modera\u00e7\u00e3o, se hidratar e se proteger do sol.","jnews-multi-image_gallery":[],"jnews_single_post":{"format":"standard"},"jnews_primary_category":[],"jnews_social_meta":[],"jnews_override_counter":[],"footnotes":""},"categories":[112],"post_tag":[235,199,848],"class_list":["post-6358","post","type-post","status-publish","format-standard","has-post-thumbnail","hentry","category-curiosidades","tag-calor","tag-carnaval","tag-carnaval-2025"],"yoast_head":"<!-- This site is optimized with the Yoast SEO plugin v24.6 - https:\/\/yoast.com\/wordpress\/plugins\/seo\/ -->\n<title>Dicas essenciais para curtir o carnaval sem perder a sa\u00fade!<\/title>\n<meta name=\"description\" content=\"Aproveite o Carnaval sem se prejudicar! Dicas de sa\u00fade e seguran\u00e7a para curtir a festa com modera\u00e7\u00e3o, se hidratar e se proteger do sol.\" \/>\n<meta name=\"robots\" content=\"index, follow, max-snippet:-1, max-image-preview:large, max-video-preview:-1\" \/>\n<link rel=\"canonical\" href=\"https:\/\/www.correiobraziliense.com.br\/cbradar\/dicas-essenciais-para-curtir-o-carnaval-sem-perder-a-saude\/\" \/>\n<meta property=\"og:locale\" content=\"pt_BR\" \/>\n<meta property=\"og:type\" content=\"article\" \/>\n<meta property=\"og:title\" content=\"Dicas essenciais para curtir o carnaval sem perder a sa\u00fade!\" \/>\n<meta property=\"og:description\" content=\"Aproveite o Carnaval sem se prejudicar! Dicas de sa\u00fade e seguran\u00e7a para curtir a festa com modera\u00e7\u00e3o, se hidratar e se proteger do sol.\" \/>\n<meta property=\"og:url\" content=\"https:\/\/www.correiobraziliense.com.br\/cbradar\/dicas-essenciais-para-curtir-o-carnaval-sem-perder-a-saude\/\" \/>\n<meta property=\"og:site_name\" content=\"Correio Braziliense - Radar\" \/>\n<meta property=\"article:published_time\" content=\"2025-02-27T22:50:00+00:00\" \/>\n<meta property=\"og:image\" content=\"https:\/\/www.correiobraziliense.com.br\/cbradar\/wp-content\/uploads\/2025\/02\/bloco-de-carnaval_1740595382234.jpg\" \/>\n\t<meta property=\"og:image:width\" content=\"1280\" \/>\n\t<meta property=\"og:image:height\" content=\"720\" \/>\n\t<meta property=\"og:image:type\" content=\"image\/jpeg\" \/>\n<meta name=\"author\" content=\"Larissa Carvalho\" \/>\n<meta name=\"twitter:card\" content=\"summary_large_image\" \/>\n<meta name=\"twitter:label1\" content=\"Escrito por\" \/>\n\t<meta name=\"twitter:data1\" content=\"Larissa Carvalho\" \/>\n\t<meta name=\"twitter:label2\" content=\"Est. tempo de leitura\" \/>\n\t<meta name=\"twitter:data2\" content=\"4 minutos\" \/>\n<!-- \/ Yoast SEO plugin. -->","yoast_head_json":{"title":"Dicas essenciais para curtir o carnaval sem perder a sa\u00fade!","description":"Aproveite o Carnaval sem se prejudicar! Dicas de sa\u00fade e seguran\u00e7a para curtir a festa com modera\u00e7\u00e3o, se hidratar e se proteger do sol.","robots":{"index":"index","follow":"follow","max-snippet":"max-snippet:-1","max-image-preview":"max-image-preview:large","max-video-preview":"max-video-preview:-1"},"canonical":"https:\/\/www.correiobraziliense.com.br\/cbradar\/dicas-essenciais-para-curtir-o-carnaval-sem-perder-a-saude\/","og_locale":"pt_BR","og_type":"article","og_title":"Dicas essenciais para curtir o carnaval sem perder a sa\u00fade!","og_description":"Aproveite o Carnaval sem se prejudicar! Dicas de sa\u00fade e seguran\u00e7a para curtir a festa com modera\u00e7\u00e3o, se hidratar e se proteger do sol.","og_url":"https:\/\/www.correiobraziliense.com.br\/cbradar\/dicas-essenciais-para-curtir-o-carnaval-sem-perder-a-saude\/","og_site_name":"Correio Braziliense - Radar","article_published_time":"2025-02-27T22:50:00+00:00","og_image":[{"width":1280,"height":720,"url":"https:\/\/www.correiobraziliense.com.br\/cbradar\/wp-content\/uploads\/2025\/02\/bloco-de-carnaval_1740595382234.jpg","type":"image\/jpeg"}],"author":"Larissa Carvalho","twitter_card":"summary_large_image","twitter_misc":{"Escrito por":"Larissa Carvalho","Est. tempo de leitura":"4 minutos"},"schema":{"@context":"https:\/\/schema.org","@graph":[{"@type":"WebPage","@id":"https:\/\/www.correiobraziliense.com.br\/cbradar\/dicas-essenciais-para-curtir-o-carnaval-sem-perder-a-saude\/","url":"https:\/\/www.correiobraziliense.com.br\/cbradar\/dicas-essenciais-para-curtir-o-carnaval-sem-perder-a-saude\/","name":"Dicas essenciais para curtir o carnaval sem perder a sa\u00fade!","isPartOf":{"@id":"https:\/\/www.correiobraziliense.com.br\/cbradar\/#website"},"primaryImageOfPage":{"@id":"https:\/\/www.correiobraziliense.com.br\/cbradar\/dicas-essenciais-para-curtir-o-carnaval-sem-perder-a-saude\/#primaryimage"},"image":{"@id":"https:\/\/www.correiobraziliense.com.br\/cbradar\/dicas-essenciais-para-curtir-o-carnaval-sem-perder-a-saude\/#primaryimage"},"thumbnailUrl":"https:\/\/www.correiobraziliense.com.br\/cbradar\/wp-content\/uploads\/2025\/02\/bloco-de-carnaval_1740595382234.jpg","datePublished":"2025-02-27T22:50:00+00:00","author":{"@id":"https:\/\/www.correiobraziliense.com.br\/cbradar\/#\/schema\/person\/58422787644df994b53a19d3e56c1513"},"description":"Aproveite o Carnaval sem se prejudicar! Dicas de sa\u00fade e seguran\u00e7a para curtir a festa com modera\u00e7\u00e3o, se hidratar e se proteger do sol.","breadcrumb":{"@id":"https:\/\/www.correiobraziliense.com.br\/cbradar\/dicas-essenciais-para-curtir-o-carnaval-sem-perder-a-saude\/#breadcrumb"},"inLanguage":"pt-BR","potentialAction":[{"@type":"ReadAction","target":["https:\/\/www.correiobraziliense.com.br\/cbradar\/dicas-essenciais-para-curtir-o-carnaval-sem-perder-a-saude\/"]}]},{"@type":"ImageObject","inLanguage":"pt-BR","@id":"https:\/\/www.correiobraziliense.com.br\/cbradar\/dicas-essenciais-para-curtir-o-carnaval-sem-perder-a-saude\/#primaryimage","url":"https:\/\/www.correiobraziliense.com.br\/cbradar\/wp-content\/uploads\/2025\/02\/bloco-de-carnaval_1740595382234.jpg","contentUrl":"https:\/\/www.correiobraziliense.com.br\/cbradar\/wp-content\/uploads\/2025\/02\/bloco-de-carnaval_1740595382234.jpg","width":1280,"height":720,"caption":"carnaval com seguran\u00e7a Cr\u00e9ditos: depositphotos.com \/ joasouza"},{"@type":"BreadcrumbList","@id":"https:\/\/www.correiobraziliense.com.br\/cbradar\/dicas-essenciais-para-curtir-o-carnaval-sem-perder-a-saude\/#breadcrumb","itemListElement":[{"@type":"ListItem","position":1,"name":"In\u00edcio","item":"https:\/\/www.correiobraziliense.com.br\/cbradar\/"},{"@type":"ListItem","position":2,"name":"Dicas essenciais para curtir o carnaval sem perder a sa\u00fade!"}]},{"@type":"WebSite","@id":"https:\/\/www.correiobraziliense.com.br\/cbradar\/#website","url":"https:\/\/www.correiobraziliense.com.br\/cbradar\/","name":"Correio Braziliense - Radar","description":"Acompanhe as \u00faltimas not\u00edcias e fique bem informado sobre tudo o que acontece no Brasil e no mundo.","potentialAction":[{"@type":"SearchAction","target":{"@type":"EntryPoint","urlTemplate":"https:\/\/www.correiobraziliense.com.br\/cbradar\/?s={search_term_string}"},"query-input":{"@type":"PropertyValueSpecification","valueRequired":true,"valueName":"search_term_string"}}],"inLanguage":"pt-BR"},{"@type":"Person","@id":"https:\/\/www.correiobraziliense.com.br\/cbradar\/#\/schema\/person\/58422787644df994b53a19d3e56c1513","name":"Larissa Carvalho","image":{"@type":"ImageObject","inLanguage":"pt-BR","@id":"https:\/\/www.correiobraziliense.com.br\/cbradar\/#\/schema\/person\/image\/","url":"https:\/\/secure.gravatar.com\/avatar\/fe4f91a0de32b52a838d0d612abdc1aa?s=96&d=mm&r=g","contentUrl":"https:\/\/secure.gravatar.com\/avatar\/fe4f91a0de32b52a838d0d612abdc1aa?s=96&d=mm&r=g","caption":"Larissa Carvalho"},"url":"https:\/\/www.correiobraziliense.com.br\/cbradar\/author\/larissamyth\/"}]}},"_links":{"self":[{"href":"https:\/\/www.correiobraziliense.com.br\/cbradar\/wp-json\/wp\/v2\/posts\/6358","targetHints":{"allow":["GET"]}}],"collection":[{"href":"https:\/\/www.correiobraziliense.com.br\/cbradar\/wp-json\/wp\/v2\/posts"}],"about":[{"href":"https:\/\/www.correiobraziliense.com.br\/cbradar\/wp-json\/wp\/v2\/types\/post"}],"author":[{"embeddable":true,"href":"https:\/\/www.correiobraziliense.com.br\/cbradar\/wp-json\/wp\/v2\/users\/3"}],"replies":[{"embeddable":true,"href":"https:\/\/www.correiobraziliense.com.br\/cbradar\/wp-json\/wp\/v2\/comments?post=6358"}],"version-history":[{"count":2,"href":"https:\/\/www.correiobraziliense.com.br\/cbradar\/wp-json\/wp\/v2\/posts\/6358\/revisions"}],"predecessor-version":[{"id":6389,"href":"https:\/\/www.correiobraziliense.com.br\/cbradar\/wp-json\/wp\/v2\/posts\/6358\/revisions\/6389"}],"wp:featuredmedia":[{"embeddable":true,"href":"https:\/\/www.correiobraziliense.com.br\/cbradar\/wp-json\/wp\/v2\/media\/6365"}],"wp:attachment":[{"href":"https:\/\/www.correiobraziliense.com.br\/cbradar\/wp-json\/wp\/v2\/media?parent=6358"}],"wp:term":[{"taxonomy":"category","embeddable":true,"href":"https:\/\/www.correiobraziliense.com.br\/cbradar\/wp-json\/wp\/v2\/categories?post=6358"},{"taxonomy":"post_tag","embeddable":true,"href":"https:\/\/www.correiobraziliense.com.br\/cbradar\/wp-json\/wp\/v2\/post_tag?post=6358"}],"curies":[{"name":"wp","href":"https:\/\/api.w.org\/{rel}","templated":true}]}}