{"id":63585,"date":"2025-07-03T14:03:00","date_gmt":"2025-07-03T17:03:00","guid":{"rendered":"https:\/\/www.correiobraziliense.com.br\/cbradar\/?p=63585"},"modified":"2025-07-02T18:11:50","modified_gmt":"2025-07-02T21:11:50","slug":"5-cuidados-indispensaveis-para-proteger-seu-cachorro-do-calor-no-verao","status":"publish","type":"post","link":"https:\/\/www.correiobraziliense.com.br\/cbradar\/5-cuidados-indispensaveis-para-proteger-seu-cachorro-do-calor-no-verao\/","title":{"rendered":"5 cuidados indispens\u00e1veis para proteger seu cachorro do calor no ver\u00e3o"},"content":{"rendered":"\n<p>Durante o ver\u00e3o, muitos tutores buscam aproveitar o tempo livre para realizar atividades ao ar livre com seus c\u00e3es, como caminhadas em trilhas, banhos de rio ou idas \u00e0 praia. No entanto, a esta\u00e7\u00e3o mais quente do ano traz consigo desafios importantes para a sa\u00fade e o bem-estar dos animais de estima\u00e7\u00e3o. O calor intenso pode representar riscos s\u00e9rios, exigindo aten\u00e7\u00e3o redobrada para garantir que os c\u00e3es permane\u00e7am seguros e confort\u00e1veis.<\/p>\n\n\n\n<p>O aumento das temperaturas afeta diretamente o organismo dos c\u00e3es, tornando-os mais vulner\u00e1veis a problemas como desidrata\u00e7\u00e3o, queimaduras nas patas e at\u00e9 mesmo o perigoso golpe de calor. Por isso, <strong>\u00e9 fundamental conhecer os principais cuidados necess\u00e1rios para proteger os pets durante os meses mais quentes e evitar situa\u00e7\u00f5es que possam prejudicar sua sa\u00fade f\u00edsica e emocional.<\/strong><\/p>\n\n\n\n<h2 class=\"wp-block-heading\">Quais s\u00e3o os principais riscos do calor para os c\u00e3es?<\/h2>\n\n\n\n<p><strong>O calor excessivo pode causar uma s\u00e9rie de complica\u00e7\u00f5es para os c\u00e3es, principalmente durante passeios em hor\u00e1rios inadequados ou quando expostos a superf\u00edcies quentes.<\/strong> O asfalto, por exemplo, pode atingir temperaturas muito superiores \u00e0 do ar, provocando queimaduras graves nas almofadas das patas. Al\u00e9m disso, <strong>a exposi\u00e7\u00e3o prolongada ao sol pode levar \u00e0 hipertermia, condi\u00e7\u00e3o que exige atendimento veterin\u00e1rio imediato.<\/strong><\/p>\n\n\n\n<p><strong>Outro risco frequente \u00e9 deixar o animal dentro do carro, mesmo que por poucos minutos.<\/strong> O interior de ve\u00edculos estacionados aquece rapidamente, podendo se tornar fatal para o c\u00e3o em quest\u00e3o de minutos. Ambientes fechados e mal ventilados tamb\u00e9m devem ser evitados, j\u00e1 que dificultam a dissipa\u00e7\u00e3o do calor corporal do animal.<\/p>\n\n\n\n<h2 class=\"wp-block-heading\">Como proteger o c\u00e3o durante o ver\u00e3o?<\/h2>\n\n\n\n<p><strong>Para garantir o bem-estar do pet durante o ver\u00e3o, algumas medidas simples podem ser adotadas no dia a dia.<\/strong> Confira as principais recomenda\u00e7\u00f5es:<\/p>\n\n\n\n<ul class=\"wp-block-list\">\n<li><strong>Evitar passeios nos hor\u00e1rios mais quentes:<\/strong> Prefira sair com o c\u00e3o nas primeiras horas da manh\u00e3 ou ap\u00f3s o p\u00f4r do sol, quando a temperatura est\u00e1 mais amena.<\/li>\n\n\n\n<li><strong>Oferecer \u00e1gua fresca e limpa:<\/strong> Mantenha sempre recipientes com \u00e1gua \u00e0 disposi\u00e7\u00e3o, trocando com frequ\u00eancia para evitar o superaquecimento.<\/li>\n\n\n\n<li><strong>Proteger as patas:<\/strong> Antes de sair, verifique a temperatura do solo. Uma dica \u00e9 encostar o dorso da m\u00e3o no asfalto por alguns segundos; se estiver desconfort\u00e1vel para voc\u00ea, tamb\u00e9m estar\u00e1 para o animal.<\/li>\n\n\n\n<li><strong>Evitar locais fechados e abafados:<\/strong> Ambientes com pouca circula\u00e7\u00e3o de ar aumentam o risco de superaquecimento.<\/li>\n\n\n\n<li><strong>Jamais deixar o c\u00e3o sozinho no carro:<\/strong> Mesmo com janelas abertas, a temperatura interna pode subir rapidamente.<\/li>\n<\/ul>\n\n\n\n<figure class=\"wp-block-image size-large\"><img decoding=\"async\" width=\"1024\" height=\"576\" src=\"https:\/\/www.correiobraziliense.com.br\/cbradar\/wp-content\/uploads\/2025\/07\/cachorro_1751490685248-1024x576.jpg\" alt=\"5 cuidados indispens\u00e1veis para proteger seu cachorro do calor no ver\u00e3o\" class=\"wp-image-63589\" srcset=\"https:\/\/www.correiobraziliense.com.br\/cbradar\/wp-content\/uploads\/2025\/07\/cachorro_1751490685248-1024x576.jpg 1024w, https:\/\/www.correiobraziliense.com.br\/cbradar\/wp-content\/uploads\/2025\/07\/cachorro_1751490685248-300x169.jpg 300w, https:\/\/www.correiobraziliense.com.br\/cbradar\/wp-content\/uploads\/2025\/07\/cachorro_1751490685248-768x432.jpg 768w, https:\/\/www.correiobraziliense.com.br\/cbradar\/wp-content\/uploads\/2025\/07\/cachorro_1751490685248-750x422.jpg 750w, https:\/\/www.correiobraziliense.com.br\/cbradar\/wp-content\/uploads\/2025\/07\/cachorro_1751490685248-1140x641.jpg 1140w, https:\/\/www.correiobraziliense.com.br\/cbradar\/wp-content\/uploads\/2025\/07\/cachorro_1751490685248.jpg 1280w\" sizes=\"(max-width: 1024px) 100vw, 1024px\" \/><figcaption class=\"wp-element-caption\">cachorro. Cr\u00e9ditos: depositphotos.com \/ AllaSerebrina<\/figcaption><\/figure>\n\n\n\n<h2 class=\"wp-block-heading\">Quais atividades podem ser prejudiciais para o c\u00e3o no ver\u00e3o?<\/h2>\n\n\n\n<p><strong>Algumas pr\u00e1ticas comuns durante o ver\u00e3o podem ser prejudiciais aos c\u00e3es, mesmo que feitas com boa inten\u00e7\u00e3o.<\/strong> Levar o animal \u00e0 praia, por exemplo, exige aten\u00e7\u00e3o especial: a exposi\u00e7\u00e3o prolongada ao sol, o contato com a areia quente e a dificuldade de acesso \u00e0 sombra podem causar desconforto e problemas de sa\u00fade. Al\u00e9m disso, banhos frequentes para refrescar o c\u00e3o devem ser realizados com cuidado, evitando molhar excessivamente regi\u00f5es sens\u00edveis como ouvidos e olhos.<\/p>\n\n\n\n<p><strong>Outra situa\u00e7\u00e3o que merece cautela \u00e9 o uso de ar-condicionado.<\/strong> Embora o ambiente fresco seja importante, a exposi\u00e7\u00e3o direta ao fluxo de ar frio pode causar ressecamento das vias respirat\u00f3rias e dores musculares, especialmente em c\u00e3es idosos ou com problemas articulares. O ideal \u00e9 manter o ambiente arejado e utilizar o ar-condicionado de forma moderada, sempre monitorando o comportamento do animal.<\/p>\n\n\n\n<h2 class=\"wp-block-heading\">O que fazer se o c\u00e3o apresentar sinais de desconforto?<\/h2>\n\n\n\n<p><strong>Durante o ver\u00e3o, \u00e9 importante observar atentamente qualquer altera\u00e7\u00e3o no comportamento do c\u00e3o.<\/strong> Sinais como respira\u00e7\u00e3o ofegante, saliva\u00e7\u00e3o excessiva, apatia, dificuldade para se levantar ou andar e recusa de alimentos podem indicar que o animal est\u00e1 sofrendo com o calor. Nesses casos, \u00e9 recomendado:<\/p>\n\n\n\n<ol class=\"wp-block-list\">\n<li>Levar o c\u00e3o imediatamente para um local fresco e ventilado.<\/li>\n\n\n\n<li>Oferecer \u00e1gua em pequenas quantidades.<\/li>\n\n\n\n<li>Umedecer levemente as patas e a barriga com \u00e1gua fresca, sem exageros.<\/li>\n\n\n\n<li>Buscar orienta\u00e7\u00e3o veterin\u00e1ria caso os sintomas persistam.<\/li>\n<\/ol>\n\n\n\n<p><strong>O ver\u00e3o pode ser uma \u00f3tima oportunidade para fortalecer o v\u00ednculo com o c\u00e3o, desde que sejam respeitados os limites do animal e tomadas as precau\u00e7\u00f5es necess\u00e1rias.<\/strong> A aten\u00e7\u00e3o aos sinais de desconforto e a ado\u00e7\u00e3o de h\u00e1bitos seguros s\u00e3o essenciais para garantir que o pet aproveite a esta\u00e7\u00e3o de forma saud\u00e1vel e tranquila.<\/p>\n","protected":false},"excerpt":{"rendered":"<p>C\u00e3es sofrem com altas temperaturas e podem desidratar rapidamente. Descubra cuidados essenciais para manter o pet seguro e confort\u00e1vel no ver\u00e3o.<\/p>\n","protected":false},"author":3,"featured_media":63588,"comment_status":"open","ping_status":"open","sticky":false,"template":"","format":"standard","meta":{"_yoast_wpseo_focuskw":"cachorro calor ver\u00e3o","_yoast_wpseo_title":"%%title%%","_yoast_wpseo_metadesc":"C\u00e3es sofrem com altas temperaturas e podem desidratar rapidamente. Descubra cuidados essenciais para manter o pet seguro e confort\u00e1vel no ver\u00e3o.","jnews-multi-image_gallery":[],"jnews_single_post":{"format":"standard"},"jnews_primary_category":[],"jnews_social_meta":[],"jnews_override_counter":[],"footnotes":""},"categories":[112],"post_tag":[1977,378,144],"class_list":["post-63585","post","type-post","status-publish","format-standard","has-post-thumbnail","hentry","category-curiosidades","tag-animais-de-estimacao","tag-cachorro","tag-curiosidades"],"yoast_head":"<!-- This site is optimized with the Yoast SEO plugin v24.6 - https:\/\/yoast.com\/wordpress\/plugins\/seo\/ -->\n<title>5 cuidados indispens\u00e1veis para proteger seu cachorro do calor no ver\u00e3o<\/title>\n<meta name=\"description\" content=\"C\u00e3es sofrem com altas temperaturas e podem desidratar rapidamente. Descubra cuidados essenciais para manter o pet seguro e confort\u00e1vel no ver\u00e3o.\" \/>\n<meta name=\"robots\" content=\"index, follow, max-snippet:-1, max-image-preview:large, max-video-preview:-1\" \/>\n<link rel=\"canonical\" href=\"https:\/\/www.correiobraziliense.com.br\/cbradar\/5-cuidados-indispensaveis-para-proteger-seu-cachorro-do-calor-no-verao\/\" \/>\n<meta property=\"og:locale\" content=\"pt_BR\" \/>\n<meta property=\"og:type\" content=\"article\" \/>\n<meta property=\"og:title\" content=\"5 cuidados indispens\u00e1veis para proteger seu cachorro do calor no ver\u00e3o\" \/>\n<meta property=\"og:description\" content=\"C\u00e3es sofrem com altas temperaturas e podem desidratar rapidamente. Descubra cuidados essenciais para manter o pet seguro e confort\u00e1vel no ver\u00e3o.\" \/>\n<meta property=\"og:url\" content=\"https:\/\/www.correiobraziliense.com.br\/cbradar\/5-cuidados-indispensaveis-para-proteger-seu-cachorro-do-calor-no-verao\/\" \/>\n<meta property=\"og:site_name\" content=\"Correio Braziliense - Radar\" \/>\n<meta property=\"article:published_time\" content=\"2025-07-03T17:03:00+00:00\" \/>\n<meta property=\"og:image\" content=\"https:\/\/www.correiobraziliense.com.br\/cbradar\/wp-content\/uploads\/2025\/07\/cachorro_1751490660390.jpg\" \/>\n\t<meta property=\"og:image:width\" content=\"1280\" \/>\n\t<meta property=\"og:image:height\" content=\"720\" \/>\n\t<meta property=\"og:image:type\" content=\"image\/jpeg\" \/>\n<meta name=\"author\" content=\"Larissa Carvalho\" \/>\n<meta name=\"twitter:card\" content=\"summary_large_image\" \/>\n<meta name=\"twitter:label1\" content=\"Escrito por\" \/>\n\t<meta name=\"twitter:data1\" content=\"Larissa Carvalho\" \/>\n\t<meta name=\"twitter:label2\" content=\"Est. tempo de leitura\" \/>\n\t<meta name=\"twitter:data2\" content=\"5 minutos\" \/>\n<!-- \/ Yoast SEO plugin. -->","yoast_head_json":{"title":"5 cuidados indispens\u00e1veis para proteger seu cachorro do calor no ver\u00e3o","description":"C\u00e3es sofrem com altas temperaturas e podem desidratar rapidamente. Descubra cuidados essenciais para manter o pet seguro e confort\u00e1vel no ver\u00e3o.","robots":{"index":"index","follow":"follow","max-snippet":"max-snippet:-1","max-image-preview":"max-image-preview:large","max-video-preview":"max-video-preview:-1"},"canonical":"https:\/\/www.correiobraziliense.com.br\/cbradar\/5-cuidados-indispensaveis-para-proteger-seu-cachorro-do-calor-no-verao\/","og_locale":"pt_BR","og_type":"article","og_title":"5 cuidados indispens\u00e1veis para proteger seu cachorro do calor no ver\u00e3o","og_description":"C\u00e3es sofrem com altas temperaturas e podem desidratar rapidamente. Descubra cuidados essenciais para manter o pet seguro e confort\u00e1vel no ver\u00e3o.","og_url":"https:\/\/www.correiobraziliense.com.br\/cbradar\/5-cuidados-indispensaveis-para-proteger-seu-cachorro-do-calor-no-verao\/","og_site_name":"Correio Braziliense - Radar","article_published_time":"2025-07-03T17:03:00+00:00","og_image":[{"width":1280,"height":720,"url":"https:\/\/www.correiobraziliense.com.br\/cbradar\/wp-content\/uploads\/2025\/07\/cachorro_1751490660390.jpg","type":"image\/jpeg"}],"author":"Larissa Carvalho","twitter_card":"summary_large_image","twitter_misc":{"Escrito por":"Larissa Carvalho","Est. tempo de leitura":"5 minutos"},"schema":{"@context":"https:\/\/schema.org","@graph":[{"@type":"WebPage","@id":"https:\/\/www.correiobraziliense.com.br\/cbradar\/5-cuidados-indispensaveis-para-proteger-seu-cachorro-do-calor-no-verao\/","url":"https:\/\/www.correiobraziliense.com.br\/cbradar\/5-cuidados-indispensaveis-para-proteger-seu-cachorro-do-calor-no-verao\/","name":"5 cuidados indispens\u00e1veis para proteger seu cachorro do calor no ver\u00e3o","isPartOf":{"@id":"https:\/\/www.correiobraziliense.com.br\/cbradar\/#website"},"primaryImageOfPage":{"@id":"https:\/\/www.correiobraziliense.com.br\/cbradar\/5-cuidados-indispensaveis-para-proteger-seu-cachorro-do-calor-no-verao\/#primaryimage"},"image":{"@id":"https:\/\/www.correiobraziliense.com.br\/cbradar\/5-cuidados-indispensaveis-para-proteger-seu-cachorro-do-calor-no-verao\/#primaryimage"},"thumbnailUrl":"https:\/\/www.correiobraziliense.com.br\/cbradar\/wp-content\/uploads\/2025\/07\/cachorro_1751490660390.jpg","datePublished":"2025-07-03T17:03:00+00:00","author":{"@id":"https:\/\/www.correiobraziliense.com.br\/cbradar\/#\/schema\/person\/58422787644df994b53a19d3e56c1513"},"description":"C\u00e3es sofrem com altas temperaturas e podem desidratar rapidamente. Descubra cuidados essenciais para manter o pet seguro e confort\u00e1vel no ver\u00e3o.","breadcrumb":{"@id":"https:\/\/www.correiobraziliense.com.br\/cbradar\/5-cuidados-indispensaveis-para-proteger-seu-cachorro-do-calor-no-verao\/#breadcrumb"},"inLanguage":"pt-BR","potentialAction":[{"@type":"ReadAction","target":["https:\/\/www.correiobraziliense.com.br\/cbradar\/5-cuidados-indispensaveis-para-proteger-seu-cachorro-do-calor-no-verao\/"]}]},{"@type":"ImageObject","inLanguage":"pt-BR","@id":"https:\/\/www.correiobraziliense.com.br\/cbradar\/5-cuidados-indispensaveis-para-proteger-seu-cachorro-do-calor-no-verao\/#primaryimage","url":"https:\/\/www.correiobraziliense.com.br\/cbradar\/wp-content\/uploads\/2025\/07\/cachorro_1751490660390.jpg","contentUrl":"https:\/\/www.correiobraziliense.com.br\/cbradar\/wp-content\/uploads\/2025\/07\/cachorro_1751490660390.jpg","width":1280,"height":720,"caption":"cachorro. Cr\u00e9ditos: depositphotos.com \/ lifeonwhite"},{"@type":"BreadcrumbList","@id":"https:\/\/www.correiobraziliense.com.br\/cbradar\/5-cuidados-indispensaveis-para-proteger-seu-cachorro-do-calor-no-verao\/#breadcrumb","itemListElement":[{"@type":"ListItem","position":1,"name":"In\u00edcio","item":"https:\/\/www.correiobraziliense.com.br\/cbradar\/"},{"@type":"ListItem","position":2,"name":"5 cuidados indispens\u00e1veis para proteger seu cachorro do calor no ver\u00e3o"}]},{"@type":"WebSite","@id":"https:\/\/www.correiobraziliense.com.br\/cbradar\/#website","url":"https:\/\/www.correiobraziliense.com.br\/cbradar\/","name":"Correio Braziliense - Radar","description":"Acompanhe as \u00faltimas not\u00edcias e fique bem informado sobre tudo o que acontece no Brasil e no mundo.","potentialAction":[{"@type":"SearchAction","target":{"@type":"EntryPoint","urlTemplate":"https:\/\/www.correiobraziliense.com.br\/cbradar\/?s={search_term_string}"},"query-input":{"@type":"PropertyValueSpecification","valueRequired":true,"valueName":"search_term_string"}}],"inLanguage":"pt-BR"},{"@type":"Person","@id":"https:\/\/www.correiobraziliense.com.br\/cbradar\/#\/schema\/person\/58422787644df994b53a19d3e56c1513","name":"Larissa Carvalho","image":{"@type":"ImageObject","inLanguage":"pt-BR","@id":"https:\/\/www.correiobraziliense.com.br\/cbradar\/#\/schema\/person\/image\/","url":"https:\/\/secure.gravatar.com\/avatar\/fe4f91a0de32b52a838d0d612abdc1aa?s=96&d=mm&r=g","contentUrl":"https:\/\/secure.gravatar.com\/avatar\/fe4f91a0de32b52a838d0d612abdc1aa?s=96&d=mm&r=g","caption":"Larissa Carvalho"},"url":"https:\/\/www.correiobraziliense.com.br\/cbradar\/author\/larissamyth\/"}]}},"_links":{"self":[{"href":"https:\/\/www.correiobraziliense.com.br\/cbradar\/wp-json\/wp\/v2\/posts\/63585","targetHints":{"allow":["GET"]}}],"collection":[{"href":"https:\/\/www.correiobraziliense.com.br\/cbradar\/wp-json\/wp\/v2\/posts"}],"about":[{"href":"https:\/\/www.correiobraziliense.com.br\/cbradar\/wp-json\/wp\/v2\/types\/post"}],"author":[{"embeddable":true,"href":"https:\/\/www.correiobraziliense.com.br\/cbradar\/wp-json\/wp\/v2\/users\/3"}],"replies":[{"embeddable":true,"href":"https:\/\/www.correiobraziliense.com.br\/cbradar\/wp-json\/wp\/v2\/comments?post=63585"}],"version-history":[{"count":2,"href":"https:\/\/www.correiobraziliense.com.br\/cbradar\/wp-json\/wp\/v2\/posts\/63585\/revisions"}],"predecessor-version":[{"id":63591,"href":"https:\/\/www.correiobraziliense.com.br\/cbradar\/wp-json\/wp\/v2\/posts\/63585\/revisions\/63591"}],"wp:featuredmedia":[{"embeddable":true,"href":"https:\/\/www.correiobraziliense.com.br\/cbradar\/wp-json\/wp\/v2\/media\/63588"}],"wp:attachment":[{"href":"https:\/\/www.correiobraziliense.com.br\/cbradar\/wp-json\/wp\/v2\/media?parent=63585"}],"wp:term":[{"taxonomy":"category","embeddable":true,"href":"https:\/\/www.correiobraziliense.com.br\/cbradar\/wp-json\/wp\/v2\/categories?post=63585"},{"taxonomy":"post_tag","embeddable":true,"href":"https:\/\/www.correiobraziliense.com.br\/cbradar\/wp-json\/wp\/v2\/post_tag?post=63585"}],"curies":[{"name":"wp","href":"https:\/\/api.w.org\/{rel}","templated":true}]}}