{"id":63667,"date":"2025-07-03T20:23:00","date_gmt":"2025-07-03T23:23:00","guid":{"rendered":"https:\/\/www.correiobraziliense.com.br\/cbradar\/?p=63667"},"modified":"2025-07-02T19:45:13","modified_gmt":"2025-07-02T22:45:13","slug":"julho-tera-os-fenomenos-astronomicos-mais-incriveis-do-ano","status":"publish","type":"post","link":"https:\/\/www.correiobraziliense.com.br\/cbradar\/julho-tera-os-fenomenos-astronomicos-mais-incriveis-do-ano\/","title":{"rendered":"Julho ter\u00e1 os fen\u00f4menos astron\u00f4micos mais incr\u00edveis do ano"},"content":{"rendered":"\n<p>O m\u00eas de julho de 2025 reserva uma s\u00e9rie de fen\u00f4menos astron\u00f4micos que prometem encantar observadores do c\u00e9u em todo o <strong>Hemisf\u00e9rio Norte<\/strong>, especialmente na <strong>Am\u00e9rica do Norte<\/strong>. Entre os principais destaques est\u00e3o chuvas de meteoros, conjun\u00e7\u00f5es planet\u00e1rias e a presen\u00e7a marcante da Lua cheia. Esses eventos proporcionam oportunidades \u00fanicas para quem deseja apreciar o universo a olho nu ou com instrumentos simples, como bin\u00f3culos.<\/p>\n\n\n\n<p>Durante este per\u00edodo, \u00e9 poss\u00edvel acompanhar a movimenta\u00e7\u00e3o de planetas como <strong>Merc\u00fario<\/strong>, <strong>V\u00eanus<\/strong>, <strong>Marte<\/strong>, <strong>J\u00fapiter<\/strong> e <strong>Saturno<\/strong>, al\u00e9m de fen\u00f4menos como o apogeu da <strong>Terra<\/strong> em rela\u00e7\u00e3o ao <strong>Sol<\/strong> e a chegada da aguardada chuva de meteoros <strong>Perseidas<\/strong>. O c\u00e9u noturno de julho se transforma em um verdadeiro palco para diferentes espet\u00e1culos celestes, tornando-se um convite para sair de casa e observar as estrelas.<\/p>\n\n\n\n<h2 class=\"wp-block-heading\">Quais s\u00e3o os principais eventos astron\u00f4micos de julho de 2025?<\/h2>\n\n\n\n<p><strong>Logo no in\u00edcio do m\u00eas, a Terra atinge o chamado af\u00e9lio, o ponto mais distante de sua \u00f3rbita em rela\u00e7\u00e3o ao Sol.<\/strong> Esse fen\u00f4meno ocorre no dia 3 de julho e, embora a diferen\u00e7a de dist\u00e2ncia seja pequena em termos percentuais, o Sol aparece um pouco menor no c\u00e9u. Para observar o astro com seguran\u00e7a, \u00e9 indispens\u00e1vel o uso de \u00f3culos pr\u00f3prios para eclipses solares.<\/p>\n\n\n\n<p><strong>Na sequ\u00eancia, entre os dias 4 e 5 de julho, Marte e Merc\u00fario se destacam no horizonte oeste logo ap\u00f3s o p\u00f4r do sol.<\/strong> J\u00e1 na madrugada do dia 5, V\u00eanus surge brilhante no nordeste, abaixo do aglomerado estelar das Pl\u00eaiades, proporcionando um espet\u00e1culo visual que pode ser apreciado sem equipamentos especiais.<\/p>\n\n\n\n<h2 class=\"wp-block-heading\">Chuva de meteoros Perseidas: quando come\u00e7a e como observar?<\/h2>\n\n\n\n<p><strong>Um dos eventos mais aguardados do m\u00eas \u00e9 o in\u00edcio da chuva de meteoros Perseidas, conhecida por proporcionar rastros luminosos intensos no c\u00e9u.<\/strong> O fen\u00f4meno tem in\u00edcio por volta do dia 17 de julho, quando os primeiros meteoros podem ser vistos ap\u00f3s a meia-noite, especialmente na dire\u00e7\u00e3o nordeste. Embora o \u00e1pice das Perseidas ocorra em agosto, j\u00e1 \u00e9 poss\u00edvel observar alguns meteoros durante as noites de julho, principalmente em locais com pouca polui\u00e7\u00e3o luminosa.<\/p>\n\n\n\n<p>Para aproveitar ao m\u00e1ximo a observa\u00e7\u00e3o das Perseidas, recomenda-se:<\/p>\n\n\n\n<ul class=\"wp-block-list\">\n<li>Escolher \u00e1reas afastadas das luzes urbanas;<\/li>\n\n\n\n<li>Levar cadeiras ou mantas para maior conforto;<\/li>\n\n\n\n<li>Olhar para regi\u00f5es amplas do c\u00e9u, sem focar em um ponto espec\u00edfico;<\/li>\n\n\n\n<li>Chegar cedo para permitir que os olhos se adaptem \u00e0 escurid\u00e3o.<\/li>\n<\/ul>\n\n\n\n<figure class=\"wp-block-image size-large\"><img decoding=\"async\" width=\"1024\" height=\"576\" src=\"https:\/\/www.correiobraziliense.com.br\/cbradar\/wp-content\/uploads\/2025\/07\/espaco_1751496288270-1024x576.jpg\" alt=\"Julho ter\u00e1 os fen\u00f4menos astron\u00f4micos mais incr\u00edveis do ano\" class=\"wp-image-63671\" srcset=\"https:\/\/www.correiobraziliense.com.br\/cbradar\/wp-content\/uploads\/2025\/07\/espaco_1751496288270-1024x576.jpg 1024w, https:\/\/www.correiobraziliense.com.br\/cbradar\/wp-content\/uploads\/2025\/07\/espaco_1751496288270-300x169.jpg 300w, https:\/\/www.correiobraziliense.com.br\/cbradar\/wp-content\/uploads\/2025\/07\/espaco_1751496288270-768x432.jpg 768w, https:\/\/www.correiobraziliense.com.br\/cbradar\/wp-content\/uploads\/2025\/07\/espaco_1751496288270-750x422.jpg 750w, https:\/\/www.correiobraziliense.com.br\/cbradar\/wp-content\/uploads\/2025\/07\/espaco_1751496288270-1140x642.jpg 1140w, https:\/\/www.correiobraziliense.com.br\/cbradar\/wp-content\/uploads\/2025\/07\/espaco_1751496288270.jpg 1279w\" sizes=\"(max-width: 1024px) 100vw, 1024px\" \/><figcaption class=\"wp-element-caption\">espa\u00e7o. Cr\u00e9ditos: depositphotos.com \/ savitskiy.lev<\/figcaption><\/figure>\n\n\n\n<h2 class=\"wp-block-heading\">Outros fen\u00f4menos celestes em destaque no m\u00eas<\/h2>\n\n\n\n<p><strong>Al\u00e9m das Perseidas, julho de 2025 reserva outros acontecimentos de destaque.<\/strong> No dia 10, ocorre a Lua cheia de julho, conhecida como &#8220;Buck Moon&#8221;, que pode ser vista subindo no horizonte leste ao entardecer. Este evento marca a primeira Lua cheia do ver\u00e3o no Hemisf\u00e9rio Norte e costuma apresentar um tom alaranjado devido \u00e0 sua posi\u00e7\u00e3o baixa no c\u00e9u.<\/p>\n\n\n\n<p><strong>Outro momento interessante acontece na madrugada do dia 15, quando a Lua, em fase minguante, aparece pr\u00f3xima a Saturno no c\u00e9u oriental.<\/strong> J\u00e1 no dia 20, uma delicada Lua crescente se aproxima do aglomerado das Pl\u00eaiades, enquanto no dia 27, a Lua e Marte compartilham o c\u00e9u logo ap\u00f3s o p\u00f4r do sol, formando uma dupla de f\u00e1cil identifica\u00e7\u00e3o.<\/p>\n\n\n\n<h2 class=\"wp-block-heading\">Como se preparar para a observa\u00e7\u00e3o do c\u00e9u em julho?<\/h2>\n\n\n\n<p><strong>Para quem deseja acompanhar esses fen\u00f4menos, algumas dicas podem facilitar a experi\u00eancia:<\/strong><\/p>\n\n\n\n<ol class=\"wp-block-list\">\n<li>Verificar a previs\u00e3o do tempo para garantir c\u00e9u limpo;<\/li>\n\n\n\n<li>Utilizar aplicativos de astronomia para localizar planetas e estrelas;<\/li>\n\n\n\n<li>Levar bin\u00f3culos para ampliar detalhes de aglomerados estelares e conjun\u00e7\u00f5es;<\/li>\n\n\n\n<li>Evitar o uso de lanternas brancas, preferindo luzes vermelhas para n\u00e3o prejudicar a adapta\u00e7\u00e3o dos olhos \u00e0 escurid\u00e3o.<\/li>\n<\/ol>\n\n\n\n<p><strong>Julho de 2025 se mostra um m\u00eas repleto de oportunidades para quem deseja explorar o universo a partir do pr\u00f3prio quintal.<\/strong> Com aten\u00e7\u00e3o aos hor\u00e1rios e posi\u00e7\u00f5es dos fen\u00f4menos, \u00e9 poss\u00edvel vivenciar momentos \u00fanicos e ampliar o conhecimento sobre o c\u00e9u noturno, aproveitando cada detalhe das maravilhas celestes oferecidas nesta \u00e9poca do ano.<\/p>\n","protected":false},"excerpt":{"rendered":"<p>Prepare-se para noites inesquec\u00edveis: saiba os melhores dias para ver meteoros, planetas e a superlua em julho. Dicas para observar tudo de casa!<\/p>\n","protected":false},"author":3,"featured_media":63670,"comment_status":"open","ping_status":"open","sticky":false,"template":"","format":"standard","meta":{"_yoast_wpseo_focuskw":"julho astronomia","_yoast_wpseo_title":"%%title%%","_yoast_wpseo_metadesc":"Prepare-se para noites inesquec\u00edveis: saiba os melhores dias para ver meteoros, planetas e a superlua em julho. Dicas para observar tudo de casa!","jnews-multi-image_gallery":[],"jnews_single_post":{"format":"standard"},"jnews_primary_category":[],"jnews_social_meta":[],"jnews_override_counter":[],"footnotes":""},"categories":[112],"post_tag":[179,144,759,2747],"class_list":["post-63667","post","type-post","status-publish","format-standard","has-post-thumbnail","hentry","category-curiosidades","tag-astronomia","tag-curiosidades","tag-espaco","tag-universo"],"yoast_head":"<!-- This site is optimized with the Yoast SEO plugin v24.6 - https:\/\/yoast.com\/wordpress\/plugins\/seo\/ -->\n<title>Julho ter\u00e1 os fen\u00f4menos astron\u00f4micos mais incr\u00edveis do ano<\/title>\n<meta name=\"description\" content=\"Prepare-se para noites inesquec\u00edveis: saiba os melhores dias para ver meteoros, planetas e a superlua em julho. Dicas para observar tudo de casa!\" \/>\n<meta name=\"robots\" content=\"index, follow, max-snippet:-1, max-image-preview:large, max-video-preview:-1\" \/>\n<link rel=\"canonical\" href=\"https:\/\/www.correiobraziliense.com.br\/cbradar\/julho-tera-os-fenomenos-astronomicos-mais-incriveis-do-ano\/\" \/>\n<meta property=\"og:locale\" content=\"pt_BR\" \/>\n<meta property=\"og:type\" content=\"article\" \/>\n<meta property=\"og:title\" content=\"Julho ter\u00e1 os fen\u00f4menos astron\u00f4micos mais incr\u00edveis do ano\" \/>\n<meta property=\"og:description\" content=\"Prepare-se para noites inesquec\u00edveis: saiba os melhores dias para ver meteoros, planetas e a superlua em julho. Dicas para observar tudo de casa!\" \/>\n<meta property=\"og:url\" content=\"https:\/\/www.correiobraziliense.com.br\/cbradar\/julho-tera-os-fenomenos-astronomicos-mais-incriveis-do-ano\/\" \/>\n<meta property=\"og:site_name\" content=\"Correio Braziliense - Radar\" \/>\n<meta property=\"article:published_time\" content=\"2025-07-03T23:23:00+00:00\" \/>\n<meta property=\"og:image\" content=\"https:\/\/www.correiobraziliense.com.br\/cbradar\/wp-content\/uploads\/2025\/07\/espaco_1751496260683.jpg\" \/>\n\t<meta property=\"og:image:width\" content=\"1280\" \/>\n\t<meta property=\"og:image:height\" content=\"720\" \/>\n\t<meta property=\"og:image:type\" content=\"image\/jpeg\" \/>\n<meta name=\"author\" content=\"Larissa Carvalho\" \/>\n<meta name=\"twitter:card\" content=\"summary_large_image\" \/>\n<meta name=\"twitter:label1\" content=\"Escrito por\" \/>\n\t<meta name=\"twitter:data1\" content=\"Larissa Carvalho\" \/>\n\t<meta name=\"twitter:label2\" content=\"Est. tempo de leitura\" \/>\n\t<meta name=\"twitter:data2\" content=\"4 minutos\" \/>\n<!-- \/ Yoast SEO plugin. -->","yoast_head_json":{"title":"Julho ter\u00e1 os fen\u00f4menos astron\u00f4micos mais incr\u00edveis do ano","description":"Prepare-se para noites inesquec\u00edveis: saiba os melhores dias para ver meteoros, planetas e a superlua em julho. Dicas para observar tudo de casa!","robots":{"index":"index","follow":"follow","max-snippet":"max-snippet:-1","max-image-preview":"max-image-preview:large","max-video-preview":"max-video-preview:-1"},"canonical":"https:\/\/www.correiobraziliense.com.br\/cbradar\/julho-tera-os-fenomenos-astronomicos-mais-incriveis-do-ano\/","og_locale":"pt_BR","og_type":"article","og_title":"Julho ter\u00e1 os fen\u00f4menos astron\u00f4micos mais incr\u00edveis do ano","og_description":"Prepare-se para noites inesquec\u00edveis: saiba os melhores dias para ver meteoros, planetas e a superlua em julho. Dicas para observar tudo de casa!","og_url":"https:\/\/www.correiobraziliense.com.br\/cbradar\/julho-tera-os-fenomenos-astronomicos-mais-incriveis-do-ano\/","og_site_name":"Correio Braziliense - Radar","article_published_time":"2025-07-03T23:23:00+00:00","og_image":[{"width":1280,"height":720,"url":"https:\/\/www.correiobraziliense.com.br\/cbradar\/wp-content\/uploads\/2025\/07\/espaco_1751496260683.jpg","type":"image\/jpeg"}],"author":"Larissa Carvalho","twitter_card":"summary_large_image","twitter_misc":{"Escrito por":"Larissa Carvalho","Est. tempo de leitura":"4 minutos"},"schema":{"@context":"https:\/\/schema.org","@graph":[{"@type":"WebPage","@id":"https:\/\/www.correiobraziliense.com.br\/cbradar\/julho-tera-os-fenomenos-astronomicos-mais-incriveis-do-ano\/","url":"https:\/\/www.correiobraziliense.com.br\/cbradar\/julho-tera-os-fenomenos-astronomicos-mais-incriveis-do-ano\/","name":"Julho ter\u00e1 os fen\u00f4menos astron\u00f4micos mais incr\u00edveis do ano","isPartOf":{"@id":"https:\/\/www.correiobraziliense.com.br\/cbradar\/#website"},"primaryImageOfPage":{"@id":"https:\/\/www.correiobraziliense.com.br\/cbradar\/julho-tera-os-fenomenos-astronomicos-mais-incriveis-do-ano\/#primaryimage"},"image":{"@id":"https:\/\/www.correiobraziliense.com.br\/cbradar\/julho-tera-os-fenomenos-astronomicos-mais-incriveis-do-ano\/#primaryimage"},"thumbnailUrl":"https:\/\/www.correiobraziliense.com.br\/cbradar\/wp-content\/uploads\/2025\/07\/espaco_1751496260683.jpg","datePublished":"2025-07-03T23:23:00+00:00","author":{"@id":"https:\/\/www.correiobraziliense.com.br\/cbradar\/#\/schema\/person\/58422787644df994b53a19d3e56c1513"},"description":"Prepare-se para noites inesquec\u00edveis: saiba os melhores dias para ver meteoros, planetas e a superlua em julho. Dicas para observar tudo de casa!","breadcrumb":{"@id":"https:\/\/www.correiobraziliense.com.br\/cbradar\/julho-tera-os-fenomenos-astronomicos-mais-incriveis-do-ano\/#breadcrumb"},"inLanguage":"pt-BR","potentialAction":[{"@type":"ReadAction","target":["https:\/\/www.correiobraziliense.com.br\/cbradar\/julho-tera-os-fenomenos-astronomicos-mais-incriveis-do-ano\/"]}]},{"@type":"ImageObject","inLanguage":"pt-BR","@id":"https:\/\/www.correiobraziliense.com.br\/cbradar\/julho-tera-os-fenomenos-astronomicos-mais-incriveis-do-ano\/#primaryimage","url":"https:\/\/www.correiobraziliense.com.br\/cbradar\/wp-content\/uploads\/2025\/07\/espaco_1751496260683.jpg","contentUrl":"https:\/\/www.correiobraziliense.com.br\/cbradar\/wp-content\/uploads\/2025\/07\/espaco_1751496260683.jpg","width":1280,"height":720,"caption":"Espa\u00e7o. Cr\u00e9ditos: depositphotos.com \/ whatawin"},{"@type":"BreadcrumbList","@id":"https:\/\/www.correiobraziliense.com.br\/cbradar\/julho-tera-os-fenomenos-astronomicos-mais-incriveis-do-ano\/#breadcrumb","itemListElement":[{"@type":"ListItem","position":1,"name":"In\u00edcio","item":"https:\/\/www.correiobraziliense.com.br\/cbradar\/"},{"@type":"ListItem","position":2,"name":"Julho ter\u00e1 os fen\u00f4menos astron\u00f4micos mais incr\u00edveis do ano"}]},{"@type":"WebSite","@id":"https:\/\/www.correiobraziliense.com.br\/cbradar\/#website","url":"https:\/\/www.correiobraziliense.com.br\/cbradar\/","name":"Correio Braziliense - Radar","description":"Acompanhe as \u00faltimas not\u00edcias e fique bem informado sobre tudo o que acontece no Brasil e no mundo.","potentialAction":[{"@type":"SearchAction","target":{"@type":"EntryPoint","urlTemplate":"https:\/\/www.correiobraziliense.com.br\/cbradar\/?s={search_term_string}"},"query-input":{"@type":"PropertyValueSpecification","valueRequired":true,"valueName":"search_term_string"}}],"inLanguage":"pt-BR"},{"@type":"Person","@id":"https:\/\/www.correiobraziliense.com.br\/cbradar\/#\/schema\/person\/58422787644df994b53a19d3e56c1513","name":"Larissa Carvalho","image":{"@type":"ImageObject","inLanguage":"pt-BR","@id":"https:\/\/www.correiobraziliense.com.br\/cbradar\/#\/schema\/person\/image\/","url":"https:\/\/secure.gravatar.com\/avatar\/fe4f91a0de32b52a838d0d612abdc1aa?s=96&d=mm&r=g","contentUrl":"https:\/\/secure.gravatar.com\/avatar\/fe4f91a0de32b52a838d0d612abdc1aa?s=96&d=mm&r=g","caption":"Larissa Carvalho"},"url":"https:\/\/www.correiobraziliense.com.br\/cbradar\/author\/larissamyth\/"}]}},"_links":{"self":[{"href":"https:\/\/www.correiobraziliense.com.br\/cbradar\/wp-json\/wp\/v2\/posts\/63667","targetHints":{"allow":["GET"]}}],"collection":[{"href":"https:\/\/www.correiobraziliense.com.br\/cbradar\/wp-json\/wp\/v2\/posts"}],"about":[{"href":"https:\/\/www.correiobraziliense.com.br\/cbradar\/wp-json\/wp\/v2\/types\/post"}],"author":[{"embeddable":true,"href":"https:\/\/www.correiobraziliense.com.br\/cbradar\/wp-json\/wp\/v2\/users\/3"}],"replies":[{"embeddable":true,"href":"https:\/\/www.correiobraziliense.com.br\/cbradar\/wp-json\/wp\/v2\/comments?post=63667"}],"version-history":[{"count":2,"href":"https:\/\/www.correiobraziliense.com.br\/cbradar\/wp-json\/wp\/v2\/posts\/63667\/revisions"}],"predecessor-version":[{"id":63672,"href":"https:\/\/www.correiobraziliense.com.br\/cbradar\/wp-json\/wp\/v2\/posts\/63667\/revisions\/63672"}],"wp:featuredmedia":[{"embeddable":true,"href":"https:\/\/www.correiobraziliense.com.br\/cbradar\/wp-json\/wp\/v2\/media\/63670"}],"wp:attachment":[{"href":"https:\/\/www.correiobraziliense.com.br\/cbradar\/wp-json\/wp\/v2\/media?parent=63667"}],"wp:term":[{"taxonomy":"category","embeddable":true,"href":"https:\/\/www.correiobraziliense.com.br\/cbradar\/wp-json\/wp\/v2\/categories?post=63667"},{"taxonomy":"post_tag","embeddable":true,"href":"https:\/\/www.correiobraziliense.com.br\/cbradar\/wp-json\/wp\/v2\/post_tag?post=63667"}],"curies":[{"name":"wp","href":"https:\/\/api.w.org\/{rel}","templated":true}]}}