{"id":6367,"date":"2025-02-27T13:30:00","date_gmt":"2025-02-27T16:30:00","guid":{"rendered":"https:\/\/www.correiobraziliense.com.br\/cbradar\/?p=6367"},"modified":"2025-02-27T02:13:29","modified_gmt":"2025-02-27T05:13:29","slug":"aprenda-a-plantar-laranja-em-casa-com-essas-dicas-simples","status":"publish","type":"post","link":"https:\/\/www.correiobraziliense.com.br\/cbradar\/aprenda-a-plantar-laranja-em-casa-com-essas-dicas-simples\/","title":{"rendered":"Aprenda a plantar laranja em casa com essas dicas simples"},"content":{"rendered":"\n<p>Come\u00e7ar o dia com um suco de laranja fresco \u00e9 uma maneira revigorante de se energizar. No entanto, nem sempre \u00e9 pr\u00e1tico ir ao mercado apenas para comprar frutas. Por isso, <a href=\"https:\/\/www.correiobraziliense.com.br\/cbradar\/como-plantar-acerola-de-um-jeito-simples-e-pratico\/\">aprender a plantar<\/a> uma laranjeira pode ser uma solu\u00e7\u00e3o pr\u00e1tica e sustent\u00e1vel. Este artigo fornece um guia detalhado sobre como cultivar sua pr\u00f3pria laranjeira, garantindo frutas frescas e saborosas diretamente do seu quintal.<\/p>\n\n\n\n<p>Al\u00e9m de serem deliciosas, as laranjas oferecem in\u00fameros benef\u00edcios \u00e0 sa\u00fade. Ter uma laranjeira em casa pode ser uma \u00f3tima maneira de garantir um suprimento constante dessa fruta nutritiva. O cultivo de laranjeiras envolve v\u00e1rias etapas, desde a prepara\u00e7\u00e3o do solo at\u00e9 a colheita, e \u00e9 importante seguir cada uma delas para garantir uma \u00e1rvore saud\u00e1vel e produtiva.<\/p>\n\n\n\n<h2 class=\"wp-block-heading\"><strong>Por que plantar uma laranjeira?<\/strong><\/h2>\n\n\n\n<p>As laranjas s\u00e3o conhecidas por suas propriedades saud\u00e1veis, incluindo a alta concentra\u00e7\u00e3o de vitamina C, que fortalece o sistema imunol\u00f3gico. Al\u00e9m disso, ter uma laranjeira em casa pode proporcionar um ambiente mais verde e agrad\u00e1vel. No entanto, para que a \u00e1rvore cres\u00e7a forte e produza frutos, \u00e9 necess\u00e1rio adotar pr\u00e1ticas de cultivo adequadas.<\/p>\n\n\n\n<figure class=\"wp-block-image size-large\"><img decoding=\"async\" width=\"1024\" height=\"576\" src=\"https:\/\/www.correiobraziliense.com.br\/cbradar\/wp-content\/uploads\/2025\/02\/laranja_1740595825540-1024x576.jpg\" alt=\"Aprenda a plantar laranja em casa com essas dicas simples\" class=\"wp-image-6372\" srcset=\"https:\/\/www.correiobraziliense.com.br\/cbradar\/wp-content\/uploads\/2025\/02\/laranja_1740595825540-1024x576.jpg 1024w, https:\/\/www.correiobraziliense.com.br\/cbradar\/wp-content\/uploads\/2025\/02\/laranja_1740595825540-300x169.jpg 300w, https:\/\/www.correiobraziliense.com.br\/cbradar\/wp-content\/uploads\/2025\/02\/laranja_1740595825540-768x432.jpg 768w, https:\/\/www.correiobraziliense.com.br\/cbradar\/wp-content\/uploads\/2025\/02\/laranja_1740595825540-750x422.jpg 750w, https:\/\/www.correiobraziliense.com.br\/cbradar\/wp-content\/uploads\/2025\/02\/laranja_1740595825540-1140x641.jpg 1140w, https:\/\/www.correiobraziliense.com.br\/cbradar\/wp-content\/uploads\/2025\/02\/laranja_1740595825540.jpg 1280w\" sizes=\"(max-width: 1024px) 100vw, 1024px\" \/><figcaption class=\"wp-element-caption\">Laranja. Cr\u00e9ditos: depositphotos.com \/ TarasMalyarevich<\/figcaption><\/figure>\n\n\n\n<h2 class=\"wp-block-heading\"><strong>Quais s\u00e3o os m\u00e9todos de plantio?<\/strong><\/h2>\n\n\n\n<p>Existem dois m\u00e9todos principais para plantar uma laranjeira: atrav\u00e9s de mudas ou sementes. O plantio por mudas \u00e9 geralmente mais r\u00e1pido e eficiente, enquanto o plantio por sementes pode ser um processo mais longo e desafiador. A escolha do m\u00e9todo depende do tempo e dos recursos dispon\u00edveis para o cultivo.<\/p>\n\n\n\n<h2 class=\"wp-block-heading\"><strong>Como plantar laranjeira por muda?<\/strong><\/h2>\n\n\n\n<p>O plantio por muda \u00e9 recomendado para quem deseja resultados mais r\u00e1pidos. As mudas podem ser adquiridas em viveiros licenciados e geralmente t\u00eam cerca de um metro de altura. Para plantar, \u00e9 necess\u00e1rio preparar um vaso grande, com capacidade entre 60 e 100 litros, e garantir uma boa drenagem. O solo deve ser composto por uma mistura de argila expandida, substrato e calc\u00e1rio em p\u00f3.<\/p>\n\n\n\n<ul class=\"wp-block-list\">\n<li>Escolha uma muda saud\u00e1vel e de boa proced\u00eancia.<\/li>\n\n\n\n<li>Prepare o vaso com argila expandida no fundo para drenagem.<\/li>\n\n\n\n<li>Misture partes iguais de substrato e calc\u00e1rio em p\u00f3.<\/li>\n\n\n\n<li>Plante a muda e cubra as ra\u00edzes com o substrato preparado.<\/li>\n<\/ul>\n\n\n\n<h2 class=\"wp-block-heading\"><strong>\u00c9 poss\u00edvel plantar laranjeira por semente?<\/strong><\/h2>\n\n\n\n<p>Sim, plantar laranjeira por semente \u00e9 uma alternativa, embora mais demorada. As sementes devem ser retiradas de laranjas maduras, limpas e deixadas de molho em \u00e1gua por um dia antes do plantio. O vaso inicial deve ser pequeno, com boa drenagem, e o solo preparado com argila expandida e substrato.<\/p>\n\n\n\n<ol class=\"wp-block-list\">\n<li>Limpe as sementes de laranja e deixe-as de molho por 24 horas.<\/li>\n\n\n\n<li>Plante as sementes em um vaso pequeno com argila expandida e substrato.<\/li>\n\n\n\n<li>Transfira a planta para vasos maiores conforme ela cresce.<\/li>\n<\/ol>\n\n\n\n<h2 class=\"wp-block-heading\"><strong>Quando \u00e9 a melhor \u00e9poca para plantar laranjeira?<\/strong><\/h2>\n\n\n\n<p>A \u00e9poca ideal para plantar laranjeiras \u00e9 no in\u00edcio da esta\u00e7\u00e3o chuvosa, quando o solo est\u00e1 naturalmente mais \u00famido. No entanto, com um sistema de irriga\u00e7\u00e3o adequado, o plantio pode ser realizado em qualquer \u00e9poca do ano. Dias nublados s\u00e3o prefer\u00edveis para o plantio, pois ajudam no pegamento das mudas.<\/p>\n\n\n\n<h2 class=\"wp-block-heading\"><strong>Cuidados essenciais para o cultivo de laranjeiras<\/strong><\/h2>\n\n\n\n<p>Para garantir que sua laranjeira cres\u00e7a saud\u00e1vel, \u00e9 fundamental adotar alguns cuidados di\u00e1rios. A irriga\u00e7\u00e3o deve ser feita de modo que o solo permane\u00e7a \u00famido, mas sem encharcar. A aduba\u00e7\u00e3o regular com nutrientes adequados \u00e9 essencial, assim como a poda de galhos secos e mal posicionados.<\/p>\n\n\n\n<ul class=\"wp-block-list\">\n<li>Mantenha o solo \u00famido, mas evite o excesso de \u00e1gua.<\/li>\n\n\n\n<li>Adube regularmente com mat\u00e9ria org\u00e2nica.<\/li>\n\n\n\n<li>Pode galhos secos para estimular o crescimento saud\u00e1vel.<\/li>\n<\/ul>\n\n\n\n<h2 class=\"wp-block-heading\"><strong>Erros comuns ao plantar laranjeira<\/strong><\/h2>\n\n\n\n<p>Alguns erros podem comprometer o desenvolvimento da laranjeira. \u00c9 importante escolher um local com boa incid\u00eancia solar e preparar o solo adequadamente. Al\u00e9m disso, a irriga\u00e7\u00e3o deve ser feita com cuidado para evitar o encharcamento, e a poda regular \u00e9 essencial para a sa\u00fade da \u00e1rvore.<\/p>\n\n\n\n<p>Com essas dicas, cultivar uma laranjeira em casa pode ser uma experi\u00eancia gratificante e produtiva. Aproveite para desfrutar de laranjas frescas e saborosas, colhidas diretamente do seu quintal.<\/p>\n","protected":false},"excerpt":{"rendered":"<p>Aprenda como plantar laranjeira e ter sua pr\u00f3pria \u00e1rvore frut\u00edfera em casa. Dicas de cultivo, cuidados e muito mais!<\/p>\n","protected":false},"author":3,"featured_media":6370,"comment_status":"open","ping_status":"open","sticky":false,"template":"","format":"standard","meta":{"_yoast_wpseo_focuskw":"laranja","_yoast_wpseo_title":"%%title%%","_yoast_wpseo_metadesc":"Aprenda como plantar laranjeira e ter sua pr\u00f3pria \u00e1rvore frut\u00edfera em casa. Dicas de cultivo, cuidados e muito mais!","jnews-multi-image_gallery":[],"jnews_single_post":{"format":"standard"},"jnews_primary_category":[],"jnews_social_meta":[],"jnews_override_counter":[],"footnotes":""},"categories":[136],"post_tag":[137,867],"class_list":["post-6367","post","type-post","status-publish","format-standard","has-post-thumbnail","hentry","category-jardinagem","tag-como-plantar","tag-laranja"],"yoast_head":"<!-- This site is optimized with the Yoast SEO plugin v24.6 - https:\/\/yoast.com\/wordpress\/plugins\/seo\/ -->\n<title>Aprenda a plantar laranja em casa com essas dicas simples<\/title>\n<meta name=\"description\" content=\"Aprenda como plantar laranjeira e ter sua pr\u00f3pria \u00e1rvore frut\u00edfera em casa. Dicas de cultivo, cuidados e muito mais!\" \/>\n<meta name=\"robots\" content=\"index, follow, max-snippet:-1, max-image-preview:large, max-video-preview:-1\" \/>\n<link rel=\"canonical\" href=\"https:\/\/www.correiobraziliense.com.br\/cbradar\/aprenda-a-plantar-laranja-em-casa-com-essas-dicas-simples\/\" \/>\n<meta property=\"og:locale\" content=\"pt_BR\" \/>\n<meta property=\"og:type\" content=\"article\" \/>\n<meta property=\"og:title\" content=\"Aprenda a plantar laranja em casa com essas dicas simples\" \/>\n<meta property=\"og:description\" content=\"Aprenda como plantar laranjeira e ter sua pr\u00f3pria \u00e1rvore frut\u00edfera em casa. Dicas de cultivo, cuidados e muito mais!\" \/>\n<meta property=\"og:url\" content=\"https:\/\/www.correiobraziliense.com.br\/cbradar\/aprenda-a-plantar-laranja-em-casa-com-essas-dicas-simples\/\" \/>\n<meta property=\"og:site_name\" content=\"Correio Braziliense - Radar\" \/>\n<meta property=\"article:published_time\" content=\"2025-02-27T16:30:00+00:00\" \/>\n<meta property=\"og:image\" content=\"https:\/\/www.correiobraziliense.com.br\/cbradar\/wp-content\/uploads\/2025\/02\/laranja_1740595742752.jpg\" \/>\n\t<meta property=\"og:image:width\" content=\"1280\" \/>\n\t<meta property=\"og:image:height\" content=\"720\" \/>\n\t<meta property=\"og:image:type\" content=\"image\/jpeg\" \/>\n<meta name=\"author\" content=\"Larissa Carvalho\" \/>\n<meta name=\"twitter:card\" content=\"summary_large_image\" \/>\n<meta name=\"twitter:label1\" content=\"Escrito por\" \/>\n\t<meta name=\"twitter:data1\" content=\"Larissa Carvalho\" \/>\n\t<meta name=\"twitter:label2\" content=\"Est. tempo de leitura\" \/>\n\t<meta name=\"twitter:data2\" content=\"4 minutos\" \/>\n<!-- \/ Yoast SEO plugin. -->","yoast_head_json":{"title":"Aprenda a plantar laranja em casa com essas dicas simples","description":"Aprenda como plantar laranjeira e ter sua pr\u00f3pria \u00e1rvore frut\u00edfera em casa. Dicas de cultivo, cuidados e muito mais!","robots":{"index":"index","follow":"follow","max-snippet":"max-snippet:-1","max-image-preview":"max-image-preview:large","max-video-preview":"max-video-preview:-1"},"canonical":"https:\/\/www.correiobraziliense.com.br\/cbradar\/aprenda-a-plantar-laranja-em-casa-com-essas-dicas-simples\/","og_locale":"pt_BR","og_type":"article","og_title":"Aprenda a plantar laranja em casa com essas dicas simples","og_description":"Aprenda como plantar laranjeira e ter sua pr\u00f3pria \u00e1rvore frut\u00edfera em casa. Dicas de cultivo, cuidados e muito mais!","og_url":"https:\/\/www.correiobraziliense.com.br\/cbradar\/aprenda-a-plantar-laranja-em-casa-com-essas-dicas-simples\/","og_site_name":"Correio Braziliense - Radar","article_published_time":"2025-02-27T16:30:00+00:00","og_image":[{"width":1280,"height":720,"url":"https:\/\/www.correiobraziliense.com.br\/cbradar\/wp-content\/uploads\/2025\/02\/laranja_1740595742752.jpg","type":"image\/jpeg"}],"author":"Larissa Carvalho","twitter_card":"summary_large_image","twitter_misc":{"Escrito por":"Larissa Carvalho","Est. tempo de leitura":"4 minutos"},"schema":{"@context":"https:\/\/schema.org","@graph":[{"@type":"WebPage","@id":"https:\/\/www.correiobraziliense.com.br\/cbradar\/aprenda-a-plantar-laranja-em-casa-com-essas-dicas-simples\/","url":"https:\/\/www.correiobraziliense.com.br\/cbradar\/aprenda-a-plantar-laranja-em-casa-com-essas-dicas-simples\/","name":"Aprenda a plantar laranja em casa com essas dicas simples","isPartOf":{"@id":"https:\/\/www.correiobraziliense.com.br\/cbradar\/#website"},"primaryImageOfPage":{"@id":"https:\/\/www.correiobraziliense.com.br\/cbradar\/aprenda-a-plantar-laranja-em-casa-com-essas-dicas-simples\/#primaryimage"},"image":{"@id":"https:\/\/www.correiobraziliense.com.br\/cbradar\/aprenda-a-plantar-laranja-em-casa-com-essas-dicas-simples\/#primaryimage"},"thumbnailUrl":"https:\/\/www.correiobraziliense.com.br\/cbradar\/wp-content\/uploads\/2025\/02\/laranja_1740595742752.jpg","datePublished":"2025-02-27T16:30:00+00:00","author":{"@id":"https:\/\/www.correiobraziliense.com.br\/cbradar\/#\/schema\/person\/58422787644df994b53a19d3e56c1513"},"description":"Aprenda como plantar laranjeira e ter sua pr\u00f3pria \u00e1rvore frut\u00edfera em casa. Dicas de cultivo, cuidados e muito mais!","breadcrumb":{"@id":"https:\/\/www.correiobraziliense.com.br\/cbradar\/aprenda-a-plantar-laranja-em-casa-com-essas-dicas-simples\/#breadcrumb"},"inLanguage":"pt-BR","potentialAction":[{"@type":"ReadAction","target":["https:\/\/www.correiobraziliense.com.br\/cbradar\/aprenda-a-plantar-laranja-em-casa-com-essas-dicas-simples\/"]}]},{"@type":"ImageObject","inLanguage":"pt-BR","@id":"https:\/\/www.correiobraziliense.com.br\/cbradar\/aprenda-a-plantar-laranja-em-casa-com-essas-dicas-simples\/#primaryimage","url":"https:\/\/www.correiobraziliense.com.br\/cbradar\/wp-content\/uploads\/2025\/02\/laranja_1740595742752.jpg","contentUrl":"https:\/\/www.correiobraziliense.com.br\/cbradar\/wp-content\/uploads\/2025\/02\/laranja_1740595742752.jpg","width":1280,"height":720,"caption":"Laranja. Cr\u00e9ditos: depositphotos.com \/ VadimVasenin"},{"@type":"BreadcrumbList","@id":"https:\/\/www.correiobraziliense.com.br\/cbradar\/aprenda-a-plantar-laranja-em-casa-com-essas-dicas-simples\/#breadcrumb","itemListElement":[{"@type":"ListItem","position":1,"name":"In\u00edcio","item":"https:\/\/www.correiobraziliense.com.br\/cbradar\/"},{"@type":"ListItem","position":2,"name":"Aprenda a plantar laranja em casa com essas dicas simples"}]},{"@type":"WebSite","@id":"https:\/\/www.correiobraziliense.com.br\/cbradar\/#website","url":"https:\/\/www.correiobraziliense.com.br\/cbradar\/","name":"Correio Braziliense - Radar","description":"Acompanhe as \u00faltimas not\u00edcias e fique bem informado sobre tudo o que acontece no Brasil e no mundo.","potentialAction":[{"@type":"SearchAction","target":{"@type":"EntryPoint","urlTemplate":"https:\/\/www.correiobraziliense.com.br\/cbradar\/?s={search_term_string}"},"query-input":{"@type":"PropertyValueSpecification","valueRequired":true,"valueName":"search_term_string"}}],"inLanguage":"pt-BR"},{"@type":"Person","@id":"https:\/\/www.correiobraziliense.com.br\/cbradar\/#\/schema\/person\/58422787644df994b53a19d3e56c1513","name":"Larissa Carvalho","image":{"@type":"ImageObject","inLanguage":"pt-BR","@id":"https:\/\/www.correiobraziliense.com.br\/cbradar\/#\/schema\/person\/image\/","url":"https:\/\/secure.gravatar.com\/avatar\/fe4f91a0de32b52a838d0d612abdc1aa?s=96&d=mm&r=g","contentUrl":"https:\/\/secure.gravatar.com\/avatar\/fe4f91a0de32b52a838d0d612abdc1aa?s=96&d=mm&r=g","caption":"Larissa Carvalho"},"url":"https:\/\/www.correiobraziliense.com.br\/cbradar\/author\/larissamyth\/"}]}},"_links":{"self":[{"href":"https:\/\/www.correiobraziliense.com.br\/cbradar\/wp-json\/wp\/v2\/posts\/6367","targetHints":{"allow":["GET"]}}],"collection":[{"href":"https:\/\/www.correiobraziliense.com.br\/cbradar\/wp-json\/wp\/v2\/posts"}],"about":[{"href":"https:\/\/www.correiobraziliense.com.br\/cbradar\/wp-json\/wp\/v2\/types\/post"}],"author":[{"embeddable":true,"href":"https:\/\/www.correiobraziliense.com.br\/cbradar\/wp-json\/wp\/v2\/users\/3"}],"replies":[{"embeddable":true,"href":"https:\/\/www.correiobraziliense.com.br\/cbradar\/wp-json\/wp\/v2\/comments?post=6367"}],"version-history":[{"count":1,"href":"https:\/\/www.correiobraziliense.com.br\/cbradar\/wp-json\/wp\/v2\/posts\/6367\/revisions"}],"predecessor-version":[{"id":6373,"href":"https:\/\/www.correiobraziliense.com.br\/cbradar\/wp-json\/wp\/v2\/posts\/6367\/revisions\/6373"}],"wp:featuredmedia":[{"embeddable":true,"href":"https:\/\/www.correiobraziliense.com.br\/cbradar\/wp-json\/wp\/v2\/media\/6370"}],"wp:attachment":[{"href":"https:\/\/www.correiobraziliense.com.br\/cbradar\/wp-json\/wp\/v2\/media?parent=6367"}],"wp:term":[{"taxonomy":"category","embeddable":true,"href":"https:\/\/www.correiobraziliense.com.br\/cbradar\/wp-json\/wp\/v2\/categories?post=6367"},{"taxonomy":"post_tag","embeddable":true,"href":"https:\/\/www.correiobraziliense.com.br\/cbradar\/wp-json\/wp\/v2\/post_tag?post=6367"}],"curies":[{"name":"wp","href":"https:\/\/api.w.org\/{rel}","templated":true}]}}