{"id":64010,"date":"2025-07-05T13:23:00","date_gmt":"2025-07-05T16:23:00","guid":{"rendered":"https:\/\/www.correiobraziliense.com.br\/cbradar\/?p=64010"},"modified":"2025-07-03T09:56:08","modified_gmt":"2025-07-03T12:56:08","slug":"comer-queijo-antes-de-dormir-causa-pesadelos-entenda","status":"publish","type":"post","link":"https:\/\/www.correiobraziliense.com.br\/cbradar\/comer-queijo-antes-de-dormir-causa-pesadelos-entenda\/","title":{"rendered":"Comer queijo antes de dormir causa pesadelos? Entenda"},"content":{"rendered":"\n<p>A alimenta\u00e7\u00e3o desempenha um papel crucial na qualidade do sono, influenciando at\u00e9 mesmo os sonhos que as pessoas t\u00eam durante a noite. Um estudo recente publicado no peri\u00f3dico <strong>Frontiers in Psychology<\/strong>, destacou como certos alimentos, em particular os latic\u00ednios, podem impactar negativamente o sono. Os pesquisadores investigaram a rela\u00e7\u00e3o entre o consumo de Queijo e os <strong>Pesadelos<\/strong>, e descobriram que <a href=\"https:\/\/www.correiobraziliense.com.br\/cbradar\/o-que-anitta-ja-fez-cirurgias-plasticas-da-cantora-surpreendem\/\" target=\"_blank\" rel=\"noreferrer noopener\">pessoas <\/a>com intoler\u00e2ncia \u00e0 lactose podem experimentar mais interrup\u00e7\u00f5es noturnas.<\/p>\n\n\n\n<p>Conduzido por cientistas da Universidade de Montreal, no Canad\u00e1, o estudo abordou como quest\u00f5es gastrointestinais relacionadas \u00e0 intoler\u00e2ncia \u00e0 lactose poderiam influenciar negativamente os sonhos. Dores de est\u00f4mago e gases s\u00e3o sugeridos como potenciais causadores de um sono agitado, levando a  Pesadelos. A pesquisa aponta que pessoas com sensibilidades alimentares podem se beneficiar de ajustes na dieta para melhorar a qualidade do descanso noturno.<\/p>\n\n\n\n<h2 class=\"wp-block-heading\">Qual \u00e9 o Impacto da Intoler\u00e2ncia Alimentar nos Sonhos?<\/h2>\n\n\n\n<p>O estudo envolveu 1.082 estudantes da Universidade MacEwan, consultados sobre suas experi\u00eancias com sono e alimenta\u00e7\u00e3o. Aproximadamente um ter\u00e7o dos pesquisados relatou ter  Pesadelos regularmente, com mulheres destacando-se na lembran\u00e7a dos sonhos e maior propens\u00e3o a reportar intoler\u00e2ncias alimentares. Este grupo era duas vezes mais propenso a associar problemas como  Pesadelos \u00e0 dieta.<\/p>\n\n\n<div class=\"wp-block-image\">\n<figure class=\"aligncenter size-large\"><img decoding=\"async\" width=\"1024\" height=\"576\" src=\"https:\/\/www.correiobraziliense.com.br\/cbradar\/wp-content\/uploads\/2025\/07\/queijo_1751547263070-1024x576.jpg\" alt=\"\" class=\"wp-image-64011\" srcset=\"https:\/\/www.correiobraziliense.com.br\/cbradar\/wp-content\/uploads\/2025\/07\/queijo_1751547263070-1024x576.jpg 1024w, https:\/\/www.correiobraziliense.com.br\/cbradar\/wp-content\/uploads\/2025\/07\/queijo_1751547263070-300x169.jpg 300w, https:\/\/www.correiobraziliense.com.br\/cbradar\/wp-content\/uploads\/2025\/07\/queijo_1751547263070-768x432.jpg 768w, https:\/\/www.correiobraziliense.com.br\/cbradar\/wp-content\/uploads\/2025\/07\/queijo_1751547263070-750x422.jpg 750w, https:\/\/www.correiobraziliense.com.br\/cbradar\/wp-content\/uploads\/2025\/07\/queijo_1751547263070-1140x641.jpg 1140w, https:\/\/www.correiobraziliense.com.br\/cbradar\/wp-content\/uploads\/2025\/07\/queijo_1751547263070.jpg 1280w\" sizes=\"(max-width: 1024px) 100vw, 1024px\" \/><figcaption class=\"wp-element-caption\">Queijo &#8211; Cr\u00e9ditos: depositphotos.com \/ AllaSerebrina<\/figcaption><\/figure><\/div>\n\n\n<p>A pesquisa revelou que cerca de 40% dos entrevistados acreditavam que comer tarde, ou consumir determinados alimentos, afetava o sono. Doces, comidas apimentadas e latic\u00ednios foram frequentemente citados como respons\u00e1veis pela m\u00e1 qualidade do sono. Embora poucos participantes, aproximadamente 5,5%, atribu\u00edssem seus sonhos perturbadores diretamente \u00e0 alimenta\u00e7\u00e3o, muitos reconheceram a influ\u00eancia de doces e latic\u00ednios.<\/p>\n\n\n\n<h2 class=\"wp-block-heading\">Como a Dieta Influencia a Qualidade do Sono?<\/h2>\n\n\n\n<p>Uma das descobertas do estudo foi a associa\u00e7\u00e3o entre intoler\u00e2ncia \u00e0 lactose, m\u00e1 qualidade de sono e  Pesadelos com sintomas gastrointestinais. Pesadelos constantes podem levar ao despertar em um estado desconfort\u00e1vel e a uma tend\u00eancia de evitar o sono, comprometendo assim o descanso necess\u00e1rio para o organismo. Essa priva\u00e7\u00e3o de sono reparador pode ter consequ\u00eancias mais amplas para a sa\u00fade.<\/p>\n\n\n\n<p>As implica\u00e7\u00f5es do estudo ainda necessitam de mais pesquisas para serem completamente entendidas. Os autores ressaltam a necessidade de investiga\u00e7\u00f5es adicionais que ponderem diferentes faixas et\u00e1rias e h\u00e1bitos alimentares. Estudos experimentais futuros podem explorar se mudan\u00e7as espec\u00edficas na dieta, especialmente envolvendo latic\u00ednios, podem alterar o padr\u00e3o de sono e sonhos dos indiv\u00edduos.<\/p>\n\n\n\n<h2 class=\"wp-block-heading\">Quais s\u00e3o as Pr\u00f3ximas Etapas da Pesquisa?<\/h2>\n\n\n\n<p>Os pesquisadores destacam a import\u00e2ncia de ampliar o escopo das <a href=\"https:\/\/www.gov.br\/saude\/pt-br\" target=\"_blank\" rel=\"noreferrer noopener\">pesquisas <\/a>para confirmar as rela\u00e7\u00f5es observadas entre dieta e  Pesadelos. A inten\u00e7\u00e3o \u00e9 validar se os resultados s\u00e3o aplic\u00e1veis \u00e0 popula\u00e7\u00e3o de modo geral e investigar profundamente os mecanismos que vinculam sensa\u00e7\u00f5es corporais aos sonhos. Embora os resultados preliminares sejam promissores, h\u00e1 um reconhecimento de que muito ainda precisa ser explorado.<\/p>\n\n\n\n<p>Um dos futuros passos sugeridos envolve estudos controlados, nos quais participantes ingeririam queijo antes de dormir para avaliar o impacto nos sonhos e na qualidade do sono. Essa abordagem poderia fornecer evid\u00eancias mais contundentes sobre como alimentos espec\u00edficos influenciam a experi\u00eancia de sono das pessoas.<\/p>\n\n\n<a href=\"https:\/\/www.instagram.com\/dra.annaluisabf\/\" target=\"_blank\" rel=\"noopener\" style=\"text-decoration: none; color: inherit;\">\n    <span style=\"display: inline-block; border: 1px solid #ccc; border-radius: 10px; padding: 15px; max-width: 550px; font-family: sans-serif; box-shadow: 0 2px 5px rgba(0,0,0,0.1); width: 100%;\">\n\n      <!-- T\u00edtulo -->\n      <span style=\"display: block; margin: 0 0 15px 0; font-weight: bold; color: #2c3e50; text-align: center;\">\n        Entre em contato:\n      <\/span>\n\n      <!-- Linha do perfil -->\n      <span style=\"display: flex; align-items: center; gap: 15px;\">\n        <img decoding=\"async\"\n          src=\"https:\/\/www.correiobraziliense.com.br\/cbradar\/wp-content\/uploads\/2025\/08\/dra_anna_luisa.jpeg\"\n          alt=\"Foto da Dra. Anna Lu\u00edsa\"\n          style=\"border-radius: 50%; width: 80px; height: 80px; object-fit: cover;\"\n        \/>\n        <span style=\"display: flex; flex-direction: column;\">\n          <span style=\"font-size: 18px; font-weight: 700; color: #2c3e50;\">Dra. Anna Lu\u00edsa Barbosa Fernandes<\/span>\n          <span style=\"color: #555;\">CRM-GO 33.271<\/span>\n        <\/span>\n      <\/span>\n\n      <!-- Redes -->\n      <span style=\"display: flex; align-items: center; gap: 10px; margin-top: 12px;\">\n        <img decoding=\"async\" src=\"https:\/\/cdn-icons-png.flaticon.com\/24\/1384\/1384063.png\" alt=\"Instagram\" width=\"24\" height=\"24\" \/>\n        <span style=\"text-decoration: underline; color: #2c3e50;\">@dra.annaluisabf<\/span>\n      <\/span>\n\n    <\/span>\n  <\/a>\n\n\n<p><\/p>\n","protected":false},"excerpt":{"rendered":"<p>A alimenta\u00e7\u00e3o desempenha um papel crucial na qualidade do sono, influenciando at\u00e9 mesmo os sonhos que as pessoas t\u00eam durante a noite. Um estudo recente publicado no peri\u00f3dico Frontiers in Psychology, destacou como certos alimentos, em particular os latic\u00ednios, podem impactar negativamente o sono. Os pesquisadores investigaram a rela\u00e7\u00e3o entre o consumo de Queijo e [&hellip;]<\/p>\n","protected":false},"author":14,"featured_media":59204,"comment_status":"open","ping_status":"open","sticky":false,"template":"","format":"standard","meta":{"_yoast_wpseo_focuskw":"Pesadelos","_yoast_wpseo_title":"","_yoast_wpseo_metadesc":"A dieta pode influenciar seus sonhos? Estudo mostra que latic\u00ednios afetam o sono de quem tem intoler\u00e2ncia. Veja dicas para dormir melhor.","jnews-multi-image_gallery":[],"jnews_single_post":{"format":"standard"},"jnews_primary_category":[],"jnews_social_meta":[],"jnews_override_counter":[],"footnotes":""},"categories":[4404],"post_tag":[281,7592,3297,1313],"class_list":["post-64010","post","type-post","status-publish","format-standard","has-post-thumbnail","hentry","category-saude","tag-alimentacao","tag-intolerancia-alimentar","tag-pesadelos","tag-sono"],"yoast_head":"<!-- This site is optimized with the Yoast SEO plugin v24.6 - https:\/\/yoast.com\/wordpress\/plugins\/seo\/ -->\n<title>Comer queijo antes de dormir causa pesadelos? Entenda - Correio Braziliense - Radar<\/title>\n<meta name=\"description\" content=\"A dieta pode influenciar seus sonhos? Estudo mostra que latic\u00ednios afetam o sono de quem tem intoler\u00e2ncia. Veja dicas para dormir melhor.\" \/>\n<meta name=\"robots\" content=\"index, follow, max-snippet:-1, max-image-preview:large, max-video-preview:-1\" \/>\n<link rel=\"canonical\" href=\"https:\/\/www.correiobraziliense.com.br\/cbradar\/comer-queijo-antes-de-dormir-causa-pesadelos-entenda\/\" \/>\n<meta property=\"og:locale\" content=\"pt_BR\" \/>\n<meta property=\"og:type\" content=\"article\" \/>\n<meta property=\"og:title\" content=\"Comer queijo antes de dormir causa pesadelos? Entenda - Correio Braziliense - Radar\" \/>\n<meta property=\"og:description\" content=\"A dieta pode influenciar seus sonhos? Estudo mostra que latic\u00ednios afetam o sono de quem tem intoler\u00e2ncia. Veja dicas para dormir melhor.\" \/>\n<meta property=\"og:url\" content=\"https:\/\/www.correiobraziliense.com.br\/cbradar\/comer-queijo-antes-de-dormir-causa-pesadelos-entenda\/\" \/>\n<meta property=\"og:site_name\" content=\"Correio Braziliense - Radar\" \/>\n<meta property=\"article:published_time\" content=\"2025-07-05T16:23:00+00:00\" \/>\n<meta property=\"og:image\" content=\"https:\/\/www.correiobraziliense.com.br\/cbradar\/wp-content\/uploads\/2025\/06\/pesadelo_1750855872008.jpg\" \/>\n\t<meta property=\"og:image:width\" content=\"1280\" \/>\n\t<meta property=\"og:image:height\" content=\"720\" \/>\n\t<meta property=\"og:image:type\" content=\"image\/jpeg\" \/>\n<meta name=\"author\" content=\"guilherme_saude\" \/>\n<meta name=\"twitter:card\" content=\"summary_large_image\" \/>\n<meta name=\"twitter:label1\" content=\"Escrito por\" \/>\n\t<meta name=\"twitter:data1\" content=\"guilherme_saude\" \/>\n\t<meta name=\"twitter:label2\" content=\"Est. tempo de leitura\" \/>\n\t<meta name=\"twitter:data2\" content=\"4 minutos\" \/>\n<!-- \/ Yoast SEO plugin. -->","yoast_head_json":{"title":"Comer queijo antes de dormir causa pesadelos? Entenda - Correio Braziliense - Radar","description":"A dieta pode influenciar seus sonhos? Estudo mostra que latic\u00ednios afetam o sono de quem tem intoler\u00e2ncia. Veja dicas para dormir melhor.","robots":{"index":"index","follow":"follow","max-snippet":"max-snippet:-1","max-image-preview":"max-image-preview:large","max-video-preview":"max-video-preview:-1"},"canonical":"https:\/\/www.correiobraziliense.com.br\/cbradar\/comer-queijo-antes-de-dormir-causa-pesadelos-entenda\/","og_locale":"pt_BR","og_type":"article","og_title":"Comer queijo antes de dormir causa pesadelos? Entenda - Correio Braziliense - Radar","og_description":"A dieta pode influenciar seus sonhos? Estudo mostra que latic\u00ednios afetam o sono de quem tem intoler\u00e2ncia. Veja dicas para dormir melhor.","og_url":"https:\/\/www.correiobraziliense.com.br\/cbradar\/comer-queijo-antes-de-dormir-causa-pesadelos-entenda\/","og_site_name":"Correio Braziliense - Radar","article_published_time":"2025-07-05T16:23:00+00:00","og_image":[{"width":1280,"height":720,"url":"https:\/\/www.correiobraziliense.com.br\/cbradar\/wp-content\/uploads\/2025\/06\/pesadelo_1750855872008.jpg","type":"image\/jpeg"}],"author":"guilherme_saude","twitter_card":"summary_large_image","twitter_misc":{"Escrito por":"guilherme_saude","Est. tempo de leitura":"4 minutos"},"schema":{"@context":"https:\/\/schema.org","@graph":[{"@type":"WebPage","@id":"https:\/\/www.correiobraziliense.com.br\/cbradar\/comer-queijo-antes-de-dormir-causa-pesadelos-entenda\/","url":"https:\/\/www.correiobraziliense.com.br\/cbradar\/comer-queijo-antes-de-dormir-causa-pesadelos-entenda\/","name":"Comer queijo antes de dormir causa pesadelos? Entenda - Correio Braziliense - Radar","isPartOf":{"@id":"https:\/\/www.correiobraziliense.com.br\/cbradar\/#website"},"primaryImageOfPage":{"@id":"https:\/\/www.correiobraziliense.com.br\/cbradar\/comer-queijo-antes-de-dormir-causa-pesadelos-entenda\/#primaryimage"},"image":{"@id":"https:\/\/www.correiobraziliense.com.br\/cbradar\/comer-queijo-antes-de-dormir-causa-pesadelos-entenda\/#primaryimage"},"thumbnailUrl":"https:\/\/www.correiobraziliense.com.br\/cbradar\/wp-content\/uploads\/2025\/06\/pesadelo_1750855872008.jpg","datePublished":"2025-07-05T16:23:00+00:00","author":{"@id":"https:\/\/www.correiobraziliense.com.br\/cbradar\/#\/schema\/person\/5aa4bf3c8fa699c267933611de12978b"},"description":"A dieta pode influenciar seus sonhos? Estudo mostra que latic\u00ednios afetam o sono de quem tem intoler\u00e2ncia. Veja dicas para dormir melhor.","breadcrumb":{"@id":"https:\/\/www.correiobraziliense.com.br\/cbradar\/comer-queijo-antes-de-dormir-causa-pesadelos-entenda\/#breadcrumb"},"inLanguage":"pt-BR","potentialAction":[{"@type":"ReadAction","target":["https:\/\/www.correiobraziliense.com.br\/cbradar\/comer-queijo-antes-de-dormir-causa-pesadelos-entenda\/"]}]},{"@type":"ImageObject","inLanguage":"pt-BR","@id":"https:\/\/www.correiobraziliense.com.br\/cbradar\/comer-queijo-antes-de-dormir-causa-pesadelos-entenda\/#primaryimage","url":"https:\/\/www.correiobraziliense.com.br\/cbradar\/wp-content\/uploads\/2025\/06\/pesadelo_1750855872008.jpg","contentUrl":"https:\/\/www.correiobraziliense.com.br\/cbradar\/wp-content\/uploads\/2025\/06\/pesadelo_1750855872008.jpg","width":1280,"height":720,"caption":"Pesadelo - Cr\u00e9ditos: depositphotos.com \/ czuber"},{"@type":"BreadcrumbList","@id":"https:\/\/www.correiobraziliense.com.br\/cbradar\/comer-queijo-antes-de-dormir-causa-pesadelos-entenda\/#breadcrumb","itemListElement":[{"@type":"ListItem","position":1,"name":"In\u00edcio","item":"https:\/\/www.correiobraziliense.com.br\/cbradar\/"},{"@type":"ListItem","position":2,"name":"Comer queijo antes de dormir causa pesadelos? Entenda"}]},{"@type":"WebSite","@id":"https:\/\/www.correiobraziliense.com.br\/cbradar\/#website","url":"https:\/\/www.correiobraziliense.com.br\/cbradar\/","name":"Correio Braziliense - Radar","description":"Acompanhe as \u00faltimas not\u00edcias e fique bem informado sobre tudo o que acontece no Brasil e no mundo.","potentialAction":[{"@type":"SearchAction","target":{"@type":"EntryPoint","urlTemplate":"https:\/\/www.correiobraziliense.com.br\/cbradar\/?s={search_term_string}"},"query-input":{"@type":"PropertyValueSpecification","valueRequired":true,"valueName":"search_term_string"}}],"inLanguage":"pt-BR"},{"@type":"Person","@id":"https:\/\/www.correiobraziliense.com.br\/cbradar\/#\/schema\/person\/5aa4bf3c8fa699c267933611de12978b","name":"guilherme_saude","image":{"@type":"ImageObject","inLanguage":"pt-BR","@id":"https:\/\/www.correiobraziliense.com.br\/cbradar\/#\/schema\/person\/image\/","url":"https:\/\/secure.gravatar.com\/avatar\/df9adfb835d344bc0af109d41756253f?s=96&d=mm&r=g","contentUrl":"https:\/\/secure.gravatar.com\/avatar\/df9adfb835d344bc0af109d41756253f?s=96&d=mm&r=g","caption":"guilherme_saude"},"url":"https:\/\/www.correiobraziliense.com.br\/cbradar\/author\/guilherme_saude\/"}]}},"_links":{"self":[{"href":"https:\/\/www.correiobraziliense.com.br\/cbradar\/wp-json\/wp\/v2\/posts\/64010","targetHints":{"allow":["GET"]}}],"collection":[{"href":"https:\/\/www.correiobraziliense.com.br\/cbradar\/wp-json\/wp\/v2\/posts"}],"about":[{"href":"https:\/\/www.correiobraziliense.com.br\/cbradar\/wp-json\/wp\/v2\/types\/post"}],"author":[{"embeddable":true,"href":"https:\/\/www.correiobraziliense.com.br\/cbradar\/wp-json\/wp\/v2\/users\/14"}],"replies":[{"embeddable":true,"href":"https:\/\/www.correiobraziliense.com.br\/cbradar\/wp-json\/wp\/v2\/comments?post=64010"}],"version-history":[{"count":1,"href":"https:\/\/www.correiobraziliense.com.br\/cbradar\/wp-json\/wp\/v2\/posts\/64010\/revisions"}],"predecessor-version":[{"id":64012,"href":"https:\/\/www.correiobraziliense.com.br\/cbradar\/wp-json\/wp\/v2\/posts\/64010\/revisions\/64012"}],"wp:featuredmedia":[{"embeddable":true,"href":"https:\/\/www.correiobraziliense.com.br\/cbradar\/wp-json\/wp\/v2\/media\/59204"}],"wp:attachment":[{"href":"https:\/\/www.correiobraziliense.com.br\/cbradar\/wp-json\/wp\/v2\/media?parent=64010"}],"wp:term":[{"taxonomy":"category","embeddable":true,"href":"https:\/\/www.correiobraziliense.com.br\/cbradar\/wp-json\/wp\/v2\/categories?post=64010"},{"taxonomy":"post_tag","embeddable":true,"href":"https:\/\/www.correiobraziliense.com.br\/cbradar\/wp-json\/wp\/v2\/post_tag?post=64010"}],"curies":[{"name":"wp","href":"https:\/\/api.w.org\/{rel}","templated":true}]}}