{"id":64022,"date":"2025-07-05T17:33:00","date_gmt":"2025-07-05T20:33:00","guid":{"rendered":"https:\/\/www.correiobraziliense.com.br\/cbradar\/?p=64022"},"modified":"2025-07-03T10:07:46","modified_gmt":"2025-07-03T13:07:46","slug":"por-que-jovens-estao-removendo-tatuagens","status":"publish","type":"post","link":"https:\/\/www.correiobraziliense.com.br\/cbradar\/por-que-jovens-estao-removendo-tatuagens\/","title":{"rendered":"Por que jovens est\u00e3o removendo Tatuagens?"},"content":{"rendered":"\n<p>O conceito de tatuagem sempre esteve associado \u00e0 express\u00e3o individual e \u00e0 constru\u00e7\u00e3o de identidade. No entanto, um n\u00famero crescente de jovens adultos est\u00e1 repensando essa forma de arte corporal. Muitos desses indiv\u00edduos, na faixa et\u00e1ria de 25 a 30 anos, est\u00e3o optando pela remo\u00e7\u00e3o de Tatuagens que, com o tempo, deixaram de representar suas personalidades ou estilos de vida. Este fen\u00f4meno est\u00e1 intimamente ligado a uma mudan\u00e7a mais ampla no mundo da beleza, onde a simplicidade e a naturalidade s\u00e3o priorit\u00e1rias.<\/p>\n\n\n<div class=\"wp-block-image\">\n<figure class=\"aligncenter size-large\"><img decoding=\"async\" width=\"1024\" height=\"576\" src=\"https:\/\/www.correiobraziliense.com.br\/cbradar\/wp-content\/uploads\/2025\/06\/tatuagens_1750512506865-1024x576.jpg\" alt=\"\" class=\"wp-image-56937\" srcset=\"https:\/\/www.correiobraziliense.com.br\/cbradar\/wp-content\/uploads\/2025\/06\/tatuagens_1750512506865-1024x576.jpg 1024w, https:\/\/www.correiobraziliense.com.br\/cbradar\/wp-content\/uploads\/2025\/06\/tatuagens_1750512506865-300x169.jpg 300w, https:\/\/www.correiobraziliense.com.br\/cbradar\/wp-content\/uploads\/2025\/06\/tatuagens_1750512506865-768x432.jpg 768w, https:\/\/www.correiobraziliense.com.br\/cbradar\/wp-content\/uploads\/2025\/06\/tatuagens_1750512506865-750x422.jpg 750w, https:\/\/www.correiobraziliense.com.br\/cbradar\/wp-content\/uploads\/2025\/06\/tatuagens_1750512506865-1140x641.jpg 1140w, https:\/\/www.correiobraziliense.com.br\/cbradar\/wp-content\/uploads\/2025\/06\/tatuagens_1750512506865.jpg 1280w\" sizes=\"(max-width: 1024px) 100vw, 1024px\" \/><figcaption class=\"wp-element-caption\">Tatuagem &#8211; Cr\u00e9ditos: depositphotos.com \/ AllaSerebrina<\/figcaption><\/figure><\/div>\n\n\n<p>Recentemente, a busca por uma est\u00e9tica mais limpa e sutil alcan\u00e7ou um novo patamar. Muitas pessoas passaram a priorizar um visual mais fresco e saud\u00e1vel, afastando-se de interven\u00e7\u00f5es vis\u00edveis. Isso se reflete n\u00e3o s\u00f3 nas decis\u00f5es relacionadas a cuidados com a pele, mas tamb\u00e9m na reconsidera\u00e7\u00e3o de s\u00edmbolos permanentes no corpo, como as Tatuagens. O desejo de renovar e transformar a pr\u00f3pria imagem, de forma a acompanhar as mudan\u00e7as de valores pessoais, \u00e9 uma motiva\u00e7\u00e3o central para a remo\u00e7\u00e3o dessas marcas.<\/p>\n\n\n\n<h2 class=\"wp-block-heading\">Por que a &#8220;clean beauty&#8221; est\u00e1 influenciando a remo\u00e7\u00e3o de Tatuagens?<\/h2>\n\n\n\n<p>A no\u00e7\u00e3o de &#8220;clean beauty&#8221;, que preza por escolhas seguras e formula\u00e7\u00f5es mais puras nos produtos de beleza, contribui significativamente para essa decis\u00e3o coletiva. Segundo especialistas, a est\u00e9tica limpa est\u00e1 ganhando for\u00e7a e conduzindo o comportamento de consumo em v\u00e1rias \u00e1reas. Isso inclui o uso de produtos com menor impacto ambiental e sem ingredientes prejudiciais. A remo\u00e7\u00e3o de Tatuagens encaixa-se perfeitamente nessa filosofia, uma vez que busca um visual mais limpo e alinhado com a sa\u00fade da pele.<\/p>\n\n\n\n<h2 class=\"wp-block-heading\">Quais s\u00e3o os desafios enfrentados na remo\u00e7\u00e3o de Tatuagens?<\/h2>\n\n\n\n<p>Apesar da crescente popularidade, a remo\u00e7\u00e3o de Tatuagens \u00e9 um processo que exige cautela e aten\u00e7\u00e3o. O tratamento n\u00e3o deve ser feito em pele que foi recentemente exposta ao sol ou em estado bronzeado para minimizar riscos. Al\u00e9m disso, \u00e9 crucial que as sess\u00f5es de remo\u00e7\u00e3o sejam espa\u00e7adas adequadamente, com intervalos m\u00ednimos de 45 dias. A escolha do local e do profissional de remo\u00e7\u00e3o tamb\u00e9m \u00e9 essencial, sendo recomendado buscar por especialistas com forma\u00e7\u00e3o m\u00e9dica e experi\u00eancia na t\u00e9cnica.<\/p>\n\n\n\n<h2 class=\"wp-block-heading\">Qual \u00e9 o impacto da remo\u00e7\u00e3o de Tatuagens no mercado de beleza?<\/h2>\n\n\n\n<p>Aumentando a demanda, a remo\u00e7\u00e3o de Tatuagens est\u00e1 se tornando uma parte cada vez mais relevante no mercado de beleza e est\u00e9tica. O crescimento desse setor reflete uma mudan\u00e7a nas prefer\u00eancias do consumidor, que valoriza um visual mais despojado e inalterado. Este movimento est\u00e1 se consolidando como parte de uma tend\u00eancia global, onde escolhas est\u00e9ticas cada vez mais almejam um equil\u00edbrio saud\u00e1vel entre apar\u00eancia e bem-estar.<\/p>\n\n\n\n<p>Esses fatos sublinham como as percep\u00e7\u00f5es sociais e culturais em torno da beleza est\u00e3o evoluindo. Ao adotar a est\u00e9tica &#8220;clean beauty&#8221;, muitas pessoas est\u00e3o revisitando suas decis\u00f5es est\u00e9ticas passadas, favorecendo uma abordagem que enfatiza a autenticidade e a simplicidade. A remo\u00e7\u00e3o de Tatuagens \u00e9 apenas um reflexo dessa mudan\u00e7a mais ampla em dire\u00e7\u00e3o a interven\u00e7\u00f5es menos invasivas e mais alinhadas com a sa\u00fade geral da pele e do corpo.<\/p>\n\n\n<a href=\"https:\/\/www.instagram.com\/dra.annaluisabf\/\" target=\"_blank\" rel=\"noopener\" style=\"text-decoration: none; color: inherit;\">\n    <span style=\"display: inline-block; border: 1px solid #ccc; border-radius: 10px; padding: 15px; max-width: 550px; font-family: sans-serif; box-shadow: 0 2px 5px rgba(0,0,0,0.1); width: 100%;\">\n\n      <!-- T\u00edtulo -->\n      <span style=\"display: block; margin: 0 0 15px 0; font-weight: bold; color: #2c3e50; text-align: center;\">\n        Entre em contato:\n      <\/span>\n\n      <!-- Linha do perfil -->\n      <span style=\"display: flex; align-items: center; gap: 15px;\">\n        <img decoding=\"async\"\n          src=\"https:\/\/www.correiobraziliense.com.br\/cbradar\/wp-content\/uploads\/2025\/08\/dra_anna_luisa.jpeg\"\n          alt=\"Foto da Dra. Anna Lu\u00edsa\"\n          style=\"border-radius: 50%; width: 80px; height: 80px; object-fit: cover;\"\n        \/>\n        <span style=\"display: flex; flex-direction: column;\">\n          <span style=\"font-size: 18px; font-weight: 700; color: #2c3e50;\">Dra. Anna Lu\u00edsa Barbosa Fernandes<\/span>\n          <span style=\"color: #555;\">CRM-GO 33.271<\/span>\n        <\/span>\n      <\/span>\n\n      <!-- Redes -->\n      <span style=\"display: flex; align-items: center; gap: 10px; margin-top: 12px;\">\n        <img decoding=\"async\" src=\"https:\/\/cdn-icons-png.flaticon.com\/24\/1384\/1384063.png\" alt=\"Instagram\" width=\"24\" height=\"24\" \/>\n        <span style=\"text-decoration: underline; color: #2c3e50;\">@dra.annaluisabf<\/span>\n      <\/span>\n\n    <\/span>\n  <\/a>\n\n\n<p><\/p>\n","protected":false},"excerpt":{"rendered":"<p>O conceito de tatuagem sempre esteve associado \u00e0 express\u00e3o individual e \u00e0 constru\u00e7\u00e3o de identidade. No entanto, um n\u00famero crescente de jovens adultos est\u00e1 repensando essa forma de arte corporal. Muitos desses indiv\u00edduos, na faixa et\u00e1ria de 25 a 30 anos, est\u00e3o optando pela remo\u00e7\u00e3o de Tatuagens que, com o tempo, deixaram de representar suas [&hellip;]<\/p>\n","protected":false},"author":14,"featured_media":64023,"comment_status":"open","ping_status":"open","sticky":false,"template":"","format":"standard","meta":{"_yoast_wpseo_focuskw":"Tatuagens","_yoast_wpseo_title":"","_yoast_wpseo_metadesc":"A remo\u00e7\u00e3o de tatuagens cresce entre quem busca uma est\u00e9tica mais suave. Descubra como o conceito de beleza limpa influencia essa escolha.","jnews-multi-image_gallery":[],"jnews_single_post":{"format":"standard"},"jnews_primary_category":[],"jnews_social_meta":[],"jnews_override_counter":[],"footnotes":""},"categories":[4404],"tags":[125,7595,7594],"class_list":["post-64022","post","type-post","status-publish","format-standard","has-post-thumbnail","hentry","category-saude","tag-beleza","tag-clean-beauty","tag-remocao-de-tatuagens"],"yoast_head":"<!-- This site is optimized with the Yoast SEO plugin v24.6 - https:\/\/yoast.com\/wordpress\/plugins\/seo\/ -->\n<title>Por que jovens est\u00e3o removendo Tatuagens? - Correio Braziliense - Radar<\/title>\n<meta name=\"description\" content=\"A remo\u00e7\u00e3o de tatuagens cresce entre quem busca uma est\u00e9tica mais suave. Descubra como o conceito de beleza limpa influencia essa escolha.\" \/>\n<meta name=\"robots\" content=\"index, follow, max-snippet:-1, max-image-preview:large, max-video-preview:-1\" \/>\n<link rel=\"canonical\" href=\"https:\/\/www.correiobraziliense.com.br\/cbradar\/por-que-jovens-estao-removendo-tatuagens\/\" \/>\n<meta property=\"og:locale\" content=\"pt_BR\" \/>\n<meta property=\"og:type\" content=\"article\" \/>\n<meta property=\"og:title\" content=\"Por que jovens est\u00e3o removendo Tatuagens? - Correio Braziliense - Radar\" \/>\n<meta property=\"og:description\" content=\"A remo\u00e7\u00e3o de tatuagens cresce entre quem busca uma est\u00e9tica mais suave. Descubra como o conceito de beleza limpa influencia essa escolha.\" \/>\n<meta property=\"og:url\" content=\"https:\/\/www.correiobraziliense.com.br\/cbradar\/por-que-jovens-estao-removendo-tatuagens\/\" \/>\n<meta property=\"og:site_name\" content=\"Correio Braziliense - Radar\" \/>\n<meta property=\"article:published_time\" content=\"2025-07-05T20:33:00+00:00\" \/>\n<meta property=\"og:image\" content=\"https:\/\/www.correiobraziliense.com.br\/cbradar\/wp-content\/uploads\/2025\/07\/remocao-de-tatuagem_1751548067583.jpg\" \/>\n\t<meta property=\"og:image:width\" content=\"1280\" \/>\n\t<meta property=\"og:image:height\" content=\"720\" \/>\n\t<meta property=\"og:image:type\" content=\"image\/jpeg\" \/>\n<meta name=\"author\" content=\"guilherme_saude\" \/>\n<meta name=\"twitter:card\" content=\"summary_large_image\" \/>\n<meta name=\"twitter:label1\" content=\"Escrito por\" \/>\n\t<meta name=\"twitter:data1\" content=\"guilherme_saude\" \/>\n\t<meta name=\"twitter:label2\" content=\"Est. tempo de leitura\" \/>\n\t<meta name=\"twitter:data2\" content=\"4 minutos\" \/>\n<!-- \/ Yoast SEO plugin. -->","yoast_head_json":{"title":"Por que jovens est\u00e3o removendo Tatuagens? - Correio Braziliense - Radar","description":"A remo\u00e7\u00e3o de tatuagens cresce entre quem busca uma est\u00e9tica mais suave. Descubra como o conceito de beleza limpa influencia essa escolha.","robots":{"index":"index","follow":"follow","max-snippet":"max-snippet:-1","max-image-preview":"max-image-preview:large","max-video-preview":"max-video-preview:-1"},"canonical":"https:\/\/www.correiobraziliense.com.br\/cbradar\/por-que-jovens-estao-removendo-tatuagens\/","og_locale":"pt_BR","og_type":"article","og_title":"Por que jovens est\u00e3o removendo Tatuagens? - Correio Braziliense - Radar","og_description":"A remo\u00e7\u00e3o de tatuagens cresce entre quem busca uma est\u00e9tica mais suave. Descubra como o conceito de beleza limpa influencia essa escolha.","og_url":"https:\/\/www.correiobraziliense.com.br\/cbradar\/por-que-jovens-estao-removendo-tatuagens\/","og_site_name":"Correio Braziliense - Radar","article_published_time":"2025-07-05T20:33:00+00:00","og_image":[{"width":1280,"height":720,"url":"https:\/\/www.correiobraziliense.com.br\/cbradar\/wp-content\/uploads\/2025\/07\/remocao-de-tatuagem_1751548067583.jpg","type":"image\/jpeg"}],"author":"guilherme_saude","twitter_card":"summary_large_image","twitter_misc":{"Escrito por":"guilherme_saude","Est. tempo de leitura":"4 minutos"},"schema":{"@context":"https:\/\/schema.org","@graph":[{"@type":"WebPage","@id":"https:\/\/www.correiobraziliense.com.br\/cbradar\/por-que-jovens-estao-removendo-tatuagens\/","url":"https:\/\/www.correiobraziliense.com.br\/cbradar\/por-que-jovens-estao-removendo-tatuagens\/","name":"Por que jovens est\u00e3o removendo Tatuagens? - Correio Braziliense - Radar","isPartOf":{"@id":"https:\/\/www.correiobraziliense.com.br\/cbradar\/#website"},"primaryImageOfPage":{"@id":"https:\/\/www.correiobraziliense.com.br\/cbradar\/por-que-jovens-estao-removendo-tatuagens\/#primaryimage"},"image":{"@id":"https:\/\/www.correiobraziliense.com.br\/cbradar\/por-que-jovens-estao-removendo-tatuagens\/#primaryimage"},"thumbnailUrl":"https:\/\/www.correiobraziliense.com.br\/cbradar\/wp-content\/uploads\/2025\/07\/remocao-de-tatuagem_1751548067583.jpg","datePublished":"2025-07-05T20:33:00+00:00","author":{"@id":"https:\/\/www.correiobraziliense.com.br\/cbradar\/#\/schema\/person\/5aa4bf3c8fa699c267933611de12978b"},"description":"A remo\u00e7\u00e3o de tatuagens cresce entre quem busca uma est\u00e9tica mais suave. Descubra como o conceito de beleza limpa influencia essa escolha.","breadcrumb":{"@id":"https:\/\/www.correiobraziliense.com.br\/cbradar\/por-que-jovens-estao-removendo-tatuagens\/#breadcrumb"},"inLanguage":"pt-BR","potentialAction":[{"@type":"ReadAction","target":["https:\/\/www.correiobraziliense.com.br\/cbradar\/por-que-jovens-estao-removendo-tatuagens\/"]}]},{"@type":"ImageObject","inLanguage":"pt-BR","@id":"https:\/\/www.correiobraziliense.com.br\/cbradar\/por-que-jovens-estao-removendo-tatuagens\/#primaryimage","url":"https:\/\/www.correiobraziliense.com.br\/cbradar\/wp-content\/uploads\/2025\/07\/remocao-de-tatuagem_1751548067583.jpg","contentUrl":"https:\/\/www.correiobraziliense.com.br\/cbradar\/wp-content\/uploads\/2025\/07\/remocao-de-tatuagem_1751548067583.jpg","width":1280,"height":720,"caption":"Removendo tatuagem -Cr\u00e9ditos: depositphotos.com \/ thoughtsofjoyce"},{"@type":"BreadcrumbList","@id":"https:\/\/www.correiobraziliense.com.br\/cbradar\/por-que-jovens-estao-removendo-tatuagens\/#breadcrumb","itemListElement":[{"@type":"ListItem","position":1,"name":"In\u00edcio","item":"https:\/\/www.correiobraziliense.com.br\/cbradar\/"},{"@type":"ListItem","position":2,"name":"Por que jovens est\u00e3o removendo Tatuagens?"}]},{"@type":"WebSite","@id":"https:\/\/www.correiobraziliense.com.br\/cbradar\/#website","url":"https:\/\/www.correiobraziliense.com.br\/cbradar\/","name":"Correio Braziliense - Radar","description":"Acompanhe as \u00faltimas not\u00edcias e fique bem informado sobre tudo o que acontece no Brasil e no mundo.","potentialAction":[{"@type":"SearchAction","target":{"@type":"EntryPoint","urlTemplate":"https:\/\/www.correiobraziliense.com.br\/cbradar\/?s={search_term_string}"},"query-input":{"@type":"PropertyValueSpecification","valueRequired":true,"valueName":"search_term_string"}}],"inLanguage":"pt-BR"},{"@type":"Person","@id":"https:\/\/www.correiobraziliense.com.br\/cbradar\/#\/schema\/person\/5aa4bf3c8fa699c267933611de12978b","name":"guilherme_saude","image":{"@type":"ImageObject","inLanguage":"pt-BR","@id":"https:\/\/www.correiobraziliense.com.br\/cbradar\/#\/schema\/person\/image\/","url":"https:\/\/secure.gravatar.com\/avatar\/df9adfb835d344bc0af109d41756253f?s=96&d=mm&r=g","contentUrl":"https:\/\/secure.gravatar.com\/avatar\/df9adfb835d344bc0af109d41756253f?s=96&d=mm&r=g","caption":"guilherme_saude"},"url":"https:\/\/www.correiobraziliense.com.br\/cbradar\/author\/guilherme_saude\/"}]}},"_links":{"self":[{"href":"https:\/\/www.correiobraziliense.com.br\/cbradar\/wp-json\/wp\/v2\/posts\/64022","targetHints":{"allow":["GET"]}}],"collection":[{"href":"https:\/\/www.correiobraziliense.com.br\/cbradar\/wp-json\/wp\/v2\/posts"}],"about":[{"href":"https:\/\/www.correiobraziliense.com.br\/cbradar\/wp-json\/wp\/v2\/types\/post"}],"author":[{"embeddable":true,"href":"https:\/\/www.correiobraziliense.com.br\/cbradar\/wp-json\/wp\/v2\/users\/14"}],"replies":[{"embeddable":true,"href":"https:\/\/www.correiobraziliense.com.br\/cbradar\/wp-json\/wp\/v2\/comments?post=64022"}],"version-history":[{"count":1,"href":"https:\/\/www.correiobraziliense.com.br\/cbradar\/wp-json\/wp\/v2\/posts\/64022\/revisions"}],"predecessor-version":[{"id":64024,"href":"https:\/\/www.correiobraziliense.com.br\/cbradar\/wp-json\/wp\/v2\/posts\/64022\/revisions\/64024"}],"wp:featuredmedia":[{"embeddable":true,"href":"https:\/\/www.correiobraziliense.com.br\/cbradar\/wp-json\/wp\/v2\/media\/64023"}],"wp:attachment":[{"href":"https:\/\/www.correiobraziliense.com.br\/cbradar\/wp-json\/wp\/v2\/media?parent=64022"}],"wp:term":[{"taxonomy":"category","embeddable":true,"href":"https:\/\/www.correiobraziliense.com.br\/cbradar\/wp-json\/wp\/v2\/categories?post=64022"},{"taxonomy":"post_tag","embeddable":true,"href":"https:\/\/www.correiobraziliense.com.br\/cbradar\/wp-json\/wp\/v2\/tags?post=64022"}],"curies":[{"name":"wp","href":"https:\/\/api.w.org\/{rel}","templated":true}]}}