{"id":64065,"date":"2025-07-04T06:13:00","date_gmt":"2025-07-04T09:13:00","guid":{"rendered":"https:\/\/www.correiobraziliense.com.br\/cbradar\/?p=64065"},"modified":"2025-07-03T12:14:35","modified_gmt":"2025-07-03T15:14:35","slug":"o-segredo-do-vinagre-de-maca-que-esta-surpreendendo-especialistas","status":"publish","type":"post","link":"https:\/\/www.correiobraziliense.com.br\/cbradar\/o-segredo-do-vinagre-de-maca-que-esta-surpreendendo-especialistas\/","title":{"rendered":"O segredo do vinagre de ma\u00e7\u00e3 que est\u00e1 surpreendendo especialistas"},"content":{"rendered":"\n<p>Entre os muitos itens presentes nas cozinhas ao redor do mundo, o <strong>vinagre de ma\u00e7\u00e3<\/strong> tem sido alvo de discuss\u00f5es e recomenda\u00e7\u00f5es sobre sa\u00fade por s\u00e9culos. Amparado por tradi\u00e7\u00f5es e receitas populares, o produto ganhou ainda mais destaque com a presen\u00e7a constante nas redes sociais, citado por influenciadores e figuras p\u00fablicas como parte de rotinas voltadas ao bem-estar. Ainda que o nome evoque a imagem de uma simples garrafa de vinagre, o interesse pelo uso desse ingrediente se multiplica, impulsionado pela expectativa de benef\u00edcios para sa\u00fade, desde quest\u00f5es metab\u00f3licas at\u00e9 cuidados t\u00f3picos.<\/p>\n\n\n\n<p>Apesar da fama, o vinagre de ma\u00e7\u00e3 transcende o papel de ingrediente culin\u00e1rio, sendo frequentemente apontado como alternativa para auxiliar em diversas condi\u00e7\u00f5es. O entusiasmo sobre suas propriedades muitas vezes \u00e9 alimentado por relatos pessoais e pela tradi\u00e7\u00e3o, compartilhada por gera\u00e7\u00f5es. No entanto, avan\u00e7os recentes na pesquisa cient\u00edfica buscam verificar o que h\u00e1 de concreto por tr\u00e1s das alega\u00e7\u00f5es ao redor desse produto fermentado, o que desperta a curiosidade de consumidores e profissionais da \u00e1rea da sa\u00fade.<\/p>\n\n\n\n<h2 class=\"wp-block-heading\">O que \u00e9 vinagre de ma\u00e7\u00e3 e como \u00e9 produzido?<\/h2>\n\n\n\n<p><strong>O vinagre de ma\u00e7\u00e3 \u00e9 resultado de um processo de fermenta\u00e7\u00e3o em duas etapas, come\u00e7ando pela transforma\u00e7\u00e3o dos a\u00e7\u00facares das ma\u00e7\u00e3s em \u00e1lcool por leveduras, seguida pela convers\u00e3o deste \u00e1lcool em \u00e1cido ac\u00e9tico por bact\u00e9rias respons\u00e1veis pela segunda fermenta\u00e7\u00e3o.<\/strong> Este \u00e1cido ac\u00e9tico, que constitui a maior parte do vinagre, proporciona o sabor e aroma caracter\u00edsticos, al\u00e9m de ser apontado como respons\u00e1vel por muitas das fun\u00e7\u00f5es atribu\u00eddas ao produto.<\/p>\n\n\n\n<p>\u00c9 importante destacar a variante conhecida como \u201cvinagre de ma\u00e7\u00e3 com a m\u00e3e\u201d, que possui uma apar\u00eancia turva devido \u00e0 presen\u00e7a de culturas vivas de bact\u00e9rias ben\u00e9ficas. Esse conte\u00fado natural \u00e9 associado \u00e0 presen\u00e7a de polifen\u00f3is, antioxidantes e probi\u00f3ticos, que sustentariam parte dos benef\u00edcios divulgados em rela\u00e7\u00e3o ao microbioma intestinal.<\/p>\n\n\n\n<h2 class=\"wp-block-heading\">Quais s\u00e3o os benef\u00edcios comprovados do vinagre de ma\u00e7\u00e3?<\/h2>\n\n\n\n<p><strong>Grande parte das alega\u00e7\u00f5es sobre o vinagre de ma\u00e7\u00e3 s\u00e3o baseadas no uso tradicional ou em estudos iniciais.<\/strong> Entre os efeitos pesquisados, destaca-se o potencial para <strong>controle de glicemia<\/strong> em adultos com diabetes tipo 2. An\u00e1lises recentes, publicadas at\u00e9 2024, apontam uma poss\u00edvel redu\u00e7\u00e3o dos picos de a\u00e7\u00facar no sangue ap\u00f3s refei\u00e7\u00f5es ricas em carboidratos simples. Al\u00e9m disso, investiga\u00e7\u00f5es sugerem que o consumo regular, em doses moderadas, pode impactar positivamente os n\u00edveis de colesterol e triglicer\u00eddeos.<\/p>\n\n\n\n<p>Outro uso recorrente envolve o aux\u00edlio \u00e0 digest\u00e3o. Usu\u00e1rios relatam melhora de sintomas como incha\u00e7o e desconforto estomacal ao consumir pequenas quantidades dilu\u00eddas em \u00e1gua antes das refei\u00e7\u00f5es. Ainda que essas experi\u00eancias sejam amplamente discutidas em f\u00f3runs populares, a base cient\u00edfica permanece em constru\u00e7\u00e3o, e n\u00e3o se recomenda substituir tratamentos m\u00e9dicos convencionais pelo uso exclusivo do vinagre de ma\u00e7\u00e3.<\/p>\n\n\n\n<ul class=\"wp-block-list\">\n<li><strong>A\u00e7\u00e3o antimicrobiana:<\/strong> Estudos indicam que o vinagre de ma\u00e7\u00e3 pode ajudar a eliminar algumas bact\u00e9rias presentes em verduras e superf\u00edcies.<\/li>\n\n\n\n<li><strong>Presen\u00e7a de antioxidantes:<\/strong> Os polifen\u00f3is presentes no produto contribuem para o combate aos radicais livres.<\/li>\n\n\n\n<li><strong>Aux\u00edlio na sensa\u00e7\u00e3o de saciedade:<\/strong> Pesquisas sugerem que o vinagre pode promover uma menor ingest\u00e3o cal\u00f3rica ao longo do dia.<\/li>\n<\/ul>\n\n\n\n<figure class=\"wp-block-image size-large\"><img decoding=\"async\" width=\"1024\" height=\"576\" src=\"https:\/\/www.correiobraziliense.com.br\/cbradar\/wp-content\/uploads\/2025\/07\/vinagre-maca_1751555654224-1024x576.jpg\" alt=\"O segredo do vinagre de ma\u00e7\u00e3 que est\u00e1 surpreendendo especialistas\" class=\"wp-image-64068\" srcset=\"https:\/\/www.correiobraziliense.com.br\/cbradar\/wp-content\/uploads\/2025\/07\/vinagre-maca_1751555654224-1024x576.jpg 1024w, https:\/\/www.correiobraziliense.com.br\/cbradar\/wp-content\/uploads\/2025\/07\/vinagre-maca_1751555654224-300x169.jpg 300w, https:\/\/www.correiobraziliense.com.br\/cbradar\/wp-content\/uploads\/2025\/07\/vinagre-maca_1751555654224-768x432.jpg 768w, https:\/\/www.correiobraziliense.com.br\/cbradar\/wp-content\/uploads\/2025\/07\/vinagre-maca_1751555654224-750x422.jpg 750w, https:\/\/www.correiobraziliense.com.br\/cbradar\/wp-content\/uploads\/2025\/07\/vinagre-maca_1751555654224-1140x641.jpg 1140w, https:\/\/www.correiobraziliense.com.br\/cbradar\/wp-content\/uploads\/2025\/07\/vinagre-maca_1751555654224.jpg 1280w\" sizes=\"(max-width: 1024px) 100vw, 1024px\" \/><figcaption class=\"wp-element-caption\">vinagre ma\u00e7a.Cr\u00e9ditos: depositphotos.com \/ MadeleineSteinbach <\/figcaption><\/figure>\n\n\n\n<h2 class=\"wp-block-heading\">Como utilizar o vinagre de ma\u00e7\u00e3 de forma segura?<\/h2>\n\n\n\n<p><strong>A seguran\u00e7a do consumo de vinagre de ma\u00e7\u00e3 depende principalmente da dose e da maneira de uso.<\/strong> Especialistas recomendam diluir uma colher de sopa em um copo de \u00e1gua (aproximadamente 240 ml) antes de consumir, reduzindo poss\u00edveis danos ao esmalte dental e \u00e0 mucosa g\u00e1strica. Utilizar o produto diretamente, sem dilui\u00e7\u00e3o, pode causar irrita\u00e7\u00e3o tanto na boca quanto no trato digestivo, al\u00e9m de desmineralizar os dentes ao longo do tempo.<\/p>\n\n\n\n<p>Aqueles que convivem com quadros cl\u00ednicos como refluxo, \u00falceras g\u00e1stricas ou problemas renais devem conversar com um profissional de sa\u00fade antes de incluir o vinagre na rotina. Al\u00e9m disso, o uso juntamente com medicamentos que alteram o pot\u00e1ssio ou f\u00e1rmacos para controle do diabetes necessita de monitoramento m\u00e9dico, j\u00e1 que o vinagre pode interferir nos efeitos dessas subst\u00e2ncias.<\/p>\n\n\n\n<ol class=\"wp-block-list\">\n<li>Diluir sempre antes de ingerir.<\/li>\n\n\n\n<li>Evitar uso excessivo e sem acompanhamento.<\/li>\n\n\n\n<li>Consultar um profissional caso exista condi\u00e7\u00e3o cr\u00f4nica de sa\u00fade.<\/li>\n<\/ol>\n\n\n\n<h2 class=\"wp-block-heading\">O vinagre de ma\u00e7\u00e3 pode ser utilizado para cuidados com cabelos ou pele?<\/h2>\n\n\n\n<p><strong>Muitas pessoas buscam alternativas naturais para amenizar sintomas como caspa, coceira no couro cabeludo e oleosidade.<\/strong> Nesses casos, o vinagre de ma\u00e7\u00e3 aparece como sugest\u00e3o, atuando como um agente clarificante e potencialmente \u00fatil no controle da descama\u00e7\u00e3o. A pr\u00e1tica mais comum consiste em diluir o vinagre em \u00e1gua \u2014 geralmente quatro partes de \u00e1gua para uma parte de vinagre \u2014 e aplicar na regi\u00e3o afetada, aguardando alguns minutos antes de enxaguar completamente.<\/p>\n\n\n\n<p>No entanto, apesar da popularidade, os dados dispon\u00edveis sobre a efic\u00e1cia t\u00f3pica ainda s\u00e3o limitados. A aplica\u00e7\u00e3o frequente pode ressecar ou irritar a pele sens\u00edvel, e n\u00e3o s\u00e3o recomendadas altas concentra\u00e7\u00f5es diretamente sobre a pele aberta ou les\u00f5es. Para pessoas que buscam op\u00e7\u00f5es mais naturais para os cuidados do couro cabeludo, o vinagre de ma\u00e7\u00e3 surge como alternativa a produtos convencionais, mas deve ser utilizado com cautela e preferencialmente ap\u00f3s orienta\u00e7\u00e3o de um dermatologista.<\/p>\n\n\n\n<h2 class=\"wp-block-heading\">Quais cuidados s\u00e3o necess\u00e1rios ao incorporar o vinagre de ma\u00e7\u00e3 \u00e0 rotina alimentar?<\/h2>\n\n\n\n<p><strong>A integra\u00e7\u00e3o do vinagre de ma\u00e7\u00e3 em dietas cotidianas tem atra\u00eddo adeptos interessados no potencial benef\u00edcio metab\u00f3lico e digestivo.<\/strong> Mesmo assim, especialistas destacam a import\u00e2ncia de modera\u00e7\u00e3o e avalia\u00e7\u00e3o individualizada, reconhecendo a variabilidade das respostas de cada organismo. O contato prolongado e n\u00e3o dilu\u00eddo com o esmalte dental pode ocasionar desgaste, tornando recomend\u00e1vel o uso de canudos ou enx\u00e1gue bucal posterior \u00e0 ingest\u00e3o.<\/p>\n\n\n\n<p>Em ambientes dom\u00e9sticos, o vinagre de ma\u00e7\u00e3 pode ser aproveitado tamb\u00e9m como agente de higieniza\u00e7\u00e3o de legumes e folhas, devido \u00e0 sua a\u00e7\u00e3o antimicrobiana. O produto ainda se destaca como tempero vers\u00e1til para saladas e conservas, mantendo relev\u00e2ncia tanto culin\u00e1ria quanto potencialmente funcional. Ao considerar qualquer uso, \u00e9 fundamental optar por vers\u00f5es naturais e minimamente processadas.<\/p>\n\n\n\n<p>O papel do vinagre de ma\u00e7\u00e3 na alimenta\u00e7\u00e3o e no cuidado com a sa\u00fade continua sendo tema de estudo e debate. Com aplica\u00e7\u00e3o ampla e versatilidade, este produto proporciona alternativas interessantes, sempre sendo recomend\u00e1vel atentar para a proced\u00eancia e as orienta\u00e7\u00f5es de profissionais qualificados, garantindo uma experi\u00eancia segura e potencialmente ben\u00e9fica ao organismo.<\/p>\n","protected":false},"excerpt":{"rendered":"<p>Descubra como o vinagre de ma\u00e7\u00e3 ganhou fama no universo do bem-estar. Veja dicas para aproveitar o melhor desse ingrediente e evitar riscos ao incorporar na rotina.<\/p>\n","protected":false},"author":3,"featured_media":64067,"comment_status":"open","ping_status":"open","sticky":false,"template":"","format":"standard","meta":{"_yoast_wpseo_focuskw":"vinagre de ma\u00e7a","_yoast_wpseo_title":"%%title%%","_yoast_wpseo_metadesc":"Descubra como o vinagre de ma\u00e7\u00e3 ganhou fama no universo do bem-estar. Veja dicas para aproveitar o melhor desse ingrediente e evitar riscos ao incorporar na rotina.","jnews-multi-image_gallery":[],"jnews_single_post":{"format":"standard"},"jnews_primary_category":[],"jnews_social_meta":[],"jnews_override_counter":[],"footnotes":""},"categories":[112],"post_tag":[281,1423,144,3822,7597],"class_list":["post-64065","post","type-post","status-publish","format-standard","has-post-thumbnail","hentry","category-curiosidades","tag-alimentacao","tag-alimentos","tag-curiosidades","tag-vinagre","tag-vinagre-de-maca"],"yoast_head":"<!-- This site is optimized with the Yoast SEO plugin v24.6 - https:\/\/yoast.com\/wordpress\/plugins\/seo\/ -->\n<title>O segredo do vinagre de ma\u00e7\u00e3 que est\u00e1 surpreendendo especialistas<\/title>\n<meta name=\"description\" content=\"Descubra como o vinagre de ma\u00e7\u00e3 ganhou fama no universo do bem-estar. Veja dicas para aproveitar o melhor desse ingrediente e evitar riscos ao incorporar na rotina.\" \/>\n<meta name=\"robots\" content=\"index, follow, max-snippet:-1, max-image-preview:large, max-video-preview:-1\" \/>\n<link rel=\"canonical\" href=\"https:\/\/www.correiobraziliense.com.br\/cbradar\/o-segredo-do-vinagre-de-maca-que-esta-surpreendendo-especialistas\/\" \/>\n<meta property=\"og:locale\" content=\"pt_BR\" \/>\n<meta property=\"og:type\" content=\"article\" \/>\n<meta property=\"og:title\" content=\"O segredo do vinagre de ma\u00e7\u00e3 que est\u00e1 surpreendendo especialistas\" \/>\n<meta property=\"og:description\" content=\"Descubra como o vinagre de ma\u00e7\u00e3 ganhou fama no universo do bem-estar. Veja dicas para aproveitar o melhor desse ingrediente e evitar riscos ao incorporar na rotina.\" \/>\n<meta property=\"og:url\" content=\"https:\/\/www.correiobraziliense.com.br\/cbradar\/o-segredo-do-vinagre-de-maca-que-esta-surpreendendo-especialistas\/\" \/>\n<meta property=\"og:site_name\" content=\"Correio Braziliense - Radar\" \/>\n<meta property=\"article:published_time\" content=\"2025-07-04T09:13:00+00:00\" \/>\n<meta property=\"og:image\" content=\"https:\/\/www.correiobraziliense.com.br\/cbradar\/wp-content\/uploads\/2025\/07\/vinagre-maca_1751555557132.jpg\" \/>\n\t<meta property=\"og:image:width\" content=\"1280\" \/>\n\t<meta property=\"og:image:height\" content=\"720\" \/>\n\t<meta property=\"og:image:type\" content=\"image\/jpeg\" \/>\n<meta name=\"author\" content=\"Larissa Carvalho\" \/>\n<meta name=\"twitter:card\" content=\"summary_large_image\" \/>\n<meta name=\"twitter:label1\" content=\"Escrito por\" \/>\n\t<meta name=\"twitter:data1\" content=\"Larissa Carvalho\" \/>\n\t<meta name=\"twitter:label2\" content=\"Est. tempo de leitura\" \/>\n\t<meta name=\"twitter:data2\" content=\"6 minutos\" \/>\n<!-- \/ Yoast SEO plugin. -->","yoast_head_json":{"title":"O segredo do vinagre de ma\u00e7\u00e3 que est\u00e1 surpreendendo especialistas","description":"Descubra como o vinagre de ma\u00e7\u00e3 ganhou fama no universo do bem-estar. Veja dicas para aproveitar o melhor desse ingrediente e evitar riscos ao incorporar na rotina.","robots":{"index":"index","follow":"follow","max-snippet":"max-snippet:-1","max-image-preview":"max-image-preview:large","max-video-preview":"max-video-preview:-1"},"canonical":"https:\/\/www.correiobraziliense.com.br\/cbradar\/o-segredo-do-vinagre-de-maca-que-esta-surpreendendo-especialistas\/","og_locale":"pt_BR","og_type":"article","og_title":"O segredo do vinagre de ma\u00e7\u00e3 que est\u00e1 surpreendendo especialistas","og_description":"Descubra como o vinagre de ma\u00e7\u00e3 ganhou fama no universo do bem-estar. Veja dicas para aproveitar o melhor desse ingrediente e evitar riscos ao incorporar na rotina.","og_url":"https:\/\/www.correiobraziliense.com.br\/cbradar\/o-segredo-do-vinagre-de-maca-que-esta-surpreendendo-especialistas\/","og_site_name":"Correio Braziliense - Radar","article_published_time":"2025-07-04T09:13:00+00:00","og_image":[{"width":1280,"height":720,"url":"https:\/\/www.correiobraziliense.com.br\/cbradar\/wp-content\/uploads\/2025\/07\/vinagre-maca_1751555557132.jpg","type":"image\/jpeg"}],"author":"Larissa Carvalho","twitter_card":"summary_large_image","twitter_misc":{"Escrito por":"Larissa Carvalho","Est. tempo de leitura":"6 minutos"},"schema":{"@context":"https:\/\/schema.org","@graph":[{"@type":"WebPage","@id":"https:\/\/www.correiobraziliense.com.br\/cbradar\/o-segredo-do-vinagre-de-maca-que-esta-surpreendendo-especialistas\/","url":"https:\/\/www.correiobraziliense.com.br\/cbradar\/o-segredo-do-vinagre-de-maca-que-esta-surpreendendo-especialistas\/","name":"O segredo do vinagre de ma\u00e7\u00e3 que est\u00e1 surpreendendo especialistas","isPartOf":{"@id":"https:\/\/www.correiobraziliense.com.br\/cbradar\/#website"},"primaryImageOfPage":{"@id":"https:\/\/www.correiobraziliense.com.br\/cbradar\/o-segredo-do-vinagre-de-maca-que-esta-surpreendendo-especialistas\/#primaryimage"},"image":{"@id":"https:\/\/www.correiobraziliense.com.br\/cbradar\/o-segredo-do-vinagre-de-maca-que-esta-surpreendendo-especialistas\/#primaryimage"},"thumbnailUrl":"https:\/\/www.correiobraziliense.com.br\/cbradar\/wp-content\/uploads\/2025\/07\/vinagre-maca_1751555557132.jpg","datePublished":"2025-07-04T09:13:00+00:00","author":{"@id":"https:\/\/www.correiobraziliense.com.br\/cbradar\/#\/schema\/person\/58422787644df994b53a19d3e56c1513"},"description":"Descubra como o vinagre de ma\u00e7\u00e3 ganhou fama no universo do bem-estar. Veja dicas para aproveitar o melhor desse ingrediente e evitar riscos ao incorporar na rotina.","breadcrumb":{"@id":"https:\/\/www.correiobraziliense.com.br\/cbradar\/o-segredo-do-vinagre-de-maca-que-esta-surpreendendo-especialistas\/#breadcrumb"},"inLanguage":"pt-BR","potentialAction":[{"@type":"ReadAction","target":["https:\/\/www.correiobraziliense.com.br\/cbradar\/o-segredo-do-vinagre-de-maca-que-esta-surpreendendo-especialistas\/"]}]},{"@type":"ImageObject","inLanguage":"pt-BR","@id":"https:\/\/www.correiobraziliense.com.br\/cbradar\/o-segredo-do-vinagre-de-maca-que-esta-surpreendendo-especialistas\/#primaryimage","url":"https:\/\/www.correiobraziliense.com.br\/cbradar\/wp-content\/uploads\/2025\/07\/vinagre-maca_1751555557132.jpg","contentUrl":"https:\/\/www.correiobraziliense.com.br\/cbradar\/wp-content\/uploads\/2025\/07\/vinagre-maca_1751555557132.jpg","width":1280,"height":720,"caption":"vinagre ma\u00e7a. Cr\u00e9ditos: depositphotos.com \/ Yulia_von_Eisenstein"},{"@type":"BreadcrumbList","@id":"https:\/\/www.correiobraziliense.com.br\/cbradar\/o-segredo-do-vinagre-de-maca-que-esta-surpreendendo-especialistas\/#breadcrumb","itemListElement":[{"@type":"ListItem","position":1,"name":"In\u00edcio","item":"https:\/\/www.correiobraziliense.com.br\/cbradar\/"},{"@type":"ListItem","position":2,"name":"O segredo do vinagre de ma\u00e7\u00e3 que est\u00e1 surpreendendo especialistas"}]},{"@type":"WebSite","@id":"https:\/\/www.correiobraziliense.com.br\/cbradar\/#website","url":"https:\/\/www.correiobraziliense.com.br\/cbradar\/","name":"Correio Braziliense - Radar","description":"Acompanhe as \u00faltimas not\u00edcias e fique bem informado sobre tudo o que acontece no Brasil e no mundo.","potentialAction":[{"@type":"SearchAction","target":{"@type":"EntryPoint","urlTemplate":"https:\/\/www.correiobraziliense.com.br\/cbradar\/?s={search_term_string}"},"query-input":{"@type":"PropertyValueSpecification","valueRequired":true,"valueName":"search_term_string"}}],"inLanguage":"pt-BR"},{"@type":"Person","@id":"https:\/\/www.correiobraziliense.com.br\/cbradar\/#\/schema\/person\/58422787644df994b53a19d3e56c1513","name":"Larissa Carvalho","image":{"@type":"ImageObject","inLanguage":"pt-BR","@id":"https:\/\/www.correiobraziliense.com.br\/cbradar\/#\/schema\/person\/image\/","url":"https:\/\/secure.gravatar.com\/avatar\/fe4f91a0de32b52a838d0d612abdc1aa?s=96&d=mm&r=g","contentUrl":"https:\/\/secure.gravatar.com\/avatar\/fe4f91a0de32b52a838d0d612abdc1aa?s=96&d=mm&r=g","caption":"Larissa Carvalho"},"url":"https:\/\/www.correiobraziliense.com.br\/cbradar\/author\/larissamyth\/"}]}},"_links":{"self":[{"href":"https:\/\/www.correiobraziliense.com.br\/cbradar\/wp-json\/wp\/v2\/posts\/64065","targetHints":{"allow":["GET"]}}],"collection":[{"href":"https:\/\/www.correiobraziliense.com.br\/cbradar\/wp-json\/wp\/v2\/posts"}],"about":[{"href":"https:\/\/www.correiobraziliense.com.br\/cbradar\/wp-json\/wp\/v2\/types\/post"}],"author":[{"embeddable":true,"href":"https:\/\/www.correiobraziliense.com.br\/cbradar\/wp-json\/wp\/v2\/users\/3"}],"replies":[{"embeddable":true,"href":"https:\/\/www.correiobraziliense.com.br\/cbradar\/wp-json\/wp\/v2\/comments?post=64065"}],"version-history":[{"count":2,"href":"https:\/\/www.correiobraziliense.com.br\/cbradar\/wp-json\/wp\/v2\/posts\/64065\/revisions"}],"predecessor-version":[{"id":64070,"href":"https:\/\/www.correiobraziliense.com.br\/cbradar\/wp-json\/wp\/v2\/posts\/64065\/revisions\/64070"}],"wp:featuredmedia":[{"embeddable":true,"href":"https:\/\/www.correiobraziliense.com.br\/cbradar\/wp-json\/wp\/v2\/media\/64067"}],"wp:attachment":[{"href":"https:\/\/www.correiobraziliense.com.br\/cbradar\/wp-json\/wp\/v2\/media?parent=64065"}],"wp:term":[{"taxonomy":"category","embeddable":true,"href":"https:\/\/www.correiobraziliense.com.br\/cbradar\/wp-json\/wp\/v2\/categories?post=64065"},{"taxonomy":"post_tag","embeddable":true,"href":"https:\/\/www.correiobraziliense.com.br\/cbradar\/wp-json\/wp\/v2\/post_tag?post=64065"}],"curies":[{"name":"wp","href":"https:\/\/api.w.org\/{rel}","templated":true}]}}