{"id":6414,"date":"2025-02-27T11:10:32","date_gmt":"2025-02-27T14:10:32","guid":{"rendered":"https:\/\/www.correiobraziliense.com.br\/cbradar\/?p=6414"},"modified":"2025-02-26T16:50:32","modified_gmt":"2025-02-26T19:50:32","slug":"como-manter-seu-jardim-livre-de-pragas-de-forma-natural","status":"publish","type":"post","link":"https:\/\/www.correiobraziliense.com.br\/cbradar\/como-manter-seu-jardim-livre-de-pragas-de-forma-natural\/","title":{"rendered":"Como manter seu jardim livre de pragas de forma natural"},"content":{"rendered":"\n<p>Evitar o uso de <strong>agrot\u00f3xicos no jardim<\/strong> \u00e9 uma pr\u00e1tica essencial para preservar o meio ambiente e garantir a sa\u00fade do ecossistema local. Os produtos qu\u00edmicos, comumente utilizados para controle de pragas, podem causar danos significativos ao solo, \u00e0 biodiversidade e aos insetos ben\u00e9ficos que s\u00e3o vitais para a poliniza\u00e7\u00e3o e o equil\u00edbrio natural. Optar por m\u00e9todos naturais n\u00e3o s\u00f3 protege o ambiente, mas tamb\u00e9m promove um cultivo mais saud\u00e1vel e sustent\u00e1vel.<\/p>\n\n\n\n<p>Os m\u00e9todos naturais de controle de <a href=\"https:\/\/www.correiobraziliense.com.br\/cbradar\/plantas-repelentes-sao-uma-solucao-para-pragas-domesticas\/\" target=\"_blank\" rel=\"noreferrer noopener\">pragas <\/a>oferecem diversas vantagens, como a<strong> preserva\u00e7\u00e3o dos insetos ben\u00e9ficos e a manuten\u00e7\u00e3o da qualidade do solo<\/strong>. Al\u00e9m disso, eles evitam a contamina\u00e7\u00e3o de alimentos e \u00e1gua, proporcionando um ambiente mais seguro para humanos e animais. Este artigo explora estrat\u00e9gias eficazes para<strong> eliminar pragas do jardim<\/strong> sem o uso de agrot\u00f3xicos, garantindo um cultivo saud\u00e1vel e equilibrado.<\/p>\n\n\n\n<h2 class=\"wp-block-heading\">Por que evitar agrot\u00f3xicos no controle de pragas no jardim?<\/h2>\n\n\n\n<p>Os agrot\u00f3xicos t\u00eam impactos negativos<strong> profundos no solo e na biodiversidade<\/strong>. Eles podem <strong>contaminar a \u00e1gua subterr\u00e2nea, reduzir a fertilidade do solo e eliminar organismos essenciais para a sa\u00fade do ecossistema<\/strong>. Al\u00e9m disso, os <strong>produtos qu\u00edmicos<\/strong> afetam negativamente os insetos ben\u00e9ficos, como abelhas e borboletas, que s\u00e3o cruciais para a poliniza\u00e7\u00e3o das plantas.<\/p>\n\n\n\n<p>Os m\u00e9todos naturais de controle de pragas ajudam a preservar esses insetos ben\u00e9ficos e <strong>promovem um ambiente mais equilibrado<\/strong>. Ao evitar produtos qu\u00edmicos, \u00e9 poss\u00edvel manter a sa\u00fade do <strong>solo <\/strong>e garantir que as plantas cres\u00e7am em um ambiente mais natural e sustent\u00e1vel.<\/p>\n\n\n\n<h2 class=\"wp-block-heading\">Como identificar os sinais de infesta\u00e7\u00e3o no jardim antes que as pragas se espalhem?<\/h2>\n\n\n\n<p>Identificar sinais de infesta\u00e7\u00e3o precocemente \u00e9 crucial para evitar que as pragas se espalhem e causem danos significativos. <strong>Os danos causados por insetos, fungos e bact\u00e9rias podem incluir folhas amareladas, buracos nas folhas e crescimento atrofiado das plantas<\/strong>. \u00c9 importante diferenciar entre pragas comuns e problemas nutricionais, que podem apresentar sintomas semelhantes.<\/p>\n\n\n\n<p>M\u00e9todos simples de monitoramento, como inspe\u00e7\u00f5es regulares das plantas e a <strong>observa\u00e7\u00e3o de sinais de estresse, podem ajudar a agir rapidamente<\/strong>. A identifica\u00e7\u00e3o precoce permite a implementa\u00e7\u00e3o de medidas de controle natural antes que a infesta\u00e7\u00e3o se torne incontrol\u00e1vel.<\/p>\n\n\n<div class=\"wp-block-image\">\n<figure class=\"aligncenter size-large\"><img decoding=\"async\" width=\"1024\" height=\"576\" src=\"https:\/\/www.correiobraziliense.com.br\/cbradar\/wp-content\/uploads\/2025\/02\/Doencas-em-Hortalicas_1740159856683-1024x576.jpg\" alt=\"Como evitar doen\u00e7as e melhorar a sa\u00fade das suas hortali\u00e7as com pr\u00e1ticas simples\" class=\"wp-image-4690\" srcset=\"https:\/\/www.correiobraziliense.com.br\/cbradar\/wp-content\/uploads\/2025\/02\/Doencas-em-Hortalicas_1740159856683-1024x576.jpg 1024w, https:\/\/www.correiobraziliense.com.br\/cbradar\/wp-content\/uploads\/2025\/02\/Doencas-em-Hortalicas_1740159856683-300x169.jpg 300w, https:\/\/www.correiobraziliense.com.br\/cbradar\/wp-content\/uploads\/2025\/02\/Doencas-em-Hortalicas_1740159856683-768x432.jpg 768w, https:\/\/www.correiobraziliense.com.br\/cbradar\/wp-content\/uploads\/2025\/02\/Doencas-em-Hortalicas_1740159856683-750x422.jpg 750w, https:\/\/www.correiobraziliense.com.br\/cbradar\/wp-content\/uploads\/2025\/02\/Doencas-em-Hortalicas_1740159856683-1140x641.jpg 1140w, https:\/\/www.correiobraziliense.com.br\/cbradar\/wp-content\/uploads\/2025\/02\/Doencas-em-Hortalicas_1740159856683.jpg 1280w\" sizes=\"(max-width: 1024px) 100vw, 1024px\" \/><figcaption class=\"wp-element-caption\">Folhas amareladas &#8211; Cr\u00e9ditos: depositphotos.com \/ jamaludinyusup<\/figcaption><\/figure><\/div>\n\n\n<h2 class=\"wp-block-heading\">Quais s\u00e3o as pragas mais comuns no jardim e como combat\u00ea-las naturalmente?<\/h2>\n\n\n\n<p><strong>Pulg\u00f5es<\/strong>, <strong>cochonilhas <\/strong>e <strong>lagartas <\/strong>s\u00e3o algumas das pragas mais comuns que podem ser combatidas sem o uso de venenos. M\u00e9todos naturais, como a aplica\u00e7\u00e3o de calda de fumo ou \u00f3leo de neem, s\u00e3o eficazes na elimina\u00e7\u00e3o dessas pragas. Formigas cortadeiras podem ser afastadas utilizando iscas naturais que n\u00e3o prejudicam o ecossistema.<\/p>\n\n\n\n<p>Para evitar <strong>lesmas e carac\u00f3is<\/strong>, m\u00e9todos caseiros como barreiras de <strong>serragem e cascas de ovo podem ser eficazes<\/strong>. Esses m\u00e9todos n\u00e3o prejudicam as plantas e ajudam a manter o equil\u00edbrio natural do jardim.<\/p>\n\n\n\n<h2 class=\"wp-block-heading\">Como utilizar o controle biol\u00f3gico para eliminar pragas sem qu\u00edmicos?<\/h2>\n\n\n\n<p>O controle biol\u00f3gico envolve o uso de predadores naturais para controlar popula\u00e7\u00f5es de pragas. <strong>Joaninhas<\/strong>, <strong>louva-a-deus<\/strong> e <strong>crisop\u00eddeos <\/strong>s\u00e3o exemplos de insetos ben\u00e9ficos que ajudam a combater pragas de forma natural. Atra\u00ed-los para o jardim pode ser feito atrav\u00e9s do plantio de plantas atrativas, como endro e coentro.<\/p>\n\n\n\n<p>Esses insetos aliados ajudam a manter o equil\u00edbrio do ecossistema, reduzindo a necessidade de interven\u00e7\u00f5es qu\u00edmicas. Al\u00e9m disso, eles contribuem para a poliniza\u00e7\u00e3o e a sa\u00fade geral do jardim.<\/p>\n\n\n\n<h2 class=\"wp-block-heading\">Como fazer defensivos naturais caseiros para combater pragas de forma sustent\u00e1vel?<\/h2>\n\n\n\n<p>Defensivos naturais caseiros s\u00e3o uma alternativa eficaz e sustent\u00e1vel para o controle de pragas. A <strong>calda de fumo<\/strong>, por exemplo, \u00e9 \u00fatil contra pulg\u00f5es e cochonilhas. O \u00f3leo de neem \u00e9 outro defensivo natural que oferece prote\u00e7\u00e3o contra uma variedade de insetos.<\/p>\n\n\n\n<p>O ch\u00e1 de alho e pimenta \u00e9 uma solu\u00e7\u00e3o segura para afastar pragas, sendo f\u00e1cil de preparar e aplicar. Esses m\u00e9todos n\u00e3o apenas protegem as plantas, mas tamb\u00e9m s\u00e3o seguros para o meio ambiente e para os seres humanos.<\/p>\n\n\n\n<h2 class=\"wp-block-heading\">Como o plantio consorciado ajuda a evitar pragas no jardim?<\/h2>\n\n\n\n<p>O plantio consorciado \u00e9 uma t\u00e9cnica que envolve o cultivo de diferentes plantas juntas para afastar insetos nocivos. Plantas repelentes, como <strong>manjeric\u00e3o <\/strong>e <strong>hortel\u00e3<\/strong>, podem ser usadas para proteger culturas sens\u00edveis. A diversidade de culturas reduz infesta\u00e7\u00f5es, pois dificulta a adapta\u00e7\u00e3o das pragas.<\/p>\n\n\n\n<p>Exemplos de combina\u00e7\u00f5es eficientes incluem o plantio de tomate com manjeric\u00e3o e cenoura com cebola. Essas combina\u00e7\u00f5es n\u00e3o apenas ajudam a repelir pragas, mas tamb\u00e9m melhoram a sa\u00fade e o crescimento das plantas.<\/p>\n\n\n<div class=\"wp-block-image\">\n<figure class=\"aligncenter size-large\"><img decoding=\"async\" width=\"1024\" height=\"576\" src=\"https:\/\/www.correiobraziliense.com.br\/cbradar\/wp-content\/uploads\/2025\/02\/pulgoes-jardim_1740510637524-1024x576.jpg\" alt=\"Estrat\u00e9gias Naturais para Controle de Pragas no Jardim\" class=\"wp-image-6181\" srcset=\"https:\/\/www.correiobraziliense.com.br\/cbradar\/wp-content\/uploads\/2025\/02\/pulgoes-jardim_1740510637524-1024x576.jpg 1024w, https:\/\/www.correiobraziliense.com.br\/cbradar\/wp-content\/uploads\/2025\/02\/pulgoes-jardim_1740510637524-300x169.jpg 300w, https:\/\/www.correiobraziliense.com.br\/cbradar\/wp-content\/uploads\/2025\/02\/pulgoes-jardim_1740510637524-768x432.jpg 768w, https:\/\/www.correiobraziliense.com.br\/cbradar\/wp-content\/uploads\/2025\/02\/pulgoes-jardim_1740510637524-750x422.jpg 750w, https:\/\/www.correiobraziliense.com.br\/cbradar\/wp-content\/uploads\/2025\/02\/pulgoes-jardim_1740510637524-1140x642.jpg 1140w, https:\/\/www.correiobraziliense.com.br\/cbradar\/wp-content\/uploads\/2025\/02\/pulgoes-jardim_1740510637524.jpg 1279w\" sizes=\"(max-width: 1024px) 100vw, 1024px\" \/><figcaption class=\"wp-element-caption\">Planta com pulg\u00f5es &#8211; Cr\u00e9ditos: depositphotos.com \/ pryzmat<\/figcaption><\/figure><\/div>\n\n\n<h2 class=\"wp-block-heading\">Como fortalecer as plantas naturalmente para torn\u00e1-las mais resistentes a pragas?<\/h2>\n\n\n\n<p>A aduba\u00e7\u00e3o org\u00e2nica \u00e9 fundamental para fortalecer as plantas e torn\u00e1-las mais resistentes a pragas. O equil\u00edbrio do solo, alcan\u00e7ado atrav\u00e9s de compostagem e adubos naturais, reduz a probabilidade de infesta\u00e7\u00f5es. Estrat\u00e9gias como a incorpora\u00e7\u00e3o de mat\u00e9ria org\u00e2nica e a manuten\u00e7\u00e3o de um pH adequado s\u00e3o essenciais.<\/p>\n\n\n\n<p>Fortalecer as plantas naturalmente evita a depend\u00eancia de fertilizantes qu\u00edmicos, promovendo um crescimento saud\u00e1vel e sustent\u00e1vel. Isso tamb\u00e9m contribui para a resist\u00eancia das plantas a doen\u00e7as e pragas.<\/p>\n\n\n\n<h2 class=\"wp-block-heading\">Como a rota\u00e7\u00e3o de culturas pode evitar infesta\u00e7\u00f5es persistentes?<\/h2>\n\n\n\n<p>A rota\u00e7\u00e3o de culturas \u00e9 uma pr\u00e1tica agr\u00edcola que ajuda a prevenir infesta\u00e7\u00f5es persistentes de pragas. Algumas pragas se instalam no solo e podem ser evitadas alternando as culturas cultivadas em uma \u00e1rea espec\u00edfica. Isso interrompe o ciclo de vida das pragas e reduz sua presen\u00e7a.<\/p>\n\n\n\n<p>Alternar culturas, como <strong>plantar leguminosas ap\u00f3s<\/strong> <strong>solan\u00e1ceas<\/strong>, minimiza ataques de insetos espec\u00edficos e melhora a sa\u00fade do solo. Exemplos pr\u00e1ticos de rota\u00e7\u00e3o de culturas incluem o rod\u00edzio de <strong>milho com feij\u00e3o e alface com cenoura<\/strong>.<\/p>\n\n\n\n<h2 class=\"wp-block-heading\">Como manter um jardim equilibrado para prevenir novas infesta\u00e7\u00f5es?<\/h2>\n\n\n\n<p>Manter um jardim equilibrado \u00e9 essencial para prevenir novas infesta\u00e7\u00f5es de pragas. A diversidade de esp\u00e9cies cria um ecossistema mais resistente, dificultando a adapta\u00e7\u00e3o das pragas. M\u00e9todos de poda e limpeza regulares ajudam a evitar o ac\u00famulo de pragas no ambiente.<\/p>\n\n\n\n<p>O monitoramento cont\u00ednuo e a preven\u00e7\u00e3o sem uso de qu\u00edmicos s\u00e3o fundamentais para um jardim saud\u00e1vel. Pr\u00e1ticas como a inspe\u00e7\u00e3o regular das plantas e a manuten\u00e7\u00e3o de um solo saud\u00e1vel garantem um ambiente prop\u00edcio para o crescimento das plantas e a prote\u00e7\u00e3o contra pragas.<\/p>\n","protected":false},"excerpt":{"rendered":"<p>Evitar o uso de agrot\u00f3xicos no jardim \u00e9 uma pr\u00e1tica essencial para preservar o meio ambiente e garantir a sa\u00fade do ecossistema local. Os produtos qu\u00edmicos, comumente utilizados para controle de pragas, podem causar danos significativos ao solo, \u00e0 biodiversidade e aos insetos ben\u00e9ficos que s\u00e3o vitais para a poliniza\u00e7\u00e3o e o equil\u00edbrio natural. Optar [&hellip;]<\/p>\n","protected":false},"author":9,"featured_media":6425,"comment_status":"open","ping_status":"open","sticky":false,"template":"","format":"standard","meta":{"_yoast_wpseo_focuskw":"agrot\u00f3xicos","_yoast_wpseo_title":"%%title%% %%page%%","_yoast_wpseo_metadesc":"Descubra alternativas ecol\u00f3gicas para proteger seu jardim de pragas e garantir um cultivo saud\u00e1vel e sustent\u00e1vel, sem agrot\u00f3xicos.","jnews-multi-image_gallery":[],"jnews_single_post":{"format":"standard"},"jnews_primary_category":[],"jnews_social_meta":[],"jnews_override_counter":[],"footnotes":""},"categories":[136],"tags":[1116,1174,1176,1175],"class_list":["post-6414","post","type-post","status-publish","format-standard","has-post-thumbnail","hentry","category-jardinagem","tag-controle-de-pragas","tag-jardim-biologico","tag-pesticidas","tag-tecnicas-naturais"],"yoast_head":"<!-- This site is optimized with the Yoast SEO plugin v24.6 - https:\/\/yoast.com\/wordpress\/plugins\/seo\/ -->\n<title>Como manter seu jardim livre de pragas de forma natural<\/title>\n<meta name=\"description\" content=\"Descubra alternativas ecol\u00f3gicas para proteger seu jardim de pragas e garantir um cultivo saud\u00e1vel e sustent\u00e1vel, sem agrot\u00f3xicos.\" \/>\n<meta name=\"robots\" content=\"index, follow, max-snippet:-1, max-image-preview:large, max-video-preview:-1\" \/>\n<link rel=\"canonical\" href=\"https:\/\/www.correiobraziliense.com.br\/cbradar\/como-manter-seu-jardim-livre-de-pragas-de-forma-natural\/\" \/>\n<meta property=\"og:locale\" content=\"pt_BR\" \/>\n<meta property=\"og:type\" content=\"article\" \/>\n<meta property=\"og:title\" content=\"Como manter seu jardim livre de pragas de forma natural\" \/>\n<meta property=\"og:description\" content=\"Descubra alternativas ecol\u00f3gicas para proteger seu jardim de pragas e garantir um cultivo saud\u00e1vel e sustent\u00e1vel, sem agrot\u00f3xicos.\" \/>\n<meta property=\"og:url\" content=\"https:\/\/www.correiobraziliense.com.br\/cbradar\/como-manter-seu-jardim-livre-de-pragas-de-forma-natural\/\" \/>\n<meta property=\"og:site_name\" content=\"Correio Braziliense - Radar\" \/>\n<meta property=\"article:published_time\" content=\"2025-02-27T14:10:32+00:00\" \/>\n<meta property=\"og:image\" content=\"https:\/\/www.correiobraziliense.com.br\/cbradar\/wp-content\/uploads\/2025\/02\/pulgoes-jardim_1740598768495.jpg\" \/>\n\t<meta property=\"og:image:width\" content=\"1280\" \/>\n\t<meta property=\"og:image:height\" content=\"720\" \/>\n\t<meta property=\"og:image:type\" content=\"image\/jpeg\" \/>\n<meta name=\"author\" content=\"Daniely Cardoso\" \/>\n<meta name=\"twitter:card\" content=\"summary_large_image\" \/>\n<meta name=\"twitter:label1\" content=\"Escrito por\" \/>\n\t<meta name=\"twitter:data1\" content=\"Daniely Cardoso\" \/>\n\t<meta name=\"twitter:label2\" content=\"Est. tempo de leitura\" \/>\n\t<meta name=\"twitter:data2\" content=\"7 minutos\" \/>\n<!-- \/ Yoast SEO plugin. -->","yoast_head_json":{"title":"Como manter seu jardim livre de pragas de forma natural","description":"Descubra alternativas ecol\u00f3gicas para proteger seu jardim de pragas e garantir um cultivo saud\u00e1vel e sustent\u00e1vel, sem agrot\u00f3xicos.","robots":{"index":"index","follow":"follow","max-snippet":"max-snippet:-1","max-image-preview":"max-image-preview:large","max-video-preview":"max-video-preview:-1"},"canonical":"https:\/\/www.correiobraziliense.com.br\/cbradar\/como-manter-seu-jardim-livre-de-pragas-de-forma-natural\/","og_locale":"pt_BR","og_type":"article","og_title":"Como manter seu jardim livre de pragas de forma natural","og_description":"Descubra alternativas ecol\u00f3gicas para proteger seu jardim de pragas e garantir um cultivo saud\u00e1vel e sustent\u00e1vel, sem agrot\u00f3xicos.","og_url":"https:\/\/www.correiobraziliense.com.br\/cbradar\/como-manter-seu-jardim-livre-de-pragas-de-forma-natural\/","og_site_name":"Correio Braziliense - Radar","article_published_time":"2025-02-27T14:10:32+00:00","og_image":[{"width":1280,"height":720,"url":"https:\/\/www.correiobraziliense.com.br\/cbradar\/wp-content\/uploads\/2025\/02\/pulgoes-jardim_1740598768495.jpg","type":"image\/jpeg"}],"author":"Daniely Cardoso","twitter_card":"summary_large_image","twitter_misc":{"Escrito por":"Daniely Cardoso","Est. tempo de leitura":"7 minutos"},"schema":{"@context":"https:\/\/schema.org","@graph":[{"@type":"WebPage","@id":"https:\/\/www.correiobraziliense.com.br\/cbradar\/como-manter-seu-jardim-livre-de-pragas-de-forma-natural\/","url":"https:\/\/www.correiobraziliense.com.br\/cbradar\/como-manter-seu-jardim-livre-de-pragas-de-forma-natural\/","name":"Como manter seu jardim livre de pragas de forma natural","isPartOf":{"@id":"https:\/\/www.correiobraziliense.com.br\/cbradar\/#website"},"primaryImageOfPage":{"@id":"https:\/\/www.correiobraziliense.com.br\/cbradar\/como-manter-seu-jardim-livre-de-pragas-de-forma-natural\/#primaryimage"},"image":{"@id":"https:\/\/www.correiobraziliense.com.br\/cbradar\/como-manter-seu-jardim-livre-de-pragas-de-forma-natural\/#primaryimage"},"thumbnailUrl":"https:\/\/www.correiobraziliense.com.br\/cbradar\/wp-content\/uploads\/2025\/02\/pulgoes-jardim_1740598768495.jpg","datePublished":"2025-02-27T14:10:32+00:00","author":{"@id":"https:\/\/www.correiobraziliense.com.br\/cbradar\/#\/schema\/person\/7356666e12ec0ee53f348ee5db227032"},"description":"Descubra alternativas ecol\u00f3gicas para proteger seu jardim de pragas e garantir um cultivo saud\u00e1vel e sustent\u00e1vel, sem agrot\u00f3xicos.","breadcrumb":{"@id":"https:\/\/www.correiobraziliense.com.br\/cbradar\/como-manter-seu-jardim-livre-de-pragas-de-forma-natural\/#breadcrumb"},"inLanguage":"pt-BR","potentialAction":[{"@type":"ReadAction","target":["https:\/\/www.correiobraziliense.com.br\/cbradar\/como-manter-seu-jardim-livre-de-pragas-de-forma-natural\/"]}]},{"@type":"ImageObject","inLanguage":"pt-BR","@id":"https:\/\/www.correiobraziliense.com.br\/cbradar\/como-manter-seu-jardim-livre-de-pragas-de-forma-natural\/#primaryimage","url":"https:\/\/www.correiobraziliense.com.br\/cbradar\/wp-content\/uploads\/2025\/02\/pulgoes-jardim_1740598768495.jpg","contentUrl":"https:\/\/www.correiobraziliense.com.br\/cbradar\/wp-content\/uploads\/2025\/02\/pulgoes-jardim_1740598768495.jpg","width":1280,"height":720,"caption":"Joaninha - Cr\u00e9ditos: depositphotos.com \/ Dimijana"},{"@type":"BreadcrumbList","@id":"https:\/\/www.correiobraziliense.com.br\/cbradar\/como-manter-seu-jardim-livre-de-pragas-de-forma-natural\/#breadcrumb","itemListElement":[{"@type":"ListItem","position":1,"name":"In\u00edcio","item":"https:\/\/www.correiobraziliense.com.br\/cbradar\/"},{"@type":"ListItem","position":2,"name":"Como manter seu jardim livre de pragas de forma natural"}]},{"@type":"WebSite","@id":"https:\/\/www.correiobraziliense.com.br\/cbradar\/#website","url":"https:\/\/www.correiobraziliense.com.br\/cbradar\/","name":"Correio Braziliense - Radar","description":"Acompanhe as \u00faltimas not\u00edcias e fique bem informado sobre tudo o que acontece no Brasil e no mundo.","potentialAction":[{"@type":"SearchAction","target":{"@type":"EntryPoint","urlTemplate":"https:\/\/www.correiobraziliense.com.br\/cbradar\/?s={search_term_string}"},"query-input":{"@type":"PropertyValueSpecification","valueRequired":true,"valueName":"search_term_string"}}],"inLanguage":"pt-BR"},{"@type":"Person","@id":"https:\/\/www.correiobraziliense.com.br\/cbradar\/#\/schema\/person\/7356666e12ec0ee53f348ee5db227032","name":"Daniely Cardoso","image":{"@type":"ImageObject","inLanguage":"pt-BR","@id":"https:\/\/www.correiobraziliense.com.br\/cbradar\/#\/schema\/person\/image\/","url":"https:\/\/secure.gravatar.com\/avatar\/4b80ddbd124d1f071b626d52d62e5dff?s=96&d=mm&r=g","contentUrl":"https:\/\/secure.gravatar.com\/avatar\/4b80ddbd124d1f071b626d52d62e5dff?s=96&d=mm&r=g","caption":"Daniely Cardoso"},"description":"Redatora nos portais CB Radar e EM Foco, formada pela Universidade Federal de Goi\u00e1s, em Goi\u00e2nia. Apaixonada por comunica\u00e7\u00e3o, arte, decora\u00e7\u00e3o e tend\u00eancias, atuo na produ\u00e7\u00e3o de conte\u00fados envolventes sobre curiosidades, moda, beleza e paisagismo, sempre com um olhar atento \u00e0s novidades do momento.","sameAs":["https:\/\/www.correiobraziliense.com.br\/cbradar"],"url":"https:\/\/www.correiobraziliense.com.br\/cbradar\/author\/danielymyth\/"}]}},"_links":{"self":[{"href":"https:\/\/www.correiobraziliense.com.br\/cbradar\/wp-json\/wp\/v2\/posts\/6414","targetHints":{"allow":["GET"]}}],"collection":[{"href":"https:\/\/www.correiobraziliense.com.br\/cbradar\/wp-json\/wp\/v2\/posts"}],"about":[{"href":"https:\/\/www.correiobraziliense.com.br\/cbradar\/wp-json\/wp\/v2\/types\/post"}],"author":[{"embeddable":true,"href":"https:\/\/www.correiobraziliense.com.br\/cbradar\/wp-json\/wp\/v2\/users\/9"}],"replies":[{"embeddable":true,"href":"https:\/\/www.correiobraziliense.com.br\/cbradar\/wp-json\/wp\/v2\/comments?post=6414"}],"version-history":[{"count":2,"href":"https:\/\/www.correiobraziliense.com.br\/cbradar\/wp-json\/wp\/v2\/posts\/6414\/revisions"}],"predecessor-version":[{"id":6428,"href":"https:\/\/www.correiobraziliense.com.br\/cbradar\/wp-json\/wp\/v2\/posts\/6414\/revisions\/6428"}],"wp:featuredmedia":[{"embeddable":true,"href":"https:\/\/www.correiobraziliense.com.br\/cbradar\/wp-json\/wp\/v2\/media\/6425"}],"wp:attachment":[{"href":"https:\/\/www.correiobraziliense.com.br\/cbradar\/wp-json\/wp\/v2\/media?parent=6414"}],"wp:term":[{"taxonomy":"category","embeddable":true,"href":"https:\/\/www.correiobraziliense.com.br\/cbradar\/wp-json\/wp\/v2\/categories?post=6414"},{"taxonomy":"post_tag","embeddable":true,"href":"https:\/\/www.correiobraziliense.com.br\/cbradar\/wp-json\/wp\/v2\/tags?post=6414"}],"curies":[{"name":"wp","href":"https:\/\/api.w.org\/{rel}","templated":true}]}}