{"id":6421,"date":"2025-02-27T10:30:00","date_gmt":"2025-02-27T13:30:00","guid":{"rendered":"https:\/\/www.correiobraziliense.com.br\/cbradar\/?p=6421"},"modified":"2025-02-27T02:12:36","modified_gmt":"2025-02-27T05:12:36","slug":"o-futuro-desanimador-do-universo-dc","status":"publish","type":"post","link":"https:\/\/www.correiobraziliense.com.br\/cbradar\/o-futuro-desanimador-do-universo-dc\/","title":{"rendered":"O futuro desanimador do universo DC, o que est\u00e1 acontecendo?"},"content":{"rendered":"\n<p>Nos \u00faltimos anos, o<strong> universo DC <\/strong>tem passado por uma s\u00e9rie de transforma\u00e7\u00f5es, com novos filmes e s\u00e9ries sendo anunciados para a TV e o cinema. Em 2024, <strong>James Gunn<\/strong>, um dos principais nomes por tr\u00e1s dessas mudan\u00e7as, revelou uma s\u00e9rie de projetos ambiciosos. No entanto, nem todos os planos t\u00eam avan\u00e7ado conforme o esperado, trazendo desafios significativos para a franquia.<\/p>\n\n\n\n<p>Em uma coletiva de imprensa recente, <strong>Gunn <\/strong>e seu parceiro <strong>Peter Safran<\/strong> discutiram o progresso de algumas produ\u00e7\u00f5es. Enquanto t\u00edtulos como <strong>Superman<\/strong>, <strong>Supergirl<\/strong>, <strong>Pacificador <\/strong>e <strong>Lanterns <\/strong>est\u00e3o progredindo bem, outros projetos enfrentam obst\u00e1culos que podem atrasar suas estreias.<\/p>\n\n\n\n<h2 class=\"wp-block-heading\"><strong>Quais projetos enfrentam dificuldades?<\/strong><\/h2>\n\n\n\n<p>Entre os projetos que est\u00e3o enfrentando dificuldades est\u00e1 o filme do&nbsp;<strong>Monstro do P\u00e2ntano<\/strong>. Este anti-her\u00f3i cl\u00e1ssico dos quadrinhos foi anunciado para ganhar vida nas telonas sob a dire\u00e7\u00e3o de <strong>James Mangold<\/strong>, conhecido por seu trabalho em &#8220;<strong>Logan<\/strong>&#8220;. Apesar do entusiasmo inicial, <strong>Gunn <\/strong>e <strong>Safran <\/strong>admitiram que o projeto depende da disponibilidade de <strong>Mangold<\/strong>, e as conversas com o cineasta &#8220;esfriaram&#8221;, levantando d\u00favidas sobre a viabilidade do filme.<\/p>\n\n\n\n<p>Outro projeto impactado \u00e9&nbsp;<strong>The Authority<\/strong>, descrito por <strong>Gunn <\/strong>como um &#8220;projeto de paix\u00e3o&#8221;. No entanto, dificuldades em desenvolver um roteiro satisfat\u00f3rio e o foco em outros filmes, como <strong>Superman <\/strong>e <strong>Supergirl<\/strong>, resultaram em atrasos significativos.<\/p>\n\n\n\n<figure class=\"wp-block-image size-large\"><img decoding=\"async\" width=\"1024\" height=\"576\" src=\"https:\/\/www.correiobraziliense.com.br\/cbradar\/wp-content\/uploads\/2025\/02\/James-Gunn_1740599011830-1024x576.jpg\" alt=\"Desafios e novos rumos no universo DC\" class=\"wp-image-6426\" srcset=\"https:\/\/www.correiobraziliense.com.br\/cbradar\/wp-content\/uploads\/2025\/02\/James-Gunn_1740599011830-1024x576.jpg 1024w, https:\/\/www.correiobraziliense.com.br\/cbradar\/wp-content\/uploads\/2025\/02\/James-Gunn_1740599011830-300x169.jpg 300w, https:\/\/www.correiobraziliense.com.br\/cbradar\/wp-content\/uploads\/2025\/02\/James-Gunn_1740599011830-768x432.jpg 768w, https:\/\/www.correiobraziliense.com.br\/cbradar\/wp-content\/uploads\/2025\/02\/James-Gunn_1740599011830-750x422.jpg 750w, https:\/\/www.correiobraziliense.com.br\/cbradar\/wp-content\/uploads\/2025\/02\/James-Gunn_1740599011830-1140x641.jpg 1140w, https:\/\/www.correiobraziliense.com.br\/cbradar\/wp-content\/uploads\/2025\/02\/James-Gunn_1740599011830.jpg 1280w\" sizes=\"(max-width: 1024px) 100vw, 1024px\" \/><figcaption class=\"wp-element-caption\">James Gunn\nCr\u00e9ditos: depositphotos.com \/ imagepressagency<\/figcaption><\/figure>\n\n\n\n<h2 class=\"wp-block-heading\"><strong>Quais outros projetos est\u00e3o em espera?<\/strong><\/h2>\n\n\n\n<p>Al\u00e9m dos mencionados, o projeto&nbsp;<strong>Waller<\/strong>&nbsp;tamb\u00e9m est\u00e1 em espera, aguardando um roteiro que atenda \u00e0s expectativas da equipe criativa. Da mesma forma,&nbsp;<strong>Gladiador Dourado<\/strong>&nbsp;enfrenta incertezas ap\u00f3s a sa\u00edda do showrunner respons\u00e1vel, o que deixou o futuro da produ\u00e7\u00e3o indefinido.<\/p>\n\n\n\n<h2 class=\"wp-block-heading\"><strong>O que esperar do DCU nos pr\u00f3ximos anos?<\/strong><\/h2>\n\n\n\n<p>Apesar dos desafios, o <strong>DCU <\/strong>continua a avan\u00e7ar com lan\u00e7amentos planejados. A estreia nos cinemas est\u00e1 marcada para 10 de julho deste ano com o filme do <strong>Superman<\/strong>, prometendo trazer uma nova vis\u00e3o para o ic\u00f4nico her\u00f3i. A expectativa \u00e9 que, com o tempo, os projetos atualmente em espera possam encontrar o caminho para o desenvolvimento, trazendo novas hist\u00f3rias e personagens para os f\u00e3s.<\/p>\n\n\n\n<p>Para aqueles que acompanham de perto o universo <strong>DC<\/strong>, \u00e9 importante manter-se atualizado sobre as novidades. Plataformas como o <strong>NerdBunker <\/strong>oferecem informa\u00e7\u00f5es constantes sobre o progresso dos projetos e as mudan\u00e7as no cronograma. Al\u00e9m disso, as redes sociais e grupos de discuss\u00e3o s\u00e3o \u00f3timas maneiras de se conectar com outros f\u00e3s e compartilhar expectativas sobre o futuro da franquia.<\/p>\n\n\n\n<p><\/p>\n","protected":false},"excerpt":{"rendered":"<p>Filmes e s\u00e9ries de TV que est\u00e3o por vir no Universo DC (DCU), incluindo Superman, Supergirl e The Authority.<\/p>\n","protected":false},"author":3,"featured_media":6424,"comment_status":"open","ping_status":"open","sticky":false,"template":"","format":"standard","meta":{"_yoast_wpseo_focuskw":"DC","_yoast_wpseo_title":"%%title%%","_yoast_wpseo_metadesc":"O futuro do universo DC enfrenta desafios e incertezas. Entenda o que est\u00e1 acontecendo e o que pode impactar os pr\u00f3ximos filmes e s\u00e9ries.","jnews-multi-image_gallery":[],"jnews_single_post":{"format":"standard"},"jnews_primary_category":[],"jnews_social_meta":[],"jnews_override_counter":[],"footnotes":""},"categories":[140],"post_tag":[1199,568],"class_list":["post-6421","post","type-post","status-publish","format-standard","has-post-thumbnail","hentry","category-entretenimento","tag-dc","tag-series-e-filmes"],"yoast_head":"<!-- This site is optimized with the Yoast SEO plugin v24.6 - https:\/\/yoast.com\/wordpress\/plugins\/seo\/ -->\n<title>O futuro desanimador do universo DC, o que est\u00e1 acontecendo?<\/title>\n<meta name=\"description\" content=\"O futuro do universo DC enfrenta desafios e incertezas. Entenda o que est\u00e1 acontecendo e o que pode impactar os pr\u00f3ximos filmes e s\u00e9ries.\" \/>\n<meta name=\"robots\" content=\"index, follow, max-snippet:-1, max-image-preview:large, max-video-preview:-1\" \/>\n<link rel=\"canonical\" href=\"https:\/\/www.correiobraziliense.com.br\/cbradar\/o-futuro-desanimador-do-universo-dc\/\" \/>\n<meta property=\"og:locale\" content=\"pt_BR\" \/>\n<meta property=\"og:type\" content=\"article\" \/>\n<meta property=\"og:title\" content=\"O futuro desanimador do universo DC, o que est\u00e1 acontecendo?\" \/>\n<meta property=\"og:description\" content=\"O futuro do universo DC enfrenta desafios e incertezas. Entenda o que est\u00e1 acontecendo e o que pode impactar os pr\u00f3ximos filmes e s\u00e9ries.\" \/>\n<meta property=\"og:url\" content=\"https:\/\/www.correiobraziliense.com.br\/cbradar\/o-futuro-desanimador-do-universo-dc\/\" \/>\n<meta property=\"og:site_name\" content=\"Correio Braziliense - Radar\" \/>\n<meta property=\"article:published_time\" content=\"2025-02-27T13:30:00+00:00\" \/>\n<meta property=\"og:image\" content=\"https:\/\/www.correiobraziliense.com.br\/cbradar\/wp-content\/uploads\/2025\/02\/universo-DC_1740598801079.jpg\" \/>\n\t<meta property=\"og:image:width\" content=\"1280\" \/>\n\t<meta property=\"og:image:height\" content=\"720\" \/>\n\t<meta property=\"og:image:type\" content=\"image\/jpeg\" \/>\n<meta name=\"author\" content=\"Larissa Carvalho\" \/>\n<meta name=\"twitter:card\" content=\"summary_large_image\" \/>\n<meta name=\"twitter:label1\" content=\"Escrito por\" \/>\n\t<meta name=\"twitter:data1\" content=\"Larissa Carvalho\" \/>\n\t<meta name=\"twitter:label2\" content=\"Est. tempo de leitura\" \/>\n\t<meta name=\"twitter:data2\" content=\"3 minutos\" \/>\n<!-- \/ Yoast SEO plugin. -->","yoast_head_json":{"title":"O futuro desanimador do universo DC, o que est\u00e1 acontecendo?","description":"O futuro do universo DC enfrenta desafios e incertezas. Entenda o que est\u00e1 acontecendo e o que pode impactar os pr\u00f3ximos filmes e s\u00e9ries.","robots":{"index":"index","follow":"follow","max-snippet":"max-snippet:-1","max-image-preview":"max-image-preview:large","max-video-preview":"max-video-preview:-1"},"canonical":"https:\/\/www.correiobraziliense.com.br\/cbradar\/o-futuro-desanimador-do-universo-dc\/","og_locale":"pt_BR","og_type":"article","og_title":"O futuro desanimador do universo DC, o que est\u00e1 acontecendo?","og_description":"O futuro do universo DC enfrenta desafios e incertezas. Entenda o que est\u00e1 acontecendo e o que pode impactar os pr\u00f3ximos filmes e s\u00e9ries.","og_url":"https:\/\/www.correiobraziliense.com.br\/cbradar\/o-futuro-desanimador-do-universo-dc\/","og_site_name":"Correio Braziliense - Radar","article_published_time":"2025-02-27T13:30:00+00:00","og_image":[{"width":1280,"height":720,"url":"https:\/\/www.correiobraziliense.com.br\/cbradar\/wp-content\/uploads\/2025\/02\/universo-DC_1740598801079.jpg","type":"image\/jpeg"}],"author":"Larissa Carvalho","twitter_card":"summary_large_image","twitter_misc":{"Escrito por":"Larissa Carvalho","Est. tempo de leitura":"3 minutos"},"schema":{"@context":"https:\/\/schema.org","@graph":[{"@type":"WebPage","@id":"https:\/\/www.correiobraziliense.com.br\/cbradar\/o-futuro-desanimador-do-universo-dc\/","url":"https:\/\/www.correiobraziliense.com.br\/cbradar\/o-futuro-desanimador-do-universo-dc\/","name":"O futuro desanimador do universo DC, o que est\u00e1 acontecendo?","isPartOf":{"@id":"https:\/\/www.correiobraziliense.com.br\/cbradar\/#website"},"primaryImageOfPage":{"@id":"https:\/\/www.correiobraziliense.com.br\/cbradar\/o-futuro-desanimador-do-universo-dc\/#primaryimage"},"image":{"@id":"https:\/\/www.correiobraziliense.com.br\/cbradar\/o-futuro-desanimador-do-universo-dc\/#primaryimage"},"thumbnailUrl":"https:\/\/www.correiobraziliense.com.br\/cbradar\/wp-content\/uploads\/2025\/02\/universo-DC_1740598801079.jpg","datePublished":"2025-02-27T13:30:00+00:00","author":{"@id":"https:\/\/www.correiobraziliense.com.br\/cbradar\/#\/schema\/person\/58422787644df994b53a19d3e56c1513"},"description":"O futuro do universo DC enfrenta desafios e incertezas. Entenda o que est\u00e1 acontecendo e o que pode impactar os pr\u00f3ximos filmes e s\u00e9ries.","breadcrumb":{"@id":"https:\/\/www.correiobraziliense.com.br\/cbradar\/o-futuro-desanimador-do-universo-dc\/#breadcrumb"},"inLanguage":"pt-BR","potentialAction":[{"@type":"ReadAction","target":["https:\/\/www.correiobraziliense.com.br\/cbradar\/o-futuro-desanimador-do-universo-dc\/"]}]},{"@type":"ImageObject","inLanguage":"pt-BR","@id":"https:\/\/www.correiobraziliense.com.br\/cbradar\/o-futuro-desanimador-do-universo-dc\/#primaryimage","url":"https:\/\/www.correiobraziliense.com.br\/cbradar\/wp-content\/uploads\/2025\/02\/universo-DC_1740598801079.jpg","contentUrl":"https:\/\/www.correiobraziliense.com.br\/cbradar\/wp-content\/uploads\/2025\/02\/universo-DC_1740598801079.jpg","width":1280,"height":720,"caption":"desafios para o universo da DC Cr\u00e9ditos: depositphotos.com \/ rootstocks"},{"@type":"BreadcrumbList","@id":"https:\/\/www.correiobraziliense.com.br\/cbradar\/o-futuro-desanimador-do-universo-dc\/#breadcrumb","itemListElement":[{"@type":"ListItem","position":1,"name":"In\u00edcio","item":"https:\/\/www.correiobraziliense.com.br\/cbradar\/"},{"@type":"ListItem","position":2,"name":"O futuro desanimador do universo DC, o que est\u00e1 acontecendo?"}]},{"@type":"WebSite","@id":"https:\/\/www.correiobraziliense.com.br\/cbradar\/#website","url":"https:\/\/www.correiobraziliense.com.br\/cbradar\/","name":"Correio Braziliense - Radar","description":"Acompanhe as \u00faltimas not\u00edcias e fique bem informado sobre tudo o que acontece no Brasil e no mundo.","potentialAction":[{"@type":"SearchAction","target":{"@type":"EntryPoint","urlTemplate":"https:\/\/www.correiobraziliense.com.br\/cbradar\/?s={search_term_string}"},"query-input":{"@type":"PropertyValueSpecification","valueRequired":true,"valueName":"search_term_string"}}],"inLanguage":"pt-BR"},{"@type":"Person","@id":"https:\/\/www.correiobraziliense.com.br\/cbradar\/#\/schema\/person\/58422787644df994b53a19d3e56c1513","name":"Larissa Carvalho","image":{"@type":"ImageObject","inLanguage":"pt-BR","@id":"https:\/\/www.correiobraziliense.com.br\/cbradar\/#\/schema\/person\/image\/","url":"https:\/\/secure.gravatar.com\/avatar\/fe4f91a0de32b52a838d0d612abdc1aa?s=96&d=mm&r=g","contentUrl":"https:\/\/secure.gravatar.com\/avatar\/fe4f91a0de32b52a838d0d612abdc1aa?s=96&d=mm&r=g","caption":"Larissa Carvalho"},"url":"https:\/\/www.correiobraziliense.com.br\/cbradar\/author\/larissamyth\/"}]}},"_links":{"self":[{"href":"https:\/\/www.correiobraziliense.com.br\/cbradar\/wp-json\/wp\/v2\/posts\/6421","targetHints":{"allow":["GET"]}}],"collection":[{"href":"https:\/\/www.correiobraziliense.com.br\/cbradar\/wp-json\/wp\/v2\/posts"}],"about":[{"href":"https:\/\/www.correiobraziliense.com.br\/cbradar\/wp-json\/wp\/v2\/types\/post"}],"author":[{"embeddable":true,"href":"https:\/\/www.correiobraziliense.com.br\/cbradar\/wp-json\/wp\/v2\/users\/3"}],"replies":[{"embeddable":true,"href":"https:\/\/www.correiobraziliense.com.br\/cbradar\/wp-json\/wp\/v2\/comments?post=6421"}],"version-history":[{"count":4,"href":"https:\/\/www.correiobraziliense.com.br\/cbradar\/wp-json\/wp\/v2\/posts\/6421\/revisions"}],"predecessor-version":[{"id":6668,"href":"https:\/\/www.correiobraziliense.com.br\/cbradar\/wp-json\/wp\/v2\/posts\/6421\/revisions\/6668"}],"wp:featuredmedia":[{"embeddable":true,"href":"https:\/\/www.correiobraziliense.com.br\/cbradar\/wp-json\/wp\/v2\/media\/6424"}],"wp:attachment":[{"href":"https:\/\/www.correiobraziliense.com.br\/cbradar\/wp-json\/wp\/v2\/media?parent=6421"}],"wp:term":[{"taxonomy":"category","embeddable":true,"href":"https:\/\/www.correiobraziliense.com.br\/cbradar\/wp-json\/wp\/v2\/categories?post=6421"},{"taxonomy":"post_tag","embeddable":true,"href":"https:\/\/www.correiobraziliense.com.br\/cbradar\/wp-json\/wp\/v2\/post_tag?post=6421"}],"curies":[{"name":"wp","href":"https:\/\/api.w.org\/{rel}","templated":true}]}}