{"id":64424,"date":"2025-07-05T09:03:00","date_gmt":"2025-07-05T12:03:00","guid":{"rendered":"https:\/\/www.correiobraziliense.com.br\/cbradar\/?p=64424"},"modified":"2025-07-04T11:46:47","modified_gmt":"2025-07-04T14:46:47","slug":"voce-consome-mais-acucar-do-que-imagina-e-isso-pode-estar-te-adoecendo","status":"publish","type":"post","link":"https:\/\/www.correiobraziliense.com.br\/cbradar\/voce-consome-mais-acucar-do-que-imagina-e-isso-pode-estar-te-adoecendo\/","title":{"rendered":"Voc\u00ea consome mais a\u00e7\u00facar do que imagina e isso pode estar te adoecendo"},"content":{"rendered":"\n<p>O <a href=\"https:\/\/pt.wikipedia.org\/wiki\/A\u00e7\u00facar\" target=\"_blank\" rel=\"noreferrer noopener\">a\u00e7\u00facar <\/a>\u00e9, para muitos, sin\u00f4nimo de prazer e conforto. Presente em sobremesas, bebidas e momentos de celebra\u00e7\u00e3o, ele faz parte da nossa cultura. No entanto, o consumo excessivo e muitas vezes inconsciente de a\u00e7\u00facar tornou-se um dos maiores vil\u00f5es da sa\u00fade moderna, estando diretamente ligado a uma epidemia de doen\u00e7as cr\u00f4nicas que afetam milh\u00f5es de brasileiros.<\/p>\n\n\n\n<p>O grande perigo n\u00e3o est\u00e1 apenas no a\u00e7\u00facar que adicionamos ao caf\u00e9 ou em um doce \u00f3bvio, mas sim no <strong>a\u00e7\u00facar escondido<\/strong> em in\u00fameros alimentos ultraprocessados que consumimos diariamente. Tomar consci\u00eancia dos seus malef\u00edcios e aprender estrat\u00e9gias eficazes para reduzir a ingest\u00e3o \u00e9 um dos passos mais importantes que voc\u00ea pode dar para proteger sua <a href=\"https:\/\/www.correiobraziliense.com.br\/cbradar\/5-beneficios-reais-da-reabilitacao-cardiaca-que-salvam-vidas\/\" target=\"_blank\" rel=\"noreferrer noopener\">sa\u00fade <\/a>a longo prazo.<\/p>\n\n\n\n<h2 class=\"wp-block-heading\">Como o excesso de a\u00e7\u00facar impacta nosso metabolismo?<\/h2>\n\n\n\n<p>Quando consumimos a\u00e7\u00facar, nosso p\u00e2ncreas libera <strong>insulina<\/strong>, um horm\u00f4nio cuja fun\u00e7\u00e3o \u00e9 transportar a glicose (o a\u00e7\u00facar do sangue) para dentro das c\u00e9lulas, onde ela ser\u00e1 usada como energia. O consumo constante e excessivo de a\u00e7\u00facar sobrecarrega esse sistema. O p\u00e2ncreas precisa trabalhar cada vez mais, e as c\u00e9lulas, bombardeadas por glicose, come\u00e7am a se tornar menos sens\u00edveis \u00e0 a\u00e7\u00e3o da insulina, um quadro conhecido como <strong>resist\u00eancia \u00e0 insulina<\/strong>.<\/p>\n\n\n\n<p>A resist\u00eancia \u00e0 insulina \u00e9 o caminho direto para o desenvolvimento do <strong>diabetes tipo 2<\/strong>. Al\u00e9m disso, ela favorece o ac\u00famulo de gordura, principalmente na regi\u00e3o abdominal (a perigosa gordura visceral), e est\u00e1 na raiz de uma condi\u00e7\u00e3o chamada s\u00edndrome metab\u00f3lica, que envolve um conjunto de problemas como hipertens\u00e3o, colesterol alto e obesidade, aumentando drasticamente o risco de doen\u00e7as card\u00edacas.<\/p>\n\n\n<div class=\"wp-block-image\">\n<figure class=\"aligncenter size-large\"><img decoding=\"async\" width=\"1024\" height=\"576\" src=\"https:\/\/www.correiobraziliense.com.br\/cbradar\/wp-content\/uploads\/2025\/07\/acucar_1751636537454-1024x576.jpg\" alt=\"Voc\u00ea consome mais a\u00e7\u00facar do que imagina e isso pode estar te adoecendo\" class=\"wp-image-64458\" srcset=\"https:\/\/www.correiobraziliense.com.br\/cbradar\/wp-content\/uploads\/2025\/07\/acucar_1751636537454-1024x576.jpg 1024w, https:\/\/www.correiobraziliense.com.br\/cbradar\/wp-content\/uploads\/2025\/07\/acucar_1751636537454-300x169.jpg 300w, https:\/\/www.correiobraziliense.com.br\/cbradar\/wp-content\/uploads\/2025\/07\/acucar_1751636537454-768x432.jpg 768w, https:\/\/www.correiobraziliense.com.br\/cbradar\/wp-content\/uploads\/2025\/07\/acucar_1751636537454-750x422.jpg 750w, https:\/\/www.correiobraziliense.com.br\/cbradar\/wp-content\/uploads\/2025\/07\/acucar_1751636537454-1140x641.jpg 1140w, https:\/\/www.correiobraziliense.com.br\/cbradar\/wp-content\/uploads\/2025\/07\/acucar_1751636537454.jpg 1280w\" sizes=\"(max-width: 1024px) 100vw, 1024px\" \/><figcaption class=\"wp-element-caption\">A\u00e7\u00facar &#8211; Cr\u00e9ditos: depositphotos.com \/ bit245<\/figcaption><\/figure><\/div>\n\n\n<h2 class=\"wp-block-heading\">Qual a rela\u00e7\u00e3o entre o a\u00e7\u00facar e a inflama\u00e7\u00e3o cr\u00f4nica?<\/h2>\n\n\n\n<p>A inflama\u00e7\u00e3o \u00e9 uma resposta natural do corpo a les\u00f5es, mas quando se torna cr\u00f4nica e de baixo grau, ela vira um gatilho para praticamente todas as doen\u00e7as cr\u00f4nicas modernas. O consumo excessivo de a\u00e7\u00facar \u00e9 um dos principais promotores desse estado inflamat\u00f3rio.<\/p>\n\n\n\n<p>O excesso de glicose no sangue pode levar \u00e0 produ\u00e7\u00e3o de mol\u00e9culas prejudiciais que danificam as c\u00e9lulas e ativam uma resposta inflamat\u00f3ria cont\u00ednua. Essa <strong>inflama\u00e7\u00e3o cr\u00f4nica<\/strong> silenciosa est\u00e1 associada a um maior risco de doen\u00e7as cardiovasculares, artrite, alguns tipos de c\u00e2ncer e at\u00e9 mesmo a doen\u00e7as neurodegenerativas, como o Alzheimer. Reduzir o a\u00e7\u00facar \u00e9, portanto, uma potente estrat\u00e9gia anti-inflamat\u00f3ria.<\/p>\n\n\n\n<h2 class=\"wp-block-heading\">Onde se esconde o a\u00e7\u00facar que n\u00e3o vemos?<\/h2>\n\n\n\n<p>Este \u00e9 o ponto mais cr\u00edtico. A maior parte do a\u00e7\u00facar que consumimos n\u00e3o vem do a\u00e7ucareiro, mas sim de produtos industrializados que nem imaginamos. A ind\u00fastria aliment\u00edcia utiliza o a\u00e7\u00facar para real\u00e7ar o sabor, melhorar a textura e aumentar a durabilidade dos produtos, muitas vezes em itens que nem s\u00e3o doces.<\/p>\n\n\n\n<p>Para identificar o <strong>a\u00e7\u00facar escondido<\/strong>, \u00e9 fundamental criar o h\u00e1bito de ler os r\u00f3tulos dos alimentos. Fique atento, pois ele pode aparecer com muitos nomes diferentes.<\/p>\n\n\n\n<ul class=\"wp-block-list\">\n<li><strong>Molhos prontos:<\/strong> Ketchup, molho barbecue e molhos para salada costumam ter altas quantidades.<\/li>\n\n\n\n<li><strong>Bebidas industrializadas:<\/strong> Sucos de caixinha, refrigerantes e ch\u00e1s prontos s\u00e3o frequentemente carregados de a\u00e7\u00facar.<\/li>\n\n\n\n<li><strong>Cereais matinais:<\/strong> Muitos cereais, especialmente os infantis, cont\u00eam mais a\u00e7\u00facar do que uma sobremesa.<\/li>\n\n\n\n<li><strong>P\u00e3es e biscoitos:<\/strong> P\u00e3es de forma, biscoitos &#8220;\u00e1gua e sal&#8221; e torradas podem conter a\u00e7\u00facar em sua composi\u00e7\u00e3o.<\/li>\n\n\n\n<li><strong>Produtos &#8220;light&#8221; e &#8220;diet&#8221;:<\/strong> Muitas vezes, para compensar a retirada de gordura, a ind\u00fastria adiciona mais a\u00e7\u00facar para manter o sabor.<\/li>\n\n\n\n<li><strong>Nomes disfar\u00e7ados:<\/strong> Procure por termos como sacarose, glicose, frutose, xarope de milho, maltodextrina, a\u00e7\u00facar invertido e outros.<\/li>\n<\/ul>\n\n\n\n<h2 class=\"wp-block-heading\">Como treinar o paladar e reduzir a vontade por doces?<\/h2>\n\n\n\n<p>Nosso paladar \u00e9 adapt\u00e1vel. Quanto mais a\u00e7\u00facar consumimos, mais nosso c\u00e9rebro pede por esse est\u00edmulo intenso. A boa not\u00edcia \u00e9 que o processo inverso tamb\u00e9m \u00e9 verdadeiro. Ao reduzir gradualmente a ingest\u00e3o de a\u00e7\u00facar, nosso paladar se &#8220;recalibra&#8221; e passamos a sentir o sabor natural dos alimentos de forma mais apurada.<\/p>\n\n\n\n<p>Para diminuir a vontade por doces, comece com pequenas mudan\u00e7as. Se voc\u00ea ado\u00e7a o caf\u00e9, reduza a quantidade pela metade por uma semana, e depois reduza novamente. Troque o refrigerante por \u00e1gua com g\u00e1s e lim\u00e3o. Quando a vontade por um doce bater, opte por uma fruta naturalmente doce, como banana ou manga. Manter-se bem hidratado e consumir alimentos ricos em fibras e prote\u00ednas tamb\u00e9m ajuda a promover a saciedade e a reduzir os &#8220;cravings&#8221;.<\/p>\n\n\n\n<h2 class=\"wp-block-heading\">Que estrat\u00e9gias pr\u00e1ticas posso adotar para diminuir o consumo?<\/h2>\n\n\n\n<p>Reduzir o a\u00e7\u00facar n\u00e3o precisa ser um processo de priva\u00e7\u00e3o e sofrimento. A chave \u00e9 a substitui\u00e7\u00e3o inteligente e a reeduca\u00e7\u00e3o dos h\u00e1bitos. Comece aos poucos para que a mudan\u00e7a seja sustent\u00e1vel.<\/p>\n\n\n\n<p>Priorize &#8220;comida de verdade&#8221;: baseie sua alimenta\u00e7\u00e3o em vegetais, legumes, frutas, carnes, ovos e gr\u00e3os integrais. Cozinhe mais em casa, pois assim voc\u00ea tem controle total sobre os ingredientes. Troque o suco de caixinha pela fruta inteira, que cont\u00e9m fibras que diminuem o impacto do a\u00e7\u00facar no sangue. Para as sobremesas, experimente frutas assadas com canela ou iogurte natural com frutas vermelhas.<\/p>\n\n\n\n<h2 class=\"wp-block-heading\">Quando devo me preocupar e procurar ajuda profissional?<\/h2>\n\n\n\n<p>Se voc\u00ea sente que seu consumo de a\u00e7\u00facar est\u00e1 fora de controle, que voc\u00ea tem uma compuls\u00e3o por doces ou se j\u00e1 apresenta sinais de problemas metab\u00f3licos, como ganho de peso acentuado, cansa\u00e7o constante e sede excessiva, \u00e9 hora de procurar ajuda profissional.<\/p>\n\n\n\n<p>Um <strong>m\u00e9dico endocrinologista<\/strong> pode fazer uma avalia\u00e7\u00e3o completa da sua sa\u00fade metab\u00f3lica, solicitando exames como glicemia de jejum e hemoglobina glicada. Al\u00e9m disso, um <strong>nutricionista<\/strong> \u00e9 o profissional mais indicado para criar um plano alimentar personalizado e equilibrado, ajudando voc\u00ea a reduzir o consumo de a\u00e7\u00facar de forma saud\u00e1vel e sustent\u00e1vel, sem radicalismos e com foco na sua sa\u00fade a longo prazo.<\/p>\n","protected":false},"excerpt":{"rendered":"<p>O a\u00e7\u00facar \u00e9, para muitos, sin\u00f4nimo de prazer e conforto. Presente em sobremesas, bebidas e momentos de celebra\u00e7\u00e3o, ele faz parte da nossa cultura. No entanto, o consumo excessivo e muitas vezes inconsciente de a\u00e7\u00facar tornou-se um dos maiores vil\u00f5es da sa\u00fade moderna, estando diretamente ligado a uma epidemia de doen\u00e7as cr\u00f4nicas que afetam milh\u00f5es [&hellip;]<\/p>\n","protected":false},"author":11,"featured_media":64457,"comment_status":"open","ping_status":"open","sticky":false,"template":"","format":"standard","meta":{"_yoast_wpseo_focuskw":"a\u00e7\u00facar","_yoast_wpseo_title":"","_yoast_wpseo_metadesc":"Cansado de incha\u00e7o e falta de energia? Reduzir o a\u00e7\u00facar pode ser o segredo para transformar sua sa\u00fade. Veja como come\u00e7ar.","jnews-multi-image_gallery":[],"jnews_single_post":{"format":"standard"},"jnews_primary_category":[],"jnews_social_meta":[],"jnews_override_counter":[],"footnotes":""},"categories":[119],"post_tag":[6283,1601,1318],"class_list":["post-64424","post","type-post","status-publish","format-standard","has-post-thumbnail","hentry","category-bem-estar","tag-acucar-2","tag-consumo","tag-saude-2"],"yoast_head":"<!-- This site is optimized with the Yoast SEO plugin v24.6 - https:\/\/yoast.com\/wordpress\/plugins\/seo\/ -->\n<title>Voc\u00ea consome mais a\u00e7\u00facar do que imagina e isso pode estar te adoecendo - Correio Braziliense - Radar<\/title>\n<meta name=\"description\" content=\"Cansado de incha\u00e7o e falta de energia? Reduzir o a\u00e7\u00facar pode ser o segredo para transformar sua sa\u00fade. Veja como come\u00e7ar.\" \/>\n<meta name=\"robots\" content=\"index, follow, max-snippet:-1, max-image-preview:large, max-video-preview:-1\" \/>\n<link rel=\"canonical\" href=\"https:\/\/www.correiobraziliense.com.br\/cbradar\/voce-consome-mais-acucar-do-que-imagina-e-isso-pode-estar-te-adoecendo\/\" \/>\n<meta property=\"og:locale\" content=\"pt_BR\" \/>\n<meta property=\"og:type\" content=\"article\" \/>\n<meta property=\"og:title\" content=\"Voc\u00ea consome mais a\u00e7\u00facar do que imagina e isso pode estar te adoecendo - Correio Braziliense - Radar\" \/>\n<meta property=\"og:description\" content=\"Cansado de incha\u00e7o e falta de energia? Reduzir o a\u00e7\u00facar pode ser o segredo para transformar sua sa\u00fade. Veja como come\u00e7ar.\" \/>\n<meta property=\"og:url\" content=\"https:\/\/www.correiobraziliense.com.br\/cbradar\/voce-consome-mais-acucar-do-que-imagina-e-isso-pode-estar-te-adoecendo\/\" \/>\n<meta property=\"og:site_name\" content=\"Correio Braziliense - Radar\" \/>\n<meta property=\"article:published_time\" content=\"2025-07-05T12:03:00+00:00\" \/>\n<meta property=\"og:image\" content=\"https:\/\/www.correiobraziliense.com.br\/cbradar\/wp-content\/uploads\/2025\/07\/acucar_1751636488267.jpg\" \/>\n\t<meta property=\"og:image:width\" content=\"1279\" \/>\n\t<meta property=\"og:image:height\" content=\"720\" \/>\n\t<meta property=\"og:image:type\" content=\"image\/jpeg\" \/>\n<meta name=\"author\" content=\"Paulo Custodio\" \/>\n<meta name=\"twitter:card\" content=\"summary_large_image\" \/>\n<meta name=\"twitter:label1\" content=\"Escrito por\" \/>\n\t<meta name=\"twitter:data1\" content=\"Paulo Custodio\" \/>\n\t<meta name=\"twitter:label2\" content=\"Est. tempo de leitura\" \/>\n\t<meta name=\"twitter:data2\" content=\"6 minutos\" \/>\n<!-- \/ Yoast SEO plugin. -->","yoast_head_json":{"title":"Voc\u00ea consome mais a\u00e7\u00facar do que imagina e isso pode estar te adoecendo - Correio Braziliense - Radar","description":"Cansado de incha\u00e7o e falta de energia? Reduzir o a\u00e7\u00facar pode ser o segredo para transformar sua sa\u00fade. Veja como come\u00e7ar.","robots":{"index":"index","follow":"follow","max-snippet":"max-snippet:-1","max-image-preview":"max-image-preview:large","max-video-preview":"max-video-preview:-1"},"canonical":"https:\/\/www.correiobraziliense.com.br\/cbradar\/voce-consome-mais-acucar-do-que-imagina-e-isso-pode-estar-te-adoecendo\/","og_locale":"pt_BR","og_type":"article","og_title":"Voc\u00ea consome mais a\u00e7\u00facar do que imagina e isso pode estar te adoecendo - Correio Braziliense - Radar","og_description":"Cansado de incha\u00e7o e falta de energia? Reduzir o a\u00e7\u00facar pode ser o segredo para transformar sua sa\u00fade. Veja como come\u00e7ar.","og_url":"https:\/\/www.correiobraziliense.com.br\/cbradar\/voce-consome-mais-acucar-do-que-imagina-e-isso-pode-estar-te-adoecendo\/","og_site_name":"Correio Braziliense - Radar","article_published_time":"2025-07-05T12:03:00+00:00","og_image":[{"width":1279,"height":720,"url":"https:\/\/www.correiobraziliense.com.br\/cbradar\/wp-content\/uploads\/2025\/07\/acucar_1751636488267.jpg","type":"image\/jpeg"}],"author":"Paulo Custodio","twitter_card":"summary_large_image","twitter_misc":{"Escrito por":"Paulo Custodio","Est. tempo de leitura":"6 minutos"},"schema":{"@context":"https:\/\/schema.org","@graph":[{"@type":"WebPage","@id":"https:\/\/www.correiobraziliense.com.br\/cbradar\/voce-consome-mais-acucar-do-que-imagina-e-isso-pode-estar-te-adoecendo\/","url":"https:\/\/www.correiobraziliense.com.br\/cbradar\/voce-consome-mais-acucar-do-que-imagina-e-isso-pode-estar-te-adoecendo\/","name":"Voc\u00ea consome mais a\u00e7\u00facar do que imagina e isso pode estar te adoecendo - Correio Braziliense - Radar","isPartOf":{"@id":"https:\/\/www.correiobraziliense.com.br\/cbradar\/#website"},"primaryImageOfPage":{"@id":"https:\/\/www.correiobraziliense.com.br\/cbradar\/voce-consome-mais-acucar-do-que-imagina-e-isso-pode-estar-te-adoecendo\/#primaryimage"},"image":{"@id":"https:\/\/www.correiobraziliense.com.br\/cbradar\/voce-consome-mais-acucar-do-que-imagina-e-isso-pode-estar-te-adoecendo\/#primaryimage"},"thumbnailUrl":"https:\/\/www.correiobraziliense.com.br\/cbradar\/wp-content\/uploads\/2025\/07\/acucar_1751636488267.jpg","datePublished":"2025-07-05T12:03:00+00:00","author":{"@id":"https:\/\/www.correiobraziliense.com.br\/cbradar\/#\/schema\/person\/4cec7857301a9a1a2ef249893cd908d3"},"description":"Cansado de incha\u00e7o e falta de energia? Reduzir o a\u00e7\u00facar pode ser o segredo para transformar sua sa\u00fade. Veja como come\u00e7ar.","breadcrumb":{"@id":"https:\/\/www.correiobraziliense.com.br\/cbradar\/voce-consome-mais-acucar-do-que-imagina-e-isso-pode-estar-te-adoecendo\/#breadcrumb"},"inLanguage":"pt-BR","potentialAction":[{"@type":"ReadAction","target":["https:\/\/www.correiobraziliense.com.br\/cbradar\/voce-consome-mais-acucar-do-que-imagina-e-isso-pode-estar-te-adoecendo\/"]}]},{"@type":"ImageObject","inLanguage":"pt-BR","@id":"https:\/\/www.correiobraziliense.com.br\/cbradar\/voce-consome-mais-acucar-do-que-imagina-e-isso-pode-estar-te-adoecendo\/#primaryimage","url":"https:\/\/www.correiobraziliense.com.br\/cbradar\/wp-content\/uploads\/2025\/07\/acucar_1751636488267.jpg","contentUrl":"https:\/\/www.correiobraziliense.com.br\/cbradar\/wp-content\/uploads\/2025\/07\/acucar_1751636488267.jpg","width":1279,"height":720,"caption":"A\u00e7\u00facar - Cr\u00e9ditos: depositphotos.com \/ focuspocusltd"},{"@type":"BreadcrumbList","@id":"https:\/\/www.correiobraziliense.com.br\/cbradar\/voce-consome-mais-acucar-do-que-imagina-e-isso-pode-estar-te-adoecendo\/#breadcrumb","itemListElement":[{"@type":"ListItem","position":1,"name":"In\u00edcio","item":"https:\/\/www.correiobraziliense.com.br\/cbradar\/"},{"@type":"ListItem","position":2,"name":"Voc\u00ea consome mais a\u00e7\u00facar do que imagina e isso pode estar te adoecendo"}]},{"@type":"WebSite","@id":"https:\/\/www.correiobraziliense.com.br\/cbradar\/#website","url":"https:\/\/www.correiobraziliense.com.br\/cbradar\/","name":"Correio Braziliense - Radar","description":"Acompanhe as \u00faltimas not\u00edcias e fique bem informado sobre tudo o que acontece no Brasil e no mundo.","potentialAction":[{"@type":"SearchAction","target":{"@type":"EntryPoint","urlTemplate":"https:\/\/www.correiobraziliense.com.br\/cbradar\/?s={search_term_string}"},"query-input":{"@type":"PropertyValueSpecification","valueRequired":true,"valueName":"search_term_string"}}],"inLanguage":"pt-BR"},{"@type":"Person","@id":"https:\/\/www.correiobraziliense.com.br\/cbradar\/#\/schema\/person\/4cec7857301a9a1a2ef249893cd908d3","name":"Paulo Custodio","image":{"@type":"ImageObject","inLanguage":"pt-BR","@id":"https:\/\/www.correiobraziliense.com.br\/cbradar\/#\/schema\/person\/image\/","url":"https:\/\/secure.gravatar.com\/avatar\/bcd67168d1534e8fcf4f45c726a87cea?s=96&d=mm&r=g","contentUrl":"https:\/\/secure.gravatar.com\/avatar\/bcd67168d1534e8fcf4f45c726a87cea?s=96&d=mm&r=g","caption":"Paulo Custodio"},"sameAs":["https:\/\/www.correiobraziliense.com.br\/cbradar"],"url":"https:\/\/www.correiobraziliense.com.br\/cbradar\/author\/paulomyth\/"}]}},"_links":{"self":[{"href":"https:\/\/www.correiobraziliense.com.br\/cbradar\/wp-json\/wp\/v2\/posts\/64424","targetHints":{"allow":["GET"]}}],"collection":[{"href":"https:\/\/www.correiobraziliense.com.br\/cbradar\/wp-json\/wp\/v2\/posts"}],"about":[{"href":"https:\/\/www.correiobraziliense.com.br\/cbradar\/wp-json\/wp\/v2\/types\/post"}],"author":[{"embeddable":true,"href":"https:\/\/www.correiobraziliense.com.br\/cbradar\/wp-json\/wp\/v2\/users\/11"}],"replies":[{"embeddable":true,"href":"https:\/\/www.correiobraziliense.com.br\/cbradar\/wp-json\/wp\/v2\/comments?post=64424"}],"version-history":[{"count":2,"href":"https:\/\/www.correiobraziliense.com.br\/cbradar\/wp-json\/wp\/v2\/posts\/64424\/revisions"}],"predecessor-version":[{"id":64461,"href":"https:\/\/www.correiobraziliense.com.br\/cbradar\/wp-json\/wp\/v2\/posts\/64424\/revisions\/64461"}],"wp:featuredmedia":[{"embeddable":true,"href":"https:\/\/www.correiobraziliense.com.br\/cbradar\/wp-json\/wp\/v2\/media\/64457"}],"wp:attachment":[{"href":"https:\/\/www.correiobraziliense.com.br\/cbradar\/wp-json\/wp\/v2\/media?parent=64424"}],"wp:term":[{"taxonomy":"category","embeddable":true,"href":"https:\/\/www.correiobraziliense.com.br\/cbradar\/wp-json\/wp\/v2\/categories?post=64424"},{"taxonomy":"post_tag","embeddable":true,"href":"https:\/\/www.correiobraziliense.com.br\/cbradar\/wp-json\/wp\/v2\/post_tag?post=64424"}],"curies":[{"name":"wp","href":"https:\/\/api.w.org\/{rel}","templated":true}]}}