{"id":64426,"date":"2025-07-05T11:03:00","date_gmt":"2025-07-05T14:03:00","guid":{"rendered":"https:\/\/www.correiobraziliense.com.br\/cbradar\/?p=64426"},"modified":"2025-07-04T11:47:43","modified_gmt":"2025-07-04T14:47:43","slug":"quem-tem-filho-precisa-saber-desta-importante-dica-antes-que-seja-tarde","status":"publish","type":"post","link":"https:\/\/www.correiobraziliense.com.br\/cbradar\/quem-tem-filho-precisa-saber-desta-importante-dica-antes-que-seja-tarde\/","title":{"rendered":"Quem tem filho precisa saber desta importante dica antes que seja tarde"},"content":{"rendered":"\n<p>A <a href=\"https:\/\/www.correiobraziliense.com.br\/cbradar\/5-beneficios-reais-da-reabilitacao-cardiaca-que-salvam-vidas\/\" target=\"_blank\" rel=\"noreferrer noopener\">sa\u00fade<\/a> mental \u00e9 um pilar fundamental para o desenvolvimento saud\u00e1vel de qualquer pessoa, e isso come\u00e7a na <a href=\"https:\/\/pt.wikipedia.org\/wiki\/Crian\u00e7a\" target=\"_blank\" rel=\"noreferrer noopener\">inf\u00e2ncia<\/a>. Por muito tempo, o sofrimento ps\u00edquico de crian\u00e7as e adolescentes foi negligenciado ou interpretado apenas como &#8220;birra&#8221;, &#8220;frescura&#8221; ou &#8220;fase da idade&#8221;. Hoje, felizmente, entendemos que eles tamb\u00e9m enfrentam desafios emocionais complexos, como <strong>ansiedade<\/strong> e <strong>depress\u00e3o<\/strong>, que precisam ser acolhidos e tratados com seriedade.<\/p>\n\n\n\n<p>Reconhecer os sinais de alerta de que algo n\u00e3o vai bem e saber onde e como buscar ajuda s\u00e3o os passos mais importantes que pais e cuidadores podem dar. A <strong>interven\u00e7\u00e3o precoce<\/strong> pode mudar completamente a trajet\u00f3ria de uma crian\u00e7a, prevenindo problemas mais graves no futuro e garantindo que ela cres\u00e7a com mais bem-estar e resili\u00eancia. Este guia foi criado para iluminar esse caminho, oferecendo informa\u00e7\u00f5es e orienta\u00e7\u00e3o.<\/p>\n\n\n\n<h2 class=\"wp-block-heading\">Por que a interven\u00e7\u00e3o precoce na sa\u00fade mental \u00e9 t\u00e3o crucial?<\/h2>\n\n\n\n<p>O c\u00e9rebro de uma crian\u00e7a e de um adolescente est\u00e1 em pleno desenvolvimento. \u00c9 nessa fase que as bases para a sa\u00fade emocional, as habilidades sociais e a capacidade de lidar com o estresse s\u00e3o constru\u00eddas. Quando um problema de sa\u00fade mental n\u00e3o \u00e9 tratado, ele pode interferir diretamente nesse desenvolvimento, causando preju\u00edzos no desempenho escolar, nas rela\u00e7\u00f5es com amigos e familiares, e na constru\u00e7\u00e3o da autoestima.<\/p>\n\n\n\n<p>A <strong>interven\u00e7\u00e3o precoce<\/strong> \u00e9 crucial porque, ao identificar e tratar um problema em seu est\u00e1gio inicial, as chances de uma recupera\u00e7\u00e3o completa s\u00e3o muito maiores. Tratar a ansiedade ou a depress\u00e3o na inf\u00e2ncia pode prevenir que esses quadros se tornem cr\u00f4nicos e mais graves na vida adulta. Cuidar da sa\u00fade mental desde cedo \u00e9 um ato de preven\u00e7\u00e3o que equipa a crian\u00e7a com as ferramentas emocionais necess\u00e1rias para enfrentar os desafios da vida.<\/p>\n\n\n<div class=\"wp-block-image\">\n<figure class=\"aligncenter size-large\"><img decoding=\"async\" width=\"1024\" height=\"576\" src=\"https:\/\/www.correiobraziliense.com.br\/cbradar\/wp-content\/uploads\/2025\/03\/crianca_1741265231512-1024x576.jpg\" alt=\"Quem tem filho precisa saber desta importante dica antes que seja tarde\" class=\"wp-image-9502\" srcset=\"https:\/\/www.correiobraziliense.com.br\/cbradar\/wp-content\/uploads\/2025\/03\/crianca_1741265231512-1024x576.jpg 1024w, https:\/\/www.correiobraziliense.com.br\/cbradar\/wp-content\/uploads\/2025\/03\/crianca_1741265231512-300x169.jpg 300w, https:\/\/www.correiobraziliense.com.br\/cbradar\/wp-content\/uploads\/2025\/03\/crianca_1741265231512-768x432.jpg 768w, https:\/\/www.correiobraziliense.com.br\/cbradar\/wp-content\/uploads\/2025\/03\/crianca_1741265231512-750x422.jpg 750w, https:\/\/www.correiobraziliense.com.br\/cbradar\/wp-content\/uploads\/2025\/03\/crianca_1741265231512-1140x641.jpg 1140w, https:\/\/www.correiobraziliense.com.br\/cbradar\/wp-content\/uploads\/2025\/03\/crianca_1741265231512.jpg 1280w\" sizes=\"(max-width: 1024px) 100vw, 1024px\" \/><figcaption class=\"wp-element-caption\">Crian\u00e7a &#8211; Cr\u00e9ditos: depositphotos.com \/ AlexLipa<\/figcaption><\/figure><\/div>\n\n\n<h2 class=\"wp-block-heading\">Quais s\u00e3o os sinais de alerta que os pais devem observar?<\/h2>\n\n\n\n<p>Os sinais de que uma crian\u00e7a ou adolescente pode estar enfrentando dificuldades emocionais nem sempre s\u00e3o \u00f3bvios. Eles variam muito com a idade e, muitas vezes, se manifestam atrav\u00e9s de mudan\u00e7as no comportamento, pois os mais jovens nem sempre conseguem verbalizar o que est\u00e3o sentindo. \u00c9 importante observar a <strong>persist\u00eancia<\/strong> e a <strong>intensidade<\/strong> dessas mudan\u00e7as.<\/p>\n\n\n\n<p>Fique atento a uma combina\u00e7\u00e3o dos seguintes sinais:<\/p>\n\n\n\n<ul class=\"wp-block-list\">\n<li><strong>Mudan\u00e7as Emocionais e de Humor:<\/strong>\n<ul class=\"wp-block-list\">\n<li>Tristeza, choro frequente ou irritabilidade que duram semanas.<\/li>\n\n\n\n<li>Medos e preocupa\u00e7\u00f5es excessivas, que parecem desproporcionais \u00e0 idade.<\/li>\n\n\n\n<li>Surtos de raiva intensos e frequentes.<\/li>\n\n\n\n<li>Perda de interesse em atividades que antes eram prazerosas.<\/li>\n<\/ul>\n<\/li>\n\n\n\n<li><strong>Mudan\u00e7as Comportamentais:<\/strong>\n<ul class=\"wp-block-list\">\n<li>Isolamento social, afastando-se de amigos e da fam\u00edlia.<\/li>\n\n\n\n<li>Altera\u00e7\u00f5es dr\u00e1sticas no sono (ins\u00f4nia ou sono excessivo) ou no apetite.<\/li>\n\n\n\n<li>Queda repentina e inexplicada no rendimento escolar.<\/li>\n\n\n\n<li>Comportamentos regressivos (voltar a fazer xixi na cama, por exemplo).<\/li>\n\n\n\n<li>Queixas f\u00edsicas frequentes, como dores de cabe\u00e7a ou de barriga, sem causa m\u00e9dica aparente.<\/li>\n<\/ul>\n<\/li>\n\n\n\n<li><strong>Em adolescentes, aten\u00e7\u00e3o extra para:<\/strong>\n<ul class=\"wp-block-list\">\n<li>Comportamentos de risco, como uso de \u00e1lcool ou outras drogas.<\/li>\n\n\n\n<li>Automutila\u00e7\u00e3o (cortes ou arranh\u00f5es).<\/li>\n\n\n\n<li>Express\u00f5es sobre morte ou desesperan\u00e7a.<\/li>\n<\/ul>\n<\/li>\n<\/ul>\n\n\n\n<h2 class=\"wp-block-heading\">Como diferenciar um comportamento t\u00edpico da idade de um sinal de alerta?<\/h2>\n\n\n\n<p>Essa \u00e9 uma das maiores d\u00favidas dos pais. Todas as crian\u00e7as sentem medo do escuro e todos os adolescentes t\u00eam varia\u00e7\u00f5es de humor. A chave para diferenciar o que \u00e9 esperado do que pode ser um problema \u00e9 avaliar o <strong>preju\u00edzo funcional<\/strong>. Ou seja, pergunte-se: essa mudan\u00e7a de comportamento est\u00e1 atrapalhando a vida da crian\u00e7a ou do adolescente de forma significativa?<\/p>\n\n\n\n<p>Se a tristeza o impede de brincar, se a ansiedade o impede de ir \u00e0 escola ou de interagir com os amigos, se as explos\u00f5es de raiva est\u00e3o causando problemas constantes em casa e na escola, isso \u00e9 um sinal de que o comportamento extrapolou o limite do que \u00e9 considerado t\u00edpico para a fase de desenvolvimento. A intensidade e a dura\u00e7\u00e3o do sintoma s\u00e3o os principais term\u00f4metros.<\/p>\n\n\n\n<h2 class=\"wp-block-heading\">Onde posso buscar ajuda profissional para meu filho?<\/h2>\n\n\n\n<p>O caminho para buscar ajuda come\u00e7a, muitas vezes, com uma conversa. O pediatra que acompanha a crian\u00e7a pode ser o primeiro profissional a ser consultado. Ele poder\u00e1 avaliar a sa\u00fade geral, descartar causas f\u00edsicas para os sintomas e, se necess\u00e1rio, encaminhar para um especialista em <strong>sa\u00fade mental infantil<\/strong>.<\/p>\n\n\n\n<p>Os principais profissionais de sa\u00fade mental para crian\u00e7as e adolescentes s\u00e3o o <strong>psic\u00f3logo infantil<\/strong> e o <strong>psiquiatra da inf\u00e2ncia e adolesc\u00eancia<\/strong>. O psic\u00f3logo trabalha com a <strong>psicoterapia<\/strong>, um espa\u00e7o seguro para a crian\u00e7a ou adolescente expressar seus sentimentos atrav\u00e9s da fala, de jogos e de brincadeiras, aprendendo novas formas de lidar com suas emo\u00e7\u00f5es. O psiquiatra, que \u00e9 um m\u00e9dico, pode fazer o diagn\u00f3stico, solicitar exames e, se for o caso, avaliar a necessidade de tratamento medicamentoso.<\/p>\n\n\n\n<h2 class=\"wp-block-heading\">Qual o papel da escola e como os pais podem ser parceiros?<\/h2>\n\n\n\n<p>A escola \u00e9 um dos ambientes mais importantes na vida de uma crian\u00e7a, e a equipe pedag\u00f3gica pode ser uma grande aliada na identifica\u00e7\u00e3o de sinais de alerta. Dificuldades de aprendizado, problemas de socializa\u00e7\u00e3o ou mudan\u00e7as bruscas de comportamento s\u00e3o frequentemente notadas primeiro pelos professores.<\/p>\n\n\n\n<p>\u00c9 fundamental que os pais mantenham um canal de comunica\u00e7\u00e3o aberto com a escola. Compartilhe suas preocupa\u00e7\u00f5es com os coordenadores e professores e pergunte a eles sobre o comportamento do seu filho no ambiente escolar. Trabalhar em parceria, com a fam\u00edlia e a escola alinhadas na mesma dire\u00e7\u00e3o, cria uma rede de apoio muito mais forte e eficaz para a crian\u00e7a.<\/p>\n\n\n\n<h2 class=\"wp-block-heading\">Como criar um ambiente familiar que promova a sa\u00fade mental?<\/h2>\n\n\n\n<p>O ambiente em casa \u00e9 a base para o bem-estar emocional de uma crian\u00e7a. Criar um espa\u00e7o onde ela se sinta segura para ser quem \u00e9 e para expressar o que sente, sem medo de julgamentos, \u00e9 a medida preventiva mais poderosa.<\/p>\n\n\n\n<p>Para isso, valide os sentimentos do seu filho. Em vez de dizer &#8220;n\u00e3o chore por essa bobagem&#8221;, tente &#8220;eu entendo que voc\u00ea est\u00e1 triste com isso, vamos conversar?&#8221;. Estabele\u00e7a uma rotina previs\u00edvel, com hor\u00e1rios para dormir, comer e brincar, pois isso traz uma sensa\u00e7\u00e3o de seguran\u00e7a. Incentive a <strong>atividade f\u00edsica<\/strong> e o contato com a natureza, que s\u00e3o potentes reguladores de humor. E, o mais importante, seja um modelo. Cuide da sua pr\u00f3pria sa\u00fade mental, fale sobre suas emo\u00e7\u00f5es de forma saud\u00e1vel e demonstre que pedir ajuda \u00e9 um ato de for\u00e7a, n\u00e3o de fraqueza.<\/p>\n","protected":false},"excerpt":{"rendered":"<p>A sa\u00fade mental \u00e9 um pilar fundamental para o desenvolvimento saud\u00e1vel de qualquer pessoa, e isso come\u00e7a na inf\u00e2ncia. Por muito tempo, o sofrimento ps\u00edquico de crian\u00e7as e adolescentes foi negligenciado ou interpretado apenas como &#8220;birra&#8221;, &#8220;frescura&#8221; ou &#8220;fase da idade&#8221;. Hoje, felizmente, entendemos que eles tamb\u00e9m enfrentam desafios emocionais complexos, como ansiedade e depress\u00e3o, [&hellip;]<\/p>\n","protected":false},"author":11,"featured_media":46518,"comment_status":"open","ping_status":"open","sticky":false,"template":"","format":"standard","meta":{"_yoast_wpseo_focuskw":"sa\u00fade mental","_yoast_wpseo_title":"","_yoast_wpseo_metadesc":"Cuidar da sa\u00fade mental infantil \u00e9 urgente. Veja o que observar no dia a dia e como criar um ambiente seguro para seu filho crescer bem.","jnews-multi-image_gallery":[],"jnews_single_post":{"format":"standard"},"jnews_primary_category":[],"jnews_social_meta":[],"jnews_override_counter":[],"footnotes":""},"categories":[119],"post_tag":[120,1318],"class_list":["post-64426","post","type-post","status-publish","format-standard","has-post-thumbnail","hentry","category-bem-estar","tag-bem-estar","tag-saude-2"],"yoast_head":"<!-- This site is optimized with the Yoast SEO plugin v24.6 - https:\/\/yoast.com\/wordpress\/plugins\/seo\/ -->\n<title>Quem tem filho precisa saber desta importante dica antes que seja tarde - Correio Braziliense - Radar<\/title>\n<meta name=\"description\" content=\"Cuidar da sa\u00fade mental infantil \u00e9 urgente. Veja o que observar no dia a dia e como criar um ambiente seguro para seu filho crescer bem.\" \/>\n<meta name=\"robots\" content=\"index, follow, max-snippet:-1, max-image-preview:large, max-video-preview:-1\" \/>\n<link rel=\"canonical\" href=\"https:\/\/www.correiobraziliense.com.br\/cbradar\/quem-tem-filho-precisa-saber-desta-importante-dica-antes-que-seja-tarde\/\" \/>\n<meta property=\"og:locale\" content=\"pt_BR\" \/>\n<meta property=\"og:type\" content=\"article\" \/>\n<meta property=\"og:title\" content=\"Quem tem filho precisa saber desta importante dica antes que seja tarde - Correio Braziliense - Radar\" \/>\n<meta property=\"og:description\" content=\"Cuidar da sa\u00fade mental infantil \u00e9 urgente. Veja o que observar no dia a dia e como criar um ambiente seguro para seu filho crescer bem.\" \/>\n<meta property=\"og:url\" content=\"https:\/\/www.correiobraziliense.com.br\/cbradar\/quem-tem-filho-precisa-saber-desta-importante-dica-antes-que-seja-tarde\/\" \/>\n<meta property=\"og:site_name\" content=\"Correio Braziliense - Radar\" \/>\n<meta property=\"article:published_time\" content=\"2025-07-05T14:03:00+00:00\" \/>\n<meta property=\"og:image\" content=\"https:\/\/www.correiobraziliense.com.br\/cbradar\/wp-content\/uploads\/2025\/06\/crianca_1748839706613.jpg\" \/>\n\t<meta property=\"og:image:width\" content=\"1280\" \/>\n\t<meta property=\"og:image:height\" content=\"720\" \/>\n\t<meta property=\"og:image:type\" content=\"image\/jpeg\" \/>\n<meta name=\"author\" content=\"Paulo Custodio\" \/>\n<meta name=\"twitter:card\" content=\"summary_large_image\" \/>\n<meta name=\"twitter:label1\" content=\"Escrito por\" \/>\n\t<meta name=\"twitter:data1\" content=\"Paulo Custodio\" \/>\n\t<meta name=\"twitter:label2\" content=\"Est. tempo de leitura\" \/>\n\t<meta name=\"twitter:data2\" content=\"6 minutos\" \/>\n<!-- \/ Yoast SEO plugin. -->","yoast_head_json":{"title":"Quem tem filho precisa saber desta importante dica antes que seja tarde - Correio Braziliense - Radar","description":"Cuidar da sa\u00fade mental infantil \u00e9 urgente. Veja o que observar no dia a dia e como criar um ambiente seguro para seu filho crescer bem.","robots":{"index":"index","follow":"follow","max-snippet":"max-snippet:-1","max-image-preview":"max-image-preview:large","max-video-preview":"max-video-preview:-1"},"canonical":"https:\/\/www.correiobraziliense.com.br\/cbradar\/quem-tem-filho-precisa-saber-desta-importante-dica-antes-que-seja-tarde\/","og_locale":"pt_BR","og_type":"article","og_title":"Quem tem filho precisa saber desta importante dica antes que seja tarde - Correio Braziliense - Radar","og_description":"Cuidar da sa\u00fade mental infantil \u00e9 urgente. Veja o que observar no dia a dia e como criar um ambiente seguro para seu filho crescer bem.","og_url":"https:\/\/www.correiobraziliense.com.br\/cbradar\/quem-tem-filho-precisa-saber-desta-importante-dica-antes-que-seja-tarde\/","og_site_name":"Correio Braziliense - Radar","article_published_time":"2025-07-05T14:03:00+00:00","og_image":[{"width":1280,"height":720,"url":"https:\/\/www.correiobraziliense.com.br\/cbradar\/wp-content\/uploads\/2025\/06\/crianca_1748839706613.jpg","type":"image\/jpeg"}],"author":"Paulo Custodio","twitter_card":"summary_large_image","twitter_misc":{"Escrito por":"Paulo Custodio","Est. tempo de leitura":"6 minutos"},"schema":{"@context":"https:\/\/schema.org","@graph":[{"@type":"WebPage","@id":"https:\/\/www.correiobraziliense.com.br\/cbradar\/quem-tem-filho-precisa-saber-desta-importante-dica-antes-que-seja-tarde\/","url":"https:\/\/www.correiobraziliense.com.br\/cbradar\/quem-tem-filho-precisa-saber-desta-importante-dica-antes-que-seja-tarde\/","name":"Quem tem filho precisa saber desta importante dica antes que seja tarde - Correio Braziliense - Radar","isPartOf":{"@id":"https:\/\/www.correiobraziliense.com.br\/cbradar\/#website"},"primaryImageOfPage":{"@id":"https:\/\/www.correiobraziliense.com.br\/cbradar\/quem-tem-filho-precisa-saber-desta-importante-dica-antes-que-seja-tarde\/#primaryimage"},"image":{"@id":"https:\/\/www.correiobraziliense.com.br\/cbradar\/quem-tem-filho-precisa-saber-desta-importante-dica-antes-que-seja-tarde\/#primaryimage"},"thumbnailUrl":"https:\/\/www.correiobraziliense.com.br\/cbradar\/wp-content\/uploads\/2025\/06\/crianca_1748839706613.jpg","datePublished":"2025-07-05T14:03:00+00:00","author":{"@id":"https:\/\/www.correiobraziliense.com.br\/cbradar\/#\/schema\/person\/4cec7857301a9a1a2ef249893cd908d3"},"description":"Cuidar da sa\u00fade mental infantil \u00e9 urgente. Veja o que observar no dia a dia e como criar um ambiente seguro para seu filho crescer bem.","breadcrumb":{"@id":"https:\/\/www.correiobraziliense.com.br\/cbradar\/quem-tem-filho-precisa-saber-desta-importante-dica-antes-que-seja-tarde\/#breadcrumb"},"inLanguage":"pt-BR","potentialAction":[{"@type":"ReadAction","target":["https:\/\/www.correiobraziliense.com.br\/cbradar\/quem-tem-filho-precisa-saber-desta-importante-dica-antes-que-seja-tarde\/"]}]},{"@type":"ImageObject","inLanguage":"pt-BR","@id":"https:\/\/www.correiobraziliense.com.br\/cbradar\/quem-tem-filho-precisa-saber-desta-importante-dica-antes-que-seja-tarde\/#primaryimage","url":"https:\/\/www.correiobraziliense.com.br\/cbradar\/wp-content\/uploads\/2025\/06\/crianca_1748839706613.jpg","contentUrl":"https:\/\/www.correiobraziliense.com.br\/cbradar\/wp-content\/uploads\/2025\/06\/crianca_1748839706613.jpg","width":1280,"height":720,"caption":"Crian\u00e7a - Cr\u00e9ditos: depositphotos.com \/ SashaKhalabuzar"},{"@type":"BreadcrumbList","@id":"https:\/\/www.correiobraziliense.com.br\/cbradar\/quem-tem-filho-precisa-saber-desta-importante-dica-antes-que-seja-tarde\/#breadcrumb","itemListElement":[{"@type":"ListItem","position":1,"name":"In\u00edcio","item":"https:\/\/www.correiobraziliense.com.br\/cbradar\/"},{"@type":"ListItem","position":2,"name":"Quem tem filho precisa saber desta importante dica antes que seja tarde"}]},{"@type":"WebSite","@id":"https:\/\/www.correiobraziliense.com.br\/cbradar\/#website","url":"https:\/\/www.correiobraziliense.com.br\/cbradar\/","name":"Correio Braziliense - Radar","description":"Acompanhe as \u00faltimas not\u00edcias e fique bem informado sobre tudo o que acontece no Brasil e no mundo.","potentialAction":[{"@type":"SearchAction","target":{"@type":"EntryPoint","urlTemplate":"https:\/\/www.correiobraziliense.com.br\/cbradar\/?s={search_term_string}"},"query-input":{"@type":"PropertyValueSpecification","valueRequired":true,"valueName":"search_term_string"}}],"inLanguage":"pt-BR"},{"@type":"Person","@id":"https:\/\/www.correiobraziliense.com.br\/cbradar\/#\/schema\/person\/4cec7857301a9a1a2ef249893cd908d3","name":"Paulo Custodio","image":{"@type":"ImageObject","inLanguage":"pt-BR","@id":"https:\/\/www.correiobraziliense.com.br\/cbradar\/#\/schema\/person\/image\/","url":"https:\/\/secure.gravatar.com\/avatar\/bcd67168d1534e8fcf4f45c726a87cea?s=96&d=mm&r=g","contentUrl":"https:\/\/secure.gravatar.com\/avatar\/bcd67168d1534e8fcf4f45c726a87cea?s=96&d=mm&r=g","caption":"Paulo Custodio"},"sameAs":["https:\/\/www.correiobraziliense.com.br\/cbradar"],"url":"https:\/\/www.correiobraziliense.com.br\/cbradar\/author\/paulomyth\/"}]}},"_links":{"self":[{"href":"https:\/\/www.correiobraziliense.com.br\/cbradar\/wp-json\/wp\/v2\/posts\/64426","targetHints":{"allow":["GET"]}}],"collection":[{"href":"https:\/\/www.correiobraziliense.com.br\/cbradar\/wp-json\/wp\/v2\/posts"}],"about":[{"href":"https:\/\/www.correiobraziliense.com.br\/cbradar\/wp-json\/wp\/v2\/types\/post"}],"author":[{"embeddable":true,"href":"https:\/\/www.correiobraziliense.com.br\/cbradar\/wp-json\/wp\/v2\/users\/11"}],"replies":[{"embeddable":true,"href":"https:\/\/www.correiobraziliense.com.br\/cbradar\/wp-json\/wp\/v2\/comments?post=64426"}],"version-history":[{"count":2,"href":"https:\/\/www.correiobraziliense.com.br\/cbradar\/wp-json\/wp\/v2\/posts\/64426\/revisions"}],"predecessor-version":[{"id":64459,"href":"https:\/\/www.correiobraziliense.com.br\/cbradar\/wp-json\/wp\/v2\/posts\/64426\/revisions\/64459"}],"wp:featuredmedia":[{"embeddable":true,"href":"https:\/\/www.correiobraziliense.com.br\/cbradar\/wp-json\/wp\/v2\/media\/46518"}],"wp:attachment":[{"href":"https:\/\/www.correiobraziliense.com.br\/cbradar\/wp-json\/wp\/v2\/media?parent=64426"}],"wp:term":[{"taxonomy":"category","embeddable":true,"href":"https:\/\/www.correiobraziliense.com.br\/cbradar\/wp-json\/wp\/v2\/categories?post=64426"},{"taxonomy":"post_tag","embeddable":true,"href":"https:\/\/www.correiobraziliense.com.br\/cbradar\/wp-json\/wp\/v2\/post_tag?post=64426"}],"curies":[{"name":"wp","href":"https:\/\/api.w.org\/{rel}","templated":true}]}}