{"id":6445,"date":"2025-02-27T07:30:00","date_gmt":"2025-02-27T10:30:00","guid":{"rendered":"https:\/\/www.correiobraziliense.com.br\/cbradar\/?p=6445"},"modified":"2025-02-27T02:08:58","modified_gmt":"2025-02-27T05:08:58","slug":"conheca-a-cidade-que-fica-no-meio-de-um-lago","status":"publish","type":"post","link":"https:\/\/www.correiobraziliense.com.br\/cbradar\/conheca-a-cidade-que-fica-no-meio-de-um-lago\/","title":{"rendered":"Conhe\u00e7a a cidade que fica no meio de um lago"},"content":{"rendered":"\n<p>Em v\u00e1rios lugares do mundo, cidades foram erguidas pr\u00f3ximas a rios e lagos, mas poucas s\u00e3o t\u00e3o impressionantes quanto <strong>Mexcaltit\u00e1n<\/strong>, no <strong>M\u00e9xico<\/strong>. Esse pequeno vilarejo foi constru\u00eddo <strong>no meio de um lago<\/strong>, e suas ruas se transformam em canais naveg\u00e1veis \u200b\u200bdurante certas \u00e9pocas do ano, fazendo com que muitos a chamem de <strong>&#8220;Veneza Mexicana&#8221;<\/strong>.<\/p>\n\n\n\n<p>Localizada no estado de <strong>Nayarit<\/strong>, Mexcaltit\u00e1n \u00e9 uma ilha artificial com apenas <strong>400 metros de di\u00e2metro<\/strong>, onde todas as casas, com\u00e9rcios e pra\u00e7as ocupam um espa\u00e7o cercado por \u00e1gua. Durante a temporada de chuvas, de junho a outubro, as ruas ficam completamente alagadas, e a \u00fanica forma de locomo\u00e7\u00e3o passa a ser por meio de pequenas canoas, conhecidas localmente como <strong>&#8220;pangas&#8221;<\/strong>.<\/p>\n\n\n\n<p>Al\u00e9m de sua localiza\u00e7\u00e3o \u00fanica, a cidade \u00e9 envolta por um grande mist\u00e9rio hist\u00f3rico. Muitos acreditam que Mexcaltit\u00e1n pode ter sido o <strong>ber\u00e7o da civiliza\u00e7\u00e3o asteca<\/strong>, fornecido como ponto de partida para a funda\u00e7\u00e3o de <strong>Tenochtitl\u00e1n<\/strong>, uma cidade que daria origem \u00e0 atual <strong>Cidade do M\u00e9xico<\/strong>.<\/p>\n\n\n\n<h2 class=\"wp-block-heading\"><strong>Como \u00e9 viver em uma cidade cercada por \u00e1gua?<\/strong><\/h2>\n\n\n\n<p>A vida em Mexcaltit\u00e1n segue um ritmo diferente do resto do pa\u00eds. Como a ilha \u00e9 pequena, n\u00e3o h\u00e1 carros ou grandes constru\u00e7\u00f5es. As casas s\u00e3o simples, feitas para resistir \u00e0 umidade e \u00e0s mudan\u00e7as no n\u00edvel da \u00e1gua. Durante a esta\u00e7\u00e3o seca, os moradores caminham livremente pelas ruas, mas, quando chega a temporada de chuvas, todos se adaptam ao uso de barcos para se deslocarem pela cidade.<\/p>\n\n\n\n<p>A pesca \u00e9 a principal atividade econ\u00f4mica do vilarejo. O camar\u00e3o \u00e9 o produto mais famoso da regi\u00e3o, sendo a base de diversos pratos t\u00edpicos da culin\u00e1ria local. Entre as receitas mais tradicionais est\u00e1 o <strong>tlaxtihuilli<\/strong>, uma sopa espessa de camar\u00e3o seco temperada com pimentas e especiarias.<\/p>\n\n\n\n<p>Outra caracter\u00edstica marcante da cidade \u00e9 sua devo\u00e7\u00e3o religiosa. Todos os anos, Mexcaltit\u00e1n realiza festividades em homenagem a <strong>S\u00e3o Pedro e S\u00e3o Paulo<\/strong>, com prociss\u00f5es que atravessam os canais da cidade em barcos decorados.<\/p>\n\n\n\n<figure class=\"wp-block-image size-large\"><img decoding=\"async\" width=\"1024\" height=\"576\" src=\"https:\/\/www.correiobraziliense.com.br\/cbradar\/wp-content\/uploads\/2025\/02\/Mexcaltitan-2-1024x576.png\" alt=\"Conhe\u00e7a a cidade que fica no meio de um lago\" class=\"wp-image-6447\" srcset=\"https:\/\/www.correiobraziliense.com.br\/cbradar\/wp-content\/uploads\/2025\/02\/Mexcaltitan-2-1024x576.png 1024w, https:\/\/www.correiobraziliense.com.br\/cbradar\/wp-content\/uploads\/2025\/02\/Mexcaltitan-2-300x169.png 300w, https:\/\/www.correiobraziliense.com.br\/cbradar\/wp-content\/uploads\/2025\/02\/Mexcaltitan-2-768x432.png 768w, https:\/\/www.correiobraziliense.com.br\/cbradar\/wp-content\/uploads\/2025\/02\/Mexcaltitan-2-750x422.png 750w, https:\/\/www.correiobraziliense.com.br\/cbradar\/wp-content\/uploads\/2025\/02\/Mexcaltitan-2-1140x641.png 1140w, https:\/\/www.correiobraziliense.com.br\/cbradar\/wp-content\/uploads\/2025\/02\/Mexcaltitan-2.png 1280w\" sizes=\"(max-width: 1024px) 100vw, 1024px\" \/><figcaption class=\"wp-element-caption\">Mexcaltit\u00e1n. Fonte: Comisi\u00f3n Mexicana de Filmaciones from M\u00e9xico D. F., M\u00e9xico, CC BY-SA 2.0, via Wikimedia Commons<\/figcaption><\/figure>\n\n\n\n<h2 class=\"wp-block-heading\"><strong>Um tesouro escondido do M\u00e9xico<\/strong><\/h2>\n\n\n\n<p>Apesar de sua beleza e import\u00e2ncia hist\u00f3rica, Mexcaltit\u00e1n ainda \u00e9 pouco explorado pelo turismo. Nos \u00faltimos anos, esfor\u00e7os t\u00eam sido feitos para preservar a ilha e destacar seu valor cultural. Em <strong>2020<\/strong>, a cidade foi oficialmente reconhecida como um <strong>Pueblo M\u00e1gico<\/strong>, um t\u00edtulo concedido a lugares com grande riqueza hist\u00f3rica e natural no M\u00e9xico.<\/p>\n\n\n\n<p>Hoje, os visitantes que chegam a Mexcaltit\u00e1n encontram uma cidade onde o tempo parece ter parado. Com suas ruas que se transformam em canais, suas tradi\u00e7\u00f5es enraizadas e seu charme \u00fanico, essa ilha no meio do lago segue como um dos destinos mais curiosos e fascinantes do pa\u00eds.<\/p>\n","protected":false},"excerpt":{"rendered":"<p>Uma cidade mexicana foi constru\u00edda no meio de um lago e tem ruas que se transformam em canais durante uma temporada de chuvas.<\/p>\n","protected":false},"author":3,"featured_media":6446,"comment_status":"open","ping_status":"open","sticky":false,"template":"","format":"standard","meta":{"_yoast_wpseo_focuskw":"cidade","_yoast_wpseo_title":"%%title%%","_yoast_wpseo_metadesc":"Uma cidade que foi constru\u00edda no meio de um lago e tem ruas que se transformam em canais durante uma temporada de chuvas.","jnews-multi-image_gallery":[],"jnews_single_post":{"format":"standard"},"jnews_primary_category":[],"jnews_social_meta":[],"jnews_override_counter":[],"footnotes":""},"categories":[108],"post_tag":[109,1203],"class_list":["post-6445","post","type-post","status-publish","format-standard","has-post-thumbnail","hentry","category-cidades","tag-cidades","tag-lago"],"yoast_head":"<!-- This site is optimized with the Yoast SEO plugin v24.6 - https:\/\/yoast.com\/wordpress\/plugins\/seo\/ -->\n<title>Conhe\u00e7a a cidade que fica no meio de um lago<\/title>\n<meta name=\"description\" content=\"Uma cidade que foi constru\u00edda no meio de um lago e tem ruas que se transformam em canais durante uma temporada de chuvas.\" \/>\n<meta name=\"robots\" content=\"index, follow, max-snippet:-1, max-image-preview:large, max-video-preview:-1\" \/>\n<link rel=\"canonical\" href=\"https:\/\/www.correiobraziliense.com.br\/cbradar\/conheca-a-cidade-que-fica-no-meio-de-um-lago\/\" \/>\n<meta property=\"og:locale\" content=\"pt_BR\" \/>\n<meta property=\"og:type\" content=\"article\" \/>\n<meta property=\"og:title\" content=\"Conhe\u00e7a a cidade que fica no meio de um lago\" \/>\n<meta property=\"og:description\" content=\"Uma cidade que foi constru\u00edda no meio de um lago e tem ruas que se transformam em canais durante uma temporada de chuvas.\" \/>\n<meta property=\"og:url\" content=\"https:\/\/www.correiobraziliense.com.br\/cbradar\/conheca-a-cidade-que-fica-no-meio-de-um-lago\/\" \/>\n<meta property=\"og:site_name\" content=\"Correio Braziliense - Radar\" \/>\n<meta property=\"article:published_time\" content=\"2025-02-27T10:30:00+00:00\" \/>\n<meta property=\"og:image\" content=\"https:\/\/www.correiobraziliense.com.br\/cbradar\/wp-content\/uploads\/2025\/02\/Mexcaltitan.png\" \/>\n\t<meta property=\"og:image:width\" content=\"1280\" \/>\n\t<meta property=\"og:image:height\" content=\"720\" \/>\n\t<meta property=\"og:image:type\" content=\"image\/png\" \/>\n<meta name=\"author\" content=\"Larissa Carvalho\" \/>\n<meta name=\"twitter:card\" content=\"summary_large_image\" \/>\n<meta name=\"twitter:label1\" content=\"Escrito por\" \/>\n\t<meta name=\"twitter:data1\" content=\"Larissa Carvalho\" \/>\n\t<meta name=\"twitter:label2\" content=\"Est. tempo de leitura\" \/>\n\t<meta name=\"twitter:data2\" content=\"3 minutos\" \/>\n<!-- \/ Yoast SEO plugin. -->","yoast_head_json":{"title":"Conhe\u00e7a a cidade que fica no meio de um lago","description":"Uma cidade que foi constru\u00edda no meio de um lago e tem ruas que se transformam em canais durante uma temporada de chuvas.","robots":{"index":"index","follow":"follow","max-snippet":"max-snippet:-1","max-image-preview":"max-image-preview:large","max-video-preview":"max-video-preview:-1"},"canonical":"https:\/\/www.correiobraziliense.com.br\/cbradar\/conheca-a-cidade-que-fica-no-meio-de-um-lago\/","og_locale":"pt_BR","og_type":"article","og_title":"Conhe\u00e7a a cidade que fica no meio de um lago","og_description":"Uma cidade que foi constru\u00edda no meio de um lago e tem ruas que se transformam em canais durante uma temporada de chuvas.","og_url":"https:\/\/www.correiobraziliense.com.br\/cbradar\/conheca-a-cidade-que-fica-no-meio-de-um-lago\/","og_site_name":"Correio Braziliense - Radar","article_published_time":"2025-02-27T10:30:00+00:00","og_image":[{"width":1280,"height":720,"url":"https:\/\/www.correiobraziliense.com.br\/cbradar\/wp-content\/uploads\/2025\/02\/Mexcaltitan.png","type":"image\/png"}],"author":"Larissa Carvalho","twitter_card":"summary_large_image","twitter_misc":{"Escrito por":"Larissa Carvalho","Est. tempo de leitura":"3 minutos"},"schema":{"@context":"https:\/\/schema.org","@graph":[{"@type":"WebPage","@id":"https:\/\/www.correiobraziliense.com.br\/cbradar\/conheca-a-cidade-que-fica-no-meio-de-um-lago\/","url":"https:\/\/www.correiobraziliense.com.br\/cbradar\/conheca-a-cidade-que-fica-no-meio-de-um-lago\/","name":"Conhe\u00e7a a cidade que fica no meio de um lago","isPartOf":{"@id":"https:\/\/www.correiobraziliense.com.br\/cbradar\/#website"},"primaryImageOfPage":{"@id":"https:\/\/www.correiobraziliense.com.br\/cbradar\/conheca-a-cidade-que-fica-no-meio-de-um-lago\/#primaryimage"},"image":{"@id":"https:\/\/www.correiobraziliense.com.br\/cbradar\/conheca-a-cidade-que-fica-no-meio-de-um-lago\/#primaryimage"},"thumbnailUrl":"https:\/\/www.correiobraziliense.com.br\/cbradar\/wp-content\/uploads\/2025\/02\/Mexcaltitan.png","datePublished":"2025-02-27T10:30:00+00:00","author":{"@id":"https:\/\/www.correiobraziliense.com.br\/cbradar\/#\/schema\/person\/58422787644df994b53a19d3e56c1513"},"description":"Uma cidade que foi constru\u00edda no meio de um lago e tem ruas que se transformam em canais durante uma temporada de chuvas.","breadcrumb":{"@id":"https:\/\/www.correiobraziliense.com.br\/cbradar\/conheca-a-cidade-que-fica-no-meio-de-um-lago\/#breadcrumb"},"inLanguage":"pt-BR","potentialAction":[{"@type":"ReadAction","target":["https:\/\/www.correiobraziliense.com.br\/cbradar\/conheca-a-cidade-que-fica-no-meio-de-um-lago\/"]}]},{"@type":"ImageObject","inLanguage":"pt-BR","@id":"https:\/\/www.correiobraziliense.com.br\/cbradar\/conheca-a-cidade-que-fica-no-meio-de-um-lago\/#primaryimage","url":"https:\/\/www.correiobraziliense.com.br\/cbradar\/wp-content\/uploads\/2025\/02\/Mexcaltitan.png","contentUrl":"https:\/\/www.correiobraziliense.com.br\/cbradar\/wp-content\/uploads\/2025\/02\/Mexcaltitan.png","width":1280,"height":720,"caption":"Mexcaltit\u00e1n. Fonte: Luis M\u00e9ndez Covarrubias, CC BY-SA 4.0, via Wikimedia Commons"},{"@type":"BreadcrumbList","@id":"https:\/\/www.correiobraziliense.com.br\/cbradar\/conheca-a-cidade-que-fica-no-meio-de-um-lago\/#breadcrumb","itemListElement":[{"@type":"ListItem","position":1,"name":"In\u00edcio","item":"https:\/\/www.correiobraziliense.com.br\/cbradar\/"},{"@type":"ListItem","position":2,"name":"Conhe\u00e7a a cidade que fica no meio de um lago"}]},{"@type":"WebSite","@id":"https:\/\/www.correiobraziliense.com.br\/cbradar\/#website","url":"https:\/\/www.correiobraziliense.com.br\/cbradar\/","name":"Correio Braziliense - Radar","description":"Acompanhe as \u00faltimas not\u00edcias e fique bem informado sobre tudo o que acontece no Brasil e no mundo.","potentialAction":[{"@type":"SearchAction","target":{"@type":"EntryPoint","urlTemplate":"https:\/\/www.correiobraziliense.com.br\/cbradar\/?s={search_term_string}"},"query-input":{"@type":"PropertyValueSpecification","valueRequired":true,"valueName":"search_term_string"}}],"inLanguage":"pt-BR"},{"@type":"Person","@id":"https:\/\/www.correiobraziliense.com.br\/cbradar\/#\/schema\/person\/58422787644df994b53a19d3e56c1513","name":"Larissa Carvalho","image":{"@type":"ImageObject","inLanguage":"pt-BR","@id":"https:\/\/www.correiobraziliense.com.br\/cbradar\/#\/schema\/person\/image\/","url":"https:\/\/secure.gravatar.com\/avatar\/fe4f91a0de32b52a838d0d612abdc1aa?s=96&d=mm&r=g","contentUrl":"https:\/\/secure.gravatar.com\/avatar\/fe4f91a0de32b52a838d0d612abdc1aa?s=96&d=mm&r=g","caption":"Larissa Carvalho"},"url":"https:\/\/www.correiobraziliense.com.br\/cbradar\/author\/larissamyth\/"}]}},"_links":{"self":[{"href":"https:\/\/www.correiobraziliense.com.br\/cbradar\/wp-json\/wp\/v2\/posts\/6445","targetHints":{"allow":["GET"]}}],"collection":[{"href":"https:\/\/www.correiobraziliense.com.br\/cbradar\/wp-json\/wp\/v2\/posts"}],"about":[{"href":"https:\/\/www.correiobraziliense.com.br\/cbradar\/wp-json\/wp\/v2\/types\/post"}],"author":[{"embeddable":true,"href":"https:\/\/www.correiobraziliense.com.br\/cbradar\/wp-json\/wp\/v2\/users\/3"}],"replies":[{"embeddable":true,"href":"https:\/\/www.correiobraziliense.com.br\/cbradar\/wp-json\/wp\/v2\/comments?post=6445"}],"version-history":[{"count":1,"href":"https:\/\/www.correiobraziliense.com.br\/cbradar\/wp-json\/wp\/v2\/posts\/6445\/revisions"}],"predecessor-version":[{"id":6448,"href":"https:\/\/www.correiobraziliense.com.br\/cbradar\/wp-json\/wp\/v2\/posts\/6445\/revisions\/6448"}],"wp:featuredmedia":[{"embeddable":true,"href":"https:\/\/www.correiobraziliense.com.br\/cbradar\/wp-json\/wp\/v2\/media\/6446"}],"wp:attachment":[{"href":"https:\/\/www.correiobraziliense.com.br\/cbradar\/wp-json\/wp\/v2\/media?parent=6445"}],"wp:term":[{"taxonomy":"category","embeddable":true,"href":"https:\/\/www.correiobraziliense.com.br\/cbradar\/wp-json\/wp\/v2\/categories?post=6445"},{"taxonomy":"post_tag","embeddable":true,"href":"https:\/\/www.correiobraziliense.com.br\/cbradar\/wp-json\/wp\/v2\/post_tag?post=6445"}],"curies":[{"name":"wp","href":"https:\/\/api.w.org\/{rel}","templated":true}]}}