{"id":6449,"date":"2025-02-27T09:30:00","date_gmt":"2025-02-27T12:30:00","guid":{"rendered":"https:\/\/www.correiobraziliense.com.br\/cbradar\/?p=6449"},"modified":"2025-02-26T18:37:01","modified_gmt":"2025-02-26T21:37:01","slug":"conheca-a-cidade-em-que-as-casas-sao-feitas-de-sal","status":"publish","type":"post","link":"https:\/\/www.correiobraziliense.com.br\/cbradar\/conheca-a-cidade-em-que-as-casas-sao-feitas-de-sal\/","title":{"rendered":"Conhe\u00e7a a cidade em que as casas s\u00e3o feitas de sal"},"content":{"rendered":"\n<p>Em muitos lugares do mundo, as casas s\u00e3o feitas de madeira, pedra ou tijolos, mas em <strong>Colchani<\/strong>, na <strong>Bol\u00edvia<\/strong>, a principal mat\u00e9ria-prima para a constru\u00e7\u00e3o \u00e9 o <strong>sal<\/strong>. Esse pequeno vilarejo est\u00e1 localizado ao lado do <strong>Salar de Uyuni<\/strong>, o maior deserto de sal do mundo, e seus habitantes aproveitaram esse recurso abundante para construir casas, m\u00f3veis e at\u00e9 hot\u00e9is inteiros feitos de blocos de sal.<\/p>\n\n\n\n<p>O <strong>Salar de Uyuni<\/strong> \u00e9 uma imensa plan\u00edcie branca que se estende por mais de <strong>10.000 km\u00b2<\/strong>, sendo uma das paisagens mais impressionantes da Bol\u00edvia. O local j\u00e1 foi um gigantesco lago pr\u00e9-hist\u00f3rico, que secou ao longo dos s\u00e9culos e deixou para tr\u00e1s uma camada espessa de sal. Os moradores de Colchani aprenderam a extrair e trabalhar esse material, transformando-o na base de suas constru\u00e7\u00f5es.<\/p>\n\n\n\n<p>Al\u00e9m de casas, \u00e9 poss\u00edvel encontrar mesas, cadeiras e at\u00e9 camas feitas inteiramente de sal compactado. At\u00e9 mesmo algumas partes do famoso <strong>Hotel de Sal Palacio de Sal<\/strong>, um dos primeiros hot\u00e9is do mundo constru\u00eddo com esse material, s\u00e3o feitas desse mineral natural.<\/p>\n\n\n\n<h2 class=\"wp-block-heading\"><strong>Como \u00e9 viver em uma cidade de sal?<\/strong><\/h2>\n\n\n\n<p>A vida em Colchani gira em torno da extra\u00e7\u00e3o e do com\u00e9rcio de sal. Os moradores utilizam t\u00e9cnicas artesanais para cortar blocos de sal diretamente do salar e transform\u00e1-los em produtos que s\u00e3o vendidos localmente e exportados para diversas partes do mundo. Al\u00e9m disso, o turismo tem se tornado uma importante fonte de renda, com visitantes curiosos para conhecer as casas e hot\u00e9is feitos desse material incomum.<\/p>\n\n\n\n<p>A umidade e o vento podem desgastar as estruturas ao longo do tempo, por isso, muitas constru\u00e7\u00f5es precisam ser restauradas regularmente. No entanto, como o sal \u00e9 um recurso praticamente infinito na regi\u00e3o, os moradores n\u00e3o t\u00eam dificuldades em substituir os blocos danificados e manter suas casas sempre intactas.<\/p>\n\n\n\n<p>A alimenta\u00e7\u00e3o local tamb\u00e9m se beneficia da riqueza do salar. O sal extra\u00eddo da regi\u00e3o \u00e9 considerado de alta qualidade e \u00e9 amplamente utilizado na culin\u00e1ria boliviana. Al\u00e9m disso, os visitantes podem experimentar pratos t\u00edpicos como a <strong>llama grelhada<\/strong>, acompanhada de quinoa, outro alimento tradicional dos Andes.<\/p>\n\n\n\n<figure class=\"wp-block-image size-large\"><img decoding=\"async\" width=\"1024\" height=\"576\" src=\"https:\/\/www.correiobraziliense.com.br\/cbradar\/wp-content\/uploads\/2025\/02\/Colchani_1740601985594-1024x576.jpg\" alt=\"Conhe\u00e7a a cidade em que as casas s\u00e3o feitas de sal\" class=\"wp-image-6452\" srcset=\"https:\/\/www.correiobraziliense.com.br\/cbradar\/wp-content\/uploads\/2025\/02\/Colchani_1740601985594-1024x576.jpg 1024w, https:\/\/www.correiobraziliense.com.br\/cbradar\/wp-content\/uploads\/2025\/02\/Colchani_1740601985594-300x169.jpg 300w, https:\/\/www.correiobraziliense.com.br\/cbradar\/wp-content\/uploads\/2025\/02\/Colchani_1740601985594-768x432.jpg 768w, https:\/\/www.correiobraziliense.com.br\/cbradar\/wp-content\/uploads\/2025\/02\/Colchani_1740601985594-750x422.jpg 750w, https:\/\/www.correiobraziliense.com.br\/cbradar\/wp-content\/uploads\/2025\/02\/Colchani_1740601985594-1140x641.jpg 1140w, https:\/\/www.correiobraziliense.com.br\/cbradar\/wp-content\/uploads\/2025\/02\/Colchani_1740601985594.jpg 1280w\" sizes=\"(max-width: 1024px) 100vw, 1024px\" \/><figcaption class=\"wp-element-caption\">Colchani. Cr\u00e9ditos: depositphotos.com \/ dmitriy-rnd<\/figcaption><\/figure>\n\n\n\n<h2 class=\"wp-block-heading\"><strong>Um destino \u00fanico no mundo<\/strong><\/h2>\n\n\n\n<p>Colchani \u00e9 um dos pontos de partida para explorar o <strong>Salar de Uyuni<\/strong>, um dos destinos mais espetaculares do mundo. Durante a temporada de chuvas, uma fina camada de \u00e1gua cobre o salar, transformando-o em um espelho gigante que reflete o c\u00e9u e cria um efeito visual deslumbrante.<\/p>\n\n\n\n<p>Os turistas que visitam a regi\u00e3o podem conhecer as f\u00e1bricas artesanais de processamento de sal, explorar hot\u00e9is feitos inteiramente desse material e at\u00e9 mesmo levar pequenas lembran\u00e7as feitas de sal cristalizado. A cidade, apesar de pequena, \u00e9 um exemplo de como os seres humanos conseguem se adaptar ao ambiente e utilizar os recursos naturais de maneira engenhosa.<\/p>\n\n\n\n<p>Colchani prova que at\u00e9 mesmo um elemento t\u00e3o simples quanto o sal pode ser a base para um estilo de vida \u00fanico e sustent\u00e1vel. O que poderia ser apenas uma paisagem \u00e1rida e in\u00f3spita se tornou um dos lugares mais fascinantes e originais do planeta.<\/p>\n","protected":false},"excerpt":{"rendered":"<p>Um vilarejo construiu casas, m\u00f3veis e at\u00e9 hot\u00e9is inteiros usando blocos de sal. Descubra como essa cidade aproveitou os recursos naturais.<\/p>\n","protected":false},"author":3,"featured_media":6451,"comment_status":"open","ping_status":"open","sticky":false,"template":"","format":"standard","meta":{"_yoast_wpseo_focuskw":"casas de sal","_yoast_wpseo_title":"%%title%%","_yoast_wpseo_metadesc":"Um vilarejo construiu casas, m\u00f3veis e at\u00e9 hot\u00e9is inteiros usando blocos de sal. Descubra como essa cidade aproveitou os recursos naturais.","jnews-multi-image_gallery":[],"jnews_single_post":{"format":"standard"},"jnews_primary_category":[],"jnews_social_meta":[],"jnews_override_counter":[],"footnotes":""},"categories":[108],"post_tag":[1200,109,1201],"class_list":["post-6449","post","type-post","status-publish","format-standard","has-post-thumbnail","hentry","category-cidades","tag-casas-de-sal","tag-cidades","tag-colombia"],"yoast_head":"<!-- This site is optimized with the Yoast SEO plugin v24.6 - https:\/\/yoast.com\/wordpress\/plugins\/seo\/ -->\n<title>Conhe\u00e7a a cidade em que as casas s\u00e3o feitas de sal<\/title>\n<meta name=\"description\" content=\"Um vilarejo construiu casas, m\u00f3veis e at\u00e9 hot\u00e9is inteiros usando blocos de sal. Descubra como essa cidade aproveitou os recursos naturais.\" \/>\n<meta name=\"robots\" content=\"index, follow, max-snippet:-1, max-image-preview:large, max-video-preview:-1\" \/>\n<link rel=\"canonical\" href=\"https:\/\/www.correiobraziliense.com.br\/cbradar\/conheca-a-cidade-em-que-as-casas-sao-feitas-de-sal\/\" \/>\n<meta property=\"og:locale\" content=\"pt_BR\" \/>\n<meta property=\"og:type\" content=\"article\" \/>\n<meta property=\"og:title\" content=\"Conhe\u00e7a a cidade em que as casas s\u00e3o feitas de sal\" \/>\n<meta property=\"og:description\" content=\"Um vilarejo construiu casas, m\u00f3veis e at\u00e9 hot\u00e9is inteiros usando blocos de sal. Descubra como essa cidade aproveitou os recursos naturais.\" \/>\n<meta property=\"og:url\" content=\"https:\/\/www.correiobraziliense.com.br\/cbradar\/conheca-a-cidade-em-que-as-casas-sao-feitas-de-sal\/\" \/>\n<meta property=\"og:site_name\" content=\"Correio Braziliense - Radar\" \/>\n<meta property=\"article:published_time\" content=\"2025-02-27T12:30:00+00:00\" \/>\n<meta property=\"og:image\" content=\"https:\/\/www.correiobraziliense.com.br\/cbradar\/wp-content\/uploads\/2025\/02\/Colchani_1740601895263.jpg\" \/>\n\t<meta property=\"og:image:width\" content=\"1280\" \/>\n\t<meta property=\"og:image:height\" content=\"720\" \/>\n\t<meta property=\"og:image:type\" content=\"image\/jpeg\" \/>\n<meta name=\"author\" content=\"Larissa Carvalho\" \/>\n<meta name=\"twitter:card\" content=\"summary_large_image\" \/>\n<meta name=\"twitter:label1\" content=\"Escrito por\" \/>\n\t<meta name=\"twitter:data1\" content=\"Larissa Carvalho\" \/>\n\t<meta name=\"twitter:label2\" content=\"Est. tempo de leitura\" \/>\n\t<meta name=\"twitter:data2\" content=\"4 minutos\" \/>\n<!-- \/ Yoast SEO plugin. -->","yoast_head_json":{"title":"Conhe\u00e7a a cidade em que as casas s\u00e3o feitas de sal","description":"Um vilarejo construiu casas, m\u00f3veis e at\u00e9 hot\u00e9is inteiros usando blocos de sal. Descubra como essa cidade aproveitou os recursos naturais.","robots":{"index":"index","follow":"follow","max-snippet":"max-snippet:-1","max-image-preview":"max-image-preview:large","max-video-preview":"max-video-preview:-1"},"canonical":"https:\/\/www.correiobraziliense.com.br\/cbradar\/conheca-a-cidade-em-que-as-casas-sao-feitas-de-sal\/","og_locale":"pt_BR","og_type":"article","og_title":"Conhe\u00e7a a cidade em que as casas s\u00e3o feitas de sal","og_description":"Um vilarejo construiu casas, m\u00f3veis e at\u00e9 hot\u00e9is inteiros usando blocos de sal. Descubra como essa cidade aproveitou os recursos naturais.","og_url":"https:\/\/www.correiobraziliense.com.br\/cbradar\/conheca-a-cidade-em-que-as-casas-sao-feitas-de-sal\/","og_site_name":"Correio Braziliense - Radar","article_published_time":"2025-02-27T12:30:00+00:00","og_image":[{"width":1280,"height":720,"url":"https:\/\/www.correiobraziliense.com.br\/cbradar\/wp-content\/uploads\/2025\/02\/Colchani_1740601895263.jpg","type":"image\/jpeg"}],"author":"Larissa Carvalho","twitter_card":"summary_large_image","twitter_misc":{"Escrito por":"Larissa Carvalho","Est. tempo de leitura":"4 minutos"},"schema":{"@context":"https:\/\/schema.org","@graph":[{"@type":"WebPage","@id":"https:\/\/www.correiobraziliense.com.br\/cbradar\/conheca-a-cidade-em-que-as-casas-sao-feitas-de-sal\/","url":"https:\/\/www.correiobraziliense.com.br\/cbradar\/conheca-a-cidade-em-que-as-casas-sao-feitas-de-sal\/","name":"Conhe\u00e7a a cidade em que as casas s\u00e3o feitas de sal","isPartOf":{"@id":"https:\/\/www.correiobraziliense.com.br\/cbradar\/#website"},"primaryImageOfPage":{"@id":"https:\/\/www.correiobraziliense.com.br\/cbradar\/conheca-a-cidade-em-que-as-casas-sao-feitas-de-sal\/#primaryimage"},"image":{"@id":"https:\/\/www.correiobraziliense.com.br\/cbradar\/conheca-a-cidade-em-que-as-casas-sao-feitas-de-sal\/#primaryimage"},"thumbnailUrl":"https:\/\/www.correiobraziliense.com.br\/cbradar\/wp-content\/uploads\/2025\/02\/Colchani_1740601895263.jpg","datePublished":"2025-02-27T12:30:00+00:00","author":{"@id":"https:\/\/www.correiobraziliense.com.br\/cbradar\/#\/schema\/person\/58422787644df994b53a19d3e56c1513"},"description":"Um vilarejo construiu casas, m\u00f3veis e at\u00e9 hot\u00e9is inteiros usando blocos de sal. Descubra como essa cidade aproveitou os recursos naturais.","breadcrumb":{"@id":"https:\/\/www.correiobraziliense.com.br\/cbradar\/conheca-a-cidade-em-que-as-casas-sao-feitas-de-sal\/#breadcrumb"},"inLanguage":"pt-BR","potentialAction":[{"@type":"ReadAction","target":["https:\/\/www.correiobraziliense.com.br\/cbradar\/conheca-a-cidade-em-que-as-casas-sao-feitas-de-sal\/"]}]},{"@type":"ImageObject","inLanguage":"pt-BR","@id":"https:\/\/www.correiobraziliense.com.br\/cbradar\/conheca-a-cidade-em-que-as-casas-sao-feitas-de-sal\/#primaryimage","url":"https:\/\/www.correiobraziliense.com.br\/cbradar\/wp-content\/uploads\/2025\/02\/Colchani_1740601895263.jpg","contentUrl":"https:\/\/www.correiobraziliense.com.br\/cbradar\/wp-content\/uploads\/2025\/02\/Colchani_1740601895263.jpg","width":1280,"height":720,"caption":"Colchani. Cr\u00e9ditos: depositphotos.com \/ elleonzebon"},{"@type":"BreadcrumbList","@id":"https:\/\/www.correiobraziliense.com.br\/cbradar\/conheca-a-cidade-em-que-as-casas-sao-feitas-de-sal\/#breadcrumb","itemListElement":[{"@type":"ListItem","position":1,"name":"In\u00edcio","item":"https:\/\/www.correiobraziliense.com.br\/cbradar\/"},{"@type":"ListItem","position":2,"name":"Conhe\u00e7a a cidade em que as casas s\u00e3o feitas de sal"}]},{"@type":"WebSite","@id":"https:\/\/www.correiobraziliense.com.br\/cbradar\/#website","url":"https:\/\/www.correiobraziliense.com.br\/cbradar\/","name":"Correio Braziliense - Radar","description":"Acompanhe as \u00faltimas not\u00edcias e fique bem informado sobre tudo o que acontece no Brasil e no mundo.","potentialAction":[{"@type":"SearchAction","target":{"@type":"EntryPoint","urlTemplate":"https:\/\/www.correiobraziliense.com.br\/cbradar\/?s={search_term_string}"},"query-input":{"@type":"PropertyValueSpecification","valueRequired":true,"valueName":"search_term_string"}}],"inLanguage":"pt-BR"},{"@type":"Person","@id":"https:\/\/www.correiobraziliense.com.br\/cbradar\/#\/schema\/person\/58422787644df994b53a19d3e56c1513","name":"Larissa Carvalho","image":{"@type":"ImageObject","inLanguage":"pt-BR","@id":"https:\/\/www.correiobraziliense.com.br\/cbradar\/#\/schema\/person\/image\/","url":"https:\/\/secure.gravatar.com\/avatar\/fe4f91a0de32b52a838d0d612abdc1aa?s=96&d=mm&r=g","contentUrl":"https:\/\/secure.gravatar.com\/avatar\/fe4f91a0de32b52a838d0d612abdc1aa?s=96&d=mm&r=g","caption":"Larissa Carvalho"},"url":"https:\/\/www.correiobraziliense.com.br\/cbradar\/author\/larissamyth\/"}]}},"_links":{"self":[{"href":"https:\/\/www.correiobraziliense.com.br\/cbradar\/wp-json\/wp\/v2\/posts\/6449","targetHints":{"allow":["GET"]}}],"collection":[{"href":"https:\/\/www.correiobraziliense.com.br\/cbradar\/wp-json\/wp\/v2\/posts"}],"about":[{"href":"https:\/\/www.correiobraziliense.com.br\/cbradar\/wp-json\/wp\/v2\/types\/post"}],"author":[{"embeddable":true,"href":"https:\/\/www.correiobraziliense.com.br\/cbradar\/wp-json\/wp\/v2\/users\/3"}],"replies":[{"embeddable":true,"href":"https:\/\/www.correiobraziliense.com.br\/cbradar\/wp-json\/wp\/v2\/comments?post=6449"}],"version-history":[{"count":1,"href":"https:\/\/www.correiobraziliense.com.br\/cbradar\/wp-json\/wp\/v2\/posts\/6449\/revisions"}],"predecessor-version":[{"id":6453,"href":"https:\/\/www.correiobraziliense.com.br\/cbradar\/wp-json\/wp\/v2\/posts\/6449\/revisions\/6453"}],"wp:featuredmedia":[{"embeddable":true,"href":"https:\/\/www.correiobraziliense.com.br\/cbradar\/wp-json\/wp\/v2\/media\/6451"}],"wp:attachment":[{"href":"https:\/\/www.correiobraziliense.com.br\/cbradar\/wp-json\/wp\/v2\/media?parent=6449"}],"wp:term":[{"taxonomy":"category","embeddable":true,"href":"https:\/\/www.correiobraziliense.com.br\/cbradar\/wp-json\/wp\/v2\/categories?post=6449"},{"taxonomy":"post_tag","embeddable":true,"href":"https:\/\/www.correiobraziliense.com.br\/cbradar\/wp-json\/wp\/v2\/post_tag?post=6449"}],"curies":[{"name":"wp","href":"https:\/\/api.w.org\/{rel}","templated":true}]}}