{"id":6454,"date":"2025-02-27T18:30:00","date_gmt":"2025-02-27T21:30:00","guid":{"rendered":"https:\/\/www.correiobraziliense.com.br\/cbradar\/?p=6454"},"modified":"2025-02-26T18:35:10","modified_gmt":"2025-02-26T21:35:10","slug":"essa-cidade-e-cercada-por-arranha-ceus-de-pedra","status":"publish","type":"post","link":"https:\/\/www.correiobraziliense.com.br\/cbradar\/essa-cidade-e-cercada-por-arranha-ceus-de-pedra\/","title":{"rendered":"Essa cidade \u00e9 cercada por arranha-c\u00e9us de pedra"},"content":{"rendered":"\n<p>Enquanto as grandes metr\u00f3poles modernas s\u00e3o conhecidas por seus arranh\u00f5es de vidro e a\u00e7o, h\u00e1 um lugar onde <strong>torres de pedra<\/strong> dominam a paisagem h\u00e1 s\u00e9culos. <strong>Shibam<\/strong>, no <strong>I\u00eamen<\/strong>, \u00e9 uma cidade hist\u00f3rica famosa por suas constru\u00e7\u00f5es verticais, que faz dela uma das primeiras cidades do mundo a adotar um conceito semelhante aos arranha-c\u00e9us modernos.<\/p>\n\n\n\n<p>Constru\u00edda h\u00e1 mais de <strong>500 anos<\/strong>, Shibam \u00e9 conhecida como a <strong>&#8220;Manhattan do Deserto&#8221;<\/strong>, pois suas edifica\u00e7\u00f5es de <strong>at\u00e9 30 metros de altura<\/strong> foram erguidas para maximizar o espa\u00e7o dentro das muralhas da cidade. Feitas de <strong>tijolos de barro<\/strong>, essas torres ancestrais resistem ao tempo e ao clima \u00e1rido da regi\u00e3o, provando a engenhosidade de seus habitantes ao longo dos s\u00e9culos.<\/p>\n\n\n\n<p>Localizada no <strong>Vale do Hadramaut<\/strong>, uma cidade foi um importante centro comercial na \u00e9poca das rotas de caravanas, ocasionais de parada para comerciantes que transportavam especiarias, incensos e tecidos pelo deserto. Sua arquitetura \u00fanica n\u00e3o era apenas uma quest\u00e3o est\u00e9tica, mas tamb\u00e9m uma necessidade de <strong>prote\u00e7\u00e3o contra invasores e enchentes<\/strong>, garantindo que a popula\u00e7\u00e3o vivesse com mais seguran\u00e7a.<\/p>\n\n\n\n<h2 class=\"wp-block-heading\"><strong>Como uma cidade de barro sobreviveu h\u00e1 s\u00e9culos?<\/strong><\/h2>\n\n\n\n<p>O segredo da durabilidade de Shibam n\u00e3o \u00e9 material pr\u00f3prio usado em suas constru\u00e7\u00f5es. Os tijolos de barro, feitos com uma mistura de argila, palha e \u00e1gua, s\u00e3o leves, resistentes e possuem \u00f3tima capacidade t\u00e9rmica, ajudando a manter os interiores frescos durante o dia e aquecidos \u00e0 noite.<\/p>\n\n\n\n<p>No entanto, a manuten\u00e7\u00e3o dessas constru\u00e7\u00f5es \u00e9 essencial. Como o barro \u00e9 suscet\u00edvel \u00e0 destrui\u00e7\u00e3o causada pela chuva e pelo vento, os moradores precisam <strong>revestir as fachadas com uma nova camada de argila regularmente<\/strong>, garantindo que as torres continuem firmes e habit\u00e1veis \u200b\u200bpor gera\u00e7\u00f5es.<\/p>\n\n\n\n<p>Outro detalhe curioso \u00e9 a organiza\u00e7\u00e3o da cidade. Suas ruas s\u00e3o extremamente estreitas, o que ajuda a criar sombra e reduzir a temperatura nas vias p\u00fablicas. Al\u00e9m disso, as pequenas janelas minimizam a entrada de calor excessiva, tornando os edif\u00edcios mais confort\u00e1veis \u200b\u200bmesmo sob o sol escaldante do deserto.<\/p>\n\n\n\n<figure class=\"wp-block-image size-large\"><img decoding=\"async\" width=\"1024\" height=\"576\" src=\"https:\/\/www.correiobraziliense.com.br\/cbradar\/wp-content\/uploads\/2025\/02\/Shibam_1740603346675-1024x576.jpg\" alt=\"Essa cidade \u00e9 cercada por arranha-c\u00e9us de pedra\" class=\"wp-image-6459\" srcset=\"https:\/\/www.correiobraziliense.com.br\/cbradar\/wp-content\/uploads\/2025\/02\/Shibam_1740603346675-1024x576.jpg 1024w, https:\/\/www.correiobraziliense.com.br\/cbradar\/wp-content\/uploads\/2025\/02\/Shibam_1740603346675-300x169.jpg 300w, https:\/\/www.correiobraziliense.com.br\/cbradar\/wp-content\/uploads\/2025\/02\/Shibam_1740603346675-768x432.jpg 768w, https:\/\/www.correiobraziliense.com.br\/cbradar\/wp-content\/uploads\/2025\/02\/Shibam_1740603346675-750x422.jpg 750w, https:\/\/www.correiobraziliense.com.br\/cbradar\/wp-content\/uploads\/2025\/02\/Shibam_1740603346675-1140x642.jpg 1140w, https:\/\/www.correiobraziliense.com.br\/cbradar\/wp-content\/uploads\/2025\/02\/Shibam_1740603346675.jpg 1279w\" sizes=\"(max-width: 1024px) 100vw, 1024px\" \/><figcaption class=\"wp-element-caption\">Shibam. Cr\u00e9ditos: depositphotos.com \/ Homocosmicos<\/figcaption><\/figure>\n\n\n\n<h2 class=\"wp-block-heading\"><strong>Um patrim\u00f4nio mundial cercado por desafios<\/strong><\/h2>\n\n\n\n<p>Reconhecida como <strong>Patrim\u00f4nio Mundial da UNESCO<\/strong>, Shibam \u00e9 um dos maiores exemplos de planejamento urbano vertical da antiguidade. Sua arquitetura desenvolveu gera\u00e7\u00f5es de construtores e continua sendo um marco impressionante da criatividade humana.<\/p>\n\n\n\n<p>Por\u00e9m, uma cidade enfrenta desafios modernos. O crescimento populacional, a eros\u00e3o natural e os conflitos na regi\u00e3o amea\u00e7am a preserva\u00e7\u00e3o desse tesouro hist\u00f3rico. Ainda assim, esfor\u00e7os de restaura\u00e7\u00e3o e prote\u00e7\u00e3o foram realizados para garantir que Shibam continue de p\u00e9, mantendo vivo o legado de sua impressionante arquitetura.<\/p>\n\n\n\n<p>Para quem deseja conhecer um destino verdadeiramente \u00fanico, Shibam oferece uma viagem ao passado, onde a engenharia e a cultura se encontram no cora\u00e7\u00e3o do deserto, criando um cen\u00e1rio que parece ter sa\u00eddo de um conto \u00e1rabe.<\/p>\n","protected":false},"excerpt":{"rendered":"<p>Uma cidade no meio do deserto abriga arranha-c\u00e9us de barro constru\u00eddo h\u00e1 s\u00e9culos. Descubra os segredos desse lugar supreendente!<\/p>\n","protected":false},"author":3,"featured_media":6458,"comment_status":"open","ping_status":"open","sticky":false,"template":"","format":"standard","meta":{"_yoast_wpseo_focuskw":"cidade arranha-c\u00e9us de pedra","_yoast_wpseo_title":"%%title%%","_yoast_wpseo_metadesc":"Uma cidade no meio do deserto abriga arranha-c\u00e9us de barro constru\u00eddo h\u00e1 s\u00e9culos. Descubra os segredos desse lugar supreendente!","jnews-multi-image_gallery":[],"jnews_single_post":{"format":"standard"},"jnews_primary_category":[],"jnews_social_meta":[],"jnews_override_counter":[],"footnotes":""},"categories":[108],"post_tag":[1193,109],"class_list":["post-6454","post","type-post","status-publish","format-standard","has-post-thumbnail","hentry","category-cidades","tag-arranha-ceu","tag-cidades"],"yoast_head":"<!-- This site is optimized with the Yoast SEO plugin v24.6 - https:\/\/yoast.com\/wordpress\/plugins\/seo\/ -->\n<title>Essa cidade \u00e9 cercada por arranha-c\u00e9us de pedra<\/title>\n<meta name=\"description\" content=\"Uma cidade no meio do deserto abriga arranha-c\u00e9us de barro constru\u00eddo h\u00e1 s\u00e9culos. Descubra os segredos desse lugar supreendente!\" \/>\n<meta name=\"robots\" content=\"index, follow, max-snippet:-1, max-image-preview:large, max-video-preview:-1\" \/>\n<link rel=\"canonical\" href=\"https:\/\/www.correiobraziliense.com.br\/cbradar\/essa-cidade-e-cercada-por-arranha-ceus-de-pedra\/\" \/>\n<meta property=\"og:locale\" content=\"pt_BR\" \/>\n<meta property=\"og:type\" content=\"article\" \/>\n<meta property=\"og:title\" content=\"Essa cidade \u00e9 cercada por arranha-c\u00e9us de pedra\" \/>\n<meta property=\"og:description\" content=\"Uma cidade no meio do deserto abriga arranha-c\u00e9us de barro constru\u00eddo h\u00e1 s\u00e9culos. Descubra os segredos desse lugar supreendente!\" \/>\n<meta property=\"og:url\" content=\"https:\/\/www.correiobraziliense.com.br\/cbradar\/essa-cidade-e-cercada-por-arranha-ceus-de-pedra\/\" \/>\n<meta property=\"og:site_name\" content=\"Correio Braziliense - Radar\" \/>\n<meta property=\"article:published_time\" content=\"2025-02-27T21:30:00+00:00\" \/>\n<meta property=\"og:image\" content=\"https:\/\/www.correiobraziliense.com.br\/cbradar\/wp-content\/uploads\/2025\/02\/Shibam_1740602371273.jpg\" \/>\n\t<meta property=\"og:image:width\" content=\"1280\" \/>\n\t<meta property=\"og:image:height\" content=\"720\" \/>\n\t<meta property=\"og:image:type\" content=\"image\/jpeg\" \/>\n<meta name=\"author\" content=\"Larissa Carvalho\" \/>\n<meta name=\"twitter:card\" content=\"summary_large_image\" \/>\n<meta name=\"twitter:label1\" content=\"Escrito por\" \/>\n\t<meta name=\"twitter:data1\" content=\"Larissa Carvalho\" \/>\n\t<meta name=\"twitter:label2\" content=\"Est. tempo de leitura\" \/>\n\t<meta name=\"twitter:data2\" content=\"3 minutos\" \/>\n<!-- \/ Yoast SEO plugin. -->","yoast_head_json":{"title":"Essa cidade \u00e9 cercada por arranha-c\u00e9us de pedra","description":"Uma cidade no meio do deserto abriga arranha-c\u00e9us de barro constru\u00eddo h\u00e1 s\u00e9culos. Descubra os segredos desse lugar supreendente!","robots":{"index":"index","follow":"follow","max-snippet":"max-snippet:-1","max-image-preview":"max-image-preview:large","max-video-preview":"max-video-preview:-1"},"canonical":"https:\/\/www.correiobraziliense.com.br\/cbradar\/essa-cidade-e-cercada-por-arranha-ceus-de-pedra\/","og_locale":"pt_BR","og_type":"article","og_title":"Essa cidade \u00e9 cercada por arranha-c\u00e9us de pedra","og_description":"Uma cidade no meio do deserto abriga arranha-c\u00e9us de barro constru\u00eddo h\u00e1 s\u00e9culos. Descubra os segredos desse lugar supreendente!","og_url":"https:\/\/www.correiobraziliense.com.br\/cbradar\/essa-cidade-e-cercada-por-arranha-ceus-de-pedra\/","og_site_name":"Correio Braziliense - Radar","article_published_time":"2025-02-27T21:30:00+00:00","og_image":[{"width":1280,"height":720,"url":"https:\/\/www.correiobraziliense.com.br\/cbradar\/wp-content\/uploads\/2025\/02\/Shibam_1740602371273.jpg","type":"image\/jpeg"}],"author":"Larissa Carvalho","twitter_card":"summary_large_image","twitter_misc":{"Escrito por":"Larissa Carvalho","Est. tempo de leitura":"3 minutos"},"schema":{"@context":"https:\/\/schema.org","@graph":[{"@type":"WebPage","@id":"https:\/\/www.correiobraziliense.com.br\/cbradar\/essa-cidade-e-cercada-por-arranha-ceus-de-pedra\/","url":"https:\/\/www.correiobraziliense.com.br\/cbradar\/essa-cidade-e-cercada-por-arranha-ceus-de-pedra\/","name":"Essa cidade \u00e9 cercada por arranha-c\u00e9us de pedra","isPartOf":{"@id":"https:\/\/www.correiobraziliense.com.br\/cbradar\/#website"},"primaryImageOfPage":{"@id":"https:\/\/www.correiobraziliense.com.br\/cbradar\/essa-cidade-e-cercada-por-arranha-ceus-de-pedra\/#primaryimage"},"image":{"@id":"https:\/\/www.correiobraziliense.com.br\/cbradar\/essa-cidade-e-cercada-por-arranha-ceus-de-pedra\/#primaryimage"},"thumbnailUrl":"https:\/\/www.correiobraziliense.com.br\/cbradar\/wp-content\/uploads\/2025\/02\/Shibam_1740602371273.jpg","datePublished":"2025-02-27T21:30:00+00:00","author":{"@id":"https:\/\/www.correiobraziliense.com.br\/cbradar\/#\/schema\/person\/58422787644df994b53a19d3e56c1513"},"description":"Uma cidade no meio do deserto abriga arranha-c\u00e9us de barro constru\u00eddo h\u00e1 s\u00e9culos. Descubra os segredos desse lugar supreendente!","breadcrumb":{"@id":"https:\/\/www.correiobraziliense.com.br\/cbradar\/essa-cidade-e-cercada-por-arranha-ceus-de-pedra\/#breadcrumb"},"inLanguage":"pt-BR","potentialAction":[{"@type":"ReadAction","target":["https:\/\/www.correiobraziliense.com.br\/cbradar\/essa-cidade-e-cercada-por-arranha-ceus-de-pedra\/"]}]},{"@type":"ImageObject","inLanguage":"pt-BR","@id":"https:\/\/www.correiobraziliense.com.br\/cbradar\/essa-cidade-e-cercada-por-arranha-ceus-de-pedra\/#primaryimage","url":"https:\/\/www.correiobraziliense.com.br\/cbradar\/wp-content\/uploads\/2025\/02\/Shibam_1740602371273.jpg","contentUrl":"https:\/\/www.correiobraziliense.com.br\/cbradar\/wp-content\/uploads\/2025\/02\/Shibam_1740602371273.jpg","width":1280,"height":720,"caption":"Shibam. Cr\u00e9ditos: depositphotos.com \/ Miropa"},{"@type":"BreadcrumbList","@id":"https:\/\/www.correiobraziliense.com.br\/cbradar\/essa-cidade-e-cercada-por-arranha-ceus-de-pedra\/#breadcrumb","itemListElement":[{"@type":"ListItem","position":1,"name":"In\u00edcio","item":"https:\/\/www.correiobraziliense.com.br\/cbradar\/"},{"@type":"ListItem","position":2,"name":"Essa cidade \u00e9 cercada por arranha-c\u00e9us de pedra"}]},{"@type":"WebSite","@id":"https:\/\/www.correiobraziliense.com.br\/cbradar\/#website","url":"https:\/\/www.correiobraziliense.com.br\/cbradar\/","name":"Correio Braziliense - Radar","description":"Acompanhe as \u00faltimas not\u00edcias e fique bem informado sobre tudo o que acontece no Brasil e no mundo.","potentialAction":[{"@type":"SearchAction","target":{"@type":"EntryPoint","urlTemplate":"https:\/\/www.correiobraziliense.com.br\/cbradar\/?s={search_term_string}"},"query-input":{"@type":"PropertyValueSpecification","valueRequired":true,"valueName":"search_term_string"}}],"inLanguage":"pt-BR"},{"@type":"Person","@id":"https:\/\/www.correiobraziliense.com.br\/cbradar\/#\/schema\/person\/58422787644df994b53a19d3e56c1513","name":"Larissa Carvalho","image":{"@type":"ImageObject","inLanguage":"pt-BR","@id":"https:\/\/www.correiobraziliense.com.br\/cbradar\/#\/schema\/person\/image\/","url":"https:\/\/secure.gravatar.com\/avatar\/fe4f91a0de32b52a838d0d612abdc1aa?s=96&d=mm&r=g","contentUrl":"https:\/\/secure.gravatar.com\/avatar\/fe4f91a0de32b52a838d0d612abdc1aa?s=96&d=mm&r=g","caption":"Larissa Carvalho"},"url":"https:\/\/www.correiobraziliense.com.br\/cbradar\/author\/larissamyth\/"}]}},"_links":{"self":[{"href":"https:\/\/www.correiobraziliense.com.br\/cbradar\/wp-json\/wp\/v2\/posts\/6454","targetHints":{"allow":["GET"]}}],"collection":[{"href":"https:\/\/www.correiobraziliense.com.br\/cbradar\/wp-json\/wp\/v2\/posts"}],"about":[{"href":"https:\/\/www.correiobraziliense.com.br\/cbradar\/wp-json\/wp\/v2\/types\/post"}],"author":[{"embeddable":true,"href":"https:\/\/www.correiobraziliense.com.br\/cbradar\/wp-json\/wp\/v2\/users\/3"}],"replies":[{"embeddable":true,"href":"https:\/\/www.correiobraziliense.com.br\/cbradar\/wp-json\/wp\/v2\/comments?post=6454"}],"version-history":[{"count":1,"href":"https:\/\/www.correiobraziliense.com.br\/cbradar\/wp-json\/wp\/v2\/posts\/6454\/revisions"}],"predecessor-version":[{"id":6466,"href":"https:\/\/www.correiobraziliense.com.br\/cbradar\/wp-json\/wp\/v2\/posts\/6454\/revisions\/6466"}],"wp:featuredmedia":[{"embeddable":true,"href":"https:\/\/www.correiobraziliense.com.br\/cbradar\/wp-json\/wp\/v2\/media\/6458"}],"wp:attachment":[{"href":"https:\/\/www.correiobraziliense.com.br\/cbradar\/wp-json\/wp\/v2\/media?parent=6454"}],"wp:term":[{"taxonomy":"category","embeddable":true,"href":"https:\/\/www.correiobraziliense.com.br\/cbradar\/wp-json\/wp\/v2\/categories?post=6454"},{"taxonomy":"post_tag","embeddable":true,"href":"https:\/\/www.correiobraziliense.com.br\/cbradar\/wp-json\/wp\/v2\/post_tag?post=6454"}],"curies":[{"name":"wp","href":"https:\/\/api.w.org\/{rel}","templated":true}]}}