{"id":6461,"date":"2025-03-17T09:35:00","date_gmt":"2025-03-17T12:35:00","guid":{"rendered":"https:\/\/www.correiobraziliense.com.br\/cbradar\/?p=6461"},"modified":"2025-03-17T06:33:37","modified_gmt":"2025-03-17T09:33:37","slug":"tulipas-em-casa-descubra-como-cultivar-essa-flor-elegante-em-vasos","status":"publish","type":"post","link":"https:\/\/www.correiobraziliense.com.br\/cbradar\/tulipas-em-casa-descubra-como-cultivar-essa-flor-elegante-em-vasos\/","title":{"rendered":"Tulipas em Casa: Descubra Como Cultivar essa Flor Elegante em Vasos"},"content":{"rendered":"\n<p>As tulipas s\u00e3o flores de beleza inigual\u00e1vel, frequentemente associadas a paisagens deslumbrantes e decora\u00e7\u00f5es elegantes. Sua popularidade no paisagismo deve-se n\u00e3o apenas \u00e0 sua apar\u00eancia encantadora, mas tamb\u00e9m \u00e0 sua rica hist\u00f3ria e simbolismo. No entanto, cultivar tulipas requer aten\u00e7\u00e3o a detalhes espec\u00edficos para garantir que flores\u00e7am de maneira saud\u00e1vel e exuberante.<\/p>\n\n\n\n<p>Este artigo oferece um guia abrangente sobre o cultivo de tulipas, abordando desde a escolha dos bulbos at\u00e9 a manuten\u00e7\u00e3o p\u00f3s-flora\u00e7\u00e3o. Descubra como essas flores podem transformar qualquer jardim em um espet\u00e1culo de cores e formas.<\/p>\n\n\n\n<h2 class=\"wp-block-heading\">Por que as tulipas s\u00e3o t\u00e3o especiais?<\/h2>\n\n\n\n<p>As tulipas possuem uma hist\u00f3ria fascinante que remonta \u00e0 \u00c1sia Central, mas foi na Holanda que elas ganharam notoriedade durante o s\u00e9culo XVII, em um per\u00edodo conhecido como &#8220;Tulipomania&#8221;. Este fen\u00f4meno hist\u00f3rico destacou as tulipas como um s\u00edmbolo de prest\u00edgio e beleza.<\/p>\n\n\n\n<p>Existem in\u00fameras variedades de tulipas, cada uma com suas caracter\u00edsticas \u00fanicas. As cores das tulipas tamb\u00e9m carregam significados distintos, tornando-as ideais para transmitir mensagens atrav\u00e9s do paisagismo e da decora\u00e7\u00e3o.<\/p>\n\n\n\n<h2 class=\"wp-block-heading\">Qual \u00e9 o clima ideal e a \u00e9poca certa para plantar tulipas?<\/h2>\n\n\n\n<p>As tulipas se desenvolvem melhor em climas frios, com o plantio dos bulbos ocorrendo no outono para florescerem na primavera. Em regi\u00f5es mais quentes, \u00e9 necess\u00e1rio simular o frio armazenando os bulbos em ambientes refrigerados antes do plantio.<\/p>\n\n\n\n<h2 class=\"wp-block-heading\">Como selecionar bulbos de tulipa de qualidade?<\/h2>\n\n\n\n<p>Escolher bulbos saud\u00e1veis \u00e9 crucial para o sucesso do cultivo. Bulbos de qualidade s\u00e3o firmes e de tamanho uniforme. Ao adquirir bulbos, \u00e9 importante verificar a proced\u00eancia e optar por fornecedores de confian\u00e7a para garantir um bom desenvolvimento das plantas.<\/p>\n\n\n\n<figure class=\"wp-block-gallery has-nested-images columns-default is-cropped wp-block-gallery-1 is-layout-flex wp-block-gallery-is-layout-flex\">\n<figure class=\"wp-block-image size-large\"><img decoding=\"async\" width=\"1024\" height=\"576\" data-id=\"13049\" src=\"https:\/\/www.correiobraziliense.com.br\/cbradar\/wp-content\/uploads\/2025\/02\/Tulipas_1742203969671-1024x576.jpg\" alt=\"tulipas Cr\u00e9ditos: depositphotos.com \/ VitalikRadko\" class=\"wp-image-13049\" srcset=\"https:\/\/www.correiobraziliense.com.br\/cbradar\/wp-content\/uploads\/2025\/02\/Tulipas_1742203969671-1024x576.jpg 1024w, https:\/\/www.correiobraziliense.com.br\/cbradar\/wp-content\/uploads\/2025\/02\/Tulipas_1742203969671-300x169.jpg 300w, https:\/\/www.correiobraziliense.com.br\/cbradar\/wp-content\/uploads\/2025\/02\/Tulipas_1742203969671-768x432.jpg 768w, https:\/\/www.correiobraziliense.com.br\/cbradar\/wp-content\/uploads\/2025\/02\/Tulipas_1742203969671-750x422.jpg 750w, https:\/\/www.correiobraziliense.com.br\/cbradar\/wp-content\/uploads\/2025\/02\/Tulipas_1742203969671-1140x641.jpg 1140w, https:\/\/www.correiobraziliense.com.br\/cbradar\/wp-content\/uploads\/2025\/02\/Tulipas_1742203969671.jpg 1280w\" sizes=\"(max-width: 1024px) 100vw, 1024px\" \/><figcaption class=\"wp-element-caption\">tulipas Cr\u00e9ditos: depositphotos.com \/ VitalikRadko<\/figcaption><\/figure>\n<\/figure>\n\n\n\n<h2 class=\"wp-block-heading\">Preparando o solo para o plantio de tulipas<\/h2>\n\n\n\n<p>Um solo bem drenado \u00e9 essencial para evitar o apodrecimento dos bulbos de tulipa. Ajustar o pH do solo e fornecer nutrientes adequados s\u00e3o passos importantes. A aduba\u00e7\u00e3o org\u00e2nica pode ser uma excelente op\u00e7\u00e3o para fortalecer o crescimento das tulipas.<\/p>\n\n\n\n<h2 class=\"wp-block-heading\">Guia para o plantio correto das tulipas<\/h2>\n\n\n\n<p>Os bulbos devem ser plantados a uma profundidade adequada, geralmente tr\u00eas vezes o tamanho do bulbo. Organizar os bulbos de maneira harmoniosa e garantir um espa\u00e7amento apropriado entre eles ajuda a evitar a competi\u00e7\u00e3o por nutrientes e promove um crescimento saud\u00e1vel.<\/p>\n\n\n\n<h2 class=\"wp-block-heading\">Rega adequada para tulipas<\/h2>\n\n\n\n<p>A irriga\u00e7\u00e3o das tulipas deve ser feita com modera\u00e7\u00e3o. A frequ\u00eancia de rega varia conforme o ciclo de crescimento, mas \u00e9 fundamental evitar o excesso de \u00e1gua para prevenir doen\u00e7as f\u00fangicas. M\u00e9todos como a cobertura do solo podem ajudar a manter a umidade sem prejudicar os bulbos.<\/p>\n\n\n\n<h2 class=\"wp-block-heading\">Prote\u00e7\u00e3o natural contra pragas e doen\u00e7as<\/h2>\n\n\n\n<p>As tulipas podem ser alvo de diversas pragas, mas \u00e9 poss\u00edvel combat\u00ea-las de forma natural. O uso de defensivos naturais e m\u00e9todos preventivos s\u00e3o eficazes para proteger as plantas de fungos e bact\u00e9rias, garantindo um cultivo saud\u00e1vel.<\/p>\n\n\n\n<h2 class=\"wp-block-heading\">Cuidados p\u00f3s-flora\u00e7\u00e3o das tulipas<\/h2>\n\n\n\n<p>Ap\u00f3s a flora\u00e7\u00e3o, \u00e9 importante cuidar das folhas e hastes para que os bulbos possam armazenar energia para o pr\u00f3ximo ciclo. Armazenar os bulbos corretamente e saber quando replant\u00e1-los s\u00e3o pr\u00e1ticas essenciais para garantir flores saud\u00e1veis no ano seguinte.<\/p>\n\n\n\n<h2 class=\"wp-block-heading\">Cultivo de tulipas em vasos e pequenos espa\u00e7os<\/h2>\n\n\n\n<p>Para quem vive em espa\u00e7os reduzidos, como apartamentos, cultivar tulipas em vasos \u00e9 uma excelente alternativa. Escolher o vaso certo e manter as condi\u00e7\u00f5es de cultivo adequadas s\u00e3o fundamentais para o sucesso do cultivo em ambientes internos.<\/p>\n\n\n\n<h2 class=\"wp-block-heading\">Combinando tulipas com outras flores no jardim<\/h2>\n\n\n\n<p>Combinar tulipas com outras esp\u00e9cies florais pode criar um jardim harmonioso e visualmente impactante. Planejar a disposi\u00e7\u00e3o das flores para diferentes esta\u00e7\u00f5es e distribuir as cores estrategicamente pode transformar qualquer espa\u00e7o em um espet\u00e1culo de beleza natural.<\/p>\n","protected":false},"excerpt":{"rendered":"<p>As tulipas s\u00e3o flores de beleza inigual\u00e1vel, frequentemente associadas a paisagens deslumbrantes e decora\u00e7\u00f5es elegantes. Sua popularidade no paisagismo deve-se n\u00e3o apenas \u00e0 sua apar\u00eancia encantadora, mas tamb\u00e9m \u00e0 sua rica hist\u00f3ria e simbolismo<\/p>\n","protected":false},"author":4,"featured_media":13048,"comment_status":"open","ping_status":"open","sticky":false,"template":"","format":"standard","meta":{"_yoast_wpseo_focuskw":"Tulipas","_yoast_wpseo_title":"","_yoast_wpseo_metadesc":"As tulipas s\u00e3o flores de beleza inigual\u00e1vel, frequentemente associadas a paisagens deslumbrantes e decora\u00e7\u00f5es elegantes.","jnews-multi-image_gallery":[],"jnews_single_post":{"format":"standard"},"jnews_primary_category":[],"jnews_social_meta":[],"jnews_override_counter":[],"footnotes":""},"categories":[136],"post_tag":[329,616,2032],"class_list":["post-6461","post","type-post","status-publish","format-standard","has-post-thumbnail","hentry","category-jardinagem","tag-jardinagem","tag-plantar","tag-tulipas"],"yoast_head":"<!-- This site is optimized with the Yoast SEO plugin v24.6 - https:\/\/yoast.com\/wordpress\/plugins\/seo\/ -->\n<title>Tulipas em Casa: Descubra Como Cultivar essa Flor Elegante em Vasos - Correio Braziliense - Radar<\/title>\n<meta name=\"description\" content=\"As tulipas s\u00e3o flores de beleza inigual\u00e1vel, frequentemente associadas a paisagens deslumbrantes e decora\u00e7\u00f5es elegantes.\" \/>\n<meta name=\"robots\" content=\"index, follow, max-snippet:-1, max-image-preview:large, max-video-preview:-1\" \/>\n<link rel=\"canonical\" href=\"https:\/\/www.correiobraziliense.com.br\/cbradar\/tulipas-em-casa-descubra-como-cultivar-essa-flor-elegante-em-vasos\/\" \/>\n<meta property=\"og:locale\" content=\"pt_BR\" \/>\n<meta property=\"og:type\" content=\"article\" \/>\n<meta property=\"og:title\" content=\"Tulipas em Casa: Descubra Como Cultivar essa Flor Elegante em Vasos - Correio Braziliense - Radar\" \/>\n<meta property=\"og:description\" content=\"As tulipas s\u00e3o flores de beleza inigual\u00e1vel, frequentemente associadas a paisagens deslumbrantes e decora\u00e7\u00f5es elegantes.\" \/>\n<meta property=\"og:url\" content=\"https:\/\/www.correiobraziliense.com.br\/cbradar\/tulipas-em-casa-descubra-como-cultivar-essa-flor-elegante-em-vasos\/\" \/>\n<meta property=\"og:site_name\" content=\"Correio Braziliense - Radar\" \/>\n<meta property=\"article:published_time\" content=\"2025-03-17T12:35:00+00:00\" \/>\n<meta property=\"og:image\" content=\"https:\/\/www.correiobraziliense.com.br\/cbradar\/wp-content\/uploads\/2025\/02\/Tulipas_1742203959645.jpg\" \/>\n\t<meta property=\"og:image:width\" content=\"1280\" \/>\n\t<meta property=\"og:image:height\" content=\"720\" \/>\n\t<meta property=\"og:image:type\" content=\"image\/jpeg\" \/>\n<meta name=\"author\" content=\"Guilherme Cremaschi\" \/>\n<meta name=\"twitter:card\" content=\"summary_large_image\" \/>\n<meta name=\"twitter:label1\" content=\"Escrito por\" \/>\n\t<meta name=\"twitter:data1\" content=\"Guilherme Cremaschi\" \/>\n\t<meta name=\"twitter:label2\" content=\"Est. tempo de leitura\" \/>\n\t<meta name=\"twitter:data2\" content=\"4 minutos\" \/>\n<!-- \/ Yoast SEO plugin. -->","yoast_head_json":{"title":"Tulipas em Casa: Descubra Como Cultivar essa Flor Elegante em Vasos - Correio Braziliense - Radar","description":"As tulipas s\u00e3o flores de beleza inigual\u00e1vel, frequentemente associadas a paisagens deslumbrantes e decora\u00e7\u00f5es elegantes.","robots":{"index":"index","follow":"follow","max-snippet":"max-snippet:-1","max-image-preview":"max-image-preview:large","max-video-preview":"max-video-preview:-1"},"canonical":"https:\/\/www.correiobraziliense.com.br\/cbradar\/tulipas-em-casa-descubra-como-cultivar-essa-flor-elegante-em-vasos\/","og_locale":"pt_BR","og_type":"article","og_title":"Tulipas em Casa: Descubra Como Cultivar essa Flor Elegante em Vasos - Correio Braziliense - Radar","og_description":"As tulipas s\u00e3o flores de beleza inigual\u00e1vel, frequentemente associadas a paisagens deslumbrantes e decora\u00e7\u00f5es elegantes.","og_url":"https:\/\/www.correiobraziliense.com.br\/cbradar\/tulipas-em-casa-descubra-como-cultivar-essa-flor-elegante-em-vasos\/","og_site_name":"Correio Braziliense - Radar","article_published_time":"2025-03-17T12:35:00+00:00","og_image":[{"width":1280,"height":720,"url":"https:\/\/www.correiobraziliense.com.br\/cbradar\/wp-content\/uploads\/2025\/02\/Tulipas_1742203959645.jpg","type":"image\/jpeg"}],"author":"Guilherme Cremaschi","twitter_card":"summary_large_image","twitter_misc":{"Escrito por":"Guilherme Cremaschi","Est. tempo de leitura":"4 minutos"},"schema":{"@context":"https:\/\/schema.org","@graph":[{"@type":"WebPage","@id":"https:\/\/www.correiobraziliense.com.br\/cbradar\/tulipas-em-casa-descubra-como-cultivar-essa-flor-elegante-em-vasos\/","url":"https:\/\/www.correiobraziliense.com.br\/cbradar\/tulipas-em-casa-descubra-como-cultivar-essa-flor-elegante-em-vasos\/","name":"Tulipas em Casa: Descubra Como Cultivar essa Flor Elegante em Vasos - Correio Braziliense - Radar","isPartOf":{"@id":"https:\/\/www.correiobraziliense.com.br\/cbradar\/#website"},"primaryImageOfPage":{"@id":"https:\/\/www.correiobraziliense.com.br\/cbradar\/tulipas-em-casa-descubra-como-cultivar-essa-flor-elegante-em-vasos\/#primaryimage"},"image":{"@id":"https:\/\/www.correiobraziliense.com.br\/cbradar\/tulipas-em-casa-descubra-como-cultivar-essa-flor-elegante-em-vasos\/#primaryimage"},"thumbnailUrl":"https:\/\/www.correiobraziliense.com.br\/cbradar\/wp-content\/uploads\/2025\/02\/Tulipas_1742203959645.jpg","datePublished":"2025-03-17T12:35:00+00:00","author":{"@id":"https:\/\/www.correiobraziliense.com.br\/cbradar\/#\/schema\/person\/4760856b25506e84ce34d5de2b0d95f1"},"description":"As tulipas s\u00e3o flores de beleza inigual\u00e1vel, frequentemente associadas a paisagens deslumbrantes e decora\u00e7\u00f5es elegantes.","breadcrumb":{"@id":"https:\/\/www.correiobraziliense.com.br\/cbradar\/tulipas-em-casa-descubra-como-cultivar-essa-flor-elegante-em-vasos\/#breadcrumb"},"inLanguage":"pt-BR","potentialAction":[{"@type":"ReadAction","target":["https:\/\/www.correiobraziliense.com.br\/cbradar\/tulipas-em-casa-descubra-como-cultivar-essa-flor-elegante-em-vasos\/"]}]},{"@type":"ImageObject","inLanguage":"pt-BR","@id":"https:\/\/www.correiobraziliense.com.br\/cbradar\/tulipas-em-casa-descubra-como-cultivar-essa-flor-elegante-em-vasos\/#primaryimage","url":"https:\/\/www.correiobraziliense.com.br\/cbradar\/wp-content\/uploads\/2025\/02\/Tulipas_1742203959645.jpg","contentUrl":"https:\/\/www.correiobraziliense.com.br\/cbradar\/wp-content\/uploads\/2025\/02\/Tulipas_1742203959645.jpg","width":1280,"height":720,"caption":"Tulipas em Casa: Descubra Como Cultivar essa Flor Elegante em Vasos Cr\u00e9ditos: depositphotos.com \/ O.Rohulya"},{"@type":"BreadcrumbList","@id":"https:\/\/www.correiobraziliense.com.br\/cbradar\/tulipas-em-casa-descubra-como-cultivar-essa-flor-elegante-em-vasos\/#breadcrumb","itemListElement":[{"@type":"ListItem","position":1,"name":"In\u00edcio","item":"https:\/\/www.correiobraziliense.com.br\/cbradar\/"},{"@type":"ListItem","position":2,"name":"Tulipas em Casa: Descubra Como Cultivar essa Flor Elegante em Vasos"}]},{"@type":"WebSite","@id":"https:\/\/www.correiobraziliense.com.br\/cbradar\/#website","url":"https:\/\/www.correiobraziliense.com.br\/cbradar\/","name":"Correio Braziliense - Radar","description":"Acompanhe as \u00faltimas not\u00edcias e fique bem informado sobre tudo o que acontece no Brasil e no mundo.","potentialAction":[{"@type":"SearchAction","target":{"@type":"EntryPoint","urlTemplate":"https:\/\/www.correiobraziliense.com.br\/cbradar\/?s={search_term_string}"},"query-input":{"@type":"PropertyValueSpecification","valueRequired":true,"valueName":"search_term_string"}}],"inLanguage":"pt-BR"},{"@type":"Person","@id":"https:\/\/www.correiobraziliense.com.br\/cbradar\/#\/schema\/person\/4760856b25506e84ce34d5de2b0d95f1","name":"Guilherme Cremaschi","image":{"@type":"ImageObject","inLanguage":"pt-BR","@id":"https:\/\/www.correiobraziliense.com.br\/cbradar\/#\/schema\/person\/image\/","url":"https:\/\/secure.gravatar.com\/avatar\/6a059d20d980bdeb1d1d6b0fa2b4633c?s=96&d=mm&r=g","contentUrl":"https:\/\/secure.gravatar.com\/avatar\/6a059d20d980bdeb1d1d6b0fa2b4633c?s=96&d=mm&r=g","caption":"Guilherme Cremaschi"},"sameAs":["https:\/\/www.correiobraziliense.com.br\/"],"url":"https:\/\/www.correiobraziliense.com.br\/cbradar\/author\/guilhermemyth\/"}]}},"_links":{"self":[{"href":"https:\/\/www.correiobraziliense.com.br\/cbradar\/wp-json\/wp\/v2\/posts\/6461","targetHints":{"allow":["GET"]}}],"collection":[{"href":"https:\/\/www.correiobraziliense.com.br\/cbradar\/wp-json\/wp\/v2\/posts"}],"about":[{"href":"https:\/\/www.correiobraziliense.com.br\/cbradar\/wp-json\/wp\/v2\/types\/post"}],"author":[{"embeddable":true,"href":"https:\/\/www.correiobraziliense.com.br\/cbradar\/wp-json\/wp\/v2\/users\/4"}],"replies":[{"embeddable":true,"href":"https:\/\/www.correiobraziliense.com.br\/cbradar\/wp-json\/wp\/v2\/comments?post=6461"}],"version-history":[{"count":4,"href":"https:\/\/www.correiobraziliense.com.br\/cbradar\/wp-json\/wp\/v2\/posts\/6461\/revisions"}],"predecessor-version":[{"id":13050,"href":"https:\/\/www.correiobraziliense.com.br\/cbradar\/wp-json\/wp\/v2\/posts\/6461\/revisions\/13050"}],"wp:featuredmedia":[{"embeddable":true,"href":"https:\/\/www.correiobraziliense.com.br\/cbradar\/wp-json\/wp\/v2\/media\/13048"}],"wp:attachment":[{"href":"https:\/\/www.correiobraziliense.com.br\/cbradar\/wp-json\/wp\/v2\/media?parent=6461"}],"wp:term":[{"taxonomy":"category","embeddable":true,"href":"https:\/\/www.correiobraziliense.com.br\/cbradar\/wp-json\/wp\/v2\/categories?post=6461"},{"taxonomy":"post_tag","embeddable":true,"href":"https:\/\/www.correiobraziliense.com.br\/cbradar\/wp-json\/wp\/v2\/post_tag?post=6461"}],"curies":[{"name":"wp","href":"https:\/\/api.w.org\/{rel}","templated":true}]}}