{"id":64754,"date":"2025-07-05T15:23:00","date_gmt":"2025-07-05T18:23:00","guid":{"rendered":"https:\/\/www.correiobraziliense.com.br\/cbradar\/?p=64754"},"modified":"2025-07-04T22:31:04","modified_gmt":"2025-07-05T01:31:04","slug":"esse-e-o-melhor-equipamento-para-quem-precisa-se-aquecer-no-inverno","status":"publish","type":"post","link":"https:\/\/www.correiobraziliense.com.br\/cbradar\/esse-e-o-melhor-equipamento-para-quem-precisa-se-aquecer-no-inverno\/","title":{"rendered":"Esse \u00e9 o melhor equipamento para quem precisa se aquecer no inverno"},"content":{"rendered":"\n<p>Em per\u00edodos de frio intenso, a busca por solu\u00e7\u00f5es eficazes de aquecimento residencial cresce de maneira significativa. Muitas pessoas enfrentam desafios ao tentar equilibrar o conforto t\u00e9rmico com o controle do consumo de energia, especialmente durante ondas de frio polar. Nessa situa\u00e7\u00e3o, torna-se fundamental conhecer as op\u00e7\u00f5es de aquecedores dispon\u00edveis, analisando suas caracter\u00edsticas, desempenho e impacto na conta de luz.<\/p>\n\n\n\n<p>Equipamentos tradicionais, como estufas a g\u00e1s ou aparelhos de ar-condicionado com fun\u00e7\u00e3o aquecimento, costumam ser lembrados de imediato. No entanto, a necessidade de evitar desperd\u00edcios estimula a procura por alternativas capazes de aquecer de forma eficiente e econ\u00f4mica. Estudar as particularidades de cada tecnologia contribui para escolhas mais adequadas, respeitando tanto o or\u00e7amento quanto o bem-estar dos moradores.<\/p>\n\n\n\n<h2 class=\"wp-block-heading\">O que \u00e9 um painel aquecedor el\u00e9trico?<\/h2>\n\n\n\n<p>Dentre as alternativas modernas de aquecimento, destaca-se o <strong>painel aquecedor el\u00e9trico<\/strong>, tamb\u00e9m conhecido como <strong>painel calefator el\u00e9trico<\/strong>. Em ingl\u00eas, ambos os termos podem ser traduzidos como <strong>electric heating panel<\/strong> ou <strong>electric heater panel<\/strong>. Este aparelho usa o princ\u00edpio da convec\u00e7\u00e3o para distribuir o calor pelo ambiente, proporcionando uma sensa\u00e7\u00e3o t\u00e9rmica confort\u00e1vel. Por se tratar de um equipamento compacto, discreto e silencioso, est\u00e1 cada vez mais presente em lares que demandam aquecimento cont\u00ednuo sem comprometer a seguran\u00e7a ou o or\u00e7amento dom\u00e9stico.<\/p>\n\n\n\n<p>Al\u00e9m disso, a instala\u00e7\u00e3o do painel aquecedor (ou painel calefator el\u00e9trico) n\u00e3o exige grandes adapta\u00e7\u00f5es na resid\u00eancia e o aparelho pode ser usufru\u00eddo em diversos ambientes, como dormit\u00f3rios ou escrit\u00f3rios. Sua versatilidade e facilidade de uso se somam \u00e0 proposta de baixo consumo energ\u00e9tico, tornando o equipamento uma op\u00e7\u00e3o interessante para quem valoriza efici\u00eancia.<\/p>\n\n\n\n<h2 class=\"wp-block-heading\">Como funciona o painel aquecedor el\u00e9trico?<\/h2>\n\n\n\n<p>A tecnologia empregada nos <strong>pain\u00e9is aquecedores el\u00e9tricos<\/strong> (ou pain\u00e9is calefatores el\u00e9tricos; em ingl\u00eas, <em>electric heating panels<\/em>) consiste em aquecer o ar do c\u00f4modo de maneira gradual. Esse tipo de equipamento puxa o ar frio da parte inferior do ambiente, aquece-o internamente e o libera de volta ao espa\u00e7o superior, promovendo um ciclo cont\u00ednuo de aquecimento. Diferentemente de outros aparelhos, a transmiss\u00e3o de calor n\u00e3o \u00e9 feita por contato direto, mas sim pelo aquecimento homog\u00eaneo do ar.<\/p>\n\n\n\n<p>Por utilizarem temperaturas controladas, esses pain\u00e9is n\u00e3o queimam oxig\u00eanio, tampouco geram a emiss\u00e3o de gases como o mon\u00f3xido de carbono. Isso cria um ambiente mais seguro, especialmente para pessoas sens\u00edveis e crian\u00e7as. Outro ponto de destaque \u00e9 o n\u00edvel m\u00ednimo de ru\u00eddo, j\u00e1 que n\u00e3o possuem ventoinhas ou partes m\u00f3veis expostas.<\/p>\n\n\n\n<figure class=\"wp-block-image size-large\"><img decoding=\"async\" width=\"1024\" height=\"576\" src=\"https:\/\/www.correiobraziliense.com.br\/cbradar\/wp-content\/uploads\/2025\/07\/aquecedor-eletrico_1751679014915-1024x576.jpg\" alt=\"Esse \u00e9 o melhor equipamento para quem precisa se aquecer no inverno\" class=\"wp-image-64902\" srcset=\"https:\/\/www.correiobraziliense.com.br\/cbradar\/wp-content\/uploads\/2025\/07\/aquecedor-eletrico_1751679014915-1024x576.jpg 1024w, https:\/\/www.correiobraziliense.com.br\/cbradar\/wp-content\/uploads\/2025\/07\/aquecedor-eletrico_1751679014915-300x169.jpg 300w, https:\/\/www.correiobraziliense.com.br\/cbradar\/wp-content\/uploads\/2025\/07\/aquecedor-eletrico_1751679014915-768x432.jpg 768w, https:\/\/www.correiobraziliense.com.br\/cbradar\/wp-content\/uploads\/2025\/07\/aquecedor-eletrico_1751679014915-750x422.jpg 750w, https:\/\/www.correiobraziliense.com.br\/cbradar\/wp-content\/uploads\/2025\/07\/aquecedor-eletrico_1751679014915-1140x641.jpg 1140w, https:\/\/www.correiobraziliense.com.br\/cbradar\/wp-content\/uploads\/2025\/07\/aquecedor-eletrico_1751679014915.jpg 1280w\" sizes=\"(max-width: 1024px) 100vw, 1024px\" \/><figcaption class=\"wp-element-caption\">aquecedor el\u00e9trico. Cr\u00e9ditos: depositphotos.com \/ ronstik<\/figcaption><\/figure>\n\n\n\n<h2 class=\"wp-block-heading\">Qual \u00e9 o eletrodom\u00e9stico que mais aquece e consome menos energia?<\/h2>\n\n\n\n<p>A d\u00favida frequente sobre o aparelho mais eficiente mobiliza muitos consumidores diante de tantas alternativas no mercado. Ao comparar o painel aquecedor el\u00e9trico (ou painel calefator el\u00e9trico \u2013 <em>electric heating panel<\/em>) com dispositivos como o caloventor ou aquecedores port\u00e1teis, nota-se uma diferen\u00e7a significativa no gasto energ\u00e9tico. Enquanto um caloventor pode ultrapassar os 1500 watts de consumo, o painel aquecedor el\u00e9trico geralmente opera entre 400 e 600 watts, mantendo o ambiente aquecido de forma est\u00e1vel e constante.<\/p>\n\n\n\n<ul class=\"wp-block-list\">\n<li><strong>Consumo reduzido:<\/strong> Na pr\u00e1tica, isso significa menor impacto nas contas de energia, mesmo com uso prolongado do aparelho.<\/li>\n\n\n\n<li><strong>Seguran\u00e7a:<\/strong> N\u00e3o libera emiss\u00f5es t\u00f3xicas e pode permanecer ligado por longos per\u00edodos sem risco de superaquecimento.<\/li>\n\n\n\n<li><strong>Distribui\u00e7\u00e3o uniforme:<\/strong> Por convec\u00e7\u00e3o, o calor atinge todos os cantos do c\u00f4modo, reduzindo desconfortos gerados por pontos frios ou quentes.<\/li>\n<\/ul>\n\n\n\n<p>Essa performance faz com que o painel aquecedor apare\u00e7a como resposta para quem deseja aquecer a casa de maneira pr\u00e1tica e consciente.<\/p>\n\n\n\n<h2 class=\"wp-block-heading\">Como usar o painel aquecedor el\u00e9trico de maneira eficiente?<\/h2>\n\n\n\n<p>Adotar estrat\u00e9gias simples pode potencializar o desempenho do painel aquecedor e evitar desperd\u00edcio de energia. Selecionar o local adequado para sua instala\u00e7\u00e3o \u00e9 um dos principais fatores, priorizando quartos com janelas e portas fechadas, reduzindo a troca de calor com \u00e1reas externas. Outro recurso valioso \u00e9 o uso de termostatos e temporizadores, que ajudam a controlar o tempo de funcionamento e a temperatura ideal do ambiente.<\/p>\n\n\n\n<ol class=\"wp-block-list\">\n<li>Opte por colocar o aparelho em ambientes isolados e de circula\u00e7\u00e3o reduzida.<\/li>\n\n\n\n<li>Prefira modelos com ajustes de pot\u00eancia, para adaptar o uso ao tamanho do c\u00f4modo.<\/li>\n\n\n\n<li>Utilize temporizadores para desligar o equipamento automaticamente, caso necess\u00e1rio.<\/li>\n\n\n\n<li>Combine isolamento t\u00e9rmico (como cortinas e tapetes) ao uso do painel para manter o calor por mais tempo.<\/li>\n<\/ol>\n\n\n\n<p>Com essas medidas, \u00e9 poss\u00edvel garantir o m\u00e1ximo de conforto durante os dias frios, sem surpresas desagrad\u00e1veis no final do m\u00eas.<\/p>\n\n\n\n<h2 class=\"wp-block-heading\">Painel aquecedor el\u00e9trico: quais vantagens oferece?<\/h2>\n\n\n\n<p>Al\u00e9m do baixo consumo, o painel aquecedor apresenta outras vantagens relevantes. Entre elas, destaca-se a vida \u00fatil prolongada, j\u00e1 que o equipamento demanda pouca manuten\u00e7\u00e3o. Por n\u00e3o possuir resist\u00eancia incandescente exposta, h\u00e1 menor risco de inc\u00eandios ou acidentes, sendo adequado para resid\u00eancias com crian\u00e7as e idosos. Outro benef\u00edcio est\u00e1 na facilidade de limpeza, uma vez que n\u00e3o acumula poeira em excesso ou necessita de desmontagens detalhadas.<\/p>\n\n\n\n<p>Na an\u00e1lise de custos, o investimento inicial pode ser compensado ao longo do tempo pela economia na conta de energia el\u00e9trica e pela baixa exig\u00eancia de consertos. Para quem busca um ambiente confort\u00e1vel nos dias gelados de 2025, apostar em um painel aquecedor \u2013 ou painel calefator el\u00e9trico, tamb\u00e9m chamados em ingl\u00eas de <em>electric heating panel<\/em> \u2013 representa uma escolha inteligente, alinhando tecnologia e economia no dia a dia.<\/p>\n","protected":false},"excerpt":{"rendered":"<p>Se busca praticidade, seguran\u00e7a e baixo consumo, conhe\u00e7a as vantagens do painel calefator el\u00e9trico. O inverno nunca foi t\u00e3o confort\u00e1vel!<\/p>\n","protected":false},"author":3,"featured_media":64901,"comment_status":"open","ping_status":"open","sticky":false,"template":"","format":"standard","meta":{"_yoast_wpseo_focuskw":"aquecer inverno","_yoast_wpseo_title":"%%title%%","_yoast_wpseo_metadesc":"Se busca praticidade, seguran\u00e7a e baixo consumo, conhe\u00e7a as vantagens do painel calefator el\u00e9trico. O inverno nunca foi t\u00e3o confort\u00e1vel!","jnews-multi-image_gallery":[],"jnews_single_post":{"format":"standard"},"jnews_primary_category":[],"jnews_social_meta":[],"jnews_override_counter":[],"footnotes":""},"categories":[112],"post_tag":[7730,7481,144],"class_list":["post-64754","post","type-post","status-publish","format-standard","has-post-thumbnail","hentry","category-curiosidades","tag-aquecedor-eletrico","tag-aquecimento","tag-curiosidades"],"yoast_head":"<!-- This site is optimized with the Yoast SEO plugin v24.6 - https:\/\/yoast.com\/wordpress\/plugins\/seo\/ -->\n<title>Esse \u00e9 o melhor equipamento para quem precisa se aquecer no inverno<\/title>\n<meta name=\"description\" content=\"Se busca praticidade, seguran\u00e7a e baixo consumo, conhe\u00e7a as vantagens do painel calefator el\u00e9trico. O inverno nunca foi t\u00e3o confort\u00e1vel!\" \/>\n<meta name=\"robots\" content=\"index, follow, max-snippet:-1, max-image-preview:large, max-video-preview:-1\" \/>\n<link rel=\"canonical\" href=\"https:\/\/www.correiobraziliense.com.br\/cbradar\/esse-e-o-melhor-equipamento-para-quem-precisa-se-aquecer-no-inverno\/\" \/>\n<meta property=\"og:locale\" content=\"pt_BR\" \/>\n<meta property=\"og:type\" content=\"article\" \/>\n<meta property=\"og:title\" content=\"Esse \u00e9 o melhor equipamento para quem precisa se aquecer no inverno\" \/>\n<meta property=\"og:description\" content=\"Se busca praticidade, seguran\u00e7a e baixo consumo, conhe\u00e7a as vantagens do painel calefator el\u00e9trico. O inverno nunca foi t\u00e3o confort\u00e1vel!\" \/>\n<meta property=\"og:url\" content=\"https:\/\/www.correiobraziliense.com.br\/cbradar\/esse-e-o-melhor-equipamento-para-quem-precisa-se-aquecer-no-inverno\/\" \/>\n<meta property=\"og:site_name\" content=\"Correio Braziliense - Radar\" \/>\n<meta property=\"article:published_time\" content=\"2025-07-05T18:23:00+00:00\" \/>\n<meta property=\"og:image\" content=\"https:\/\/www.correiobraziliense.com.br\/cbradar\/wp-content\/uploads\/2025\/07\/aquecedor-eletrico_1751670209526.jpg\" \/>\n\t<meta property=\"og:image:width\" content=\"1280\" \/>\n\t<meta property=\"og:image:height\" content=\"720\" \/>\n\t<meta property=\"og:image:type\" content=\"image\/jpeg\" \/>\n<meta name=\"author\" content=\"Larissa Carvalho\" \/>\n<meta name=\"twitter:card\" content=\"summary_large_image\" \/>\n<meta name=\"twitter:label1\" content=\"Escrito por\" \/>\n\t<meta name=\"twitter:data1\" content=\"Larissa Carvalho\" \/>\n\t<meta name=\"twitter:label2\" content=\"Est. tempo de leitura\" \/>\n\t<meta name=\"twitter:data2\" content=\"6 minutos\" \/>\n<!-- \/ Yoast SEO plugin. -->","yoast_head_json":{"title":"Esse \u00e9 o melhor equipamento para quem precisa se aquecer no inverno","description":"Se busca praticidade, seguran\u00e7a e baixo consumo, conhe\u00e7a as vantagens do painel calefator el\u00e9trico. O inverno nunca foi t\u00e3o confort\u00e1vel!","robots":{"index":"index","follow":"follow","max-snippet":"max-snippet:-1","max-image-preview":"max-image-preview:large","max-video-preview":"max-video-preview:-1"},"canonical":"https:\/\/www.correiobraziliense.com.br\/cbradar\/esse-e-o-melhor-equipamento-para-quem-precisa-se-aquecer-no-inverno\/","og_locale":"pt_BR","og_type":"article","og_title":"Esse \u00e9 o melhor equipamento para quem precisa se aquecer no inverno","og_description":"Se busca praticidade, seguran\u00e7a e baixo consumo, conhe\u00e7a as vantagens do painel calefator el\u00e9trico. O inverno nunca foi t\u00e3o confort\u00e1vel!","og_url":"https:\/\/www.correiobraziliense.com.br\/cbradar\/esse-e-o-melhor-equipamento-para-quem-precisa-se-aquecer-no-inverno\/","og_site_name":"Correio Braziliense - Radar","article_published_time":"2025-07-05T18:23:00+00:00","og_image":[{"width":1280,"height":720,"url":"https:\/\/www.correiobraziliense.com.br\/cbradar\/wp-content\/uploads\/2025\/07\/aquecedor-eletrico_1751670209526.jpg","type":"image\/jpeg"}],"author":"Larissa Carvalho","twitter_card":"summary_large_image","twitter_misc":{"Escrito por":"Larissa Carvalho","Est. tempo de leitura":"6 minutos"},"schema":{"@context":"https:\/\/schema.org","@graph":[{"@type":"WebPage","@id":"https:\/\/www.correiobraziliense.com.br\/cbradar\/esse-e-o-melhor-equipamento-para-quem-precisa-se-aquecer-no-inverno\/","url":"https:\/\/www.correiobraziliense.com.br\/cbradar\/esse-e-o-melhor-equipamento-para-quem-precisa-se-aquecer-no-inverno\/","name":"Esse \u00e9 o melhor equipamento para quem precisa se aquecer no inverno","isPartOf":{"@id":"https:\/\/www.correiobraziliense.com.br\/cbradar\/#website"},"primaryImageOfPage":{"@id":"https:\/\/www.correiobraziliense.com.br\/cbradar\/esse-e-o-melhor-equipamento-para-quem-precisa-se-aquecer-no-inverno\/#primaryimage"},"image":{"@id":"https:\/\/www.correiobraziliense.com.br\/cbradar\/esse-e-o-melhor-equipamento-para-quem-precisa-se-aquecer-no-inverno\/#primaryimage"},"thumbnailUrl":"https:\/\/www.correiobraziliense.com.br\/cbradar\/wp-content\/uploads\/2025\/07\/aquecedor-eletrico_1751670209526.jpg","datePublished":"2025-07-05T18:23:00+00:00","author":{"@id":"https:\/\/www.correiobraziliense.com.br\/cbradar\/#\/schema\/person\/58422787644df994b53a19d3e56c1513"},"description":"Se busca praticidade, seguran\u00e7a e baixo consumo, conhe\u00e7a as vantagens do painel calefator el\u00e9trico. O inverno nunca foi t\u00e3o confort\u00e1vel!","breadcrumb":{"@id":"https:\/\/www.correiobraziliense.com.br\/cbradar\/esse-e-o-melhor-equipamento-para-quem-precisa-se-aquecer-no-inverno\/#breadcrumb"},"inLanguage":"pt-BR","potentialAction":[{"@type":"ReadAction","target":["https:\/\/www.correiobraziliense.com.br\/cbradar\/esse-e-o-melhor-equipamento-para-quem-precisa-se-aquecer-no-inverno\/"]}]},{"@type":"ImageObject","inLanguage":"pt-BR","@id":"https:\/\/www.correiobraziliense.com.br\/cbradar\/esse-e-o-melhor-equipamento-para-quem-precisa-se-aquecer-no-inverno\/#primaryimage","url":"https:\/\/www.correiobraziliense.com.br\/cbradar\/wp-content\/uploads\/2025\/07\/aquecedor-eletrico_1751670209526.jpg","contentUrl":"https:\/\/www.correiobraziliense.com.br\/cbradar\/wp-content\/uploads\/2025\/07\/aquecedor-eletrico_1751670209526.jpg","width":1280,"height":720,"caption":"aquecedor el\u00e9trico. Cr\u00e9ditos: depositphotos.com \/ zver2334"},{"@type":"BreadcrumbList","@id":"https:\/\/www.correiobraziliense.com.br\/cbradar\/esse-e-o-melhor-equipamento-para-quem-precisa-se-aquecer-no-inverno\/#breadcrumb","itemListElement":[{"@type":"ListItem","position":1,"name":"In\u00edcio","item":"https:\/\/www.correiobraziliense.com.br\/cbradar\/"},{"@type":"ListItem","position":2,"name":"Esse \u00e9 o melhor equipamento para quem precisa se aquecer no inverno"}]},{"@type":"WebSite","@id":"https:\/\/www.correiobraziliense.com.br\/cbradar\/#website","url":"https:\/\/www.correiobraziliense.com.br\/cbradar\/","name":"Correio Braziliense - Radar","description":"Acompanhe as \u00faltimas not\u00edcias e fique bem informado sobre tudo o que acontece no Brasil e no mundo.","potentialAction":[{"@type":"SearchAction","target":{"@type":"EntryPoint","urlTemplate":"https:\/\/www.correiobraziliense.com.br\/cbradar\/?s={search_term_string}"},"query-input":{"@type":"PropertyValueSpecification","valueRequired":true,"valueName":"search_term_string"}}],"inLanguage":"pt-BR"},{"@type":"Person","@id":"https:\/\/www.correiobraziliense.com.br\/cbradar\/#\/schema\/person\/58422787644df994b53a19d3e56c1513","name":"Larissa Carvalho","image":{"@type":"ImageObject","inLanguage":"pt-BR","@id":"https:\/\/www.correiobraziliense.com.br\/cbradar\/#\/schema\/person\/image\/","url":"https:\/\/secure.gravatar.com\/avatar\/fe4f91a0de32b52a838d0d612abdc1aa?s=96&d=mm&r=g","contentUrl":"https:\/\/secure.gravatar.com\/avatar\/fe4f91a0de32b52a838d0d612abdc1aa?s=96&d=mm&r=g","caption":"Larissa Carvalho"},"url":"https:\/\/www.correiobraziliense.com.br\/cbradar\/author\/larissamyth\/"}]}},"_links":{"self":[{"href":"https:\/\/www.correiobraziliense.com.br\/cbradar\/wp-json\/wp\/v2\/posts\/64754","targetHints":{"allow":["GET"]}}],"collection":[{"href":"https:\/\/www.correiobraziliense.com.br\/cbradar\/wp-json\/wp\/v2\/posts"}],"about":[{"href":"https:\/\/www.correiobraziliense.com.br\/cbradar\/wp-json\/wp\/v2\/types\/post"}],"author":[{"embeddable":true,"href":"https:\/\/www.correiobraziliense.com.br\/cbradar\/wp-json\/wp\/v2\/users\/3"}],"replies":[{"embeddable":true,"href":"https:\/\/www.correiobraziliense.com.br\/cbradar\/wp-json\/wp\/v2\/comments?post=64754"}],"version-history":[{"count":2,"href":"https:\/\/www.correiobraziliense.com.br\/cbradar\/wp-json\/wp\/v2\/posts\/64754\/revisions"}],"predecessor-version":[{"id":64903,"href":"https:\/\/www.correiobraziliense.com.br\/cbradar\/wp-json\/wp\/v2\/posts\/64754\/revisions\/64903"}],"wp:featuredmedia":[{"embeddable":true,"href":"https:\/\/www.correiobraziliense.com.br\/cbradar\/wp-json\/wp\/v2\/media\/64901"}],"wp:attachment":[{"href":"https:\/\/www.correiobraziliense.com.br\/cbradar\/wp-json\/wp\/v2\/media?parent=64754"}],"wp:term":[{"taxonomy":"category","embeddable":true,"href":"https:\/\/www.correiobraziliense.com.br\/cbradar\/wp-json\/wp\/v2\/categories?post=64754"},{"taxonomy":"post_tag","embeddable":true,"href":"https:\/\/www.correiobraziliense.com.br\/cbradar\/wp-json\/wp\/v2\/post_tag?post=64754"}],"curies":[{"name":"wp","href":"https:\/\/api.w.org\/{rel}","templated":true}]}}