{"id":6489,"date":"2025-02-27T22:50:00","date_gmt":"2025-02-28T01:50:00","guid":{"rendered":"https:\/\/www.correiobraziliense.com.br\/cbradar\/?p=6489"},"modified":"2025-02-26T18:34:02","modified_gmt":"2025-02-26T21:34:02","slug":"essa-cidade-vive-embaixo-da-neve-o-ano-inteiro","status":"publish","type":"post","link":"https:\/\/www.correiobraziliense.com.br\/cbradar\/essa-cidade-vive-embaixo-da-neve-o-ano-inteiro\/","title":{"rendered":"Essa cidade vive embaixo da neve o ano inteiro"},"content":{"rendered":"\n<p>Muitas cidades enfrentaram invernos rigorosos, mas permaneceram <strong>cobertas de neve o ano inteiro,<\/strong> como <strong>Longyearbyen<\/strong>, no <strong>arquip\u00e9lago de Svalbard<\/strong>, na <strong>Noruega<\/strong>. Esse \u00e9 um dos assentamentos permanentes mais ao norte do planeta, localizado a apenas <strong>1.300 km do Polo Norte<\/strong>, onde as temperaturas podem chegar a \u2212<strong>30\u202f\u00b0<\/strong>C no inverno e ultrapassam 5\u202f\u00b0C no ver\u00e3o.<\/p>\n\n\n\n<p>Com cerca de <strong>2.000 habitantes<\/strong>, Longyearbyen \u00e9 um dos \u00faltimos locais onde ainda se pode experimentar um verdadeiro ambiente \u00e1rtico. Durante o inverno, a cidade passa por meses de <strong>escurid\u00e3o total<\/strong>, enquanto no ver\u00e3o, o <strong>Sol da Meia-Noite<\/strong> mant\u00e9m o c\u00e9u iluminado 24 horas por dia. Essa condi\u00e7\u00e3o extrema faz com que os moradores precisem se adaptar a uma rotina incomum, onde os rel\u00f3gios se tornam mais importantes do que a luz do dia para definir hor\u00e1rios de trabalho e descanso.<\/p>\n\n\n\n<p>Apesar do frio constante, a cidade conta com infraestrutura moderna, incluindo escolas, hospitais, supermercados e at\u00e9 bares, criando uma comunidade autossuficiente em um dos locais mais remotos do mundo.<\/p>\n\n\n\n<h2 class=\"wp-block-heading\"><strong>Como \u00e9 viver em um dos lugares mais frios da Terra?<\/strong><\/h2>\n\n\n\n<p>A vida em Longyearbyen exige cuidados especiais. Por estarem cercados por um territ\u00f3rio selvagem, os moradores <strong>n\u00e3o podem sair da cidade sem portar armas<\/strong>, pois os <strong>ursos-polares<\/strong> representam um perigo constante. Embora aparentemente entrem na cidade, esses animais podem ser encontrados em redondezas e j\u00e1 ocorreram casos de ataques a humanos.<\/p>\n\n\n\n<p>Outra curiosidade peculiar \u00e9 que <strong>ningu\u00e9m pode ser enterrado em Longyearbyen<\/strong>. O solo permafrost impede que os corpos se decomponham, ent\u00e3o os falecidos s\u00e3o enviados para outras regi\u00f5es da Noruega para serem sepultados. Al\u00e9m disso, h\u00e1 restri\u00e7\u00f5es para quem deseja morar na cidade, pois Longyearbyen n\u00e3o possui infraestrutura para atender moradores com doen\u00e7as graves ou aposentados que necessitam de cuidados m\u00e9dicos frequentes.<\/p>\n\n\n\n<p>A economia local gira em torno do turismo, da pesquisa cient\u00edfica e da minera\u00e7\u00e3o de carv\u00e3o. Al\u00e9m disso, a cidade abriga o famoso <strong>Svalbard Global<\/strong> Seed Vault, um banco de sementes projetado para preservar a biodiversidade agr\u00edcola do planeta em caso de cat\u00e1strofes globais.<\/p>\n\n\n\n<figure class=\"wp-block-image size-large\"><img decoding=\"async\" width=\"1024\" height=\"576\" src=\"https:\/\/www.correiobraziliense.com.br\/cbradar\/wp-content\/uploads\/2025\/02\/Longyearbyen_1740605213464-1024x576.jpg\" alt=\"Essa cidade vive embaixo da neve o ano inteiro\" class=\"wp-image-6493\" srcset=\"https:\/\/www.correiobraziliense.com.br\/cbradar\/wp-content\/uploads\/2025\/02\/Longyearbyen_1740605213464-1024x576.jpg 1024w, https:\/\/www.correiobraziliense.com.br\/cbradar\/wp-content\/uploads\/2025\/02\/Longyearbyen_1740605213464-300x169.jpg 300w, https:\/\/www.correiobraziliense.com.br\/cbradar\/wp-content\/uploads\/2025\/02\/Longyearbyen_1740605213464-768x432.jpg 768w, https:\/\/www.correiobraziliense.com.br\/cbradar\/wp-content\/uploads\/2025\/02\/Longyearbyen_1740605213464-750x422.jpg 750w, https:\/\/www.correiobraziliense.com.br\/cbradar\/wp-content\/uploads\/2025\/02\/Longyearbyen_1740605213464-1140x641.jpg 1140w, https:\/\/www.correiobraziliense.com.br\/cbradar\/wp-content\/uploads\/2025\/02\/Longyearbyen_1740605213464.jpg 1280w\" sizes=\"(max-width: 1024px) 100vw, 1024px\" \/><figcaption class=\"wp-element-caption\">Longyearbyen. Cr\u00e9ditos: depositphotos.com \/ fthuerig<\/figcaption><\/figure>\n\n\n\n<h2 class=\"wp-block-heading\"><strong>Um dos destinos mais extremos do mundo<\/strong><\/h2>\n\n\n\n<p>Mesmo sendo um dos lugares mais frios e isolados da Terra, Longyearbyen atrai visitantes fascinados pelo \u00c1rtico. Turistas exploram geleiras, observam a <strong>Aurora Boreal<\/strong> durante o inverno e podem experimentar a sensa\u00e7\u00e3o \u00fanica de viver em um ambiente onde a natureza selvagem ainda domina.<\/p>\n\n\n\n<p>Com sua combina\u00e7\u00e3o de beleza extrema e desafios di\u00e1rios, Longyearbyen \u00e9 uma prova de que a humanidade pode se adaptar a qualquer ambiente, at\u00e9 mesmo a um dos locais mais frios e in\u00f3spitos do planeta.<\/p>\n","protected":false},"excerpt":{"rendered":"<p>Uma cidade norueguesa permanece coberta de neve o ano todo e enfrenta meses de escurid\u00e3o total no inverno.<\/p>\n","protected":false},"author":3,"featured_media":6492,"comment_status":"open","ping_status":"open","sticky":false,"template":"","format":"standard","meta":{"_yoast_wpseo_focuskw":"cidade embaixo da neve","_yoast_wpseo_title":"%%title%%","_yoast_wpseo_metadesc":"Uma cidade norueguesa permanece coberta de neve o ano todo e enfrenta meses de escurid\u00e3o total no inverno.","jnews-multi-image_gallery":[],"jnews_single_post":{"format":"standard"},"jnews_primary_category":[],"jnews_social_meta":[],"jnews_override_counter":[],"footnotes":""},"categories":[108],"post_tag":[109,780,1184],"class_list":["post-6489","post","type-post","status-publish","format-standard","has-post-thumbnail","hentry","category-cidades","tag-cidades","tag-frio","tag-neve"],"yoast_head":"<!-- This site is optimized with the Yoast SEO plugin v24.6 - https:\/\/yoast.com\/wordpress\/plugins\/seo\/ -->\n<title>Essa cidade vive embaixo da neve o ano inteiro<\/title>\n<meta name=\"description\" content=\"Uma cidade norueguesa permanece coberta de neve o ano todo e enfrenta meses de escurid\u00e3o total no inverno.\" \/>\n<meta name=\"robots\" content=\"index, follow, max-snippet:-1, max-image-preview:large, max-video-preview:-1\" \/>\n<link rel=\"canonical\" href=\"https:\/\/www.correiobraziliense.com.br\/cbradar\/essa-cidade-vive-embaixo-da-neve-o-ano-inteiro\/\" \/>\n<meta property=\"og:locale\" content=\"pt_BR\" \/>\n<meta property=\"og:type\" content=\"article\" \/>\n<meta property=\"og:title\" content=\"Essa cidade vive embaixo da neve o ano inteiro\" \/>\n<meta property=\"og:description\" content=\"Uma cidade norueguesa permanece coberta de neve o ano todo e enfrenta meses de escurid\u00e3o total no inverno.\" \/>\n<meta property=\"og:url\" content=\"https:\/\/www.correiobraziliense.com.br\/cbradar\/essa-cidade-vive-embaixo-da-neve-o-ano-inteiro\/\" \/>\n<meta property=\"og:site_name\" content=\"Correio Braziliense - Radar\" \/>\n<meta property=\"article:published_time\" content=\"2025-02-28T01:50:00+00:00\" \/>\n<meta property=\"og:image\" content=\"https:\/\/www.correiobraziliense.com.br\/cbradar\/wp-content\/uploads\/2025\/02\/Longyearbyen_1740605136669.jpg\" \/>\n\t<meta property=\"og:image:width\" content=\"1280\" \/>\n\t<meta property=\"og:image:height\" content=\"720\" \/>\n\t<meta property=\"og:image:type\" content=\"image\/jpeg\" \/>\n<meta name=\"author\" content=\"Larissa Carvalho\" \/>\n<meta name=\"twitter:card\" content=\"summary_large_image\" \/>\n<meta name=\"twitter:label1\" content=\"Escrito por\" \/>\n\t<meta name=\"twitter:data1\" content=\"Larissa Carvalho\" \/>\n\t<meta name=\"twitter:label2\" content=\"Est. tempo de leitura\" \/>\n\t<meta name=\"twitter:data2\" content=\"3 minutos\" \/>\n<!-- \/ Yoast SEO plugin. -->","yoast_head_json":{"title":"Essa cidade vive embaixo da neve o ano inteiro","description":"Uma cidade norueguesa permanece coberta de neve o ano todo e enfrenta meses de escurid\u00e3o total no inverno.","robots":{"index":"index","follow":"follow","max-snippet":"max-snippet:-1","max-image-preview":"max-image-preview:large","max-video-preview":"max-video-preview:-1"},"canonical":"https:\/\/www.correiobraziliense.com.br\/cbradar\/essa-cidade-vive-embaixo-da-neve-o-ano-inteiro\/","og_locale":"pt_BR","og_type":"article","og_title":"Essa cidade vive embaixo da neve o ano inteiro","og_description":"Uma cidade norueguesa permanece coberta de neve o ano todo e enfrenta meses de escurid\u00e3o total no inverno.","og_url":"https:\/\/www.correiobraziliense.com.br\/cbradar\/essa-cidade-vive-embaixo-da-neve-o-ano-inteiro\/","og_site_name":"Correio Braziliense - Radar","article_published_time":"2025-02-28T01:50:00+00:00","og_image":[{"width":1280,"height":720,"url":"https:\/\/www.correiobraziliense.com.br\/cbradar\/wp-content\/uploads\/2025\/02\/Longyearbyen_1740605136669.jpg","type":"image\/jpeg"}],"author":"Larissa Carvalho","twitter_card":"summary_large_image","twitter_misc":{"Escrito por":"Larissa Carvalho","Est. tempo de leitura":"3 minutos"},"schema":{"@context":"https:\/\/schema.org","@graph":[{"@type":"WebPage","@id":"https:\/\/www.correiobraziliense.com.br\/cbradar\/essa-cidade-vive-embaixo-da-neve-o-ano-inteiro\/","url":"https:\/\/www.correiobraziliense.com.br\/cbradar\/essa-cidade-vive-embaixo-da-neve-o-ano-inteiro\/","name":"Essa cidade vive embaixo da neve o ano inteiro","isPartOf":{"@id":"https:\/\/www.correiobraziliense.com.br\/cbradar\/#website"},"primaryImageOfPage":{"@id":"https:\/\/www.correiobraziliense.com.br\/cbradar\/essa-cidade-vive-embaixo-da-neve-o-ano-inteiro\/#primaryimage"},"image":{"@id":"https:\/\/www.correiobraziliense.com.br\/cbradar\/essa-cidade-vive-embaixo-da-neve-o-ano-inteiro\/#primaryimage"},"thumbnailUrl":"https:\/\/www.correiobraziliense.com.br\/cbradar\/wp-content\/uploads\/2025\/02\/Longyearbyen_1740605136669.jpg","datePublished":"2025-02-28T01:50:00+00:00","author":{"@id":"https:\/\/www.correiobraziliense.com.br\/cbradar\/#\/schema\/person\/58422787644df994b53a19d3e56c1513"},"description":"Uma cidade norueguesa permanece coberta de neve o ano todo e enfrenta meses de escurid\u00e3o total no inverno.","breadcrumb":{"@id":"https:\/\/www.correiobraziliense.com.br\/cbradar\/essa-cidade-vive-embaixo-da-neve-o-ano-inteiro\/#breadcrumb"},"inLanguage":"pt-BR","potentialAction":[{"@type":"ReadAction","target":["https:\/\/www.correiobraziliense.com.br\/cbradar\/essa-cidade-vive-embaixo-da-neve-o-ano-inteiro\/"]}]},{"@type":"ImageObject","inLanguage":"pt-BR","@id":"https:\/\/www.correiobraziliense.com.br\/cbradar\/essa-cidade-vive-embaixo-da-neve-o-ano-inteiro\/#primaryimage","url":"https:\/\/www.correiobraziliense.com.br\/cbradar\/wp-content\/uploads\/2025\/02\/Longyearbyen_1740605136669.jpg","contentUrl":"https:\/\/www.correiobraziliense.com.br\/cbradar\/wp-content\/uploads\/2025\/02\/Longyearbyen_1740605136669.jpg","width":1280,"height":720,"caption":"Longyearbyen. Cr\u00e9ditos: depositphotos.com \/ Curioso_Travel_Photography"},{"@type":"BreadcrumbList","@id":"https:\/\/www.correiobraziliense.com.br\/cbradar\/essa-cidade-vive-embaixo-da-neve-o-ano-inteiro\/#breadcrumb","itemListElement":[{"@type":"ListItem","position":1,"name":"In\u00edcio","item":"https:\/\/www.correiobraziliense.com.br\/cbradar\/"},{"@type":"ListItem","position":2,"name":"Essa cidade vive embaixo da neve o ano inteiro"}]},{"@type":"WebSite","@id":"https:\/\/www.correiobraziliense.com.br\/cbradar\/#website","url":"https:\/\/www.correiobraziliense.com.br\/cbradar\/","name":"Correio Braziliense - Radar","description":"Acompanhe as \u00faltimas not\u00edcias e fique bem informado sobre tudo o que acontece no Brasil e no mundo.","potentialAction":[{"@type":"SearchAction","target":{"@type":"EntryPoint","urlTemplate":"https:\/\/www.correiobraziliense.com.br\/cbradar\/?s={search_term_string}"},"query-input":{"@type":"PropertyValueSpecification","valueRequired":true,"valueName":"search_term_string"}}],"inLanguage":"pt-BR"},{"@type":"Person","@id":"https:\/\/www.correiobraziliense.com.br\/cbradar\/#\/schema\/person\/58422787644df994b53a19d3e56c1513","name":"Larissa Carvalho","image":{"@type":"ImageObject","inLanguage":"pt-BR","@id":"https:\/\/www.correiobraziliense.com.br\/cbradar\/#\/schema\/person\/image\/","url":"https:\/\/secure.gravatar.com\/avatar\/fe4f91a0de32b52a838d0d612abdc1aa?s=96&d=mm&r=g","contentUrl":"https:\/\/secure.gravatar.com\/avatar\/fe4f91a0de32b52a838d0d612abdc1aa?s=96&d=mm&r=g","caption":"Larissa Carvalho"},"url":"https:\/\/www.correiobraziliense.com.br\/cbradar\/author\/larissamyth\/"}]}},"_links":{"self":[{"href":"https:\/\/www.correiobraziliense.com.br\/cbradar\/wp-json\/wp\/v2\/posts\/6489","targetHints":{"allow":["GET"]}}],"collection":[{"href":"https:\/\/www.correiobraziliense.com.br\/cbradar\/wp-json\/wp\/v2\/posts"}],"about":[{"href":"https:\/\/www.correiobraziliense.com.br\/cbradar\/wp-json\/wp\/v2\/types\/post"}],"author":[{"embeddable":true,"href":"https:\/\/www.correiobraziliense.com.br\/cbradar\/wp-json\/wp\/v2\/users\/3"}],"replies":[{"embeddable":true,"href":"https:\/\/www.correiobraziliense.com.br\/cbradar\/wp-json\/wp\/v2\/comments?post=6489"}],"version-history":[{"count":1,"href":"https:\/\/www.correiobraziliense.com.br\/cbradar\/wp-json\/wp\/v2\/posts\/6489\/revisions"}],"predecessor-version":[{"id":6494,"href":"https:\/\/www.correiobraziliense.com.br\/cbradar\/wp-json\/wp\/v2\/posts\/6489\/revisions\/6494"}],"wp:featuredmedia":[{"embeddable":true,"href":"https:\/\/www.correiobraziliense.com.br\/cbradar\/wp-json\/wp\/v2\/media\/6492"}],"wp:attachment":[{"href":"https:\/\/www.correiobraziliense.com.br\/cbradar\/wp-json\/wp\/v2\/media?parent=6489"}],"wp:term":[{"taxonomy":"category","embeddable":true,"href":"https:\/\/www.correiobraziliense.com.br\/cbradar\/wp-json\/wp\/v2\/categories?post=6489"},{"taxonomy":"post_tag","embeddable":true,"href":"https:\/\/www.correiobraziliense.com.br\/cbradar\/wp-json\/wp\/v2\/post_tag?post=6489"}],"curies":[{"name":"wp","href":"https:\/\/api.w.org\/{rel}","templated":true}]}}