{"id":64937,"date":"2025-07-05T17:23:00","date_gmt":"2025-07-05T20:23:00","guid":{"rendered":"https:\/\/www.correiobraziliense.com.br\/cbradar\/?p=64937"},"modified":"2025-07-04T23:38:37","modified_gmt":"2025-07-05T02:38:37","slug":"5-alimentos-naturais-que-melhoram-o-sono-e-combatem-a-insonia","status":"publish","type":"post","link":"https:\/\/www.correiobraziliense.com.br\/cbradar\/5-alimentos-naturais-que-melhoram-o-sono-e-combatem-a-insonia\/","title":{"rendered":"5 alimentos naturais que melhoram o sono e combatem a ins\u00f4nia"},"content":{"rendered":"\n<p><strong>Qualidade do sono<\/strong> est\u00e1 diretamente relacionada aos h\u00e1bitos alimentares, segundo uma nova pesquisa que destaca o impacto positivo do consumo di\u00e1rio de <strong>frutas e verduras<\/strong>. O estudo indica que o consumo de pelo menos cinco x\u00edcaras desses alimentos pode transformar a sa\u00fade do sono em adultos de todas as idades.<\/p>\n\n\n\n<ul class=\"wp-block-list\">\n<li><strong>Consumo regular<\/strong> de frutas e vegetais se associa a noites mais tranquilas e menos despertares.<\/li>\n\n\n\n<li>Estudo revela <strong>benef\u00edcios espec\u00edficos<\/strong> de determinados alimentos na regula\u00e7\u00e3o do sono.<\/li>\n\n\n\n<li>H\u00e1bitos alimentares simples podem ser a chave para <strong>combater a ins\u00f4nia<\/strong> e promover bem-estar.<\/li>\n<\/ul>\n\n\n\n<h2 class=\"wp-block-heading\">Como o consumo de frutas e verduras influencia a qualidade do sono<\/h2>\n\n\n\n<p>O <strong>consumo di\u00e1rio de frutas e verduras<\/strong> fornece vitaminas, minerais e fibras essenciais, que auxiliam na produ\u00e7\u00e3o de neurotransmissores relacionados ao sono, como a melatonina e a serotonina. Esses compostos naturais ajudam o organismo a regular o ciclo circadiano, tornando mais f\u00e1cil adormecer e permanecer dormindo durante a noite.<\/p>\n\n\n\n<p>Al\u00e9m disso, a ingest\u00e3o regular desses alimentos est\u00e1 associada \u00e0 redu\u00e7\u00e3o de dist\u00farbios do sono, incluindo ins\u00f4nia leve e despertares noturnos frequentes.<\/p>\n\n\n\n<p>Leia tamb\u00e9m: <a href=\"https:\/\/www.correiobraziliense.com.br\/cbradar\/5-alimentos-que-mais-engordam-no-inverno-e-voce-nao-sabia\/\" target=\"_blank\" rel=\"noreferrer noopener\">5 alimentos que mais engordam no inverno e voc\u00ea n\u00e3o sabia<\/a><\/p>\n\n\n\n<h2 class=\"wp-block-heading\">Quais frutas e verduras favorecem noites mais tranquilas<\/h2>\n\n\n\n<p><strong>Alimentos ricos em triptofano<\/strong>, como banana e abacate, estimulam a produ\u00e7\u00e3o de serotonina, horm\u00f4nio que favorece a sensa\u00e7\u00e3o de relaxamento. Folhas verdes escuras, como espinafre e couve, fornecem magn\u00e9sio, mineral associado \u00e0 diminui\u00e7\u00e3o do estresse e \u00e0 melhora do sono.<\/p>\n\n\n\n<ul class=\"wp-block-list\">\n<li>Kiwis e cerejas cont\u00eam melatonina natural, potencializando o sono reparador.<\/li>\n\n\n\n<li>Legumes como cenoura e ab\u00f3bora contribuem para o equil\u00edbrio do metabolismo durante a noite.<\/li>\n<\/ul>\n\n\n\n<p><strong>Varia\u00e7\u00e3o nas escolhas<\/strong> e inclus\u00e3o di\u00e1ria de frutas e vegetais diferentes amplia o leque de benef\u00edcios e torna a rotina alimentar mais interessante.<\/p>\n\n\n\n<p>Dica r\u00e1pida: consumir uma por\u00e7\u00e3o de fruta 1 hora antes de dormir pode favorecer o relaxamento.<\/p>\n\n\n\n<figure class=\"wp-block-image size-large\"><img decoding=\"async\" width=\"1024\" height=\"576\" src=\"https:\/\/www.correiobraziliense.com.br\/cbradar\/wp-content\/uploads\/2025\/07\/alimentos_1751681036077-1024x576.jpg\" alt=\"5 alimentos naturais que melhoram o sono e combatem a ins\u00f4nia\" class=\"wp-image-64953\" srcset=\"https:\/\/www.correiobraziliense.com.br\/cbradar\/wp-content\/uploads\/2025\/07\/alimentos_1751681036077-1024x576.jpg 1024w, https:\/\/www.correiobraziliense.com.br\/cbradar\/wp-content\/uploads\/2025\/07\/alimentos_1751681036077-300x169.jpg 300w, https:\/\/www.correiobraziliense.com.br\/cbradar\/wp-content\/uploads\/2025\/07\/alimentos_1751681036077-768x432.jpg 768w, https:\/\/www.correiobraziliense.com.br\/cbradar\/wp-content\/uploads\/2025\/07\/alimentos_1751681036077-750x422.jpg 750w, https:\/\/www.correiobraziliense.com.br\/cbradar\/wp-content\/uploads\/2025\/07\/alimentos_1751681036077-1140x641.jpg 1140w, https:\/\/www.correiobraziliense.com.br\/cbradar\/wp-content\/uploads\/2025\/07\/alimentos_1751681036077.jpg 1280w\" sizes=\"(max-width: 1024px) 100vw, 1024px\" \/><figcaption class=\"wp-element-caption\">alimentos. Cr\u00e9ditos: depositphotos.com \/ VadimVasenin<\/figcaption><\/figure>\n\n\n\n<h2 class=\"wp-block-heading\">Estudo confirma: cinco x\u00edcaras por dia fazem diferen\u00e7a<\/h2>\n\n\n\n<p>Segundo a pesquisa publicada em 2024, adultos que consomem pelo menos <strong>cinco x\u00edcaras de frutas e verduras<\/strong> diariamente relatam melhor qualidade do sono, menos dificuldade para pegar no sono e sensa\u00e7\u00e3o de descanso ao acordar.<\/p>\n\n\n\n<p>O estudo avaliou participantes de diferentes faixas et\u00e1rias e identificou que o efeito positivo se mant\u00e9m mesmo com pequenas varia\u00e7\u00f5es nas quantidades, desde que haja regularidade no consumo.<\/p>\n\n\n\n<p>Leia tamb\u00e9m: <a href=\"https:\/\/www.correiobraziliense.com.br\/cbradar\/7-alimentos-poderosos-para-combater-a-inflamacao-e-dar-mais-disposicao\/\" target=\"_blank\" rel=\"noreferrer noopener\">7 alimentos poderosos para combater a inflama\u00e7\u00e3o e dar mais disposi\u00e7\u00e3o<\/a><\/p>\n\n\n\n<h2 class=\"wp-block-heading\">Como adaptar a alimenta\u00e7\u00e3o para dormir melhor<\/h2>\n\n\n\n<p>Incluir <strong>frutas e verduras variadas<\/strong> ao longo do dia \u00e9 mais f\u00e1cil do que parece. Uma sugest\u00e3o pr\u00e1tica \u00e9 inserir ao menos uma por\u00e7\u00e3o em cada refei\u00e7\u00e3o, combinando frutas frescas no caf\u00e9 da manh\u00e3, saladas no almo\u00e7o e legumes no jantar.<\/p>\n\n\n\n<ul class=\"wp-block-list\">\n<li>Prepare lanches r\u00e1pidos com frutas cortadas ou vegetais crus para facilitar o consumo di\u00e1rio.<\/li>\n\n\n\n<li>Evite alimentos ultraprocessados e priorize op\u00e7\u00f5es naturais para potencializar os efeitos ben\u00e9ficos no sono.<\/li>\n<\/ul>\n\n\n\n<p>Interaja nos coment\u00e1rios compartilhando como voc\u00ea costuma inserir frutas e verduras nas refei\u00e7\u00f5es noturnas.<\/p>\n\n\n\n<h2 class=\"wp-block-heading\">Qualidade do sono e alimenta\u00e7\u00e3o equilibrada andam juntas<\/h2>\n\n\n\n<ul class=\"wp-block-list\">\n<li><strong>Frutas e verduras<\/strong> desempenham papel fundamental na regula\u00e7\u00e3o do sono.<\/li>\n\n\n\n<li>O h\u00e1bito de consumir cinco x\u00edcaras por dia pode reduzir ins\u00f4nia e melhorar a disposi\u00e7\u00e3o.<\/li>\n\n\n\n<li>Pequenas mudan\u00e7as alimentares j\u00e1 trazem impactos percept\u00edveis na sa\u00fade noturna.<\/li>\n<\/ul>\n","protected":false},"excerpt":{"rendered":"<p>Bananas, kiwis, folhas verdes e abacate s\u00e3o aliados naturais do sono. Saiba como pequenas mudan\u00e7as na alimenta\u00e7\u00e3o transformam sua noite sem rem\u00e9dios.<\/p>\n","protected":false},"author":3,"featured_media":64951,"comment_status":"open","ping_status":"open","sticky":false,"template":"","format":"standard","meta":{"_yoast_wpseo_focuskw":"frutas verduras sono","_yoast_wpseo_title":"%%title%%","_yoast_wpseo_metadesc":"Bananas, kiwis, folhas verdes e abacate s\u00e3o aliados naturais do sono. Saiba como pequenas mudan\u00e7as na alimenta\u00e7\u00e3o transformam sua noite sem rem\u00e9dios.","jnews-multi-image_gallery":[],"jnews_single_post":{"format":"standard"},"jnews_primary_category":[],"jnews_social_meta":[],"jnews_override_counter":[],"footnotes":""},"categories":[112],"post_tag":[281,144],"class_list":["post-64937","post","type-post","status-publish","format-standard","has-post-thumbnail","hentry","category-curiosidades","tag-alimentacao","tag-curiosidades"],"yoast_head":"<!-- This site is optimized with the Yoast SEO plugin v24.6 - https:\/\/yoast.com\/wordpress\/plugins\/seo\/ -->\n<title>5 alimentos naturais que melhoram o sono e combatem a ins\u00f4nia<\/title>\n<meta name=\"description\" content=\"Bananas, kiwis, folhas verdes e abacate s\u00e3o aliados naturais do sono. Saiba como pequenas mudan\u00e7as na alimenta\u00e7\u00e3o transformam sua noite sem rem\u00e9dios.\" \/>\n<meta name=\"robots\" content=\"index, follow, max-snippet:-1, max-image-preview:large, max-video-preview:-1\" \/>\n<link rel=\"canonical\" href=\"https:\/\/www.correiobraziliense.com.br\/cbradar\/5-alimentos-naturais-que-melhoram-o-sono-e-combatem-a-insonia\/\" \/>\n<meta property=\"og:locale\" content=\"pt_BR\" \/>\n<meta property=\"og:type\" content=\"article\" \/>\n<meta property=\"og:title\" content=\"5 alimentos naturais que melhoram o sono e combatem a ins\u00f4nia\" \/>\n<meta property=\"og:description\" content=\"Bananas, kiwis, folhas verdes e abacate s\u00e3o aliados naturais do sono. Saiba como pequenas mudan\u00e7as na alimenta\u00e7\u00e3o transformam sua noite sem rem\u00e9dios.\" \/>\n<meta property=\"og:url\" content=\"https:\/\/www.correiobraziliense.com.br\/cbradar\/5-alimentos-naturais-que-melhoram-o-sono-e-combatem-a-insonia\/\" \/>\n<meta property=\"og:site_name\" content=\"Correio Braziliense - Radar\" \/>\n<meta property=\"article:published_time\" content=\"2025-07-05T20:23:00+00:00\" \/>\n<meta property=\"og:image\" content=\"https:\/\/www.correiobraziliense.com.br\/cbradar\/wp-content\/uploads\/2025\/07\/alimentos_1751680988684.jpg\" \/>\n\t<meta property=\"og:image:width\" content=\"1280\" \/>\n\t<meta property=\"og:image:height\" content=\"720\" \/>\n\t<meta property=\"og:image:type\" content=\"image\/jpeg\" \/>\n<meta name=\"author\" content=\"Larissa Carvalho\" \/>\n<meta name=\"twitter:card\" content=\"summary_large_image\" \/>\n<meta name=\"twitter:label1\" content=\"Escrito por\" \/>\n\t<meta name=\"twitter:data1\" content=\"Larissa Carvalho\" \/>\n\t<meta name=\"twitter:label2\" content=\"Est. tempo de leitura\" \/>\n\t<meta name=\"twitter:data2\" content=\"4 minutos\" \/>\n<!-- \/ Yoast SEO plugin. -->","yoast_head_json":{"title":"5 alimentos naturais que melhoram o sono e combatem a ins\u00f4nia","description":"Bananas, kiwis, folhas verdes e abacate s\u00e3o aliados naturais do sono. Saiba como pequenas mudan\u00e7as na alimenta\u00e7\u00e3o transformam sua noite sem rem\u00e9dios.","robots":{"index":"index","follow":"follow","max-snippet":"max-snippet:-1","max-image-preview":"max-image-preview:large","max-video-preview":"max-video-preview:-1"},"canonical":"https:\/\/www.correiobraziliense.com.br\/cbradar\/5-alimentos-naturais-que-melhoram-o-sono-e-combatem-a-insonia\/","og_locale":"pt_BR","og_type":"article","og_title":"5 alimentos naturais que melhoram o sono e combatem a ins\u00f4nia","og_description":"Bananas, kiwis, folhas verdes e abacate s\u00e3o aliados naturais do sono. Saiba como pequenas mudan\u00e7as na alimenta\u00e7\u00e3o transformam sua noite sem rem\u00e9dios.","og_url":"https:\/\/www.correiobraziliense.com.br\/cbradar\/5-alimentos-naturais-que-melhoram-o-sono-e-combatem-a-insonia\/","og_site_name":"Correio Braziliense - Radar","article_published_time":"2025-07-05T20:23:00+00:00","og_image":[{"width":1280,"height":720,"url":"https:\/\/www.correiobraziliense.com.br\/cbradar\/wp-content\/uploads\/2025\/07\/alimentos_1751680988684.jpg","type":"image\/jpeg"}],"author":"Larissa Carvalho","twitter_card":"summary_large_image","twitter_misc":{"Escrito por":"Larissa Carvalho","Est. tempo de leitura":"4 minutos"},"schema":{"@context":"https:\/\/schema.org","@graph":[{"@type":"WebPage","@id":"https:\/\/www.correiobraziliense.com.br\/cbradar\/5-alimentos-naturais-que-melhoram-o-sono-e-combatem-a-insonia\/","url":"https:\/\/www.correiobraziliense.com.br\/cbradar\/5-alimentos-naturais-que-melhoram-o-sono-e-combatem-a-insonia\/","name":"5 alimentos naturais que melhoram o sono e combatem a ins\u00f4nia","isPartOf":{"@id":"https:\/\/www.correiobraziliense.com.br\/cbradar\/#website"},"primaryImageOfPage":{"@id":"https:\/\/www.correiobraziliense.com.br\/cbradar\/5-alimentos-naturais-que-melhoram-o-sono-e-combatem-a-insonia\/#primaryimage"},"image":{"@id":"https:\/\/www.correiobraziliense.com.br\/cbradar\/5-alimentos-naturais-que-melhoram-o-sono-e-combatem-a-insonia\/#primaryimage"},"thumbnailUrl":"https:\/\/www.correiobraziliense.com.br\/cbradar\/wp-content\/uploads\/2025\/07\/alimentos_1751680988684.jpg","datePublished":"2025-07-05T20:23:00+00:00","author":{"@id":"https:\/\/www.correiobraziliense.com.br\/cbradar\/#\/schema\/person\/58422787644df994b53a19d3e56c1513"},"description":"Bananas, kiwis, folhas verdes e abacate s\u00e3o aliados naturais do sono. Saiba como pequenas mudan\u00e7as na alimenta\u00e7\u00e3o transformam sua noite sem rem\u00e9dios.","breadcrumb":{"@id":"https:\/\/www.correiobraziliense.com.br\/cbradar\/5-alimentos-naturais-que-melhoram-o-sono-e-combatem-a-insonia\/#breadcrumb"},"inLanguage":"pt-BR","potentialAction":[{"@type":"ReadAction","target":["https:\/\/www.correiobraziliense.com.br\/cbradar\/5-alimentos-naturais-que-melhoram-o-sono-e-combatem-a-insonia\/"]}]},{"@type":"ImageObject","inLanguage":"pt-BR","@id":"https:\/\/www.correiobraziliense.com.br\/cbradar\/5-alimentos-naturais-que-melhoram-o-sono-e-combatem-a-insonia\/#primaryimage","url":"https:\/\/www.correiobraziliense.com.br\/cbradar\/wp-content\/uploads\/2025\/07\/alimentos_1751680988684.jpg","contentUrl":"https:\/\/www.correiobraziliense.com.br\/cbradar\/wp-content\/uploads\/2025\/07\/alimentos_1751680988684.jpg","width":1280,"height":720,"caption":"alimentos. Cr\u00e9ditos: depositphotos.com \/ ArturVerkhovetskiy"},{"@type":"BreadcrumbList","@id":"https:\/\/www.correiobraziliense.com.br\/cbradar\/5-alimentos-naturais-que-melhoram-o-sono-e-combatem-a-insonia\/#breadcrumb","itemListElement":[{"@type":"ListItem","position":1,"name":"In\u00edcio","item":"https:\/\/www.correiobraziliense.com.br\/cbradar\/"},{"@type":"ListItem","position":2,"name":"5 alimentos naturais que melhoram o sono e combatem a ins\u00f4nia"}]},{"@type":"WebSite","@id":"https:\/\/www.correiobraziliense.com.br\/cbradar\/#website","url":"https:\/\/www.correiobraziliense.com.br\/cbradar\/","name":"Correio Braziliense - Radar","description":"Acompanhe as \u00faltimas not\u00edcias e fique bem informado sobre tudo o que acontece no Brasil e no mundo.","potentialAction":[{"@type":"SearchAction","target":{"@type":"EntryPoint","urlTemplate":"https:\/\/www.correiobraziliense.com.br\/cbradar\/?s={search_term_string}"},"query-input":{"@type":"PropertyValueSpecification","valueRequired":true,"valueName":"search_term_string"}}],"inLanguage":"pt-BR"},{"@type":"Person","@id":"https:\/\/www.correiobraziliense.com.br\/cbradar\/#\/schema\/person\/58422787644df994b53a19d3e56c1513","name":"Larissa Carvalho","image":{"@type":"ImageObject","inLanguage":"pt-BR","@id":"https:\/\/www.correiobraziliense.com.br\/cbradar\/#\/schema\/person\/image\/","url":"https:\/\/secure.gravatar.com\/avatar\/fe4f91a0de32b52a838d0d612abdc1aa?s=96&d=mm&r=g","contentUrl":"https:\/\/secure.gravatar.com\/avatar\/fe4f91a0de32b52a838d0d612abdc1aa?s=96&d=mm&r=g","caption":"Larissa Carvalho"},"url":"https:\/\/www.correiobraziliense.com.br\/cbradar\/author\/larissamyth\/"}]}},"_links":{"self":[{"href":"https:\/\/www.correiobraziliense.com.br\/cbradar\/wp-json\/wp\/v2\/posts\/64937","targetHints":{"allow":["GET"]}}],"collection":[{"href":"https:\/\/www.correiobraziliense.com.br\/cbradar\/wp-json\/wp\/v2\/posts"}],"about":[{"href":"https:\/\/www.correiobraziliense.com.br\/cbradar\/wp-json\/wp\/v2\/types\/post"}],"author":[{"embeddable":true,"href":"https:\/\/www.correiobraziliense.com.br\/cbradar\/wp-json\/wp\/v2\/users\/3"}],"replies":[{"embeddable":true,"href":"https:\/\/www.correiobraziliense.com.br\/cbradar\/wp-json\/wp\/v2\/comments?post=64937"}],"version-history":[{"count":2,"href":"https:\/\/www.correiobraziliense.com.br\/cbradar\/wp-json\/wp\/v2\/posts\/64937\/revisions"}],"predecessor-version":[{"id":65005,"href":"https:\/\/www.correiobraziliense.com.br\/cbradar\/wp-json\/wp\/v2\/posts\/64937\/revisions\/65005"}],"wp:featuredmedia":[{"embeddable":true,"href":"https:\/\/www.correiobraziliense.com.br\/cbradar\/wp-json\/wp\/v2\/media\/64951"}],"wp:attachment":[{"href":"https:\/\/www.correiobraziliense.com.br\/cbradar\/wp-json\/wp\/v2\/media?parent=64937"}],"wp:term":[{"taxonomy":"category","embeddable":true,"href":"https:\/\/www.correiobraziliense.com.br\/cbradar\/wp-json\/wp\/v2\/categories?post=64937"},{"taxonomy":"post_tag","embeddable":true,"href":"https:\/\/www.correiobraziliense.com.br\/cbradar\/wp-json\/wp\/v2\/post_tag?post=64937"}],"curies":[{"name":"wp","href":"https:\/\/api.w.org\/{rel}","templated":true}]}}