{"id":6512,"date":"2025-02-27T07:50:00","date_gmt":"2025-02-27T10:50:00","guid":{"rendered":"https:\/\/www.correiobraziliense.com.br\/cbradar\/?p=6512"},"modified":"2025-02-27T04:07:04","modified_gmt":"2025-02-27T07:07:04","slug":"aplicativo-ganha-nova-funcao-e-ajuda-a-localizar-criancas-perdidas-do-carnaval","status":"publish","type":"post","link":"https:\/\/www.correiobraziliense.com.br\/cbradar\/aplicativo-ganha-nova-funcao-e-ajuda-a-localizar-criancas-perdidas-do-carnaval\/","title":{"rendered":"Aplicativo ganha nova fun\u00e7\u00e3o e ajuda a localizar crian\u00e7as perdidas do Carnaval"},"content":{"rendered":"\n<p>O <strong><a href=\"https:\/\/prefeitura.poa.br\/smc\/noticias\/confira-o-calendario-e-os-desfiles-do-carnaval-2025\" target=\"_blank\" rel=\"noreferrer noopener\">Carnaval<\/a><\/strong> \u00e9 uma das festas mais esperadas no <strong><a href=\"https:\/\/www.correiobraziliense.com.br\/cbradar\/descubra-uma-viagem-que-e-imperdivel-para-todo-brasileiro\/\" target=\"_blank\" rel=\"noreferrer noopener\">Brasil<\/a><\/strong>, atraindo multid\u00f5es para as ruas em celebra\u00e7\u00f5es vibrantes. No entanto, com o aumento do fluxo de pessoas, a seguran\u00e7a se torna uma preocupa\u00e7\u00e3o central, especialmente para fam\u00edlias com crian\u00e7as. Em resposta a essa necessidade, a <strong>Pol\u00edcia Militar<\/strong> do <strong>Rio de Janeiro <\/strong>introduziu uma nova fun\u00e7\u00e3o no aplicativo<strong> 190RJ<\/strong>, projetada para ajudar a localizar crian\u00e7as perdidas durante o <strong>Carnaval de 2025.<\/strong><\/p>\n\n\n\n<p>O aplicativo <strong>190RJ<\/strong>, dispon\u00edvel para dispositivos <strong>Android<\/strong> e <strong>iOS<\/strong>, agora permite que os respons\u00e1veis cadastrem informa\u00e7\u00f5es de crian\u00e7as antes de participar das festividades. Essa medida preventiva visa facilitar a localiza\u00e7\u00e3o r\u00e1pida em caso de desaparecimento, utilizando tecnologia de reconhecimento facial e um sistema de alerta eficiente.<\/p>\n\n\n\n<h2 class=\"wp-block-heading\"><strong>Como funciona a nova fun\u00e7\u00e3o do aplicativo 190RJ?<\/strong><\/h2>\n\n\n\n<p>A nova fun\u00e7\u00e3o do aplicativo 190RJ \u00e9 um exemplo de como a tecnologia pode ser integrada \u00e0 seguran\u00e7a p\u00fablica. Ao cadastrar uma crian\u00e7a no aplicativo, os respons\u00e1veis fornecem dados essenciais, incluindo uma foto recente. Em caso de desaparecimento, basta acessar o aplicativo e clicar em &#8220;Gerar alerta de desaparecido&#8221;.<\/p>\n\n\n\n<p>O alerta aciona o sistema de reconhecimento facial das c\u00e2meras na regi\u00e3o, permitindo que a <strong>Pol\u00edcia Militar<\/strong> identifique rapidamente a crian\u00e7a. Al\u00e9m disso, o <strong>Centro de Comando e Controle (CICC)<\/strong> mobiliza o profissional mais pr\u00f3ximo para auxiliar nas buscas, garantindo uma resposta \u00e1gil e coordenada.<\/p>\n\n\n<div class=\"wp-block-image\">\n<figure class=\"aligncenter size-large\"><img decoding=\"async\" width=\"1024\" height=\"576\" src=\"https:\/\/www.correiobraziliense.com.br\/cbradar\/wp-content\/uploads\/2025\/02\/carnaval_1740624833382-1024x576.jpg\" alt=\"Aplicativo ajuda a localizar crian\u00e7as perdidas do Carnaval no Rio de Janeiro\" class=\"wp-image-6542\" srcset=\"https:\/\/www.correiobraziliense.com.br\/cbradar\/wp-content\/uploads\/2025\/02\/carnaval_1740624833382-1024x576.jpg 1024w, https:\/\/www.correiobraziliense.com.br\/cbradar\/wp-content\/uploads\/2025\/02\/carnaval_1740624833382-300x169.jpg 300w, https:\/\/www.correiobraziliense.com.br\/cbradar\/wp-content\/uploads\/2025\/02\/carnaval_1740624833382-768x432.jpg 768w, https:\/\/www.correiobraziliense.com.br\/cbradar\/wp-content\/uploads\/2025\/02\/carnaval_1740624833382-750x422.jpg 750w, https:\/\/www.correiobraziliense.com.br\/cbradar\/wp-content\/uploads\/2025\/02\/carnaval_1740624833382-1140x641.jpg 1140w, https:\/\/www.correiobraziliense.com.br\/cbradar\/wp-content\/uploads\/2025\/02\/carnaval_1740624833382.jpg 1280w\" sizes=\"(max-width: 1024px) 100vw, 1024px\" \/><figcaption class=\"wp-element-caption\">Cr\u00e9ditos: depositphotos.com \/ Kzenon<\/figcaption><\/figure><\/div>\n\n\n<h2 class=\"wp-block-heading\"><strong>Como cadastrar uma crian\u00e7a no aplicativo 190RJ?<\/strong><\/h2>\n\n\n\n<p>O processo de cadastro \u00e9 simples e pode ser feito em poucos passos:<\/p>\n\n\n\n<ol class=\"wp-block-list\">\n<li>Abra o aplicativo <strong>190RJ <\/strong>e fa\u00e7a login. Se for a primeira vez, crie uma conta.<\/li>\n\n\n\n<li>Na tela inicial, selecione <strong>&#8220;Pessoas e Pets desaparecidos&#8221;<\/strong>.<\/li>\n\n\n\n<li>Clique em<strong> &#8220;Cadastrar desaparecido&#8221;<\/strong> e preencha o formul\u00e1rio com as informa\u00e7\u00f5es solicitadas, incluindo uma foto n\u00edtida e recente da crian\u00e7a.<\/li>\n\n\n\n<li>Finalize o cadastro clicando novamente em &#8220;Cadastrar desaparecido&#8221;.<\/li>\n<\/ol>\n\n\n\n<p>Com o cadastro conclu\u00eddo, caso a crian\u00e7a desapare\u00e7a, os respons\u00e1veis podem gerar um alerta diretamente pelo aplicativo, acionando a Pol\u00edcia Militar de forma imediata.<\/p>\n\n\n\n<h2 class=\"wp-block-heading\"><strong>Quais s\u00e3o os benef\u00edcios do uso do aplicativo 190RJ?<\/strong><\/h2>\n\n\n\n<p>O uso do aplicativo 190RJ traz diversos benef\u00edcios para a seguran\u00e7a durante grandes eventos como o Carnaval. Primeiramente, a fun\u00e7\u00e3o de cadastro pr\u00e9vio permite uma resposta r\u00e1pida em situa\u00e7\u00f5es de desaparecimento, reduzindo o tempo de busca e aumentando as chances de localiza\u00e7\u00e3o segura.<\/p>\n\n\n\n<p>Al\u00e9m disso, a integra\u00e7\u00e3o com o sistema de reconhecimento facial das c\u00e2meras de seguran\u00e7a oferece uma camada adicional de prote\u00e7\u00e3o, permitindo que as autoridades monitorem \u00e1reas de grande concentra\u00e7\u00e3o de pessoas de forma eficaz. A promessa do Governo do Estado e da Pol\u00edcia Militar de manter o servi\u00e7o para outros eventos de grande porte tamb\u00e9m demonstra um compromisso cont\u00ednuo com a seguran\u00e7a p\u00fablica.<\/p>\n\n\n\n<h2 class=\"wp-block-heading\"><strong>O futuro da seguran\u00e7a em eventos de grande porte<\/strong><\/h2>\n\n\n\n<p>Com a implementa\u00e7\u00e3o dessa nova fun\u00e7\u00e3o no aplicativo <strong>190RJ<\/strong>, a <strong>Pol\u00edcia Militar do Rio de Janeiro<\/strong> estabelece um precedente importante para o uso da tecnologia na seguran\u00e7a p\u00fablica. A capacidade de integrar sistemas avan\u00e7ados de reconhecimento facial com uma plataforma acess\u00edvel ao p\u00fablico \u00e9 um passo significativo na prote\u00e7\u00e3o de crian\u00e7as e outras pessoas vulner\u00e1veis durante eventos de grande porte.<\/p>\n\n\n\n<p>Essa iniciativa n\u00e3o apenas melhora a seguran\u00e7a durante o Carnaval, mas tamb\u00e9m serve como modelo para futuras aplica\u00e7\u00f5es em eventos similares, garantindo que a tecnologia continue a desempenhar um papel vital na prote\u00e7\u00e3o da popula\u00e7\u00e3o.<\/p>\n","protected":false},"excerpt":{"rendered":"<p>O Carnaval \u00e9 uma das festas mais esperadas no Brasil, atraindo multid\u00f5es para as ruas em celebra\u00e7\u00f5es vibrantes. No entanto, com o aumento do fluxo de pessoas, a seguran\u00e7a se torna uma preocupa\u00e7\u00e3o central, especialmente para fam\u00edlias com crian\u00e7as. Em resposta a essa necessidade, a Pol\u00edcia Militar do Rio de Janeiro introduziu uma nova fun\u00e7\u00e3o [&hellip;]<\/p>\n","protected":false},"author":8,"featured_media":6541,"comment_status":"open","ping_status":"open","sticky":false,"template":"","format":"standard","meta":{"_yoast_wpseo_focuskw":"aplicativo","_yoast_wpseo_title":"","_yoast_wpseo_metadesc":"Novo aplicativo auxilia na localiza\u00e7\u00e3o de crian\u00e7as perdidas no Carnaval do Rio de Janeiro, garantindo mais seguran\u00e7a para as fam\u00edlias.","jnews-multi-image_gallery":[],"jnews_single_post":{"format":"standard"},"jnews_primary_category":[],"jnews_social_meta":[],"jnews_override_counter":[],"footnotes":""},"categories":[169,115],"tags":[552,199,114],"class_list":["post-6512","post","type-post","status-publish","format-standard","has-post-thumbnail","hentry","category-noticias","category-tecnologia","tag-aplicativos","tag-carnaval","tag-tecnologia"],"yoast_head":"<!-- This site is optimized with the Yoast SEO plugin v24.6 - https:\/\/yoast.com\/wordpress\/plugins\/seo\/ -->\n<title>Aplicativo ganha nova fun\u00e7\u00e3o e ajuda a localizar crian\u00e7as perdidas do Carnaval - Correio Braziliense - Radar<\/title>\n<meta name=\"description\" content=\"Novo aplicativo auxilia na localiza\u00e7\u00e3o de crian\u00e7as perdidas no Carnaval do Rio de Janeiro, garantindo mais seguran\u00e7a para as fam\u00edlias.\" \/>\n<meta name=\"robots\" content=\"index, follow, max-snippet:-1, max-image-preview:large, max-video-preview:-1\" \/>\n<link rel=\"canonical\" href=\"https:\/\/www.correiobraziliense.com.br\/cbradar\/aplicativo-ganha-nova-funcao-e-ajuda-a-localizar-criancas-perdidas-do-carnaval\/\" \/>\n<meta property=\"og:locale\" content=\"pt_BR\" \/>\n<meta property=\"og:type\" content=\"article\" \/>\n<meta property=\"og:title\" content=\"Aplicativo ganha nova fun\u00e7\u00e3o e ajuda a localizar crian\u00e7as perdidas do Carnaval - Correio Braziliense - Radar\" \/>\n<meta property=\"og:description\" content=\"Novo aplicativo auxilia na localiza\u00e7\u00e3o de crian\u00e7as perdidas no Carnaval do Rio de Janeiro, garantindo mais seguran\u00e7a para as fam\u00edlias.\" \/>\n<meta property=\"og:url\" content=\"https:\/\/www.correiobraziliense.com.br\/cbradar\/aplicativo-ganha-nova-funcao-e-ajuda-a-localizar-criancas-perdidas-do-carnaval\/\" \/>\n<meta property=\"og:site_name\" content=\"Correio Braziliense - Radar\" \/>\n<meta property=\"article:published_time\" content=\"2025-02-27T10:50:00+00:00\" \/>\n<meta property=\"og:image\" content=\"https:\/\/www.correiobraziliense.com.br\/cbradar\/wp-content\/uploads\/2025\/02\/carnaval_1740624804662.jpg\" \/>\n\t<meta property=\"og:image:width\" content=\"1280\" \/>\n\t<meta property=\"og:image:height\" content=\"720\" \/>\n\t<meta property=\"og:image:type\" content=\"image\/jpeg\" \/>\n<meta name=\"author\" content=\"Maura Pereira\" \/>\n<meta name=\"twitter:card\" content=\"summary_large_image\" \/>\n<meta name=\"twitter:label1\" content=\"Escrito por\" \/>\n\t<meta name=\"twitter:data1\" content=\"Maura Pereira\" \/>\n\t<meta name=\"twitter:label2\" content=\"Est. tempo de leitura\" \/>\n\t<meta name=\"twitter:data2\" content=\"4 minutos\" \/>\n<!-- \/ Yoast SEO plugin. -->","yoast_head_json":{"title":"Aplicativo ganha nova fun\u00e7\u00e3o e ajuda a localizar crian\u00e7as perdidas do Carnaval - Correio Braziliense - Radar","description":"Novo aplicativo auxilia na localiza\u00e7\u00e3o de crian\u00e7as perdidas no Carnaval do Rio de Janeiro, garantindo mais seguran\u00e7a para as fam\u00edlias.","robots":{"index":"index","follow":"follow","max-snippet":"max-snippet:-1","max-image-preview":"max-image-preview:large","max-video-preview":"max-video-preview:-1"},"canonical":"https:\/\/www.correiobraziliense.com.br\/cbradar\/aplicativo-ganha-nova-funcao-e-ajuda-a-localizar-criancas-perdidas-do-carnaval\/","og_locale":"pt_BR","og_type":"article","og_title":"Aplicativo ganha nova fun\u00e7\u00e3o e ajuda a localizar crian\u00e7as perdidas do Carnaval - Correio Braziliense - Radar","og_description":"Novo aplicativo auxilia na localiza\u00e7\u00e3o de crian\u00e7as perdidas no Carnaval do Rio de Janeiro, garantindo mais seguran\u00e7a para as fam\u00edlias.","og_url":"https:\/\/www.correiobraziliense.com.br\/cbradar\/aplicativo-ganha-nova-funcao-e-ajuda-a-localizar-criancas-perdidas-do-carnaval\/","og_site_name":"Correio Braziliense - Radar","article_published_time":"2025-02-27T10:50:00+00:00","og_image":[{"width":1280,"height":720,"url":"https:\/\/www.correiobraziliense.com.br\/cbradar\/wp-content\/uploads\/2025\/02\/carnaval_1740624804662.jpg","type":"image\/jpeg"}],"author":"Maura Pereira","twitter_card":"summary_large_image","twitter_misc":{"Escrito por":"Maura Pereira","Est. tempo de leitura":"4 minutos"},"schema":{"@context":"https:\/\/schema.org","@graph":[{"@type":"WebPage","@id":"https:\/\/www.correiobraziliense.com.br\/cbradar\/aplicativo-ganha-nova-funcao-e-ajuda-a-localizar-criancas-perdidas-do-carnaval\/","url":"https:\/\/www.correiobraziliense.com.br\/cbradar\/aplicativo-ganha-nova-funcao-e-ajuda-a-localizar-criancas-perdidas-do-carnaval\/","name":"Aplicativo ganha nova fun\u00e7\u00e3o e ajuda a localizar crian\u00e7as perdidas do Carnaval - Correio Braziliense - Radar","isPartOf":{"@id":"https:\/\/www.correiobraziliense.com.br\/cbradar\/#website"},"primaryImageOfPage":{"@id":"https:\/\/www.correiobraziliense.com.br\/cbradar\/aplicativo-ganha-nova-funcao-e-ajuda-a-localizar-criancas-perdidas-do-carnaval\/#primaryimage"},"image":{"@id":"https:\/\/www.correiobraziliense.com.br\/cbradar\/aplicativo-ganha-nova-funcao-e-ajuda-a-localizar-criancas-perdidas-do-carnaval\/#primaryimage"},"thumbnailUrl":"https:\/\/www.correiobraziliense.com.br\/cbradar\/wp-content\/uploads\/2025\/02\/carnaval_1740624804662.jpg","datePublished":"2025-02-27T10:50:00+00:00","author":{"@id":"https:\/\/www.correiobraziliense.com.br\/cbradar\/#\/schema\/person\/4053c651a9bfc785afc6f4cbc9032fd3"},"description":"Novo aplicativo auxilia na localiza\u00e7\u00e3o de crian\u00e7as perdidas no Carnaval do Rio de Janeiro, garantindo mais seguran\u00e7a para as fam\u00edlias.","breadcrumb":{"@id":"https:\/\/www.correiobraziliense.com.br\/cbradar\/aplicativo-ganha-nova-funcao-e-ajuda-a-localizar-criancas-perdidas-do-carnaval\/#breadcrumb"},"inLanguage":"pt-BR","potentialAction":[{"@type":"ReadAction","target":["https:\/\/www.correiobraziliense.com.br\/cbradar\/aplicativo-ganha-nova-funcao-e-ajuda-a-localizar-criancas-perdidas-do-carnaval\/"]}]},{"@type":"ImageObject","inLanguage":"pt-BR","@id":"https:\/\/www.correiobraziliense.com.br\/cbradar\/aplicativo-ganha-nova-funcao-e-ajuda-a-localizar-criancas-perdidas-do-carnaval\/#primaryimage","url":"https:\/\/www.correiobraziliense.com.br\/cbradar\/wp-content\/uploads\/2025\/02\/carnaval_1740624804662.jpg","contentUrl":"https:\/\/www.correiobraziliense.com.br\/cbradar\/wp-content\/uploads\/2025\/02\/carnaval_1740624804662.jpg","width":1280,"height":720,"caption":"Cr\u00e9ditos: depositphotos.com \/ diogoppr"},{"@type":"BreadcrumbList","@id":"https:\/\/www.correiobraziliense.com.br\/cbradar\/aplicativo-ganha-nova-funcao-e-ajuda-a-localizar-criancas-perdidas-do-carnaval\/#breadcrumb","itemListElement":[{"@type":"ListItem","position":1,"name":"In\u00edcio","item":"https:\/\/www.correiobraziliense.com.br\/cbradar\/"},{"@type":"ListItem","position":2,"name":"Aplicativo ganha nova fun\u00e7\u00e3o e ajuda a localizar crian\u00e7as perdidas do Carnaval"}]},{"@type":"WebSite","@id":"https:\/\/www.correiobraziliense.com.br\/cbradar\/#website","url":"https:\/\/www.correiobraziliense.com.br\/cbradar\/","name":"Correio Braziliense - Radar","description":"Acompanhe as \u00faltimas not\u00edcias e fique bem informado sobre tudo o que acontece no Brasil e no mundo.","potentialAction":[{"@type":"SearchAction","target":{"@type":"EntryPoint","urlTemplate":"https:\/\/www.correiobraziliense.com.br\/cbradar\/?s={search_term_string}"},"query-input":{"@type":"PropertyValueSpecification","valueRequired":true,"valueName":"search_term_string"}}],"inLanguage":"pt-BR"},{"@type":"Person","@id":"https:\/\/www.correiobraziliense.com.br\/cbradar\/#\/schema\/person\/4053c651a9bfc785afc6f4cbc9032fd3","name":"Maura Pereira","image":{"@type":"ImageObject","inLanguage":"pt-BR","@id":"https:\/\/www.correiobraziliense.com.br\/cbradar\/#\/schema\/person\/image\/","url":"https:\/\/secure.gravatar.com\/avatar\/3effd6bdadfa447f15089c7f7144eaa6?s=96&d=mm&r=g","contentUrl":"https:\/\/secure.gravatar.com\/avatar\/3effd6bdadfa447f15089c7f7144eaa6?s=96&d=mm&r=g","caption":"Maura Pereira"},"sameAs":["https:\/\/www.correiobraziliense.com.br\/"],"url":"https:\/\/www.correiobraziliense.com.br\/cbradar\/author\/mauramyth\/"}]}},"_links":{"self":[{"href":"https:\/\/www.correiobraziliense.com.br\/cbradar\/wp-json\/wp\/v2\/posts\/6512","targetHints":{"allow":["GET"]}}],"collection":[{"href":"https:\/\/www.correiobraziliense.com.br\/cbradar\/wp-json\/wp\/v2\/posts"}],"about":[{"href":"https:\/\/www.correiobraziliense.com.br\/cbradar\/wp-json\/wp\/v2\/types\/post"}],"author":[{"embeddable":true,"href":"https:\/\/www.correiobraziliense.com.br\/cbradar\/wp-json\/wp\/v2\/users\/8"}],"replies":[{"embeddable":true,"href":"https:\/\/www.correiobraziliense.com.br\/cbradar\/wp-json\/wp\/v2\/comments?post=6512"}],"version-history":[{"count":18,"href":"https:\/\/www.correiobraziliense.com.br\/cbradar\/wp-json\/wp\/v2\/posts\/6512\/revisions"}],"predecessor-version":[{"id":6548,"href":"https:\/\/www.correiobraziliense.com.br\/cbradar\/wp-json\/wp\/v2\/posts\/6512\/revisions\/6548"}],"wp:featuredmedia":[{"embeddable":true,"href":"https:\/\/www.correiobraziliense.com.br\/cbradar\/wp-json\/wp\/v2\/media\/6541"}],"wp:attachment":[{"href":"https:\/\/www.correiobraziliense.com.br\/cbradar\/wp-json\/wp\/v2\/media?parent=6512"}],"wp:term":[{"taxonomy":"category","embeddable":true,"href":"https:\/\/www.correiobraziliense.com.br\/cbradar\/wp-json\/wp\/v2\/categories?post=6512"},{"taxonomy":"post_tag","embeddable":true,"href":"https:\/\/www.correiobraziliense.com.br\/cbradar\/wp-json\/wp\/v2\/tags?post=6512"}],"curies":[{"name":"wp","href":"https:\/\/api.w.org\/{rel}","templated":true}]}}