{"id":6513,"date":"2025-02-27T09:50:00","date_gmt":"2025-02-27T12:50:00","guid":{"rendered":"https:\/\/www.correiobraziliense.com.br\/cbradar\/?p=6513"},"modified":"2025-02-27T04:07:28","modified_gmt":"2025-02-27T07:07:28","slug":"por-que-voce-deve-assistir-ainda-estou-aqui-antes-do-oscar","status":"publish","type":"post","link":"https:\/\/www.correiobraziliense.com.br\/cbradar\/por-que-voce-deve-assistir-ainda-estou-aqui-antes-do-oscar\/","title":{"rendered":"Por que voc\u00ea deve assistir &#8220;Ainda Estou Aqui&#8221; antes do Oscar?"},"content":{"rendered":"\n<p>Lan\u00e7ado em <strong>2025<\/strong>, o filme\u00a0<strong><a href=\"https:\/\/www.imdb.com\/pt\/title\/tt14961016\/\" target=\"_blank\" rel=\"noreferrer noopener\">Ainda Estou Aqui<\/a><\/strong>\u00a0tem conquistado o p\u00fablico e a cr\u00edtica internacional, destacando-se com tr\u00eas indica\u00e7\u00f5es ao<strong> <a href=\"https:\/\/www.correiobraziliense.com.br\/cbradar\/filme-em-que-al-pacino-venceu-o-oscar-chega-na-netflix\/\" target=\"_blank\" rel=\"noreferrer noopener\">Oscar<\/a><\/strong>, incluindo <strong>Melhor Filme Internacional<\/strong>. Dirigido por <strong>Walter Salles<\/strong> e estrelado por <strong>Fernanda Torres<\/strong>, o longa \u00e9 baseado no livro hom\u00f4nimo de <strong>Marcelo Rubens Paiva<\/strong> e se passa no<strong> Rio de Janeiro<\/strong> durante os anos <strong>1970<\/strong>, em plena ditadura militar.<\/p>\n\n\n\n<p>A trama gira em torno de <strong>Eunice<\/strong>, uma m\u00e3e de cinco filhos que enfrenta uma busca incessante pela verdade ap\u00f3s o desaparecimento de seu marido, <strong>Rubens<\/strong>, levado por policiais \u00e0 paisana. O filme n\u00e3o apenas retrata a dor e a resili\u00eancia de uma fam\u00edlia, mas tamb\u00e9m lan\u00e7a luz sobre um per\u00edodo sombrio da hist\u00f3ria brasileira, marcado por repress\u00e3o e viola\u00e7\u00f5es dos direitos humanos.<\/p>\n\n\n\n<h2 class=\"wp-block-heading\"><strong>Por que &#8220;Ainda Estou Aqui&#8221; \u00e9 t\u00e3o impactante?<\/strong><\/h2>\n\n\n\n<p>A for\u00e7a de\u00a0<em><strong>Ainda Estou Aqui<\/strong><\/em>\u00a0reside em sua capacidade de capturar a ess\u00eancia de uma \u00e9poca atrav\u00e9s de uma narrativa envolvente e atua\u00e7\u00f5es memor\u00e1veis. Fernanda Torres, que interpreta Eunice, tem sido amplamente elogiada por sua performance, considerada digna de um <strong>Oscar<\/strong>. O filme tamb\u00e9m conta com um elenco de peso, incluindo <strong>Fernanda Montenegro, Selton Mello<\/strong> e <strong>Marjorie Estiano<\/strong>, que juntos criam uma experi\u00eancia cinematogr\u00e1fica poderosa e emocional.<\/p>\n\n\n\n<p>O roteiro, adaptado do livro de<strong> Marcelo Rubens Paiva<\/strong>, oferece uma vis\u00e3o \u00edntima e pessoal dos efeitos devastadores da ditadura militar sobre as fam\u00edlias brasileiras. A hist\u00f3ria de Eunice \u00e9 um lembrete da coragem e determina\u00e7\u00e3o necess\u00e1rias para enfrentar a injusti\u00e7a e buscar a verdade, mesmo quando as chances parecem insuper\u00e1veis.<\/p>\n\n\n\n<figure class=\"wp-block-embed aligncenter is-type-video is-provider-youtube wp-block-embed-youtube wp-embed-aspect-16-9 wp-has-aspect-ratio\"><div class=\"wp-block-embed__wrapper\">\n<div class=\"jeg_video_container jeg_video_content\"><iframe loading=\"lazy\" title=\"Ainda Estou Aqui | Trailer Oficial | 7 de novembro nos cinemas\" width=\"500\" height=\"281\" src=\"https:\/\/www.youtube.com\/embed\/_NzqP0jmk3o?start=10&#038;feature=oembed\" frameborder=\"0\" allow=\"accelerometer; autoplay; clipboard-write; encrypted-media; gyroscope; picture-in-picture; web-share\" referrerpolicy=\"strict-origin-when-cross-origin\" allowfullscreen><\/iframe><\/div>\n<\/div><\/figure>\n\n\n\n<h2 class=\"wp-block-heading\"><strong>Qual \u00e9 a relev\u00e2ncia hist\u00f3rica de &#8220;Ainda Estou Aqui&#8221;?<\/strong><\/h2>\n\n\n\n<p>O filme destaca um cap\u00edtulo crucial da hist\u00f3ria do Brasil, abordando temas como a repress\u00e3o pol\u00edtica e a luta por justi\u00e7a. A ditadura militar, que durou de <strong>1964 <\/strong>a <strong>1985<\/strong>, foi um per\u00edodo de censura, tortura e desaparecimentos for\u00e7ados.\u00a0<strong>Ainda Estou Aqui<\/strong>\u00a0n\u00e3o apenas homenageia as v\u00edtimas desse regime, mas tamb\u00e9m educa novas gera\u00e7\u00f5es sobre a import\u00e2ncia de lembrar e aprender com o passado.<\/p>\n\n\n\n<p>Al\u00e9m disso, o filme promove um di\u00e1logo necess\u00e1rio sobre os direitos humanos e a democracia, incentivando o p\u00fablico a refletir sobre as consequ\u00eancias de regimes autorit\u00e1rios. A obra de Walter Salles serve como um poderoso testemunho da resili\u00eancia humana e da import\u00e2ncia de nunca esquecer aqueles que sofreram em busca de liberdade e justi\u00e7a.<\/p>\n\n\n\n<h2 class=\"wp-block-heading\"><strong>Como &#8220;Ainda Estou Aqui&#8221; se destaca no cen\u00e1rio cinematogr\u00e1fico atual?<\/strong><\/h2>\n\n\n\n<p>Em um momento em que o cinema internacional busca hist\u00f3rias aut\u00eanticas e impactantes,\u00a0<strong><em>Ainda Estou Aqui<\/em>\u00a0<\/strong>se destaca por sua abordagem sincera e emocional. O filme combina uma narrativa envolvente com uma produ\u00e7\u00e3o de alta qualidade, resultando em uma obra que ressoa tanto com o p\u00fablico quanto com a cr\u00edtica.<\/p>\n\n\n\n<p>O sucesso do filme tamb\u00e9m reflete a crescente valoriza\u00e7\u00e3o do cinema brasileiro no cen\u00e1rio global, destacando a capacidade do pa\u00eds de produzir filmes que n\u00e3o apenas entret\u00eam, mas tamb\u00e9m educam e inspiram. Com suas indica\u00e7\u00f5es ao Oscar e aclama\u00e7\u00e3o internacional,&nbsp;<strong>Ainda Estou Aqui<\/strong>&nbsp;solidifica seu lugar como uma obra-prima do cinema contempor\u00e2neo.<\/p>\n\n\n\n<h2 class=\"wp-block-heading\"><strong>Quais s\u00e3o as expectativas para o futuro do cinema brasileiro?<\/strong><\/h2>\n\n\n\n<p>O reconhecimento de\u00a0<em><strong>Ainda Estou Aqui<\/strong><\/em>\u00a0no <strong>Oscar 2025 <\/strong>sinaliza um momento promissor para o cinema brasileiro. Com uma nova gera\u00e7\u00e3o de cineastas e atores talentosos, o Brasil est\u00e1 cada vez mais presente no cen\u00e1rio internacional, oferecendo hist\u00f3rias \u00fanicas e diversificadas que refletem a rica cultura e hist\u00f3ria do pa\u00eds.<\/p>\n\n\n\n<p>\u00c0 medida que o cinema brasileiro continua a evoluir, espera-se que mais produ\u00e7\u00f5es como&nbsp;<strong>Ainda Estou Aqui<\/strong>&nbsp;ganhem destaque, contribuindo para um di\u00e1logo global sobre temas importantes e promovendo uma maior compreens\u00e3o intercultural. O futuro do cinema brasileiro parece brilhante, com potencial para influenciar e inspirar audi\u00eancias ao redor do mundo.<\/p>\n","protected":false},"excerpt":{"rendered":"<p>Lan\u00e7ado em 2025, o filme\u00a0Ainda Estou Aqui\u00a0tem conquistado o p\u00fablico e a cr\u00edtica internacional, destacando-se com tr\u00eas indica\u00e7\u00f5es ao Oscar, incluindo Melhor Filme Internacional. Dirigido por Walter Salles e estrelado por Fernanda Torres, o longa \u00e9 baseado no livro hom\u00f4nimo de Marcelo Rubens Paiva e se passa no Rio de Janeiro durante os anos 1970, [&hellip;]<\/p>\n","protected":false},"author":8,"featured_media":3294,"comment_status":"open","ping_status":"open","sticky":false,"template":"","format":"standard","meta":{"jnews-multi-image_gallery":[],"jnews_single_post":{"format":"standard"},"jnews_primary_category":[],"jnews_social_meta":[],"jnews_override_counter":[],"footnotes":""},"categories":[140,169],"post_tag":[753,355,568],"class_list":["post-6513","post","type-post","status-publish","format-standard","has-post-thumbnail","hentry","category-entretenimento","category-noticias","tag-ainda-estou-aqui","tag-oscar","tag-series-e-filmes"],"yoast_head":"<!-- This site is optimized with the Yoast SEO plugin v24.6 - https:\/\/yoast.com\/wordpress\/plugins\/seo\/ -->\n<title>Por que voc\u00ea deve assistir &quot;Ainda Estou Aqui&quot; antes do Oscar? - Correio Braziliense - Radar<\/title>\n<meta name=\"description\" content=\"Ainda Estou Aqui \u00e9 um forte candidato ao Oscar! Descubra por que esse filme emocionante merece estar na sua lista antes da premia\u00e7\u00e3o.\" \/>\n<meta name=\"robots\" content=\"index, follow, max-snippet:-1, max-image-preview:large, max-video-preview:-1\" \/>\n<link rel=\"canonical\" href=\"https:\/\/www.correiobraziliense.com.br\/cbradar\/por-que-voce-deve-assistir-ainda-estou-aqui-antes-do-oscar\/\" \/>\n<meta property=\"og:locale\" content=\"pt_BR\" \/>\n<meta property=\"og:type\" content=\"article\" \/>\n<meta property=\"og:title\" content=\"Por que voc\u00ea deve assistir &quot;Ainda Estou Aqui&quot; antes do Oscar? - Correio Braziliense - Radar\" \/>\n<meta property=\"og:description\" content=\"Ainda Estou Aqui \u00e9 um forte candidato ao Oscar! Descubra por que esse filme emocionante merece estar na sua lista antes da premia\u00e7\u00e3o.\" \/>\n<meta property=\"og:url\" content=\"https:\/\/www.correiobraziliense.com.br\/cbradar\/por-que-voce-deve-assistir-ainda-estou-aqui-antes-do-oscar\/\" \/>\n<meta property=\"og:site_name\" content=\"Correio Braziliense - Radar\" \/>\n<meta property=\"article:published_time\" content=\"2025-02-27T12:50:00+00:00\" \/>\n<meta property=\"og:image\" content=\"https:\/\/www.correiobraziliense.com.br\/cbradar\/wp-content\/uploads\/2025\/02\/ainda-estou-aqui-fernanda-torres-750x375-1.jpg\" \/>\n\t<meta property=\"og:image:width\" content=\"750\" \/>\n\t<meta property=\"og:image:height\" content=\"375\" \/>\n\t<meta property=\"og:image:type\" content=\"image\/jpeg\" \/>\n<meta name=\"author\" content=\"Maura Pereira\" \/>\n<meta name=\"twitter:card\" content=\"summary_large_image\" \/>\n<meta name=\"twitter:label1\" content=\"Escrito por\" \/>\n\t<meta name=\"twitter:data1\" content=\"Maura Pereira\" \/>\n\t<meta name=\"twitter:label2\" content=\"Est. tempo de leitura\" \/>\n\t<meta name=\"twitter:data2\" content=\"4 minutos\" \/>\n<!-- \/ Yoast SEO plugin. -->","yoast_head_json":{"title":"Por que voc\u00ea deve assistir \"Ainda Estou Aqui\" antes do Oscar? - Correio Braziliense - Radar","description":"Ainda Estou Aqui \u00e9 um forte candidato ao Oscar! Descubra por que esse filme emocionante merece estar na sua lista antes da premia\u00e7\u00e3o.","robots":{"index":"index","follow":"follow","max-snippet":"max-snippet:-1","max-image-preview":"max-image-preview:large","max-video-preview":"max-video-preview:-1"},"canonical":"https:\/\/www.correiobraziliense.com.br\/cbradar\/por-que-voce-deve-assistir-ainda-estou-aqui-antes-do-oscar\/","og_locale":"pt_BR","og_type":"article","og_title":"Por que voc\u00ea deve assistir \"Ainda Estou Aqui\" antes do Oscar? - Correio Braziliense - Radar","og_description":"Ainda Estou Aqui \u00e9 um forte candidato ao Oscar! Descubra por que esse filme emocionante merece estar na sua lista antes da premia\u00e7\u00e3o.","og_url":"https:\/\/www.correiobraziliense.com.br\/cbradar\/por-que-voce-deve-assistir-ainda-estou-aqui-antes-do-oscar\/","og_site_name":"Correio Braziliense - Radar","article_published_time":"2025-02-27T12:50:00+00:00","og_image":[{"width":750,"height":375,"url":"https:\/\/www.correiobraziliense.com.br\/cbradar\/wp-content\/uploads\/2025\/02\/ainda-estou-aqui-fernanda-torres-750x375-1.jpg","type":"image\/jpeg"}],"author":"Maura Pereira","twitter_card":"summary_large_image","twitter_misc":{"Escrito por":"Maura Pereira","Est. tempo de leitura":"4 minutos"},"schema":{"@context":"https:\/\/schema.org","@graph":[{"@type":"WebPage","@id":"https:\/\/www.correiobraziliense.com.br\/cbradar\/por-que-voce-deve-assistir-ainda-estou-aqui-antes-do-oscar\/","url":"https:\/\/www.correiobraziliense.com.br\/cbradar\/por-que-voce-deve-assistir-ainda-estou-aqui-antes-do-oscar\/","name":"Por que voc\u00ea deve assistir \"Ainda Estou Aqui\" antes do Oscar? - Correio Braziliense - Radar","isPartOf":{"@id":"https:\/\/www.correiobraziliense.com.br\/cbradar\/#website"},"primaryImageOfPage":{"@id":"https:\/\/www.correiobraziliense.com.br\/cbradar\/por-que-voce-deve-assistir-ainda-estou-aqui-antes-do-oscar\/#primaryimage"},"image":{"@id":"https:\/\/www.correiobraziliense.com.br\/cbradar\/por-que-voce-deve-assistir-ainda-estou-aqui-antes-do-oscar\/#primaryimage"},"thumbnailUrl":"https:\/\/www.correiobraziliense.com.br\/cbradar\/wp-content\/uploads\/2025\/02\/ainda-estou-aqui-fernanda-torres-750x375-1.jpg","datePublished":"2025-02-27T12:50:00+00:00","author":{"@id":"https:\/\/www.correiobraziliense.com.br\/cbradar\/#\/schema\/person\/4053c651a9bfc785afc6f4cbc9032fd3"},"description":"Ainda Estou Aqui \u00e9 um forte candidato ao Oscar! Descubra por que esse filme emocionante merece estar na sua lista antes da premia\u00e7\u00e3o.","breadcrumb":{"@id":"https:\/\/www.correiobraziliense.com.br\/cbradar\/por-que-voce-deve-assistir-ainda-estou-aqui-antes-do-oscar\/#breadcrumb"},"inLanguage":"pt-BR","potentialAction":[{"@type":"ReadAction","target":["https:\/\/www.correiobraziliense.com.br\/cbradar\/por-que-voce-deve-assistir-ainda-estou-aqui-antes-do-oscar\/"]}]},{"@type":"ImageObject","inLanguage":"pt-BR","@id":"https:\/\/www.correiobraziliense.com.br\/cbradar\/por-que-voce-deve-assistir-ainda-estou-aqui-antes-do-oscar\/#primaryimage","url":"https:\/\/www.correiobraziliense.com.br\/cbradar\/wp-content\/uploads\/2025\/02\/ainda-estou-aqui-fernanda-torres-750x375-1.jpg","contentUrl":"https:\/\/www.correiobraziliense.com.br\/cbradar\/wp-content\/uploads\/2025\/02\/ainda-estou-aqui-fernanda-torres-750x375-1.jpg","width":750,"height":375,"caption":"Fernanda Torres \/\/ Reprodu\u00e7\u00e3o: Instagram @oficialfernandatorres"},{"@type":"BreadcrumbList","@id":"https:\/\/www.correiobraziliense.com.br\/cbradar\/por-que-voce-deve-assistir-ainda-estou-aqui-antes-do-oscar\/#breadcrumb","itemListElement":[{"@type":"ListItem","position":1,"name":"In\u00edcio","item":"https:\/\/www.correiobraziliense.com.br\/cbradar\/"},{"@type":"ListItem","position":2,"name":"Por que voc\u00ea deve assistir &#8220;Ainda Estou Aqui&#8221; antes do Oscar?"}]},{"@type":"WebSite","@id":"https:\/\/www.correiobraziliense.com.br\/cbradar\/#website","url":"https:\/\/www.correiobraziliense.com.br\/cbradar\/","name":"Correio Braziliense - Radar","description":"Acompanhe as \u00faltimas not\u00edcias e fique bem informado sobre tudo o que acontece no Brasil e no mundo.","potentialAction":[{"@type":"SearchAction","target":{"@type":"EntryPoint","urlTemplate":"https:\/\/www.correiobraziliense.com.br\/cbradar\/?s={search_term_string}"},"query-input":{"@type":"PropertyValueSpecification","valueRequired":true,"valueName":"search_term_string"}}],"inLanguage":"pt-BR"},{"@type":"Person","@id":"https:\/\/www.correiobraziliense.com.br\/cbradar\/#\/schema\/person\/4053c651a9bfc785afc6f4cbc9032fd3","name":"Maura Pereira","image":{"@type":"ImageObject","inLanguage":"pt-BR","@id":"https:\/\/www.correiobraziliense.com.br\/cbradar\/#\/schema\/person\/image\/","url":"https:\/\/secure.gravatar.com\/avatar\/3effd6bdadfa447f15089c7f7144eaa6?s=96&d=mm&r=g","contentUrl":"https:\/\/secure.gravatar.com\/avatar\/3effd6bdadfa447f15089c7f7144eaa6?s=96&d=mm&r=g","caption":"Maura Pereira"},"sameAs":["https:\/\/www.correiobraziliense.com.br\/"],"url":"https:\/\/www.correiobraziliense.com.br\/cbradar\/author\/mauramyth\/"}]}},"_links":{"self":[{"href":"https:\/\/www.correiobraziliense.com.br\/cbradar\/wp-json\/wp\/v2\/posts\/6513","targetHints":{"allow":["GET"]}}],"collection":[{"href":"https:\/\/www.correiobraziliense.com.br\/cbradar\/wp-json\/wp\/v2\/posts"}],"about":[{"href":"https:\/\/www.correiobraziliense.com.br\/cbradar\/wp-json\/wp\/v2\/types\/post"}],"author":[{"embeddable":true,"href":"https:\/\/www.correiobraziliense.com.br\/cbradar\/wp-json\/wp\/v2\/users\/8"}],"replies":[{"embeddable":true,"href":"https:\/\/www.correiobraziliense.com.br\/cbradar\/wp-json\/wp\/v2\/comments?post=6513"}],"version-history":[{"count":10,"href":"https:\/\/www.correiobraziliense.com.br\/cbradar\/wp-json\/wp\/v2\/posts\/6513\/revisions"}],"predecessor-version":[{"id":6558,"href":"https:\/\/www.correiobraziliense.com.br\/cbradar\/wp-json\/wp\/v2\/posts\/6513\/revisions\/6558"}],"wp:featuredmedia":[{"embeddable":true,"href":"https:\/\/www.correiobraziliense.com.br\/cbradar\/wp-json\/wp\/v2\/media\/3294"}],"wp:attachment":[{"href":"https:\/\/www.correiobraziliense.com.br\/cbradar\/wp-json\/wp\/v2\/media?parent=6513"}],"wp:term":[{"taxonomy":"category","embeddable":true,"href":"https:\/\/www.correiobraziliense.com.br\/cbradar\/wp-json\/wp\/v2\/categories?post=6513"},{"taxonomy":"post_tag","embeddable":true,"href":"https:\/\/www.correiobraziliense.com.br\/cbradar\/wp-json\/wp\/v2\/post_tag?post=6513"}],"curies":[{"name":"wp","href":"https:\/\/api.w.org\/{rel}","templated":true}]}}