{"id":65140,"date":"2025-07-05T09:40:00","date_gmt":"2025-07-05T12:40:00","guid":{"rendered":"https:\/\/www.correiobraziliense.com.br\/cbradar\/?p=65140"},"modified":"2025-07-05T19:06:22","modified_gmt":"2025-07-05T22:06:22","slug":"estudo-apoiado-por-brasileiro-pode-ter-descoberto-novo-planeta-no-sistema-solar","status":"publish","type":"post","link":"https:\/\/www.correiobraziliense.com.br\/cbradar\/estudo-apoiado-por-brasileiro-pode-ter-descoberto-novo-planeta-no-sistema-solar\/","title":{"rendered":"Estudo apoiado por brasileiro pode ter descoberto novo planeta no sistema solar"},"content":{"rendered":"\n<p>Desde que <strong>Plut\u00e3o<\/strong> foi reclassificado, a busca por um nono planeta nunca cessou. Um estudo recente, conduzido por um pesquisador brasileiro, trouxe novas evid\u00eancias que podem confirmar a exist\u00eancia do misterioso <strong>Planeta Nove<\/strong>.<\/p>\n\n\n\n<p>A pesquisa analisou o impacto desse planeta nas \u00f3rbitas de cometas e objetos distantes, sugerindo que sua influ\u00eancia gravitacional explicaria anomalias observadas al\u00e9m de Netuno.<\/p>\n\n\n\n<h2 class=\"wp-block-heading\">Que evid\u00eancias sustentam a hip\u00f3tese do Planeta Nove?<\/h2>\n\n\n\n<p>O estudo utilizou <strong>modelos evolutivos do Sistema Solar<\/strong> para simular o efeito do Planeta Nove sobre a forma\u00e7\u00e3o de regi\u00f5es como o Cintur\u00e3o de Kuiper e a Nuvem de Oort. As simula\u00e7\u00f5es reproduziram padr\u00f5es pr\u00f3ximos ao que vemos hoje no Sistema Solar.<\/p>\n\n\n\n<p>Esses resultados fortalecem a ideia de um planeta massivo e distante, cujos efeitos podem ser detectados indiretamente pelo comportamento dos corpos celestes mais afastados.<\/p>\n\n\n\n<figure class=\"wp-block-image size-large\"><img decoding=\"async\" width=\"1024\" height=\"576\" src=\"https:\/\/www.correiobraziliense.com.br\/cbradar\/wp-content\/uploads\/2025\/07\/astronomia_1751717457994-1024x576.jpg\" alt=\"Estudo apoiado por brasileiro pode ter descoberto novo planeta no sistema solar\" class=\"wp-image-65142\" srcset=\"https:\/\/www.correiobraziliense.com.br\/cbradar\/wp-content\/uploads\/2025\/07\/astronomia_1751717457994-1024x576.jpg 1024w, https:\/\/www.correiobraziliense.com.br\/cbradar\/wp-content\/uploads\/2025\/07\/astronomia_1751717457994-300x169.jpg 300w, https:\/\/www.correiobraziliense.com.br\/cbradar\/wp-content\/uploads\/2025\/07\/astronomia_1751717457994-768x432.jpg 768w, https:\/\/www.correiobraziliense.com.br\/cbradar\/wp-content\/uploads\/2025\/07\/astronomia_1751717457994-750x422.jpg 750w, https:\/\/www.correiobraziliense.com.br\/cbradar\/wp-content\/uploads\/2025\/07\/astronomia_1751717457994-1140x641.jpg 1140w, https:\/\/www.correiobraziliense.com.br\/cbradar\/wp-content\/uploads\/2025\/07\/astronomia_1751717457994.jpg 1280w\" sizes=\"(max-width: 1024px) 100vw, 1024px\" \/><figcaption class=\"wp-element-caption\">astronomia. Cr\u00e9ditos: depositphotos.com \/ Rastan<\/figcaption><\/figure>\n\n\n\n<h2 class=\"wp-block-heading\">Por que o Planeta Nove ainda n\u00e3o foi encontrado?<\/h2>\n\n\n\n<p>Apesar das evid\u00eancias, o <strong>Planeta Nove<\/strong> n\u00e3o foi observado diretamente devido \u00e0 sua localiza\u00e7\u00e3o nos confins do Sistema Solar e \u00e0 \u00f3rbita altamente alongada, tornando-o praticamente invis\u00edvel para os telesc\u00f3pios atuais.<\/p>\n\n\n\n<p>A luz solar atinge a regi\u00e3o com pouca intensidade, dificultando a detec\u00e7\u00e3o de objetos pequenos e distantes. Isso faz com que o mist\u00e9rio permane\u00e7a sem solu\u00e7\u00e3o definitiva.<\/p>\n\n\n\n<h2 class=\"wp-block-heading\">Quais s\u00e3o as perspectivas futuras para a pesquisa do Planeta Nove?<\/h2>\n\n\n\n<p>Novas miss\u00f5es espaciais e telesc\u00f3pios avan\u00e7ados prometem aumentar as chances de confirmar ou refutar a exist\u00eancia do Planeta Nove. A <strong>comunidade cient\u00edfica<\/strong> segue debatendo e refinando modelos em busca de respostas.<\/p>\n\n\n\n<ul class=\"wp-block-list\">\n<li>Observat\u00f3rios de pr\u00f3xima gera\u00e7\u00e3o focados no Sistema Solar externo<\/li>\n\n\n\n<li>Simula\u00e7\u00f5es computacionais cada vez mais precisas<\/li>\n<\/ul>\n\n\n\n<p>Curiosidade: a busca pelo Planeta Nove n\u00e3o s\u00f3 reescreve a hist\u00f3ria do nosso Sistema Solar, mas tamb\u00e9m inspira novos questionamentos sobre a forma\u00e7\u00e3o de outros sistemas planet\u00e1rios pelo universo.<\/p>\n","protected":false},"excerpt":{"rendered":"<p>Cientistas, incluindo um brasileiro, revelam poss\u00edveis evid\u00eancias do nono planeta. Entenda o impacto dessa busca in\u00e9dita no espa\u00e7o.<\/p>\n","protected":false},"author":3,"featured_media":65141,"comment_status":"open","ping_status":"open","sticky":false,"template":"","format":"standard","meta":{"_yoast_wpseo_focuskw":"brasileiro novo planeta","_yoast_wpseo_title":"%%title%%","_yoast_wpseo_metadesc":"Cientistas, incluindo um brasileiro, revelam poss\u00edveis evid\u00eancias do nono planeta. Entenda o impacto dessa busca in\u00e9dita no espa\u00e7o.","jnews-multi-image_gallery":[],"jnews_single_post":{"format":"standard"},"jnews_primary_category":[],"jnews_social_meta":[],"jnews_override_counter":[],"footnotes":""},"categories":[112],"post_tag":[179,144],"class_list":["post-65140","post","type-post","status-publish","format-standard","has-post-thumbnail","hentry","category-curiosidades","tag-astronomia","tag-curiosidades"],"yoast_head":"<!-- This site is optimized with the Yoast SEO plugin v24.6 - https:\/\/yoast.com\/wordpress\/plugins\/seo\/ -->\n<title>Estudo apoiado por brasileiro pode ter descoberto novo planeta no sistema solar<\/title>\n<meta name=\"description\" content=\"Cientistas, incluindo um brasileiro, revelam poss\u00edveis evid\u00eancias do nono planeta. Entenda o impacto dessa busca in\u00e9dita no espa\u00e7o.\" \/>\n<meta name=\"robots\" content=\"index, follow, max-snippet:-1, max-image-preview:large, max-video-preview:-1\" \/>\n<link rel=\"canonical\" href=\"https:\/\/www.correiobraziliense.com.br\/cbradar\/estudo-apoiado-por-brasileiro-pode-ter-descoberto-novo-planeta-no-sistema-solar\/\" \/>\n<meta property=\"og:locale\" content=\"pt_BR\" \/>\n<meta property=\"og:type\" content=\"article\" \/>\n<meta property=\"og:title\" content=\"Estudo apoiado por brasileiro pode ter descoberto novo planeta no sistema solar\" \/>\n<meta property=\"og:description\" content=\"Cientistas, incluindo um brasileiro, revelam poss\u00edveis evid\u00eancias do nono planeta. Entenda o impacto dessa busca in\u00e9dita no espa\u00e7o.\" \/>\n<meta property=\"og:url\" content=\"https:\/\/www.correiobraziliense.com.br\/cbradar\/estudo-apoiado-por-brasileiro-pode-ter-descoberto-novo-planeta-no-sistema-solar\/\" \/>\n<meta property=\"og:site_name\" content=\"Correio Braziliense - Radar\" \/>\n<meta property=\"article:published_time\" content=\"2025-07-05T12:40:00+00:00\" \/>\n<meta property=\"article:modified_time\" content=\"2025-07-05T22:06:22+00:00\" \/>\n<meta property=\"og:image\" content=\"https:\/\/www.correiobraziliense.com.br\/cbradar\/wp-content\/uploads\/2025\/07\/astronomia_1751717434489.jpg\" \/>\n\t<meta property=\"og:image:width\" content=\"1280\" \/>\n\t<meta property=\"og:image:height\" content=\"720\" \/>\n\t<meta property=\"og:image:type\" content=\"image\/jpeg\" \/>\n<meta name=\"author\" content=\"Larissa Carvalho\" \/>\n<meta name=\"twitter:card\" content=\"summary_large_image\" \/>\n<meta name=\"twitter:label1\" content=\"Escrito por\" \/>\n\t<meta name=\"twitter:data1\" content=\"Larissa Carvalho\" \/>\n\t<meta name=\"twitter:label2\" content=\"Est. tempo de leitura\" \/>\n\t<meta name=\"twitter:data2\" content=\"3 minutos\" \/>\n<!-- \/ Yoast SEO plugin. -->","yoast_head_json":{"title":"Estudo apoiado por brasileiro pode ter descoberto novo planeta no sistema solar","description":"Cientistas, incluindo um brasileiro, revelam poss\u00edveis evid\u00eancias do nono planeta. Entenda o impacto dessa busca in\u00e9dita no espa\u00e7o.","robots":{"index":"index","follow":"follow","max-snippet":"max-snippet:-1","max-image-preview":"max-image-preview:large","max-video-preview":"max-video-preview:-1"},"canonical":"https:\/\/www.correiobraziliense.com.br\/cbradar\/estudo-apoiado-por-brasileiro-pode-ter-descoberto-novo-planeta-no-sistema-solar\/","og_locale":"pt_BR","og_type":"article","og_title":"Estudo apoiado por brasileiro pode ter descoberto novo planeta no sistema solar","og_description":"Cientistas, incluindo um brasileiro, revelam poss\u00edveis evid\u00eancias do nono planeta. Entenda o impacto dessa busca in\u00e9dita no espa\u00e7o.","og_url":"https:\/\/www.correiobraziliense.com.br\/cbradar\/estudo-apoiado-por-brasileiro-pode-ter-descoberto-novo-planeta-no-sistema-solar\/","og_site_name":"Correio Braziliense - Radar","article_published_time":"2025-07-05T12:40:00+00:00","article_modified_time":"2025-07-05T22:06:22+00:00","og_image":[{"width":1280,"height":720,"url":"https:\/\/www.correiobraziliense.com.br\/cbradar\/wp-content\/uploads\/2025\/07\/astronomia_1751717434489.jpg","type":"image\/jpeg"}],"author":"Larissa Carvalho","twitter_card":"summary_large_image","twitter_misc":{"Escrito por":"Larissa Carvalho","Est. tempo de leitura":"3 minutos"},"schema":{"@context":"https:\/\/schema.org","@graph":[{"@type":"WebPage","@id":"https:\/\/www.correiobraziliense.com.br\/cbradar\/estudo-apoiado-por-brasileiro-pode-ter-descoberto-novo-planeta-no-sistema-solar\/","url":"https:\/\/www.correiobraziliense.com.br\/cbradar\/estudo-apoiado-por-brasileiro-pode-ter-descoberto-novo-planeta-no-sistema-solar\/","name":"Estudo apoiado por brasileiro pode ter descoberto novo planeta no sistema solar","isPartOf":{"@id":"https:\/\/www.correiobraziliense.com.br\/cbradar\/#website"},"primaryImageOfPage":{"@id":"https:\/\/www.correiobraziliense.com.br\/cbradar\/estudo-apoiado-por-brasileiro-pode-ter-descoberto-novo-planeta-no-sistema-solar\/#primaryimage"},"image":{"@id":"https:\/\/www.correiobraziliense.com.br\/cbradar\/estudo-apoiado-por-brasileiro-pode-ter-descoberto-novo-planeta-no-sistema-solar\/#primaryimage"},"thumbnailUrl":"https:\/\/www.correiobraziliense.com.br\/cbradar\/wp-content\/uploads\/2025\/07\/astronomia_1751717434489.jpg","datePublished":"2025-07-05T12:40:00+00:00","dateModified":"2025-07-05T22:06:22+00:00","author":{"@id":"https:\/\/www.correiobraziliense.com.br\/cbradar\/#\/schema\/person\/58422787644df994b53a19d3e56c1513"},"description":"Cientistas, incluindo um brasileiro, revelam poss\u00edveis evid\u00eancias do nono planeta. Entenda o impacto dessa busca in\u00e9dita no espa\u00e7o.","breadcrumb":{"@id":"https:\/\/www.correiobraziliense.com.br\/cbradar\/estudo-apoiado-por-brasileiro-pode-ter-descoberto-novo-planeta-no-sistema-solar\/#breadcrumb"},"inLanguage":"pt-BR","potentialAction":[{"@type":"ReadAction","target":["https:\/\/www.correiobraziliense.com.br\/cbradar\/estudo-apoiado-por-brasileiro-pode-ter-descoberto-novo-planeta-no-sistema-solar\/"]}]},{"@type":"ImageObject","inLanguage":"pt-BR","@id":"https:\/\/www.correiobraziliense.com.br\/cbradar\/estudo-apoiado-por-brasileiro-pode-ter-descoberto-novo-planeta-no-sistema-solar\/#primaryimage","url":"https:\/\/www.correiobraziliense.com.br\/cbradar\/wp-content\/uploads\/2025\/07\/astronomia_1751717434489.jpg","contentUrl":"https:\/\/www.correiobraziliense.com.br\/cbradar\/wp-content\/uploads\/2025\/07\/astronomia_1751717434489.jpg","width":1280,"height":720,"caption":"astronomia. Cr\u00e9ditos: depositphotos.com \/ milangucci"},{"@type":"BreadcrumbList","@id":"https:\/\/www.correiobraziliense.com.br\/cbradar\/estudo-apoiado-por-brasileiro-pode-ter-descoberto-novo-planeta-no-sistema-solar\/#breadcrumb","itemListElement":[{"@type":"ListItem","position":1,"name":"In\u00edcio","item":"https:\/\/www.correiobraziliense.com.br\/cbradar\/"},{"@type":"ListItem","position":2,"name":"Estudo apoiado por brasileiro pode ter descoberto novo planeta no sistema solar"}]},{"@type":"WebSite","@id":"https:\/\/www.correiobraziliense.com.br\/cbradar\/#website","url":"https:\/\/www.correiobraziliense.com.br\/cbradar\/","name":"Correio Braziliense - Radar","description":"Acompanhe as \u00faltimas not\u00edcias e fique bem informado sobre tudo o que acontece no Brasil e no mundo.","potentialAction":[{"@type":"SearchAction","target":{"@type":"EntryPoint","urlTemplate":"https:\/\/www.correiobraziliense.com.br\/cbradar\/?s={search_term_string}"},"query-input":{"@type":"PropertyValueSpecification","valueRequired":true,"valueName":"search_term_string"}}],"inLanguage":"pt-BR"},{"@type":"Person","@id":"https:\/\/www.correiobraziliense.com.br\/cbradar\/#\/schema\/person\/58422787644df994b53a19d3e56c1513","name":"Larissa Carvalho","image":{"@type":"ImageObject","inLanguage":"pt-BR","@id":"https:\/\/www.correiobraziliense.com.br\/cbradar\/#\/schema\/person\/image\/","url":"https:\/\/secure.gravatar.com\/avatar\/fe4f91a0de32b52a838d0d612abdc1aa?s=96&d=mm&r=g","contentUrl":"https:\/\/secure.gravatar.com\/avatar\/fe4f91a0de32b52a838d0d612abdc1aa?s=96&d=mm&r=g","caption":"Larissa Carvalho"},"url":"https:\/\/www.correiobraziliense.com.br\/cbradar\/author\/larissamyth\/"}]}},"_links":{"self":[{"href":"https:\/\/www.correiobraziliense.com.br\/cbradar\/wp-json\/wp\/v2\/posts\/65140","targetHints":{"allow":["GET"]}}],"collection":[{"href":"https:\/\/www.correiobraziliense.com.br\/cbradar\/wp-json\/wp\/v2\/posts"}],"about":[{"href":"https:\/\/www.correiobraziliense.com.br\/cbradar\/wp-json\/wp\/v2\/types\/post"}],"author":[{"embeddable":true,"href":"https:\/\/www.correiobraziliense.com.br\/cbradar\/wp-json\/wp\/v2\/users\/3"}],"replies":[{"embeddable":true,"href":"https:\/\/www.correiobraziliense.com.br\/cbradar\/wp-json\/wp\/v2\/comments?post=65140"}],"version-history":[{"count":1,"href":"https:\/\/www.correiobraziliense.com.br\/cbradar\/wp-json\/wp\/v2\/posts\/65140\/revisions"}],"predecessor-version":[{"id":65143,"href":"https:\/\/www.correiobraziliense.com.br\/cbradar\/wp-json\/wp\/v2\/posts\/65140\/revisions\/65143"}],"wp:featuredmedia":[{"embeddable":true,"href":"https:\/\/www.correiobraziliense.com.br\/cbradar\/wp-json\/wp\/v2\/media\/65141"}],"wp:attachment":[{"href":"https:\/\/www.correiobraziliense.com.br\/cbradar\/wp-json\/wp\/v2\/media?parent=65140"}],"wp:term":[{"taxonomy":"category","embeddable":true,"href":"https:\/\/www.correiobraziliense.com.br\/cbradar\/wp-json\/wp\/v2\/categories?post=65140"},{"taxonomy":"post_tag","embeddable":true,"href":"https:\/\/www.correiobraziliense.com.br\/cbradar\/wp-json\/wp\/v2\/post_tag?post=65140"}],"curies":[{"name":"wp","href":"https:\/\/api.w.org\/{rel}","templated":true}]}}